{"id":14215,"date":"2010-03-04T16:23:06","date_gmt":"2010-03-04T19:23:06","guid":{"rendered":"http:\/\/www.inclusive.org.br\/?p=14215"},"modified":"2010-03-04T16:23:06","modified_gmt":"2010-03-04T19:23:06","slug":"navi-pillay-alta-comissaria-da-onu-para-direitos-humanos-elogia-programa-nacional-de-direitos-humanos-3","status":"publish","type":"post","link":"https:\/\/inclusivenews.com.br\/?p=14215","title":{"rendered":"Navi Pillay, alta comiss\u00e1ria da ONU para Direitos Humanos, elogia Programa Nacional de  Direitos Humanos-3"},"content":{"rendered":"<figure style=\"width: 180px\" class=\"wp-caption alignleft\"><img loading=\"lazy\" decoding=\"async\" title=\"PNDH-3\" src=\"http:\/\/www.ibiss-co.org.br\/site\/up\/noticia\/2009_12_21\/2009_12_21_15_12_19_0.jpg\" alt=\"\" width=\"180\" height=\"194\" \/><figcaption class=\"wp-caption-text\"> <\/figcaption><\/figure>\n<p>O ministro Paulo Vannuchi, da Secretaria Especial dos Direitos da Presid\u00eancia da Rep\u00fablica (SEDH\/PR), reuniu-se na segunda-feira (1\u00ba), em Genebra, Su\u00ed\u00e7a, com Navi Pillay, alta comiss\u00e1ria da Organiza\u00e7\u00e3o das Na\u00e7\u00f5es Unidas (ONU) para os Direitos Humanos. Os dois discutiram diversos assuntos relacionados ao trabalho desenvolvido pela SEDH\/PR no Brasil. O principal deles foi a terceira edi\u00e7\u00e3o do Programa Nacional de Direitos Humanos (PNDH-3), lan\u00e7ado no final de dezembro do ano passado.<\/p>\n<p>A alta comiss\u00e1ria parabenizou Vannuchi pelo trabalho de constru\u00e7\u00e3o do PNDH-3, coordenado pela SEDH\/PR. Segundo ela, a conduta de Vannuchi em todo o processo foi exemplar. Pillay enfatizou a decis\u00e3o corajosa tomada pelo Brasil de criar a Comiss\u00e3o da Verdade.<\/p>\n<p>Participaram do encontro a embaixadora Maria Nazareth Farani Azevedo, representante permanente do Brasil junto \u00e0 ONU, o ministro conselheiro Alexandre Guido Lopes Parola, o secret\u00e1rio Murilo Komniski, a assessora internacional da SEDH\/PR, Mait\u00ea de Souza Schmitz, e assessores da alta comiss\u00e1ria.<\/p>\n<p>Por solicita\u00e7\u00e3o do ministro Vannuchi, a alta comiss\u00e1ria far\u00e1 um parecer da estrutura do PNDH-3 para avaliar se o mesmo est\u00e1 de acordo com as diretrizes preconizadas pela ONU para os programas de direitos humanos.<\/p>\n<p><a href=\"http:\/\/www.presidencia.gov.br\/estrutura_presidencia\/sedh\/noticias\/ultimas_noticias\/MySQLNoticia.2010-03-01.0712\">Leia aqui artigo de Navi Pillay publicado na Folha de S. Paulo no domingo passado (28 de fevereiro 2010)<\/a><\/p>\n<p>___________<\/p>\n<p><strong>Fonte:<\/strong> <a href=\"http:\/\/www.presidencia.gov.br\/estrutura_presidencia\/sedh\/noticias\/ultimas_noticias\/MySQLNoticia.2010-03-03.0129\">SEDH<\/a><\/p>\n","protected":false},"excerpt":{"rendered":"<p>A alta comiss\u00e1ria parabenizou Vannuchi pelo trabalho de constru\u00e7\u00e3o do PNDH-3, coordenado pela SEDH\/PR. Segundo ela, a conduta de Vannuchi em todo o processo foi exemplar. Pillay enfatizou a decis\u00e3o corajosa tomada pelo Brasil de criar a Comiss\u00e3o da Verdade. Da SEDH.<\/p>\n","protected":false},"author":1,"featured_media":0,"comment_status":"open","ping_status":"open","sticky":false,"template":"","format":"standard","meta":{"site-container-style":"default","site-container-layout":"default","site-sidebar-layout":"default","disable-article-header":"default","disable-site-header":"default","disable-site-footer":"default","disable-content-area-spacing":"default","footnotes":""},"categories":[11,4],"tags":[],"class_list":["post-14215","post","type-post","status-publish","format-standard","hentry","category-direitos-humanos","category-noticias"],"yoast_head":"<!-- This site is optimized with the Yoast SEO plugin v27.4 - https:\/\/yoast.com\/product\/yoast-seo-wordpress\/ -->\n<title>Navi Pillay, alta comiss\u00e1ria da ONU para Direitos Humanos, elogia Programa Nacional de Direitos Humanos-3 -<\/title>\n<meta name=\"robots\" content=\"index, follow, max-snippet:-1, max-image-preview:large, max-video-preview:-1\" \/>\n<link rel=\"canonical\" href=\"https:\/\/inclusivenews.com.br\/?p=14215\" \/>\n<meta property=\"og:locale\" content=\"pt_PT\" \/>\n<meta property=\"og:type\" content=\"article\" \/>\n<meta property=\"og:title\" content=\"Navi Pillay, alta comiss\u00e1ria da ONU para Direitos Humanos, elogia Programa Nacional de Direitos Humanos-3 -\" \/>\n<meta property=\"og:description\" content=\"A alta comiss\u00e1ria parabenizou Vannuchi pelo trabalho de constru\u00e7\u00e3o do PNDH-3, coordenado pela SEDH\/PR. Segundo ela, a conduta de Vannuchi em todo o processo foi exemplar. Pillay enfatizou a decis\u00e3o corajosa tomada pelo Brasil de criar a Comiss\u00e3o da Verdade. Da SEDH.\" \/>\n<meta property=\"og:url\" content=\"https:\/\/inclusivenews.com.br\/?p=14215\" \/>\n<meta property=\"article:publisher\" content=\"https:\/\/www.facebook.com\/agenciainclusive\/\" \/>\n<meta property=\"article:published_time\" content=\"2010-03-04T19:23:06+00:00\" \/>\n<meta property=\"og:image\" content=\"http:\/\/www.ibiss-co.org.br\/site\/up\/noticia\/2009_12_21\/2009_12_21_15_12_19_0.jpg\" \/>\n<meta name=\"author\" content=\"inclusivenews2024\" \/>\n<meta name=\"twitter:card\" content=\"summary_large_image\" \/>\n<meta name=\"twitter:label1\" content=\"Escrito por\" \/>\n\t<meta name=\"twitter:data1\" content=\"inclusivenews2024\" \/>\n\t<meta name=\"twitter:label2\" content=\"Tempo estimado de leitura\" \/>\n\t<meta name=\"twitter:data2\" content=\"1 minuto\" \/>\n<script type=\"application\/ld+json\" class=\"yoast-schema-graph\">{\"@context\":\"https:\\\/\\\/schema.org\",\"@graph\":[{\"@type\":\"Article\",\"@id\":\"https:\\\/\\\/inclusivenews.com.br\\\/?p=14215#article\",\"isPartOf\":{\"@id\":\"https:\\\/\\\/inclusivenews.com.br\\\/?p=14215\"},\"author\":{\"name\":\"inclusivenews2024\",\"@id\":\"https:\\\/\\\/inclusivenews.com.br\\\/#\\\/schema\\\/person\\\/ae4ec7087559b8692fb33b6fffd2273b\"},\"headline\":\"Navi Pillay, alta comiss\u00e1ria da ONU para Direitos Humanos, elogia Programa Nacional de Direitos Humanos-3\",\"datePublished\":\"2010-03-04T19:23:06+00:00\",\"mainEntityOfPage\":{\"@id\":\"https:\\\/\\\/inclusivenews.com.br\\\/?p=14215\"},\"wordCount\":247,\"commentCount\":0,\"publisher\":{\"@id\":\"https:\\\/\\\/inclusivenews.com.br\\\/#organization\"},\"image\":{\"@id\":\"https:\\\/\\\/inclusivenews.com.br\\\/?p=14215#primaryimage\"},\"thumbnailUrl\":\"http:\\\/\\\/www.ibiss-co.org.br\\\/site\\\/up\\\/noticia\\\/2009_12_21\\\/2009_12_21_15_12_19_0.jpg\",\"articleSection\":[\"DIREITOS HUMANOS\",\"NOT\u00cdCIAS\"],\"inLanguage\":\"pt-PT\",\"potentialAction\":[{\"@type\":\"CommentAction\",\"name\":\"Comment\",\"target\":[\"https:\\\/\\\/inclusivenews.com.br\\\/?p=14215#respond\"]}]},{\"@type\":\"WebPage\",\"@id\":\"https:\\\/\\\/inclusivenews.com.br\\\/?p=14215\",\"url\":\"https:\\\/\\\/inclusivenews.com.br\\\/?p=14215\",\"name\":\"Navi Pillay, alta comiss\u00e1ria da ONU para Direitos Humanos, elogia Programa Nacional de Direitos Humanos-3 -\",\"isPartOf\":{\"@id\":\"https:\\\/\\\/inclusivenews.com.br\\\/#website\"},\"primaryImageOfPage\":{\"@id\":\"https:\\\/\\\/inclusivenews.com.br\\\/?p=14215#primaryimage\"},\"image\":{\"@id\":\"https:\\\/\\\/inclusivenews.com.br\\\/?p=14215#primaryimage\"},\"thumbnailUrl\":\"http:\\\/\\\/www.ibiss-co.org.br\\\/site\\\/up\\\/noticia\\\/2009_12_21\\\/2009_12_21_15_12_19_0.jpg\",\"datePublished\":\"2010-03-04T19:23:06+00:00\",\"breadcrumb\":{\"@id\":\"https:\\\/\\\/inclusivenews.com.br\\\/?p=14215#breadcrumb\"},\"inLanguage\":\"pt-PT\",\"potentialAction\":[{\"@type\":\"ReadAction\",\"target\":[\"https:\\\/\\\/inclusivenews.com.br\\\/?p=14215\"]}]},{\"@type\":\"ImageObject\",\"inLanguage\":\"pt-PT\",\"@id\":\"https:\\\/\\\/inclusivenews.com.br\\\/?p=14215#primaryimage\",\"url\":\"http:\\\/\\\/www.ibiss-co.org.br\\\/site\\\/up\\\/noticia\\\/2009_12_21\\\/2009_12_21_15_12_19_0.jpg\",\"contentUrl\":\"http:\\\/\\\/www.ibiss-co.org.br\\\/site\\\/up\\\/noticia\\\/2009_12_21\\\/2009_12_21_15_12_19_0.jpg\"},{\"@type\":\"BreadcrumbList\",\"@id\":\"https:\\\/\\\/inclusivenews.com.br\\\/?p=14215#breadcrumb\",\"itemListElement\":[{\"@type\":\"ListItem\",\"position\":1,\"name\":\"In\u00edcio\",\"item\":\"https:\\\/\\\/inclusivenews.com.br\\\/\"},{\"@type\":\"ListItem\",\"position\":2,\"name\":\"Navi Pillay, alta comiss\u00e1ria da ONU para Direitos Humanos, elogia Programa Nacional de Direitos Humanos-3\"}]},{\"@type\":\"WebSite\",\"@id\":\"https:\\\/\\\/inclusivenews.com.br\\\/#website\",\"url\":\"https:\\\/\\\/inclusivenews.com.br\\\/\",\"name\":\"Inclusive News\",\"description\":\"Inclusive News\",\"publisher\":{\"@id\":\"https:\\\/\\\/inclusivenews.com.br\\\/#organization\"},\"potentialAction\":[{\"@type\":\"SearchAction\",\"target\":{\"@type\":\"EntryPoint\",\"urlTemplate\":\"https:\\\/\\\/inclusivenews.com.br\\\/?s={search_term_string}\"},\"query-input\":{\"@type\":\"PropertyValueSpecification\",\"valueRequired\":true,\"valueName\":\"search_term_string\"}}],\"inLanguage\":\"pt-PT\"},{\"@type\":\"Organization\",\"@id\":\"https:\\\/\\\/inclusivenews.com.br\\\/#organization\",\"name\":\"Inclusive - inclus\u00e3o e cidadania\",\"url\":\"https:\\\/\\\/inclusivenews.com.br\\\/\",\"logo\":{\"@type\":\"ImageObject\",\"inLanguage\":\"pt-PT\",\"@id\":\"https:\\\/\\\/inclusivenews.com.br\\\/#\\\/schema\\\/logo\\\/image\\\/\",\"url\":\"https:\\\/\\\/inclusivenews.com.br\\\/wp-content\\\/uploads\\\/2024\\\/03\\\/@grandesite.png\",\"contentUrl\":\"https:\\\/\\\/inclusivenews.com.br\\\/wp-content\\\/uploads\\\/2024\\\/03\\\/@grandesite.png\",\"width\":1080,\"height\":1080,\"caption\":\"Inclusive - inclus\u00e3o e cidadania\"},\"image\":{\"@id\":\"https:\\\/\\\/inclusivenews.com.br\\\/#\\\/schema\\\/logo\\\/image\\\/\"},\"sameAs\":[\"https:\\\/\\\/www.facebook.com\\\/agenciainclusive\\\/\",\"https:\\\/\\\/www.instagram.com\\\/newsinclusive\\\/\"]},{\"@type\":\"Person\",\"@id\":\"https:\\\/\\\/inclusivenews.com.br\\\/#\\\/schema\\\/person\\\/ae4ec7087559b8692fb33b6fffd2273b\",\"name\":\"inclusivenews2024\",\"image\":{\"@type\":\"ImageObject\",\"inLanguage\":\"pt-PT\",\"@id\":\"https:\\\/\\\/secure.gravatar.com\\\/avatar\\\/c5a7ef84c66fa914f55bc4f7ce26cfa275a3b9a1c5568b907bd184fb4dde7b40?s=96&d=mm&r=g\",\"url\":\"https:\\\/\\\/secure.gravatar.com\\\/avatar\\\/c5a7ef84c66fa914f55bc4f7ce26cfa275a3b9a1c5568b907bd184fb4dde7b40?s=96&d=mm&r=g\",\"contentUrl\":\"https:\\\/\\\/secure.gravatar.com\\\/avatar\\\/c5a7ef84c66fa914f55bc4f7ce26cfa275a3b9a1c5568b907bd184fb4dde7b40?s=96&d=mm&r=g\",\"caption\":\"inclusivenews2024\"},\"sameAs\":[\"https:\\\/\\\/inclusivenews.com.br\"],\"url\":\"https:\\\/\\\/inclusivenews.com.br\\\/?author=1\"}]}<\/script>\n<!-- \/ Yoast SEO plugin. -->","yoast_head_json":{"title":"Navi Pillay, alta comiss\u00e1ria da ONU para Direitos Humanos, elogia Programa Nacional de Direitos Humanos-3 -","robots":{"index":"index","follow":"follow","max-snippet":"max-snippet:-1","max-image-preview":"max-image-preview:large","max-video-preview":"max-video-preview:-1"},"canonical":"https:\/\/inclusivenews.com.br\/?p=14215","og_locale":"pt_PT","og_type":"article","og_title":"Navi Pillay, alta comiss\u00e1ria da ONU para Direitos Humanos, elogia Programa Nacional de Direitos Humanos-3 -","og_description":"A alta comiss\u00e1ria parabenizou Vannuchi pelo trabalho de constru\u00e7\u00e3o do PNDH-3, coordenado pela SEDH\/PR. Segundo ela, a conduta de Vannuchi em todo o processo foi exemplar. Pillay enfatizou a decis\u00e3o corajosa tomada pelo Brasil de criar a Comiss\u00e3o da Verdade. Da SEDH.","og_url":"https:\/\/inclusivenews.com.br\/?p=14215","article_publisher":"https:\/\/www.facebook.com\/agenciainclusive\/","article_published_time":"2010-03-04T19:23:06+00:00","og_image":[{"url":"http:\/\/www.ibiss-co.org.br\/site\/up\/noticia\/2009_12_21\/2009_12_21_15_12_19_0.jpg","type":"","width":"","height":""}],"author":"inclusivenews2024","twitter_card":"summary_large_image","twitter_misc":{"Escrito por":"inclusivenews2024","Tempo estimado de leitura":"1 minuto"},"schema":{"@context":"https:\/\/schema.org","@graph":[{"@type":"Article","@id":"https:\/\/inclusivenews.com.br\/?p=14215#article","isPartOf":{"@id":"https:\/\/inclusivenews.com.br\/?p=14215"},"author":{"name":"inclusivenews2024","@id":"https:\/\/inclusivenews.com.br\/#\/schema\/person\/ae4ec7087559b8692fb33b6fffd2273b"},"headline":"Navi Pillay, alta comiss\u00e1ria da ONU para Direitos Humanos, elogia Programa Nacional de Direitos Humanos-3","datePublished":"2010-03-04T19:23:06+00:00","mainEntityOfPage":{"@id":"https:\/\/inclusivenews.com.br\/?p=14215"},"wordCount":247,"commentCount":0,"publisher":{"@id":"https:\/\/inclusivenews.com.br\/#organization"},"image":{"@id":"https:\/\/inclusivenews.com.br\/?p=14215#primaryimage"},"thumbnailUrl":"http:\/\/www.ibiss-co.org.br\/site\/up\/noticia\/2009_12_21\/2009_12_21_15_12_19_0.jpg","articleSection":["DIREITOS HUMANOS","NOT\u00cdCIAS"],"inLanguage":"pt-PT","potentialAction":[{"@type":"CommentAction","name":"Comment","target":["https:\/\/inclusivenews.com.br\/?p=14215#respond"]}]},{"@type":"WebPage","@id":"https:\/\/inclusivenews.com.br\/?p=14215","url":"https:\/\/inclusivenews.com.br\/?p=14215","name":"Navi Pillay, alta comiss\u00e1ria da ONU para Direitos Humanos, elogia Programa Nacional de Direitos Humanos-3 -","isPartOf":{"@id":"https:\/\/inclusivenews.com.br\/#website"},"primaryImageOfPage":{"@id":"https:\/\/inclusivenews.com.br\/?p=14215#primaryimage"},"image":{"@id":"https:\/\/inclusivenews.com.br\/?p=14215#primaryimage"},"thumbnailUrl":"http:\/\/www.ibiss-co.org.br\/site\/up\/noticia\/2009_12_21\/2009_12_21_15_12_19_0.jpg","datePublished":"2010-03-04T19:23:06+00:00","breadcrumb":{"@id":"https:\/\/inclusivenews.com.br\/?p=14215#breadcrumb"},"inLanguage":"pt-PT","potentialAction":[{"@type":"ReadAction","target":["https:\/\/inclusivenews.com.br\/?p=14215"]}]},{"@type":"ImageObject","inLanguage":"pt-PT","@id":"https:\/\/inclusivenews.com.br\/?p=14215#primaryimage","url":"http:\/\/www.ibiss-co.org.br\/site\/up\/noticia\/2009_12_21\/2009_12_21_15_12_19_0.jpg","contentUrl":"http:\/\/www.ibiss-co.org.br\/site\/up\/noticia\/2009_12_21\/2009_12_21_15_12_19_0.jpg"},{"@type":"BreadcrumbList","@id":"https:\/\/inclusivenews.com.br\/?p=14215#breadcrumb","itemListElement":[{"@type":"ListItem","position":1,"name":"In\u00edcio","item":"https:\/\/inclusivenews.com.br\/"},{"@type":"ListItem","position":2,"name":"Navi Pillay, alta comiss\u00e1ria da ONU para Direitos Humanos, elogia Programa Nacional de Direitos Humanos-3"}]},{"@type":"WebSite","@id":"https:\/\/inclusivenews.com.br\/#website","url":"https:\/\/inclusivenews.com.br\/","name":"Inclusive News","description":"Inclusive News","publisher":{"@id":"https:\/\/inclusivenews.com.br\/#organization"},"potentialAction":[{"@type":"SearchAction","target":{"@type":"EntryPoint","urlTemplate":"https:\/\/inclusivenews.com.br\/?s={search_term_string}"},"query-input":{"@type":"PropertyValueSpecification","valueRequired":true,"valueName":"search_term_string"}}],"inLanguage":"pt-PT"},{"@type":"Organization","@id":"https:\/\/inclusivenews.com.br\/#organization","name":"Inclusive - inclus\u00e3o e cidadania","url":"https:\/\/inclusivenews.com.br\/","logo":{"@type":"ImageObject","inLanguage":"pt-PT","@id":"https:\/\/inclusivenews.com.br\/#\/schema\/logo\/image\/","url":"https:\/\/inclusivenews.com.br\/wp-content\/uploads\/2024\/03\/@grandesite.png","contentUrl":"https:\/\/inclusivenews.com.br\/wp-content\/uploads\/2024\/03\/@grandesite.png","width":1080,"height":1080,"caption":"Inclusive - inclus\u00e3o e cidadania"},"image":{"@id":"https:\/\/inclusivenews.com.br\/#\/schema\/logo\/image\/"},"sameAs":["https:\/\/www.facebook.com\/agenciainclusive\/","https:\/\/www.instagram.com\/newsinclusive\/"]},{"@type":"Person","@id":"https:\/\/inclusivenews.com.br\/#\/schema\/person\/ae4ec7087559b8692fb33b6fffd2273b","name":"inclusivenews2024","image":{"@type":"ImageObject","inLanguage":"pt-PT","@id":"https:\/\/secure.gravatar.com\/avatar\/c5a7ef84c66fa914f55bc4f7ce26cfa275a3b9a1c5568b907bd184fb4dde7b40?s=96&d=mm&r=g","url":"https:\/\/secure.gravatar.com\/avatar\/c5a7ef84c66fa914f55bc4f7ce26cfa275a3b9a1c5568b907bd184fb4dde7b40?s=96&d=mm&r=g","contentUrl":"https:\/\/secure.gravatar.com\/avatar\/c5a7ef84c66fa914f55bc4f7ce26cfa275a3b9a1c5568b907bd184fb4dde7b40?s=96&d=mm&r=g","caption":"inclusivenews2024"},"sameAs":["https:\/\/inclusivenews.com.br"],"url":"https:\/\/inclusivenews.com.br\/?author=1"}]}},"_links":{"self":[{"href":"https:\/\/inclusivenews.com.br\/index.php?rest_route=\/wp\/v2\/posts\/14215","targetHints":{"allow":["GET"]}}],"collection":[{"href":"https:\/\/inclusivenews.com.br\/index.php?rest_route=\/wp\/v2\/posts"}],"about":[{"href":"https:\/\/inclusivenews.com.br\/index.php?rest_route=\/wp\/v2\/types\/post"}],"author":[{"embeddable":true,"href":"https:\/\/inclusivenews.com.br\/index.php?rest_route=\/wp\/v2\/users\/1"}],"replies":[{"embeddable":true,"href":"https:\/\/inclusivenews.com.br\/index.php?rest_route=%2Fwp%2Fv2%2Fcomments&post=14215"}],"version-history":[{"count":0,"href":"https:\/\/inclusivenews.com.br\/index.php?rest_route=\/wp\/v2\/posts\/14215\/revisions"}],"wp:attachment":[{"href":"https:\/\/inclusivenews.com.br\/index.php?rest_route=%2Fwp%2Fv2%2Fmedia&parent=14215"}],"wp:term":[{"taxonomy":"category","embeddable":true,"href":"https:\/\/inclusivenews.com.br\/index.php?rest_route=%2Fwp%2Fv2%2Fcategories&post=14215"},{"taxonomy":"post_tag","embeddable":true,"href":"https:\/\/inclusivenews.com.br\/index.php?rest_route=%2Fwp%2Fv2%2Ftags&post=14215"}],"curies":[{"name":"wp","href":"https:\/\/api.w.org\/{rel}","templated":true}]}}