{"id":14216,"date":"2010-03-05T06:01:59","date_gmt":"2010-03-05T09:01:59","guid":{"rendered":"http:\/\/www.inclusive.org.br\/?p=14216"},"modified":"2010-03-05T06:01:59","modified_gmt":"2010-03-05T09:01:59","slug":"genero-e-diversidade-nas-escolas","status":"publish","type":"post","link":"https:\/\/inclusivenews.com.br\/?p=14216","title":{"rendered":"G\u00eanero e diversidade nas escolas"},"content":{"rendered":"<figure style=\"width: 205px\" class=\"wp-caption alignleft\"><img loading=\"lazy\" decoding=\"async\" title=\"G\u00eanero e diversidade na escola\" src=\"http:\/\/www.clam.org.br\/gde\/imagens\/top_logo.gif\" alt=\"\" width=\"205\" height=\"125\" \/><figcaption class=\"wp-caption-text\"> <\/figcaption><\/figure>\n<p>Est\u00e3o dispon\u00edveis para download os dois volumes do livro de conte\u00fado do curso GDE (G\u00eanero e Diversidade na Escola) 2009.<\/p>\n<p>O curso G\u00eanero e Diversidade na Escola &#8211; GDE visa \u00e0 forma\u00e7\u00e3o de profissionais da educa\u00e7\u00e3o da rede p\u00fablica e aborda as tem\u00e1ticas de g\u00eanero, sexualidade e igualdade \u00e9tnico-racial.<\/p>\n<p>O curso GDE \u00e9 semipresencial e possui carga hor\u00e1ria de 200 horas. Delas, 18 s\u00e3o trabalhadas em aulas presenciais por meio de semin\u00e1rios-participativos. Via Internet o cursista tem mais 182 horas de atividades. Considerado pelo Minist\u00e9rio da Educa\u00e7\u00e3o (MEC) como de atualiza\u00e7\u00e3o, o curso \u00e9 certificado pela Universidade do Estado do Rio de Janeiro (UERJ).<\/p>\n<p>Na vers\u00e3o 2010, a Universidade do Estado do Rio de Janeiro (UERJ), atrav\u00e9s do Centro Latino-Americano em Sexualidade e Direitos Humanos (CLAM), oferecer\u00e1 1200 vagas para educadores do Rio de Janeiro.<\/p>\n<p>A proposta principal do projeto \u00e9 fornecer elementos para transformar as pr\u00e1ticas de ensino, desconstruir preconceitos e romper o ciclo de sua reprodu\u00e7\u00e3o pela escola. Com este curso os profissionais adquirem, no cotidiano da sala de aula, instrumentos para refletir e lidar com as atitudes e comportamentos que envolvam rela\u00e7\u00f5es de g\u00eanero, \u00e9tnico-raciais e quest\u00f5es sobre sexualidade.<\/p>\n<p>O projeto G\u00eanero e Diversidade na Escola \u00e9 fruto de uma articula\u00e7\u00e3o entre diversos minist\u00e9rios do Governo Federal Brasileiro (Secretaria Especial de Pol\u00edticas para Mulheres, Secretaria Especial de Pol\u00edticas de Promo\u00e7\u00e3o da Igualdade Racial e o Minist\u00e9rio da Educa\u00e7\u00e3o), o British Council (\u00f3rg\u00e3o do Reino Unido atuante na \u00e1rea de Direitos Humanos, Educa\u00e7\u00e3o e Cultura) e o Centro Latino-Americano em Sexualidade e Direitos Humanos (CLAM\/IMS\/UERJ).<\/p>\n<p>Fa\u00e7a o download dos livros nos links abaixo:<br \/>\n<a href=\"http:\/\/www.clam.org.br\/gde\/publicacoes\/GDE_VOL1versaofinal082009.pdf\">Vol. 1<\/a><br \/>\n<a href=\"http:\/\/www.clam.org.br\/gde\/publicacoes\/GDE_VOL2_final%20%2808.2009%29.pdf\">Vol. 2<\/a><\/p>\n","protected":false},"excerpt":{"rendered":"<p>Est\u00e3o dispon\u00edveis para download os dois volumes do livro de conte\u00fado do curso GDE (G\u00eanero e Diversidade na Escola) 2009. O curso G\u00eanero e Diversidade na Escola &#8211; GDE visa \u00e0 forma\u00e7\u00e3o de profissionais da educa\u00e7\u00e3o da rede p\u00fablica e aborda as tem\u00e1ticas de g\u00eanero, sexualidade e igualdade \u00e9tnico-racial. Do CLAM.<\/p>\n","protected":false},"author":1,"featured_media":0,"comment_status":"open","ping_status":"open","sticky":false,"template":"","format":"standard","meta":{"site-container-style":"default","site-container-layout":"default","site-sidebar-layout":"default","disable-article-header":"default","disable-site-header":"default","disable-site-footer":"default","disable-content-area-spacing":"default","footnotes":""},"categories":[40,52,6,48,51,10],"tags":[],"class_list":["post-14216","post","type-post","status-publish","format-standard","hentry","category-diversidade","category-downloadables","category-educacao","category-inclusao","category-livros","category-publicacoes"],"yoast_head":"<!-- This site is optimized with the Yoast SEO plugin v27.4 - https:\/\/yoast.com\/product\/yoast-seo-wordpress\/ -->\n<title>G\u00eanero e diversidade nas escolas -<\/title>\n<meta name=\"robots\" content=\"index, follow, max-snippet:-1, max-image-preview:large, max-video-preview:-1\" \/>\n<link rel=\"canonical\" href=\"https:\/\/inclusivenews.com.br\/?p=14216\" \/>\n<meta property=\"og:locale\" content=\"pt_PT\" \/>\n<meta property=\"og:type\" content=\"article\" \/>\n<meta property=\"og:title\" content=\"G\u00eanero e diversidade nas escolas -\" \/>\n<meta property=\"og:description\" content=\"Est\u00e3o dispon\u00edveis para download os dois volumes do livro de conte\u00fado do curso GDE (G\u00eanero e Diversidade na Escola) 2009. O curso G\u00eanero e Diversidade na Escola - GDE visa \u00e0 forma\u00e7\u00e3o de profissionais da educa\u00e7\u00e3o da rede p\u00fablica e aborda as tem\u00e1ticas de g\u00eanero, sexualidade e igualdade \u00e9tnico-racial. Do CLAM.\" \/>\n<meta property=\"og:url\" content=\"https:\/\/inclusivenews.com.br\/?p=14216\" \/>\n<meta property=\"article:publisher\" content=\"https:\/\/www.facebook.com\/agenciainclusive\/\" \/>\n<meta property=\"article:published_time\" content=\"2010-03-05T09:01:59+00:00\" \/>\n<meta property=\"og:image\" content=\"http:\/\/www.clam.org.br\/gde\/imagens\/top_logo.gif\" \/>\n<meta name=\"author\" content=\"inclusivenews2024\" \/>\n<meta name=\"twitter:card\" content=\"summary_large_image\" \/>\n<meta name=\"twitter:label1\" content=\"Escrito por\" \/>\n\t<meta name=\"twitter:data1\" content=\"inclusivenews2024\" \/>\n\t<meta name=\"twitter:label2\" content=\"Tempo estimado de leitura\" \/>\n\t<meta name=\"twitter:data2\" content=\"1 minuto\" \/>\n<script type=\"application\/ld+json\" class=\"yoast-schema-graph\">{\"@context\":\"https:\\\/\\\/schema.org\",\"@graph\":[{\"@type\":\"Article\",\"@id\":\"https:\\\/\\\/inclusivenews.com.br\\\/?p=14216#article\",\"isPartOf\":{\"@id\":\"https:\\\/\\\/inclusivenews.com.br\\\/?p=14216\"},\"author\":{\"name\":\"inclusivenews2024\",\"@id\":\"https:\\\/\\\/inclusivenews.com.br\\\/#\\\/schema\\\/person\\\/ae4ec7087559b8692fb33b6fffd2273b\"},\"headline\":\"G\u00eanero e diversidade nas escolas\",\"datePublished\":\"2010-03-05T09:01:59+00:00\",\"mainEntityOfPage\":{\"@id\":\"https:\\\/\\\/inclusivenews.com.br\\\/?p=14216\"},\"wordCount\":305,\"commentCount\":3,\"publisher\":{\"@id\":\"https:\\\/\\\/inclusivenews.com.br\\\/#organization\"},\"image\":{\"@id\":\"https:\\\/\\\/inclusivenews.com.br\\\/?p=14216#primaryimage\"},\"thumbnailUrl\":\"http:\\\/\\\/www.clam.org.br\\\/gde\\\/imagens\\\/top_logo.gif\",\"articleSection\":[\"Diversidade\",\"Downloadables\",\"EDUCA\u00c7\u00c3O\",\"INCLUS\u00c3O SOCIAL\",\"Livros\",\"PUBLICA\u00c7\u00d5ES\"],\"inLanguage\":\"pt-PT\",\"potentialAction\":[{\"@type\":\"CommentAction\",\"name\":\"Comment\",\"target\":[\"https:\\\/\\\/inclusivenews.com.br\\\/?p=14216#respond\"]}]},{\"@type\":\"WebPage\",\"@id\":\"https:\\\/\\\/inclusivenews.com.br\\\/?p=14216\",\"url\":\"https:\\\/\\\/inclusivenews.com.br\\\/?p=14216\",\"name\":\"G\u00eanero e diversidade nas escolas -\",\"isPartOf\":{\"@id\":\"https:\\\/\\\/inclusivenews.com.br\\\/#website\"},\"primaryImageOfPage\":{\"@id\":\"https:\\\/\\\/inclusivenews.com.br\\\/?p=14216#primaryimage\"},\"image\":{\"@id\":\"https:\\\/\\\/inclusivenews.com.br\\\/?p=14216#primaryimage\"},\"thumbnailUrl\":\"http:\\\/\\\/www.clam.org.br\\\/gde\\\/imagens\\\/top_logo.gif\",\"datePublished\":\"2010-03-05T09:01:59+00:00\",\"breadcrumb\":{\"@id\":\"https:\\\/\\\/inclusivenews.com.br\\\/?p=14216#breadcrumb\"},\"inLanguage\":\"pt-PT\",\"potentialAction\":[{\"@type\":\"ReadAction\",\"target\":[\"https:\\\/\\\/inclusivenews.com.br\\\/?p=14216\"]}]},{\"@type\":\"ImageObject\",\"inLanguage\":\"pt-PT\",\"@id\":\"https:\\\/\\\/inclusivenews.com.br\\\/?p=14216#primaryimage\",\"url\":\"http:\\\/\\\/www.clam.org.br\\\/gde\\\/imagens\\\/top_logo.gif\",\"contentUrl\":\"http:\\\/\\\/www.clam.org.br\\\/gde\\\/imagens\\\/top_logo.gif\"},{\"@type\":\"BreadcrumbList\",\"@id\":\"https:\\\/\\\/inclusivenews.com.br\\\/?p=14216#breadcrumb\",\"itemListElement\":[{\"@type\":\"ListItem\",\"position\":1,\"name\":\"In\u00edcio\",\"item\":\"https:\\\/\\\/inclusivenews.com.br\\\/\"},{\"@type\":\"ListItem\",\"position\":2,\"name\":\"G\u00eanero e diversidade nas escolas\"}]},{\"@type\":\"WebSite\",\"@id\":\"https:\\\/\\\/inclusivenews.com.br\\\/#website\",\"url\":\"https:\\\/\\\/inclusivenews.com.br\\\/\",\"name\":\"Inclusive News\",\"description\":\"Inclusive News\",\"publisher\":{\"@id\":\"https:\\\/\\\/inclusivenews.com.br\\\/#organization\"},\"potentialAction\":[{\"@type\":\"SearchAction\",\"target\":{\"@type\":\"EntryPoint\",\"urlTemplate\":\"https:\\\/\\\/inclusivenews.com.br\\\/?s={search_term_string}\"},\"query-input\":{\"@type\":\"PropertyValueSpecification\",\"valueRequired\":true,\"valueName\":\"search_term_string\"}}],\"inLanguage\":\"pt-PT\"},{\"@type\":\"Organization\",\"@id\":\"https:\\\/\\\/inclusivenews.com.br\\\/#organization\",\"name\":\"Inclusive - inclus\u00e3o e cidadania\",\"url\":\"https:\\\/\\\/inclusivenews.com.br\\\/\",\"logo\":{\"@type\":\"ImageObject\",\"inLanguage\":\"pt-PT\",\"@id\":\"https:\\\/\\\/inclusivenews.com.br\\\/#\\\/schema\\\/logo\\\/image\\\/\",\"url\":\"https:\\\/\\\/inclusivenews.com.br\\\/wp-content\\\/uploads\\\/2024\\\/03\\\/@grandesite.png\",\"contentUrl\":\"https:\\\/\\\/inclusivenews.com.br\\\/wp-content\\\/uploads\\\/2024\\\/03\\\/@grandesite.png\",\"width\":1080,\"height\":1080,\"caption\":\"Inclusive - inclus\u00e3o e cidadania\"},\"image\":{\"@id\":\"https:\\\/\\\/inclusivenews.com.br\\\/#\\\/schema\\\/logo\\\/image\\\/\"},\"sameAs\":[\"https:\\\/\\\/www.facebook.com\\\/agenciainclusive\\\/\",\"https:\\\/\\\/www.instagram.com\\\/newsinclusive\\\/\"]},{\"@type\":\"Person\",\"@id\":\"https:\\\/\\\/inclusivenews.com.br\\\/#\\\/schema\\\/person\\\/ae4ec7087559b8692fb33b6fffd2273b\",\"name\":\"inclusivenews2024\",\"image\":{\"@type\":\"ImageObject\",\"inLanguage\":\"pt-PT\",\"@id\":\"https:\\\/\\\/secure.gravatar.com\\\/avatar\\\/c5a7ef84c66fa914f55bc4f7ce26cfa275a3b9a1c5568b907bd184fb4dde7b40?s=96&d=mm&r=g\",\"url\":\"https:\\\/\\\/secure.gravatar.com\\\/avatar\\\/c5a7ef84c66fa914f55bc4f7ce26cfa275a3b9a1c5568b907bd184fb4dde7b40?s=96&d=mm&r=g\",\"contentUrl\":\"https:\\\/\\\/secure.gravatar.com\\\/avatar\\\/c5a7ef84c66fa914f55bc4f7ce26cfa275a3b9a1c5568b907bd184fb4dde7b40?s=96&d=mm&r=g\",\"caption\":\"inclusivenews2024\"},\"sameAs\":[\"https:\\\/\\\/inclusivenews.com.br\"],\"url\":\"https:\\\/\\\/inclusivenews.com.br\\\/?author=1\"}]}<\/script>\n<!-- \/ Yoast SEO plugin. -->","yoast_head_json":{"title":"G\u00eanero e diversidade nas escolas -","robots":{"index":"index","follow":"follow","max-snippet":"max-snippet:-1","max-image-preview":"max-image-preview:large","max-video-preview":"max-video-preview:-1"},"canonical":"https:\/\/inclusivenews.com.br\/?p=14216","og_locale":"pt_PT","og_type":"article","og_title":"G\u00eanero e diversidade nas escolas -","og_description":"Est\u00e3o dispon\u00edveis para download os dois volumes do livro de conte\u00fado do curso GDE (G\u00eanero e Diversidade na Escola) 2009. O curso G\u00eanero e Diversidade na Escola - GDE visa \u00e0 forma\u00e7\u00e3o de profissionais da educa\u00e7\u00e3o da rede p\u00fablica e aborda as tem\u00e1ticas de g\u00eanero, sexualidade e igualdade \u00e9tnico-racial. Do CLAM.","og_url":"https:\/\/inclusivenews.com.br\/?p=14216","article_publisher":"https:\/\/www.facebook.com\/agenciainclusive\/","article_published_time":"2010-03-05T09:01:59+00:00","og_image":[{"url":"http:\/\/www.clam.org.br\/gde\/imagens\/top_logo.gif","type":"","width":"","height":""}],"author":"inclusivenews2024","twitter_card":"summary_large_image","twitter_misc":{"Escrito por":"inclusivenews2024","Tempo estimado de leitura":"1 minuto"},"schema":{"@context":"https:\/\/schema.org","@graph":[{"@type":"Article","@id":"https:\/\/inclusivenews.com.br\/?p=14216#article","isPartOf":{"@id":"https:\/\/inclusivenews.com.br\/?p=14216"},"author":{"name":"inclusivenews2024","@id":"https:\/\/inclusivenews.com.br\/#\/schema\/person\/ae4ec7087559b8692fb33b6fffd2273b"},"headline":"G\u00eanero e diversidade nas escolas","datePublished":"2010-03-05T09:01:59+00:00","mainEntityOfPage":{"@id":"https:\/\/inclusivenews.com.br\/?p=14216"},"wordCount":305,"commentCount":3,"publisher":{"@id":"https:\/\/inclusivenews.com.br\/#organization"},"image":{"@id":"https:\/\/inclusivenews.com.br\/?p=14216#primaryimage"},"thumbnailUrl":"http:\/\/www.clam.org.br\/gde\/imagens\/top_logo.gif","articleSection":["Diversidade","Downloadables","EDUCA\u00c7\u00c3O","INCLUS\u00c3O SOCIAL","Livros","PUBLICA\u00c7\u00d5ES"],"inLanguage":"pt-PT","potentialAction":[{"@type":"CommentAction","name":"Comment","target":["https:\/\/inclusivenews.com.br\/?p=14216#respond"]}]},{"@type":"WebPage","@id":"https:\/\/inclusivenews.com.br\/?p=14216","url":"https:\/\/inclusivenews.com.br\/?p=14216","name":"G\u00eanero e diversidade nas escolas -","isPartOf":{"@id":"https:\/\/inclusivenews.com.br\/#website"},"primaryImageOfPage":{"@id":"https:\/\/inclusivenews.com.br\/?p=14216#primaryimage"},"image":{"@id":"https:\/\/inclusivenews.com.br\/?p=14216#primaryimage"},"thumbnailUrl":"http:\/\/www.clam.org.br\/gde\/imagens\/top_logo.gif","datePublished":"2010-03-05T09:01:59+00:00","breadcrumb":{"@id":"https:\/\/inclusivenews.com.br\/?p=14216#breadcrumb"},"inLanguage":"pt-PT","potentialAction":[{"@type":"ReadAction","target":["https:\/\/inclusivenews.com.br\/?p=14216"]}]},{"@type":"ImageObject","inLanguage":"pt-PT","@id":"https:\/\/inclusivenews.com.br\/?p=14216#primaryimage","url":"http:\/\/www.clam.org.br\/gde\/imagens\/top_logo.gif","contentUrl":"http:\/\/www.clam.org.br\/gde\/imagens\/top_logo.gif"},{"@type":"BreadcrumbList","@id":"https:\/\/inclusivenews.com.br\/?p=14216#breadcrumb","itemListElement":[{"@type":"ListItem","position":1,"name":"In\u00edcio","item":"https:\/\/inclusivenews.com.br\/"},{"@type":"ListItem","position":2,"name":"G\u00eanero e diversidade nas escolas"}]},{"@type":"WebSite","@id":"https:\/\/inclusivenews.com.br\/#website","url":"https:\/\/inclusivenews.com.br\/","name":"Inclusive News","description":"Inclusive News","publisher":{"@id":"https:\/\/inclusivenews.com.br\/#organization"},"potentialAction":[{"@type":"SearchAction","target":{"@type":"EntryPoint","urlTemplate":"https:\/\/inclusivenews.com.br\/?s={search_term_string}"},"query-input":{"@type":"PropertyValueSpecification","valueRequired":true,"valueName":"search_term_string"}}],"inLanguage":"pt-PT"},{"@type":"Organization","@id":"https:\/\/inclusivenews.com.br\/#organization","name":"Inclusive - inclus\u00e3o e cidadania","url":"https:\/\/inclusivenews.com.br\/","logo":{"@type":"ImageObject","inLanguage":"pt-PT","@id":"https:\/\/inclusivenews.com.br\/#\/schema\/logo\/image\/","url":"https:\/\/inclusivenews.com.br\/wp-content\/uploads\/2024\/03\/@grandesite.png","contentUrl":"https:\/\/inclusivenews.com.br\/wp-content\/uploads\/2024\/03\/@grandesite.png","width":1080,"height":1080,"caption":"Inclusive - inclus\u00e3o e cidadania"},"image":{"@id":"https:\/\/inclusivenews.com.br\/#\/schema\/logo\/image\/"},"sameAs":["https:\/\/www.facebook.com\/agenciainclusive\/","https:\/\/www.instagram.com\/newsinclusive\/"]},{"@type":"Person","@id":"https:\/\/inclusivenews.com.br\/#\/schema\/person\/ae4ec7087559b8692fb33b6fffd2273b","name":"inclusivenews2024","image":{"@type":"ImageObject","inLanguage":"pt-PT","@id":"https:\/\/secure.gravatar.com\/avatar\/c5a7ef84c66fa914f55bc4f7ce26cfa275a3b9a1c5568b907bd184fb4dde7b40?s=96&d=mm&r=g","url":"https:\/\/secure.gravatar.com\/avatar\/c5a7ef84c66fa914f55bc4f7ce26cfa275a3b9a1c5568b907bd184fb4dde7b40?s=96&d=mm&r=g","contentUrl":"https:\/\/secure.gravatar.com\/avatar\/c5a7ef84c66fa914f55bc4f7ce26cfa275a3b9a1c5568b907bd184fb4dde7b40?s=96&d=mm&r=g","caption":"inclusivenews2024"},"sameAs":["https:\/\/inclusivenews.com.br"],"url":"https:\/\/inclusivenews.com.br\/?author=1"}]}},"_links":{"self":[{"href":"https:\/\/inclusivenews.com.br\/index.php?rest_route=\/wp\/v2\/posts\/14216","targetHints":{"allow":["GET"]}}],"collection":[{"href":"https:\/\/inclusivenews.com.br\/index.php?rest_route=\/wp\/v2\/posts"}],"about":[{"href":"https:\/\/inclusivenews.com.br\/index.php?rest_route=\/wp\/v2\/types\/post"}],"author":[{"embeddable":true,"href":"https:\/\/inclusivenews.com.br\/index.php?rest_route=\/wp\/v2\/users\/1"}],"replies":[{"embeddable":true,"href":"https:\/\/inclusivenews.com.br\/index.php?rest_route=%2Fwp%2Fv2%2Fcomments&post=14216"}],"version-history":[{"count":0,"href":"https:\/\/inclusivenews.com.br\/index.php?rest_route=\/wp\/v2\/posts\/14216\/revisions"}],"wp:attachment":[{"href":"https:\/\/inclusivenews.com.br\/index.php?rest_route=%2Fwp%2Fv2%2Fmedia&parent=14216"}],"wp:term":[{"taxonomy":"category","embeddable":true,"href":"https:\/\/inclusivenews.com.br\/index.php?rest_route=%2Fwp%2Fv2%2Fcategories&post=14216"},{"taxonomy":"post_tag","embeddable":true,"href":"https:\/\/inclusivenews.com.br\/index.php?rest_route=%2Fwp%2Fv2%2Ftags&post=14216"}],"curies":[{"name":"wp","href":"https:\/\/api.w.org\/{rel}","templated":true}]}}