{"id":14275,"date":"2010-03-09T05:59:02","date_gmt":"2010-03-09T08:59:02","guid":{"rendered":"http:\/\/www.inclusive.org.br\/?p=14275"},"modified":"2010-03-09T05:59:02","modified_gmt":"2010-03-09T08:59:02","slug":"a-inclusao-social-como-fator-de-efetivacao-dos-direitos-fundamentais-do-trabalhador-uma-visao-constitucional-sobre-a-deficiencia","status":"publish","type":"post","link":"https:\/\/inclusivenews.com.br\/?p=14275","title":{"rendered":"A inclus\u00e3o social como fator de efetiva\u00e7\u00e3o dos direitos fundamentais do trabalhador: uma vis\u00e3o constitucional sobre a defici\u00eancia"},"content":{"rendered":"<figure id=\"attachment_12736\" aria-describedby=\"caption-attachment-12736\" style=\"width: 150px\" class=\"wp-caption alignnone\"><a href=\"http:\/\/www.inclusivenews.com.br\/wp-content\/uploads\/2009\/11\/corujinha2.jpg\"><img loading=\"lazy\" decoding=\"async\" class=\"size-full wp-image-12736\" title=\"Inclusive - corujinha - produ\u00e7\u00e3o acad\u00eamica.\" src=\"http:\/\/inclusivenews.com.br\/wp-content\/uploads\/2009\/11\/corujinha2.jpg\" alt=\"\" width=\"150\" height=\"150\" \/><\/a><figcaption id=\"caption-attachment-12736\" class=\"wp-caption-text\"> <\/figcaption><\/figure>\n<p>A inclus\u00e3o social como fator de efetiva\u00e7\u00e3o dos direitos fundamentais do trabalhador: uma vis\u00e3o constitucional sobre a defici\u00eancia, por Raissa Bressanim Tokunaga. Pontif\u00edcia Universidade Cat\u00f3lica de S\u00e3o Paulo.<\/p>\n<p><a href=\"http:\/\/www.sapientia.pucsp.br\/\/tde_busca\/arquivo.php?codArquivo=8694\">Link para download.<\/a><\/p>\n<p><strong>RESUMO\/ABSTRACT<\/strong><\/p>\n<p style=\"text-align: justify;\">A presente disserta\u00e7\u00e3o de mestrado versa sobre um assunto de extrema relev\u00e2ncia, assunto que desperta nas pessoas um sentimento de respeito \u00e0 individualidade e sobreviv\u00eancia a qualquer custo. Pelo princ\u00edpio da equidade, busca tratar dos direitos das pessoas com defici\u00eancia, com especial enfoque para a efetiva\u00e7\u00e3o dos seus direitos fundamentais. Nesse sentido, aborda a diverg\u00eancia entre a inclus\u00e3o e a integra\u00e7\u00e3o, al\u00e9m da conscientiza\u00e7\u00e3o da sociedade para que as pessoas com defici\u00eancia sejam tratadas de modo igualit\u00e1rio, sem nenhuma forma de discrimina\u00e7\u00e3o. Desde o in\u00edcio do trabalho houve o cuidado com a forma de abordagem desses indiv\u00edduos, mediante o uso da express\u00e3o que mais se ajustasse \u00e0 finalidade do presente estudo, raz\u00e3o pela qual se optou pela nomenclatura adotada pela Conven\u00e7\u00e3o Internacional sobre os Direitos das Pessoas com Defici\u00eancia, ratificada pelo Brasil com valor de emenda constitucional em 10.07.2008. Adotou-se a express\u00e3o pessoa com defici\u00eancia, assumindo-se sobretudo que a defici\u00eancia n\u00e3o deve ser um adjetivo (como no caso de pessoa deficiente) ou um estado moment\u00e2neo (como no caso de pessoa portadora de defici\u00eancia), pois a defici\u00eancia est\u00e1 com a pessoa ou na pessoa. Procura-se destacar a prote\u00e7\u00e3o dos direitos das pessoas, em tr\u00eas esferas complementares: no \u00e2mbito internacional, mediante an\u00e1lise dos tratados internacionais sobre o tema; no cen\u00e1rio interno constitucional, por meio de estudo sobre a evolu\u00e7\u00e3o do assunto \u00e0 luz das Constitui\u00e7\u00f5es Federais, abordando especificamente os direitos trazidos pelo texto atual; a inser\u00e7\u00e3o dos direitos das pessoas com defici\u00eancia nos direitos humanos, com enfoque especial para a dignidade da pessoa humana. Tra\u00e7a-se um paralelo com o direito internacional, por meio do conceito de reserva do poss\u00edvel, com alus\u00e3o \u00e0 legisla\u00e7\u00e3o interna infraconstitucional que prev\u00ea a cota legal para a contrata\u00e7\u00e3o de pessoas com defici\u00eancia. Adota-se, assim, a tese da impossibilidade f\u00e1tica do objeto do neg\u00f3cio jur\u00eddico exigido, com fundamento no artigo 104, inciso II, do C\u00f3digo Civil, que v\u00ea com restri\u00e7\u00e3o a obrigatoriedade legal de se contratarem pessoas com defici\u00eancia, j\u00e1 que nesta situa\u00e7\u00e3o o Estado transfere para a iniciativa privada a responsabilidade pela concess\u00e3o de direitos sociais m\u00ednimos aos cidad\u00e3os. Concluiu-se que, de fato, a inclus\u00e3o das pessoas com defici\u00eancia em todos os cen\u00e1rios da sociedade \u00e9, antes de obriga\u00e7\u00e3o do particular, obviamente n\u00e3o declinando a sua propor\u00e7\u00e3o de dever sen\u00e3o legal moral, responsabilidade do Estado em conferir o m\u00ednimo necess\u00e1rio a uma vida digna, capacitando essas pessoas para o mercado de trabalho e, desse modo, suprindo as falhas das fam\u00edlias. No \u00e2mbito do direito do trabalho, o Estado deve preparar a pessoa com defici\u00eancia para o mercado de trabalho, com a cria\u00e7\u00e3o de pol\u00edticas p\u00fablicas que confiram direitos sociais m\u00ednimos. A\u00ed, sim, o particular deve encarregar-se da sua parcela de responsabilidade na satisfa\u00e7\u00e3o da cota legal.<\/p>\n","protected":false},"excerpt":{"rendered":"<p>O trabalho aborda a diverg\u00eancia entre a inclus\u00e3o e a integra\u00e7\u00e3o, al\u00e9m da conscientiza\u00e7\u00e3o da sociedade para que as pessoas com defici\u00eancia sejam tratadas de modo igualit\u00e1rio, sem nenhuma forma de discrimina\u00e7\u00e3o. (Produ\u00e7\u00e3o acad\u00eamica)<\/p>\n","protected":false},"author":1,"featured_media":0,"comment_status":"open","ping_status":"open","sticky":false,"template":"","format":"standard","meta":{"site-container-style":"default","site-container-layout":"default","site-sidebar-layout":"default","disable-article-header":"default","disable-site-header":"default","disable-site-footer":"default","disable-content-area-spacing":"default","footnotes":""},"categories":[24],"tags":[],"class_list":["post-14275","post","type-post","status-publish","format-standard","hentry","category-producao-academica"],"yoast_head":"<!-- This site is optimized with the Yoast SEO plugin v27.4 - https:\/\/yoast.com\/product\/yoast-seo-wordpress\/ -->\n<title>A inclus\u00e3o social como fator de efetiva\u00e7\u00e3o dos direitos fundamentais do trabalhador: uma vis\u00e3o constitucional sobre a defici\u00eancia -<\/title>\n<meta name=\"robots\" content=\"index, follow, max-snippet:-1, max-image-preview:large, max-video-preview:-1\" \/>\n<link rel=\"canonical\" href=\"https:\/\/inclusivenews.com.br\/?p=14275\" \/>\n<meta property=\"og:locale\" content=\"pt_PT\" \/>\n<meta property=\"og:type\" content=\"article\" \/>\n<meta property=\"og:title\" content=\"A inclus\u00e3o social como fator de efetiva\u00e7\u00e3o dos direitos fundamentais do trabalhador: uma vis\u00e3o constitucional sobre a defici\u00eancia -\" \/>\n<meta property=\"og:description\" content=\"O trabalho aborda a diverg\u00eancia entre a inclus\u00e3o e a integra\u00e7\u00e3o, al\u00e9m da conscientiza\u00e7\u00e3o da sociedade para que as pessoas com defici\u00eancia sejam tratadas de modo igualit\u00e1rio, sem nenhuma forma de discrimina\u00e7\u00e3o. (Produ\u00e7\u00e3o acad\u00eamica)\" \/>\n<meta property=\"og:url\" content=\"https:\/\/inclusivenews.com.br\/?p=14275\" \/>\n<meta property=\"article:publisher\" content=\"https:\/\/www.facebook.com\/agenciainclusive\/\" \/>\n<meta property=\"article:published_time\" content=\"2010-03-09T08:59:02+00:00\" \/>\n<meta property=\"og:image\" content=\"http:\/\/inclusivenews.com.br\/wp-content\/uploads\/2009\/11\/corujinha2.jpg\" \/>\n<meta name=\"author\" content=\"inclusivenews2024\" \/>\n<meta name=\"twitter:card\" content=\"summary_large_image\" \/>\n<meta name=\"twitter:label1\" content=\"Escrito por\" \/>\n\t<meta name=\"twitter:data1\" content=\"inclusivenews2024\" \/>\n\t<meta name=\"twitter:label2\" content=\"Tempo estimado de leitura\" \/>\n\t<meta name=\"twitter:data2\" content=\"3 minutos\" \/>\n<script type=\"application\/ld+json\" class=\"yoast-schema-graph\">{\"@context\":\"https:\\\/\\\/schema.org\",\"@graph\":[{\"@type\":\"Article\",\"@id\":\"https:\\\/\\\/inclusivenews.com.br\\\/?p=14275#article\",\"isPartOf\":{\"@id\":\"https:\\\/\\\/inclusivenews.com.br\\\/?p=14275\"},\"author\":{\"name\":\"inclusivenews2024\",\"@id\":\"https:\\\/\\\/inclusivenews.com.br\\\/#\\\/schema\\\/person\\\/ae4ec7087559b8692fb33b6fffd2273b\"},\"headline\":\"A inclus\u00e3o social como fator de efetiva\u00e7\u00e3o dos direitos fundamentais do trabalhador: uma vis\u00e3o constitucional sobre a defici\u00eancia\",\"datePublished\":\"2010-03-09T08:59:02+00:00\",\"mainEntityOfPage\":{\"@id\":\"https:\\\/\\\/inclusivenews.com.br\\\/?p=14275\"},\"wordCount\":579,\"commentCount\":0,\"publisher\":{\"@id\":\"https:\\\/\\\/inclusivenews.com.br\\\/#organization\"},\"image\":{\"@id\":\"https:\\\/\\\/inclusivenews.com.br\\\/?p=14275#primaryimage\"},\"thumbnailUrl\":\"http:\\\/\\\/inclusivenews.com.br\\\/wp-content\\\/uploads\\\/2009\\\/11\\\/corujinha2.jpg\",\"articleSection\":[\"Produ\u00e7\u00e3o acad\u00eamica\"],\"inLanguage\":\"pt-PT\",\"potentialAction\":[{\"@type\":\"CommentAction\",\"name\":\"Comment\",\"target\":[\"https:\\\/\\\/inclusivenews.com.br\\\/?p=14275#respond\"]}]},{\"@type\":\"WebPage\",\"@id\":\"https:\\\/\\\/inclusivenews.com.br\\\/?p=14275\",\"url\":\"https:\\\/\\\/inclusivenews.com.br\\\/?p=14275\",\"name\":\"A inclus\u00e3o social como fator de efetiva\u00e7\u00e3o dos direitos fundamentais do trabalhador: uma vis\u00e3o constitucional sobre a defici\u00eancia -\",\"isPartOf\":{\"@id\":\"https:\\\/\\\/inclusivenews.com.br\\\/#website\"},\"primaryImageOfPage\":{\"@id\":\"https:\\\/\\\/inclusivenews.com.br\\\/?p=14275#primaryimage\"},\"image\":{\"@id\":\"https:\\\/\\\/inclusivenews.com.br\\\/?p=14275#primaryimage\"},\"thumbnailUrl\":\"http:\\\/\\\/inclusivenews.com.br\\\/wp-content\\\/uploads\\\/2009\\\/11\\\/corujinha2.jpg\",\"datePublished\":\"2010-03-09T08:59:02+00:00\",\"breadcrumb\":{\"@id\":\"https:\\\/\\\/inclusivenews.com.br\\\/?p=14275#breadcrumb\"},\"inLanguage\":\"pt-PT\",\"potentialAction\":[{\"@type\":\"ReadAction\",\"target\":[\"https:\\\/\\\/inclusivenews.com.br\\\/?p=14275\"]}]},{\"@type\":\"ImageObject\",\"inLanguage\":\"pt-PT\",\"@id\":\"https:\\\/\\\/inclusivenews.com.br\\\/?p=14275#primaryimage\",\"url\":\"https:\\\/\\\/inclusivenews.com.br\\\/wp-content\\\/uploads\\\/2009\\\/11\\\/corujinha2.jpg\",\"contentUrl\":\"https:\\\/\\\/inclusivenews.com.br\\\/wp-content\\\/uploads\\\/2009\\\/11\\\/corujinha2.jpg\",\"width\":150,\"height\":150},{\"@type\":\"BreadcrumbList\",\"@id\":\"https:\\\/\\\/inclusivenews.com.br\\\/?p=14275#breadcrumb\",\"itemListElement\":[{\"@type\":\"ListItem\",\"position\":1,\"name\":\"In\u00edcio\",\"item\":\"https:\\\/\\\/inclusivenews.com.br\\\/\"},{\"@type\":\"ListItem\",\"position\":2,\"name\":\"A inclus\u00e3o social como fator de efetiva\u00e7\u00e3o dos direitos fundamentais do trabalhador: uma vis\u00e3o constitucional sobre a defici\u00eancia\"}]},{\"@type\":\"WebSite\",\"@id\":\"https:\\\/\\\/inclusivenews.com.br\\\/#website\",\"url\":\"https:\\\/\\\/inclusivenews.com.br\\\/\",\"name\":\"Inclusive News\",\"description\":\"Inclusive News\",\"publisher\":{\"@id\":\"https:\\\/\\\/inclusivenews.com.br\\\/#organization\"},\"potentialAction\":[{\"@type\":\"SearchAction\",\"target\":{\"@type\":\"EntryPoint\",\"urlTemplate\":\"https:\\\/\\\/inclusivenews.com.br\\\/?s={search_term_string}\"},\"query-input\":{\"@type\":\"PropertyValueSpecification\",\"valueRequired\":true,\"valueName\":\"search_term_string\"}}],\"inLanguage\":\"pt-PT\"},{\"@type\":\"Organization\",\"@id\":\"https:\\\/\\\/inclusivenews.com.br\\\/#organization\",\"name\":\"Inclusive - inclus\u00e3o e cidadania\",\"url\":\"https:\\\/\\\/inclusivenews.com.br\\\/\",\"logo\":{\"@type\":\"ImageObject\",\"inLanguage\":\"pt-PT\",\"@id\":\"https:\\\/\\\/inclusivenews.com.br\\\/#\\\/schema\\\/logo\\\/image\\\/\",\"url\":\"https:\\\/\\\/inclusivenews.com.br\\\/wp-content\\\/uploads\\\/2024\\\/03\\\/@grandesite.png\",\"contentUrl\":\"https:\\\/\\\/inclusivenews.com.br\\\/wp-content\\\/uploads\\\/2024\\\/03\\\/@grandesite.png\",\"width\":1080,\"height\":1080,\"caption\":\"Inclusive - inclus\u00e3o e cidadania\"},\"image\":{\"@id\":\"https:\\\/\\\/inclusivenews.com.br\\\/#\\\/schema\\\/logo\\\/image\\\/\"},\"sameAs\":[\"https:\\\/\\\/www.facebook.com\\\/agenciainclusive\\\/\",\"https:\\\/\\\/www.instagram.com\\\/newsinclusive\\\/\"]},{\"@type\":\"Person\",\"@id\":\"https:\\\/\\\/inclusivenews.com.br\\\/#\\\/schema\\\/person\\\/ae4ec7087559b8692fb33b6fffd2273b\",\"name\":\"inclusivenews2024\",\"image\":{\"@type\":\"ImageObject\",\"inLanguage\":\"pt-PT\",\"@id\":\"https:\\\/\\\/secure.gravatar.com\\\/avatar\\\/c5a7ef84c66fa914f55bc4f7ce26cfa275a3b9a1c5568b907bd184fb4dde7b40?s=96&d=mm&r=g\",\"url\":\"https:\\\/\\\/secure.gravatar.com\\\/avatar\\\/c5a7ef84c66fa914f55bc4f7ce26cfa275a3b9a1c5568b907bd184fb4dde7b40?s=96&d=mm&r=g\",\"contentUrl\":\"https:\\\/\\\/secure.gravatar.com\\\/avatar\\\/c5a7ef84c66fa914f55bc4f7ce26cfa275a3b9a1c5568b907bd184fb4dde7b40?s=96&d=mm&r=g\",\"caption\":\"inclusivenews2024\"},\"sameAs\":[\"https:\\\/\\\/inclusivenews.com.br\"],\"url\":\"https:\\\/\\\/inclusivenews.com.br\\\/?author=1\"}]}<\/script>\n<!-- \/ Yoast SEO plugin. -->","yoast_head_json":{"title":"A inclus\u00e3o social como fator de efetiva\u00e7\u00e3o dos direitos fundamentais do trabalhador: uma vis\u00e3o constitucional sobre a defici\u00eancia -","robots":{"index":"index","follow":"follow","max-snippet":"max-snippet:-1","max-image-preview":"max-image-preview:large","max-video-preview":"max-video-preview:-1"},"canonical":"https:\/\/inclusivenews.com.br\/?p=14275","og_locale":"pt_PT","og_type":"article","og_title":"A inclus\u00e3o social como fator de efetiva\u00e7\u00e3o dos direitos fundamentais do trabalhador: uma vis\u00e3o constitucional sobre a defici\u00eancia -","og_description":"O trabalho aborda a diverg\u00eancia entre a inclus\u00e3o e a integra\u00e7\u00e3o, al\u00e9m da conscientiza\u00e7\u00e3o da sociedade para que as pessoas com defici\u00eancia sejam tratadas de modo igualit\u00e1rio, sem nenhuma forma de discrimina\u00e7\u00e3o. (Produ\u00e7\u00e3o acad\u00eamica)","og_url":"https:\/\/inclusivenews.com.br\/?p=14275","article_publisher":"https:\/\/www.facebook.com\/agenciainclusive\/","article_published_time":"2010-03-09T08:59:02+00:00","og_image":[{"url":"http:\/\/inclusivenews.com.br\/wp-content\/uploads\/2009\/11\/corujinha2.jpg","type":"","width":"","height":""}],"author":"inclusivenews2024","twitter_card":"summary_large_image","twitter_misc":{"Escrito por":"inclusivenews2024","Tempo estimado de leitura":"3 minutos"},"schema":{"@context":"https:\/\/schema.org","@graph":[{"@type":"Article","@id":"https:\/\/inclusivenews.com.br\/?p=14275#article","isPartOf":{"@id":"https:\/\/inclusivenews.com.br\/?p=14275"},"author":{"name":"inclusivenews2024","@id":"https:\/\/inclusivenews.com.br\/#\/schema\/person\/ae4ec7087559b8692fb33b6fffd2273b"},"headline":"A inclus\u00e3o social como fator de efetiva\u00e7\u00e3o dos direitos fundamentais do trabalhador: uma vis\u00e3o constitucional sobre a defici\u00eancia","datePublished":"2010-03-09T08:59:02+00:00","mainEntityOfPage":{"@id":"https:\/\/inclusivenews.com.br\/?p=14275"},"wordCount":579,"commentCount":0,"publisher":{"@id":"https:\/\/inclusivenews.com.br\/#organization"},"image":{"@id":"https:\/\/inclusivenews.com.br\/?p=14275#primaryimage"},"thumbnailUrl":"http:\/\/inclusivenews.com.br\/wp-content\/uploads\/2009\/11\/corujinha2.jpg","articleSection":["Produ\u00e7\u00e3o acad\u00eamica"],"inLanguage":"pt-PT","potentialAction":[{"@type":"CommentAction","name":"Comment","target":["https:\/\/inclusivenews.com.br\/?p=14275#respond"]}]},{"@type":"WebPage","@id":"https:\/\/inclusivenews.com.br\/?p=14275","url":"https:\/\/inclusivenews.com.br\/?p=14275","name":"A inclus\u00e3o social como fator de efetiva\u00e7\u00e3o dos direitos fundamentais do trabalhador: uma vis\u00e3o constitucional sobre a defici\u00eancia -","isPartOf":{"@id":"https:\/\/inclusivenews.com.br\/#website"},"primaryImageOfPage":{"@id":"https:\/\/inclusivenews.com.br\/?p=14275#primaryimage"},"image":{"@id":"https:\/\/inclusivenews.com.br\/?p=14275#primaryimage"},"thumbnailUrl":"http:\/\/inclusivenews.com.br\/wp-content\/uploads\/2009\/11\/corujinha2.jpg","datePublished":"2010-03-09T08:59:02+00:00","breadcrumb":{"@id":"https:\/\/inclusivenews.com.br\/?p=14275#breadcrumb"},"inLanguage":"pt-PT","potentialAction":[{"@type":"ReadAction","target":["https:\/\/inclusivenews.com.br\/?p=14275"]}]},{"@type":"ImageObject","inLanguage":"pt-PT","@id":"https:\/\/inclusivenews.com.br\/?p=14275#primaryimage","url":"https:\/\/inclusivenews.com.br\/wp-content\/uploads\/2009\/11\/corujinha2.jpg","contentUrl":"https:\/\/inclusivenews.com.br\/wp-content\/uploads\/2009\/11\/corujinha2.jpg","width":150,"height":150},{"@type":"BreadcrumbList","@id":"https:\/\/inclusivenews.com.br\/?p=14275#breadcrumb","itemListElement":[{"@type":"ListItem","position":1,"name":"In\u00edcio","item":"https:\/\/inclusivenews.com.br\/"},{"@type":"ListItem","position":2,"name":"A inclus\u00e3o social como fator de efetiva\u00e7\u00e3o dos direitos fundamentais do trabalhador: uma vis\u00e3o constitucional sobre a defici\u00eancia"}]},{"@type":"WebSite","@id":"https:\/\/inclusivenews.com.br\/#website","url":"https:\/\/inclusivenews.com.br\/","name":"Inclusive News","description":"Inclusive News","publisher":{"@id":"https:\/\/inclusivenews.com.br\/#organization"},"potentialAction":[{"@type":"SearchAction","target":{"@type":"EntryPoint","urlTemplate":"https:\/\/inclusivenews.com.br\/?s={search_term_string}"},"query-input":{"@type":"PropertyValueSpecification","valueRequired":true,"valueName":"search_term_string"}}],"inLanguage":"pt-PT"},{"@type":"Organization","@id":"https:\/\/inclusivenews.com.br\/#organization","name":"Inclusive - inclus\u00e3o e cidadania","url":"https:\/\/inclusivenews.com.br\/","logo":{"@type":"ImageObject","inLanguage":"pt-PT","@id":"https:\/\/inclusivenews.com.br\/#\/schema\/logo\/image\/","url":"https:\/\/inclusivenews.com.br\/wp-content\/uploads\/2024\/03\/@grandesite.png","contentUrl":"https:\/\/inclusivenews.com.br\/wp-content\/uploads\/2024\/03\/@grandesite.png","width":1080,"height":1080,"caption":"Inclusive - inclus\u00e3o e cidadania"},"image":{"@id":"https:\/\/inclusivenews.com.br\/#\/schema\/logo\/image\/"},"sameAs":["https:\/\/www.facebook.com\/agenciainclusive\/","https:\/\/www.instagram.com\/newsinclusive\/"]},{"@type":"Person","@id":"https:\/\/inclusivenews.com.br\/#\/schema\/person\/ae4ec7087559b8692fb33b6fffd2273b","name":"inclusivenews2024","image":{"@type":"ImageObject","inLanguage":"pt-PT","@id":"https:\/\/secure.gravatar.com\/avatar\/c5a7ef84c66fa914f55bc4f7ce26cfa275a3b9a1c5568b907bd184fb4dde7b40?s=96&d=mm&r=g","url":"https:\/\/secure.gravatar.com\/avatar\/c5a7ef84c66fa914f55bc4f7ce26cfa275a3b9a1c5568b907bd184fb4dde7b40?s=96&d=mm&r=g","contentUrl":"https:\/\/secure.gravatar.com\/avatar\/c5a7ef84c66fa914f55bc4f7ce26cfa275a3b9a1c5568b907bd184fb4dde7b40?s=96&d=mm&r=g","caption":"inclusivenews2024"},"sameAs":["https:\/\/inclusivenews.com.br"],"url":"https:\/\/inclusivenews.com.br\/?author=1"}]}},"_links":{"self":[{"href":"https:\/\/inclusivenews.com.br\/index.php?rest_route=\/wp\/v2\/posts\/14275","targetHints":{"allow":["GET"]}}],"collection":[{"href":"https:\/\/inclusivenews.com.br\/index.php?rest_route=\/wp\/v2\/posts"}],"about":[{"href":"https:\/\/inclusivenews.com.br\/index.php?rest_route=\/wp\/v2\/types\/post"}],"author":[{"embeddable":true,"href":"https:\/\/inclusivenews.com.br\/index.php?rest_route=\/wp\/v2\/users\/1"}],"replies":[{"embeddable":true,"href":"https:\/\/inclusivenews.com.br\/index.php?rest_route=%2Fwp%2Fv2%2Fcomments&post=14275"}],"version-history":[{"count":0,"href":"https:\/\/inclusivenews.com.br\/index.php?rest_route=\/wp\/v2\/posts\/14275\/revisions"}],"wp:attachment":[{"href":"https:\/\/inclusivenews.com.br\/index.php?rest_route=%2Fwp%2Fv2%2Fmedia&parent=14275"}],"wp:term":[{"taxonomy":"category","embeddable":true,"href":"https:\/\/inclusivenews.com.br\/index.php?rest_route=%2Fwp%2Fv2%2Fcategories&post=14275"},{"taxonomy":"post_tag","embeddable":true,"href":"https:\/\/inclusivenews.com.br\/index.php?rest_route=%2Fwp%2Fv2%2Ftags&post=14275"}],"curies":[{"name":"wp","href":"https:\/\/api.w.org\/{rel}","templated":true}]}}