{"id":14321,"date":"2010-03-11T07:24:45","date_gmt":"2010-03-11T10:24:45","guid":{"rendered":"http:\/\/www.inclusive.org.br\/?p=14321"},"modified":"2010-03-11T07:24:45","modified_gmt":"2010-03-11T10:24:45","slug":"seminario-debate-direito-a-educacao-e-a-reforma-da-lei-de-direitos-autorais","status":"publish","type":"post","link":"https:\/\/inclusivenews.com.br\/?p=14321","title":{"rendered":"Semin\u00e1rio debate direito \u00e0 educa\u00e7\u00e3o e a reforma da Lei de Direitos Autorais"},"content":{"rendered":"<figure style=\"width: 144px\" class=\"wp-caption alignleft\"><img loading=\"lazy\" decoding=\"async\" title=\"S\u00edmbolo do Copyright.\" src=\"http:\/\/upload.wikimedia.org\/wikipedia\/commons\/thumb\/b\/b0\/Copyright.svg\/180px-Copyright.svg.png\" alt=\"\" width=\"144\" height=\"144\" \/><figcaption class=\"wp-caption-text\"> <\/figcaption><\/figure>\n<p>As tecnologias digitais ampliaram consideravelmente as possibilidades de acesso \u00e0 informa\u00e7\u00e3o e ao conhecimento e t\u00eam entusiasmado educadores, pesquisadores e estudantes no debate sobre a incorpora\u00e7\u00e3o desses recursos na escola para melhorar a qualidade da educa\u00e7\u00e3o. No entanto, a legisla\u00e7\u00e3o de direitos autorais em vigor apresenta restri\u00e7\u00f5es ao pleno desenvolvimento dos processos educativos. A lei 9.610, de 1998 \u2013 a chamada LDA \u2013 n\u00e3o permite que m\u00fasicas, filmes, fotos, c\u00f3pias de textos \u2013 mesmo aqueles que est\u00e3o fora de circula\u00e7\u00e3o comercial \u2013 sejam usados para fins did\u00e1ticos e educacionais. Escolas e universidades, assim como organiza\u00e7\u00f5es n\u00e3o-governamentais que trabalham com atividades de forma\u00e7\u00e3o, est\u00e3o sujeitas a esses limites.<\/p>\n<p>Depois de um processo de audi\u00eancias iniciado em 2007 com diversos setores da sociedade civil, o Minist\u00e9rio da Cultura elaborou um anteprojeto de lei para a reforma da LDA, que est\u00e1 prestes a ser aberto para consulta p\u00fablica, antes de ser encaminhado para vota\u00e7\u00e3o no Congresso. A previs\u00e3o \u00e9 que a consulta se inicie ainda em mar\u00e7o, de acordo com o MinC.<\/p>\n<p>Para debater os limites da atual LDA e os pontos necess\u00e1rios em uma reforma para que se equilibrem os direitos do autor e o direito \u00e0 educa\u00e7\u00e3o, organiza\u00e7\u00f5es envolvidas com o tema \u2013 A\u00e7\u00e3o Educativa, Casa da Cultura Digital, GPopai-USP, IDEC, Instituto Paulo Freire, Intervozes e M\u00fasica Para Baixar \u2013 realizam um debate no dia 13 de mar\u00e7o, das 10 \u00e0s 17 horas, no Instituto Paulo Freire em S\u00e3o Paulo. A participa\u00e7\u00e3o \u00e9 gratuita e n\u00e3o \u00e9 necess\u00e1ria inscri\u00e7\u00e3o.<\/p>\n<p>Veja a programa\u00e7\u00e3o abaixo:<\/p>\n<p>SEMIN\u00c1RIO \u2013 O DIREITO \u00c0 EDUCA\u00c7\u00c3O E A REFORMA DA LEI DE DIREITOS AUTORAIS<\/p>\n<p>10h \u2013 Abertura<\/p>\n<p>Autoridades convidadas, representantes do MEC e MinC<\/p>\n<p>Media\u00e7\u00e3o: Guilherme Varella (Instituto Brasileiro de Defesa do Consumidor &#8211;<br \/>\nIdec)<\/p>\n<p>11h \u00c0S 13h- O direito autoral e o direito \u00e0 educa\u00e7\u00e3o<br \/>\nO que s\u00e3o os direitos autorais? Como as obras s\u00e3o protegidas e como s\u00e3o remunerados os seus autores? Qual a rela\u00e7\u00e3o existente com o direito \u00e0 educa\u00e7\u00e3o? Por que \u00e9 importante pensar nos direitos autorais no dia-a-dia da sala de aula e da universidade?<br \/>\nT\u00falio Vianna (UFMG) \u2013 a confirmar<br \/>\nLuiz Moncau (Centro de Tecnologia e Sociedade, da FGV Direito Rio)<br \/>\nLilian Starobinas (professora de Hist\u00f3ria do Ensino M\u00e9dio e doutora em<br \/>\nEduca\u00e7\u00e3o)<br \/>\nMedia\u00e7\u00e3o: Moacir Gadotti (Instituto Paulo Freire)<\/p>\n<p>13h \u00e0s 15h \u2013 almo\u00e7o livre<\/p>\n<p>15h \u00e0s 17h \u2013 Reforma da LDA e impactos na educa\u00e7\u00e3o<br \/>\nO que pode avan\u00e7ar com a reforma da LDA? Quais s\u00e3o os pontos cr\u00edticos para a educa\u00e7\u00e3o? As limita\u00e7\u00f5es para a educa\u00e7\u00e3o (c\u00f3pias na universidade, acesso aos livros). Como equilibrar a prote\u00e7\u00e3o ao autor com o acesso ao conhecimento?<br \/>\nRafael Pereira Oliveira (Coordenador-Geral de Difus\u00e3o de Direitos Autorais e<br \/>\nAcesso \u00e0 Cultura do Minist\u00e9rio da Cultura)<br \/>\nPablo Ortellado (professor, EACH-USP\/ Gpopai)<br \/>\nSergio Amadeu (professor, UFABC\/ Casa da Cultura Digital)<br \/>\nGuilherme Carboni (advogado especialista em direitos autorais)<br \/>\nMedia\u00e7\u00e3o: Vera Mazag\u00e3o (A\u00e7\u00e3o Educativa)<\/p>\n<p>Data: 13 de mar\u00e7o de 2010<br \/>\nLocal: Instituto Paulo Freire \u2013 Casa da Cidadania Planet\u00e1ria<br \/>\nRua Pedro de Souza Campos Filho, 289<br \/>\nAlto da Lapa l S\u00e3o Paulo l SP<br \/>\nHor\u00e1rio: das 10h \u00e0s 17h<br \/>\nInscri\u00e7\u00f5es: gratuitas<\/p>\n<p>Mais informa\u00e7\u00f5es: (11) 3151-2333 ramal 103 ou 170, com Fernanda ou Geusilene<br \/>\nImprensa: credenciamento e informa\u00e7\u00f5es pelo email<br \/>\nfernanda.campagnucci@acaoeducativa.org \/ ou telefone (11) 3151-2333 \u2013 ramal 170<\/p>\n<p>____________<\/p>\n<p><strong>Fonte:<\/strong> <a href=\"http:\/\/www2.abong.org.br\/final\/noticia.php?faq=20792\">ABONG<\/a><\/p>\n","protected":false},"excerpt":{"rendered":"<p>Evento acontece no dia 13 de mar\u00e7o, em S\u00e3o Paulo, e re\u00fane gestores, organiza\u00e7\u00f5es da sociedade civil, pesquisadores e educadores para debater a reforma da lei de direitos autorais; consulta p\u00fablica deve ser lan\u00e7ada ainda este m\u00eas. Do informativo ABONG.<\/p>\n","protected":false},"author":1,"featured_media":0,"comment_status":"open","ping_status":"open","sticky":false,"template":"","format":"standard","meta":{"site-container-style":"default","site-container-layout":"default","site-sidebar-layout":"default","disable-article-header":"default","disable-site-header":"default","disable-site-footer":"default","disable-content-area-spacing":"default","footnotes":""},"categories":[12,6,4],"tags":[],"class_list":["post-14321","post","type-post","status-publish","format-standard","hentry","category-cursos-e-eventos","category-educacao","category-noticias"],"yoast_head":"<!-- This site is optimized with the Yoast SEO plugin v27.4 - https:\/\/yoast.com\/product\/yoast-seo-wordpress\/ -->\n<title>Semin\u00e1rio debate direito \u00e0 educa\u00e7\u00e3o e a reforma da Lei de Direitos Autorais -<\/title>\n<meta name=\"robots\" content=\"index, follow, max-snippet:-1, max-image-preview:large, max-video-preview:-1\" \/>\n<link rel=\"canonical\" href=\"https:\/\/inclusivenews.com.br\/?p=14321\" \/>\n<meta property=\"og:locale\" content=\"pt_PT\" \/>\n<meta property=\"og:type\" content=\"article\" \/>\n<meta property=\"og:title\" content=\"Semin\u00e1rio debate direito \u00e0 educa\u00e7\u00e3o e a reforma da Lei de Direitos Autorais -\" \/>\n<meta property=\"og:description\" content=\"Evento acontece no dia 13 de mar\u00e7o, em S\u00e3o Paulo, e re\u00fane gestores, organiza\u00e7\u00f5es da sociedade civil, pesquisadores e educadores para debater a reforma da lei de direitos autorais; consulta p\u00fablica deve ser lan\u00e7ada ainda este m\u00eas. Do informativo ABONG.\" \/>\n<meta property=\"og:url\" content=\"https:\/\/inclusivenews.com.br\/?p=14321\" \/>\n<meta property=\"article:publisher\" content=\"https:\/\/www.facebook.com\/agenciainclusive\/\" \/>\n<meta property=\"article:published_time\" content=\"2010-03-11T10:24:45+00:00\" \/>\n<meta property=\"og:image\" content=\"http:\/\/upload.wikimedia.org\/wikipedia\/commons\/thumb\/b\/b0\/Copyright.svg\/180px-Copyright.svg.png\" \/>\n<meta name=\"author\" content=\"inclusivenews2024\" \/>\n<meta name=\"twitter:card\" content=\"summary_large_image\" \/>\n<meta name=\"twitter:label1\" content=\"Escrito por\" \/>\n\t<meta name=\"twitter:data1\" content=\"inclusivenews2024\" \/>\n\t<meta name=\"twitter:label2\" content=\"Tempo estimado de leitura\" \/>\n\t<meta name=\"twitter:data2\" content=\"3 minutos\" \/>\n<script type=\"application\/ld+json\" class=\"yoast-schema-graph\">{\"@context\":\"https:\\\/\\\/schema.org\",\"@graph\":[{\"@type\":\"Article\",\"@id\":\"https:\\\/\\\/inclusivenews.com.br\\\/?p=14321#article\",\"isPartOf\":{\"@id\":\"https:\\\/\\\/inclusivenews.com.br\\\/?p=14321\"},\"author\":{\"name\":\"inclusivenews2024\",\"@id\":\"https:\\\/\\\/inclusivenews.com.br\\\/#\\\/schema\\\/person\\\/ae4ec7087559b8692fb33b6fffd2273b\"},\"headline\":\"Semin\u00e1rio debate direito \u00e0 educa\u00e7\u00e3o e a reforma da Lei de Direitos Autorais\",\"datePublished\":\"2010-03-11T10:24:45+00:00\",\"mainEntityOfPage\":{\"@id\":\"https:\\\/\\\/inclusivenews.com.br\\\/?p=14321\"},\"wordCount\":597,\"commentCount\":0,\"publisher\":{\"@id\":\"https:\\\/\\\/inclusivenews.com.br\\\/#organization\"},\"image\":{\"@id\":\"https:\\\/\\\/inclusivenews.com.br\\\/?p=14321#primaryimage\"},\"thumbnailUrl\":\"http:\\\/\\\/upload.wikimedia.org\\\/wikipedia\\\/commons\\\/thumb\\\/b\\\/b0\\\/Copyright.svg\\\/180px-Copyright.svg.png\",\"articleSection\":[\"Cursos e eventos\",\"EDUCA\u00c7\u00c3O\",\"NOT\u00cdCIAS\"],\"inLanguage\":\"pt-PT\",\"potentialAction\":[{\"@type\":\"CommentAction\",\"name\":\"Comment\",\"target\":[\"https:\\\/\\\/inclusivenews.com.br\\\/?p=14321#respond\"]}]},{\"@type\":\"WebPage\",\"@id\":\"https:\\\/\\\/inclusivenews.com.br\\\/?p=14321\",\"url\":\"https:\\\/\\\/inclusivenews.com.br\\\/?p=14321\",\"name\":\"Semin\u00e1rio debate direito \u00e0 educa\u00e7\u00e3o e a reforma da Lei de Direitos Autorais -\",\"isPartOf\":{\"@id\":\"https:\\\/\\\/inclusivenews.com.br\\\/#website\"},\"primaryImageOfPage\":{\"@id\":\"https:\\\/\\\/inclusivenews.com.br\\\/?p=14321#primaryimage\"},\"image\":{\"@id\":\"https:\\\/\\\/inclusivenews.com.br\\\/?p=14321#primaryimage\"},\"thumbnailUrl\":\"http:\\\/\\\/upload.wikimedia.org\\\/wikipedia\\\/commons\\\/thumb\\\/b\\\/b0\\\/Copyright.svg\\\/180px-Copyright.svg.png\",\"datePublished\":\"2010-03-11T10:24:45+00:00\",\"breadcrumb\":{\"@id\":\"https:\\\/\\\/inclusivenews.com.br\\\/?p=14321#breadcrumb\"},\"inLanguage\":\"pt-PT\",\"potentialAction\":[{\"@type\":\"ReadAction\",\"target\":[\"https:\\\/\\\/inclusivenews.com.br\\\/?p=14321\"]}]},{\"@type\":\"ImageObject\",\"inLanguage\":\"pt-PT\",\"@id\":\"https:\\\/\\\/inclusivenews.com.br\\\/?p=14321#primaryimage\",\"url\":\"http:\\\/\\\/upload.wikimedia.org\\\/wikipedia\\\/commons\\\/thumb\\\/b\\\/b0\\\/Copyright.svg\\\/180px-Copyright.svg.png\",\"contentUrl\":\"http:\\\/\\\/upload.wikimedia.org\\\/wikipedia\\\/commons\\\/thumb\\\/b\\\/b0\\\/Copyright.svg\\\/180px-Copyright.svg.png\"},{\"@type\":\"BreadcrumbList\",\"@id\":\"https:\\\/\\\/inclusivenews.com.br\\\/?p=14321#breadcrumb\",\"itemListElement\":[{\"@type\":\"ListItem\",\"position\":1,\"name\":\"In\u00edcio\",\"item\":\"https:\\\/\\\/inclusivenews.com.br\\\/\"},{\"@type\":\"ListItem\",\"position\":2,\"name\":\"Semin\u00e1rio debate direito \u00e0 educa\u00e7\u00e3o e a reforma da Lei de Direitos Autorais\"}]},{\"@type\":\"WebSite\",\"@id\":\"https:\\\/\\\/inclusivenews.com.br\\\/#website\",\"url\":\"https:\\\/\\\/inclusivenews.com.br\\\/\",\"name\":\"Inclusive News\",\"description\":\"Inclusive News\",\"publisher\":{\"@id\":\"https:\\\/\\\/inclusivenews.com.br\\\/#organization\"},\"potentialAction\":[{\"@type\":\"SearchAction\",\"target\":{\"@type\":\"EntryPoint\",\"urlTemplate\":\"https:\\\/\\\/inclusivenews.com.br\\\/?s={search_term_string}\"},\"query-input\":{\"@type\":\"PropertyValueSpecification\",\"valueRequired\":true,\"valueName\":\"search_term_string\"}}],\"inLanguage\":\"pt-PT\"},{\"@type\":\"Organization\",\"@id\":\"https:\\\/\\\/inclusivenews.com.br\\\/#organization\",\"name\":\"Inclusive - inclus\u00e3o e cidadania\",\"url\":\"https:\\\/\\\/inclusivenews.com.br\\\/\",\"logo\":{\"@type\":\"ImageObject\",\"inLanguage\":\"pt-PT\",\"@id\":\"https:\\\/\\\/inclusivenews.com.br\\\/#\\\/schema\\\/logo\\\/image\\\/\",\"url\":\"https:\\\/\\\/inclusivenews.com.br\\\/wp-content\\\/uploads\\\/2024\\\/03\\\/@grandesite.png\",\"contentUrl\":\"https:\\\/\\\/inclusivenews.com.br\\\/wp-content\\\/uploads\\\/2024\\\/03\\\/@grandesite.png\",\"width\":1080,\"height\":1080,\"caption\":\"Inclusive - inclus\u00e3o e cidadania\"},\"image\":{\"@id\":\"https:\\\/\\\/inclusivenews.com.br\\\/#\\\/schema\\\/logo\\\/image\\\/\"},\"sameAs\":[\"https:\\\/\\\/www.facebook.com\\\/agenciainclusive\\\/\",\"https:\\\/\\\/www.instagram.com\\\/newsinclusive\\\/\"]},{\"@type\":\"Person\",\"@id\":\"https:\\\/\\\/inclusivenews.com.br\\\/#\\\/schema\\\/person\\\/ae4ec7087559b8692fb33b6fffd2273b\",\"name\":\"inclusivenews2024\",\"image\":{\"@type\":\"ImageObject\",\"inLanguage\":\"pt-PT\",\"@id\":\"https:\\\/\\\/secure.gravatar.com\\\/avatar\\\/c5a7ef84c66fa914f55bc4f7ce26cfa275a3b9a1c5568b907bd184fb4dde7b40?s=96&d=mm&r=g\",\"url\":\"https:\\\/\\\/secure.gravatar.com\\\/avatar\\\/c5a7ef84c66fa914f55bc4f7ce26cfa275a3b9a1c5568b907bd184fb4dde7b40?s=96&d=mm&r=g\",\"contentUrl\":\"https:\\\/\\\/secure.gravatar.com\\\/avatar\\\/c5a7ef84c66fa914f55bc4f7ce26cfa275a3b9a1c5568b907bd184fb4dde7b40?s=96&d=mm&r=g\",\"caption\":\"inclusivenews2024\"},\"sameAs\":[\"https:\\\/\\\/inclusivenews.com.br\"],\"url\":\"https:\\\/\\\/inclusivenews.com.br\\\/?author=1\"}]}<\/script>\n<!-- \/ Yoast SEO plugin. -->","yoast_head_json":{"title":"Semin\u00e1rio debate direito \u00e0 educa\u00e7\u00e3o e a reforma da Lei de Direitos Autorais -","robots":{"index":"index","follow":"follow","max-snippet":"max-snippet:-1","max-image-preview":"max-image-preview:large","max-video-preview":"max-video-preview:-1"},"canonical":"https:\/\/inclusivenews.com.br\/?p=14321","og_locale":"pt_PT","og_type":"article","og_title":"Semin\u00e1rio debate direito \u00e0 educa\u00e7\u00e3o e a reforma da Lei de Direitos Autorais -","og_description":"Evento acontece no dia 13 de mar\u00e7o, em S\u00e3o Paulo, e re\u00fane gestores, organiza\u00e7\u00f5es da sociedade civil, pesquisadores e educadores para debater a reforma da lei de direitos autorais; consulta p\u00fablica deve ser lan\u00e7ada ainda este m\u00eas. Do informativo ABONG.","og_url":"https:\/\/inclusivenews.com.br\/?p=14321","article_publisher":"https:\/\/www.facebook.com\/agenciainclusive\/","article_published_time":"2010-03-11T10:24:45+00:00","og_image":[{"url":"http:\/\/upload.wikimedia.org\/wikipedia\/commons\/thumb\/b\/b0\/Copyright.svg\/180px-Copyright.svg.png","type":"","width":"","height":""}],"author":"inclusivenews2024","twitter_card":"summary_large_image","twitter_misc":{"Escrito por":"inclusivenews2024","Tempo estimado de leitura":"3 minutos"},"schema":{"@context":"https:\/\/schema.org","@graph":[{"@type":"Article","@id":"https:\/\/inclusivenews.com.br\/?p=14321#article","isPartOf":{"@id":"https:\/\/inclusivenews.com.br\/?p=14321"},"author":{"name":"inclusivenews2024","@id":"https:\/\/inclusivenews.com.br\/#\/schema\/person\/ae4ec7087559b8692fb33b6fffd2273b"},"headline":"Semin\u00e1rio debate direito \u00e0 educa\u00e7\u00e3o e a reforma da Lei de Direitos Autorais","datePublished":"2010-03-11T10:24:45+00:00","mainEntityOfPage":{"@id":"https:\/\/inclusivenews.com.br\/?p=14321"},"wordCount":597,"commentCount":0,"publisher":{"@id":"https:\/\/inclusivenews.com.br\/#organization"},"image":{"@id":"https:\/\/inclusivenews.com.br\/?p=14321#primaryimage"},"thumbnailUrl":"http:\/\/upload.wikimedia.org\/wikipedia\/commons\/thumb\/b\/b0\/Copyright.svg\/180px-Copyright.svg.png","articleSection":["Cursos e eventos","EDUCA\u00c7\u00c3O","NOT\u00cdCIAS"],"inLanguage":"pt-PT","potentialAction":[{"@type":"CommentAction","name":"Comment","target":["https:\/\/inclusivenews.com.br\/?p=14321#respond"]}]},{"@type":"WebPage","@id":"https:\/\/inclusivenews.com.br\/?p=14321","url":"https:\/\/inclusivenews.com.br\/?p=14321","name":"Semin\u00e1rio debate direito \u00e0 educa\u00e7\u00e3o e a reforma da Lei de Direitos Autorais -","isPartOf":{"@id":"https:\/\/inclusivenews.com.br\/#website"},"primaryImageOfPage":{"@id":"https:\/\/inclusivenews.com.br\/?p=14321#primaryimage"},"image":{"@id":"https:\/\/inclusivenews.com.br\/?p=14321#primaryimage"},"thumbnailUrl":"http:\/\/upload.wikimedia.org\/wikipedia\/commons\/thumb\/b\/b0\/Copyright.svg\/180px-Copyright.svg.png","datePublished":"2010-03-11T10:24:45+00:00","breadcrumb":{"@id":"https:\/\/inclusivenews.com.br\/?p=14321#breadcrumb"},"inLanguage":"pt-PT","potentialAction":[{"@type":"ReadAction","target":["https:\/\/inclusivenews.com.br\/?p=14321"]}]},{"@type":"ImageObject","inLanguage":"pt-PT","@id":"https:\/\/inclusivenews.com.br\/?p=14321#primaryimage","url":"http:\/\/upload.wikimedia.org\/wikipedia\/commons\/thumb\/b\/b0\/Copyright.svg\/180px-Copyright.svg.png","contentUrl":"http:\/\/upload.wikimedia.org\/wikipedia\/commons\/thumb\/b\/b0\/Copyright.svg\/180px-Copyright.svg.png"},{"@type":"BreadcrumbList","@id":"https:\/\/inclusivenews.com.br\/?p=14321#breadcrumb","itemListElement":[{"@type":"ListItem","position":1,"name":"In\u00edcio","item":"https:\/\/inclusivenews.com.br\/"},{"@type":"ListItem","position":2,"name":"Semin\u00e1rio debate direito \u00e0 educa\u00e7\u00e3o e a reforma da Lei de Direitos Autorais"}]},{"@type":"WebSite","@id":"https:\/\/inclusivenews.com.br\/#website","url":"https:\/\/inclusivenews.com.br\/","name":"Inclusive News","description":"Inclusive News","publisher":{"@id":"https:\/\/inclusivenews.com.br\/#organization"},"potentialAction":[{"@type":"SearchAction","target":{"@type":"EntryPoint","urlTemplate":"https:\/\/inclusivenews.com.br\/?s={search_term_string}"},"query-input":{"@type":"PropertyValueSpecification","valueRequired":true,"valueName":"search_term_string"}}],"inLanguage":"pt-PT"},{"@type":"Organization","@id":"https:\/\/inclusivenews.com.br\/#organization","name":"Inclusive - inclus\u00e3o e cidadania","url":"https:\/\/inclusivenews.com.br\/","logo":{"@type":"ImageObject","inLanguage":"pt-PT","@id":"https:\/\/inclusivenews.com.br\/#\/schema\/logo\/image\/","url":"https:\/\/inclusivenews.com.br\/wp-content\/uploads\/2024\/03\/@grandesite.png","contentUrl":"https:\/\/inclusivenews.com.br\/wp-content\/uploads\/2024\/03\/@grandesite.png","width":1080,"height":1080,"caption":"Inclusive - inclus\u00e3o e cidadania"},"image":{"@id":"https:\/\/inclusivenews.com.br\/#\/schema\/logo\/image\/"},"sameAs":["https:\/\/www.facebook.com\/agenciainclusive\/","https:\/\/www.instagram.com\/newsinclusive\/"]},{"@type":"Person","@id":"https:\/\/inclusivenews.com.br\/#\/schema\/person\/ae4ec7087559b8692fb33b6fffd2273b","name":"inclusivenews2024","image":{"@type":"ImageObject","inLanguage":"pt-PT","@id":"https:\/\/secure.gravatar.com\/avatar\/c5a7ef84c66fa914f55bc4f7ce26cfa275a3b9a1c5568b907bd184fb4dde7b40?s=96&d=mm&r=g","url":"https:\/\/secure.gravatar.com\/avatar\/c5a7ef84c66fa914f55bc4f7ce26cfa275a3b9a1c5568b907bd184fb4dde7b40?s=96&d=mm&r=g","contentUrl":"https:\/\/secure.gravatar.com\/avatar\/c5a7ef84c66fa914f55bc4f7ce26cfa275a3b9a1c5568b907bd184fb4dde7b40?s=96&d=mm&r=g","caption":"inclusivenews2024"},"sameAs":["https:\/\/inclusivenews.com.br"],"url":"https:\/\/inclusivenews.com.br\/?author=1"}]}},"_links":{"self":[{"href":"https:\/\/inclusivenews.com.br\/index.php?rest_route=\/wp\/v2\/posts\/14321","targetHints":{"allow":["GET"]}}],"collection":[{"href":"https:\/\/inclusivenews.com.br\/index.php?rest_route=\/wp\/v2\/posts"}],"about":[{"href":"https:\/\/inclusivenews.com.br\/index.php?rest_route=\/wp\/v2\/types\/post"}],"author":[{"embeddable":true,"href":"https:\/\/inclusivenews.com.br\/index.php?rest_route=\/wp\/v2\/users\/1"}],"replies":[{"embeddable":true,"href":"https:\/\/inclusivenews.com.br\/index.php?rest_route=%2Fwp%2Fv2%2Fcomments&post=14321"}],"version-history":[{"count":0,"href":"https:\/\/inclusivenews.com.br\/index.php?rest_route=\/wp\/v2\/posts\/14321\/revisions"}],"wp:attachment":[{"href":"https:\/\/inclusivenews.com.br\/index.php?rest_route=%2Fwp%2Fv2%2Fmedia&parent=14321"}],"wp:term":[{"taxonomy":"category","embeddable":true,"href":"https:\/\/inclusivenews.com.br\/index.php?rest_route=%2Fwp%2Fv2%2Fcategories&post=14321"},{"taxonomy":"post_tag","embeddable":true,"href":"https:\/\/inclusivenews.com.br\/index.php?rest_route=%2Fwp%2Fv2%2Ftags&post=14321"}],"curies":[{"name":"wp","href":"https:\/\/api.w.org\/{rel}","templated":true}]}}