{"id":14323,"date":"2010-03-11T07:30:50","date_gmt":"2010-03-11T10:30:50","guid":{"rendered":"http:\/\/www.inclusive.org.br\/?p=14323"},"modified":"2010-03-11T07:30:50","modified_gmt":"2010-03-11T10:30:50","slug":"concurso-aprender-e-ensinar-tecnologias-sociais-discute-tecnologias-sociais-nas-salas-de-aula","status":"publish","type":"post","link":"https:\/\/inclusivenews.com.br\/?p=14323","title":{"rendered":"Concurso Aprender e Ensinar Tecnologias Sociais discute tecnologias sociais nas salas de aula"},"content":{"rendered":"<figure style=\"width: 234px\" class=\"wp-caption alignleft\"><img loading=\"lazy\" decoding=\"async\" title=\"Logotipo da revista F\u00f3rum - outro mundo em debate.\" src=\"http:\/\/www.revistaforum.com.br\/sitefinal\/imagem\/logoforum.jpg\" alt=\"\" width=\"234\" height=\"79\" \/><figcaption class=\"wp-caption-text\"> <\/figcaption><\/figure>\n<p>As experi\u00eancias bem sucedidas com tecnologias sociais reaplic\u00e1veis e de baixo custo foram tema de milhares de propostas educativas de professores de todas as regi\u00f5es do Brasil. A partir da investiga\u00e7\u00e3o da sua realidade local, os mais de 3 mil professores e educadores inscritos na primeira edi\u00e7\u00e3o do concurso Aprender e Ensinar Tecnologias Sociais, puderam demonstrar o quanto a pr\u00e1tica social pode ser tamb\u00e9m uma rica experi\u00eancia de aprendizagem.<\/p>\n<p>As 5 experi\u00eancias vencedoras o ano passado revelaram uma diversidade de temas e aplica\u00e7\u00f5es \u2013 os exemplos passam pela cria\u00e7\u00e3o de um forno solar por alunos, at\u00e9 a cria\u00e7\u00e3o de uma farm\u00e1cia viva na escola, passando por formas de motivar alunos surdos atrav\u00e9s da arte.<\/p>\n<p>Para continuar dando visibilidade e est\u00edmulo \u00e0 essas iniciativas \u00e9 que a Revista F\u00f3rum e a Funda\u00e7\u00e3o Banco do Brasil lan\u00e7am a segunda edi\u00e7\u00e3o do concurso. O objetivo do concurso em 2010 \u00e9 mais uma vez difundir o conceito e as pr\u00e1ticas de tecnologia social dentro das escolas e espa\u00e7os de ensino n\u00e3o-formal.<\/p>\n<p>Ao final da iniciativa, cinco (5) professores, um de cada regi\u00e3o do pa\u00eds, ser\u00e3o premiados com uma viagem para o F\u00f3rum Social Mundial 2011, em Dacar (Senegal), com passagem e hospedagem inclu\u00eddos.<\/p>\n<p>Inscri\u00e7\u00f5es<\/p>\n<p>Professores da rede p\u00fablica de ensino fundamental e de espa\u00e7os n\u00e3o-formais de educa\u00e7\u00e3o podem participar. As inscri\u00e7\u00f5es s\u00e3o feitas pela internet at\u00e9 o dia 24 de Maio, no site <a href=\"http:\/\/www.revistaforum.com.br\/ts\">www.revistaforum.com.br\/ts<\/a><\/p>\n<p>No ato da inscri\u00e7\u00e3o, o educador ganha uma assinatura da F\u00f3rum at\u00e9 outubro de 2010 e um exemplar do livro Gera\u00e7\u00e3o de Trabalho e Renda.<\/p>\n<p>Mais informa\u00e7\u00f5es com:<br \/>\nVanessa Nicolav<br \/>\nvanessa@revistaforum.com.br<\/p>\n","protected":false},"excerpt":{"rendered":"<p>O objetivo do concurso em 2010 \u00e9 mais uma vez difundir o conceito e as pr\u00e1ticas de tecnologia social dentro das escolas e espa\u00e7os de ensino n\u00e3o-formal. Da revista F\u00f3rum.<\/p>\n","protected":false},"author":1,"featured_media":0,"comment_status":"open","ping_status":"open","sticky":false,"template":"","format":"standard","meta":{"site-container-style":"default","site-container-layout":"default","site-sidebar-layout":"default","disable-article-header":"default","disable-site-header":"default","disable-site-footer":"default","disable-content-area-spacing":"default","footnotes":""},"categories":[6,4],"tags":[],"class_list":["post-14323","post","type-post","status-publish","format-standard","hentry","category-educacao","category-noticias"],"yoast_head":"<!-- This site is optimized with the Yoast SEO plugin v27.4 - https:\/\/yoast.com\/product\/yoast-seo-wordpress\/ -->\n<title>Concurso Aprender e Ensinar Tecnologias Sociais discute tecnologias sociais nas salas de aula -<\/title>\n<meta name=\"robots\" content=\"index, follow, max-snippet:-1, max-image-preview:large, max-video-preview:-1\" \/>\n<link rel=\"canonical\" href=\"https:\/\/inclusivenews.com.br\/?p=14323\" \/>\n<meta property=\"og:locale\" content=\"pt_PT\" \/>\n<meta property=\"og:type\" content=\"article\" \/>\n<meta property=\"og:title\" content=\"Concurso Aprender e Ensinar Tecnologias Sociais discute tecnologias sociais nas salas de aula -\" \/>\n<meta property=\"og:description\" content=\"O objetivo do concurso em 2010 \u00e9 mais uma vez difundir o conceito e as pr\u00e1ticas de tecnologia social dentro das escolas e espa\u00e7os de ensino n\u00e3o-formal. Da revista F\u00f3rum.\" \/>\n<meta property=\"og:url\" content=\"https:\/\/inclusivenews.com.br\/?p=14323\" \/>\n<meta property=\"article:publisher\" content=\"https:\/\/www.facebook.com\/agenciainclusive\/\" \/>\n<meta property=\"article:published_time\" content=\"2010-03-11T10:30:50+00:00\" \/>\n<meta property=\"og:image\" content=\"http:\/\/www.revistaforum.com.br\/sitefinal\/imagem\/logoforum.jpg\" \/>\n<meta name=\"author\" content=\"inclusivenews2024\" \/>\n<meta name=\"twitter:card\" content=\"summary_large_image\" \/>\n<meta name=\"twitter:label1\" content=\"Escrito por\" \/>\n\t<meta name=\"twitter:data1\" content=\"inclusivenews2024\" \/>\n\t<meta name=\"twitter:label2\" content=\"Tempo estimado de leitura\" \/>\n\t<meta name=\"twitter:data2\" content=\"2 minutos\" \/>\n<script type=\"application\/ld+json\" class=\"yoast-schema-graph\">{\"@context\":\"https:\\\/\\\/schema.org\",\"@graph\":[{\"@type\":\"Article\",\"@id\":\"https:\\\/\\\/inclusivenews.com.br\\\/?p=14323#article\",\"isPartOf\":{\"@id\":\"https:\\\/\\\/inclusivenews.com.br\\\/?p=14323\"},\"author\":{\"name\":\"inclusivenews2024\",\"@id\":\"https:\\\/\\\/inclusivenews.com.br\\\/#\\\/schema\\\/person\\\/ae4ec7087559b8692fb33b6fffd2273b\"},\"headline\":\"Concurso Aprender e Ensinar Tecnologias Sociais discute tecnologias sociais nas salas de aula\",\"datePublished\":\"2010-03-11T10:30:50+00:00\",\"mainEntityOfPage\":{\"@id\":\"https:\\\/\\\/inclusivenews.com.br\\\/?p=14323\"},\"wordCount\":315,\"commentCount\":0,\"publisher\":{\"@id\":\"https:\\\/\\\/inclusivenews.com.br\\\/#organization\"},\"image\":{\"@id\":\"https:\\\/\\\/inclusivenews.com.br\\\/?p=14323#primaryimage\"},\"thumbnailUrl\":\"http:\\\/\\\/www.revistaforum.com.br\\\/sitefinal\\\/imagem\\\/logoforum.jpg\",\"articleSection\":[\"EDUCA\u00c7\u00c3O\",\"NOT\u00cdCIAS\"],\"inLanguage\":\"pt-PT\",\"potentialAction\":[{\"@type\":\"CommentAction\",\"name\":\"Comment\",\"target\":[\"https:\\\/\\\/inclusivenews.com.br\\\/?p=14323#respond\"]}]},{\"@type\":\"WebPage\",\"@id\":\"https:\\\/\\\/inclusivenews.com.br\\\/?p=14323\",\"url\":\"https:\\\/\\\/inclusivenews.com.br\\\/?p=14323\",\"name\":\"Concurso Aprender e Ensinar Tecnologias Sociais discute tecnologias sociais nas salas de aula -\",\"isPartOf\":{\"@id\":\"https:\\\/\\\/inclusivenews.com.br\\\/#website\"},\"primaryImageOfPage\":{\"@id\":\"https:\\\/\\\/inclusivenews.com.br\\\/?p=14323#primaryimage\"},\"image\":{\"@id\":\"https:\\\/\\\/inclusivenews.com.br\\\/?p=14323#primaryimage\"},\"thumbnailUrl\":\"http:\\\/\\\/www.revistaforum.com.br\\\/sitefinal\\\/imagem\\\/logoforum.jpg\",\"datePublished\":\"2010-03-11T10:30:50+00:00\",\"breadcrumb\":{\"@id\":\"https:\\\/\\\/inclusivenews.com.br\\\/?p=14323#breadcrumb\"},\"inLanguage\":\"pt-PT\",\"potentialAction\":[{\"@type\":\"ReadAction\",\"target\":[\"https:\\\/\\\/inclusivenews.com.br\\\/?p=14323\"]}]},{\"@type\":\"ImageObject\",\"inLanguage\":\"pt-PT\",\"@id\":\"https:\\\/\\\/inclusivenews.com.br\\\/?p=14323#primaryimage\",\"url\":\"http:\\\/\\\/www.revistaforum.com.br\\\/sitefinal\\\/imagem\\\/logoforum.jpg\",\"contentUrl\":\"http:\\\/\\\/www.revistaforum.com.br\\\/sitefinal\\\/imagem\\\/logoforum.jpg\"},{\"@type\":\"BreadcrumbList\",\"@id\":\"https:\\\/\\\/inclusivenews.com.br\\\/?p=14323#breadcrumb\",\"itemListElement\":[{\"@type\":\"ListItem\",\"position\":1,\"name\":\"In\u00edcio\",\"item\":\"https:\\\/\\\/inclusivenews.com.br\\\/\"},{\"@type\":\"ListItem\",\"position\":2,\"name\":\"Concurso Aprender e Ensinar Tecnologias Sociais discute tecnologias sociais nas salas de aula\"}]},{\"@type\":\"WebSite\",\"@id\":\"https:\\\/\\\/inclusivenews.com.br\\\/#website\",\"url\":\"https:\\\/\\\/inclusivenews.com.br\\\/\",\"name\":\"Inclusive News\",\"description\":\"Inclusive News\",\"publisher\":{\"@id\":\"https:\\\/\\\/inclusivenews.com.br\\\/#organization\"},\"potentialAction\":[{\"@type\":\"SearchAction\",\"target\":{\"@type\":\"EntryPoint\",\"urlTemplate\":\"https:\\\/\\\/inclusivenews.com.br\\\/?s={search_term_string}\"},\"query-input\":{\"@type\":\"PropertyValueSpecification\",\"valueRequired\":true,\"valueName\":\"search_term_string\"}}],\"inLanguage\":\"pt-PT\"},{\"@type\":\"Organization\",\"@id\":\"https:\\\/\\\/inclusivenews.com.br\\\/#organization\",\"name\":\"Inclusive - inclus\u00e3o e cidadania\",\"url\":\"https:\\\/\\\/inclusivenews.com.br\\\/\",\"logo\":{\"@type\":\"ImageObject\",\"inLanguage\":\"pt-PT\",\"@id\":\"https:\\\/\\\/inclusivenews.com.br\\\/#\\\/schema\\\/logo\\\/image\\\/\",\"url\":\"https:\\\/\\\/inclusivenews.com.br\\\/wp-content\\\/uploads\\\/2024\\\/03\\\/@grandesite.png\",\"contentUrl\":\"https:\\\/\\\/inclusivenews.com.br\\\/wp-content\\\/uploads\\\/2024\\\/03\\\/@grandesite.png\",\"width\":1080,\"height\":1080,\"caption\":\"Inclusive - inclus\u00e3o e cidadania\"},\"image\":{\"@id\":\"https:\\\/\\\/inclusivenews.com.br\\\/#\\\/schema\\\/logo\\\/image\\\/\"},\"sameAs\":[\"https:\\\/\\\/www.facebook.com\\\/agenciainclusive\\\/\",\"https:\\\/\\\/www.instagram.com\\\/newsinclusive\\\/\"]},{\"@type\":\"Person\",\"@id\":\"https:\\\/\\\/inclusivenews.com.br\\\/#\\\/schema\\\/person\\\/ae4ec7087559b8692fb33b6fffd2273b\",\"name\":\"inclusivenews2024\",\"image\":{\"@type\":\"ImageObject\",\"inLanguage\":\"pt-PT\",\"@id\":\"https:\\\/\\\/secure.gravatar.com\\\/avatar\\\/c5a7ef84c66fa914f55bc4f7ce26cfa275a3b9a1c5568b907bd184fb4dde7b40?s=96&d=mm&r=g\",\"url\":\"https:\\\/\\\/secure.gravatar.com\\\/avatar\\\/c5a7ef84c66fa914f55bc4f7ce26cfa275a3b9a1c5568b907bd184fb4dde7b40?s=96&d=mm&r=g\",\"contentUrl\":\"https:\\\/\\\/secure.gravatar.com\\\/avatar\\\/c5a7ef84c66fa914f55bc4f7ce26cfa275a3b9a1c5568b907bd184fb4dde7b40?s=96&d=mm&r=g\",\"caption\":\"inclusivenews2024\"},\"sameAs\":[\"https:\\\/\\\/inclusivenews.com.br\"],\"url\":\"https:\\\/\\\/inclusivenews.com.br\\\/?author=1\"}]}<\/script>\n<!-- \/ Yoast SEO plugin. -->","yoast_head_json":{"title":"Concurso Aprender e Ensinar Tecnologias Sociais discute tecnologias sociais nas salas de aula -","robots":{"index":"index","follow":"follow","max-snippet":"max-snippet:-1","max-image-preview":"max-image-preview:large","max-video-preview":"max-video-preview:-1"},"canonical":"https:\/\/inclusivenews.com.br\/?p=14323","og_locale":"pt_PT","og_type":"article","og_title":"Concurso Aprender e Ensinar Tecnologias Sociais discute tecnologias sociais nas salas de aula -","og_description":"O objetivo do concurso em 2010 \u00e9 mais uma vez difundir o conceito e as pr\u00e1ticas de tecnologia social dentro das escolas e espa\u00e7os de ensino n\u00e3o-formal. Da revista F\u00f3rum.","og_url":"https:\/\/inclusivenews.com.br\/?p=14323","article_publisher":"https:\/\/www.facebook.com\/agenciainclusive\/","article_published_time":"2010-03-11T10:30:50+00:00","og_image":[{"url":"http:\/\/www.revistaforum.com.br\/sitefinal\/imagem\/logoforum.jpg","type":"","width":"","height":""}],"author":"inclusivenews2024","twitter_card":"summary_large_image","twitter_misc":{"Escrito por":"inclusivenews2024","Tempo estimado de leitura":"2 minutos"},"schema":{"@context":"https:\/\/schema.org","@graph":[{"@type":"Article","@id":"https:\/\/inclusivenews.com.br\/?p=14323#article","isPartOf":{"@id":"https:\/\/inclusivenews.com.br\/?p=14323"},"author":{"name":"inclusivenews2024","@id":"https:\/\/inclusivenews.com.br\/#\/schema\/person\/ae4ec7087559b8692fb33b6fffd2273b"},"headline":"Concurso Aprender e Ensinar Tecnologias Sociais discute tecnologias sociais nas salas de aula","datePublished":"2010-03-11T10:30:50+00:00","mainEntityOfPage":{"@id":"https:\/\/inclusivenews.com.br\/?p=14323"},"wordCount":315,"commentCount":0,"publisher":{"@id":"https:\/\/inclusivenews.com.br\/#organization"},"image":{"@id":"https:\/\/inclusivenews.com.br\/?p=14323#primaryimage"},"thumbnailUrl":"http:\/\/www.revistaforum.com.br\/sitefinal\/imagem\/logoforum.jpg","articleSection":["EDUCA\u00c7\u00c3O","NOT\u00cdCIAS"],"inLanguage":"pt-PT","potentialAction":[{"@type":"CommentAction","name":"Comment","target":["https:\/\/inclusivenews.com.br\/?p=14323#respond"]}]},{"@type":"WebPage","@id":"https:\/\/inclusivenews.com.br\/?p=14323","url":"https:\/\/inclusivenews.com.br\/?p=14323","name":"Concurso Aprender e Ensinar Tecnologias Sociais discute tecnologias sociais nas salas de aula -","isPartOf":{"@id":"https:\/\/inclusivenews.com.br\/#website"},"primaryImageOfPage":{"@id":"https:\/\/inclusivenews.com.br\/?p=14323#primaryimage"},"image":{"@id":"https:\/\/inclusivenews.com.br\/?p=14323#primaryimage"},"thumbnailUrl":"http:\/\/www.revistaforum.com.br\/sitefinal\/imagem\/logoforum.jpg","datePublished":"2010-03-11T10:30:50+00:00","breadcrumb":{"@id":"https:\/\/inclusivenews.com.br\/?p=14323#breadcrumb"},"inLanguage":"pt-PT","potentialAction":[{"@type":"ReadAction","target":["https:\/\/inclusivenews.com.br\/?p=14323"]}]},{"@type":"ImageObject","inLanguage":"pt-PT","@id":"https:\/\/inclusivenews.com.br\/?p=14323#primaryimage","url":"http:\/\/www.revistaforum.com.br\/sitefinal\/imagem\/logoforum.jpg","contentUrl":"http:\/\/www.revistaforum.com.br\/sitefinal\/imagem\/logoforum.jpg"},{"@type":"BreadcrumbList","@id":"https:\/\/inclusivenews.com.br\/?p=14323#breadcrumb","itemListElement":[{"@type":"ListItem","position":1,"name":"In\u00edcio","item":"https:\/\/inclusivenews.com.br\/"},{"@type":"ListItem","position":2,"name":"Concurso Aprender e Ensinar Tecnologias Sociais discute tecnologias sociais nas salas de aula"}]},{"@type":"WebSite","@id":"https:\/\/inclusivenews.com.br\/#website","url":"https:\/\/inclusivenews.com.br\/","name":"Inclusive News","description":"Inclusive News","publisher":{"@id":"https:\/\/inclusivenews.com.br\/#organization"},"potentialAction":[{"@type":"SearchAction","target":{"@type":"EntryPoint","urlTemplate":"https:\/\/inclusivenews.com.br\/?s={search_term_string}"},"query-input":{"@type":"PropertyValueSpecification","valueRequired":true,"valueName":"search_term_string"}}],"inLanguage":"pt-PT"},{"@type":"Organization","@id":"https:\/\/inclusivenews.com.br\/#organization","name":"Inclusive - inclus\u00e3o e cidadania","url":"https:\/\/inclusivenews.com.br\/","logo":{"@type":"ImageObject","inLanguage":"pt-PT","@id":"https:\/\/inclusivenews.com.br\/#\/schema\/logo\/image\/","url":"https:\/\/inclusivenews.com.br\/wp-content\/uploads\/2024\/03\/@grandesite.png","contentUrl":"https:\/\/inclusivenews.com.br\/wp-content\/uploads\/2024\/03\/@grandesite.png","width":1080,"height":1080,"caption":"Inclusive - inclus\u00e3o e cidadania"},"image":{"@id":"https:\/\/inclusivenews.com.br\/#\/schema\/logo\/image\/"},"sameAs":["https:\/\/www.facebook.com\/agenciainclusive\/","https:\/\/www.instagram.com\/newsinclusive\/"]},{"@type":"Person","@id":"https:\/\/inclusivenews.com.br\/#\/schema\/person\/ae4ec7087559b8692fb33b6fffd2273b","name":"inclusivenews2024","image":{"@type":"ImageObject","inLanguage":"pt-PT","@id":"https:\/\/secure.gravatar.com\/avatar\/c5a7ef84c66fa914f55bc4f7ce26cfa275a3b9a1c5568b907bd184fb4dde7b40?s=96&d=mm&r=g","url":"https:\/\/secure.gravatar.com\/avatar\/c5a7ef84c66fa914f55bc4f7ce26cfa275a3b9a1c5568b907bd184fb4dde7b40?s=96&d=mm&r=g","contentUrl":"https:\/\/secure.gravatar.com\/avatar\/c5a7ef84c66fa914f55bc4f7ce26cfa275a3b9a1c5568b907bd184fb4dde7b40?s=96&d=mm&r=g","caption":"inclusivenews2024"},"sameAs":["https:\/\/inclusivenews.com.br"],"url":"https:\/\/inclusivenews.com.br\/?author=1"}]}},"_links":{"self":[{"href":"https:\/\/inclusivenews.com.br\/index.php?rest_route=\/wp\/v2\/posts\/14323","targetHints":{"allow":["GET"]}}],"collection":[{"href":"https:\/\/inclusivenews.com.br\/index.php?rest_route=\/wp\/v2\/posts"}],"about":[{"href":"https:\/\/inclusivenews.com.br\/index.php?rest_route=\/wp\/v2\/types\/post"}],"author":[{"embeddable":true,"href":"https:\/\/inclusivenews.com.br\/index.php?rest_route=\/wp\/v2\/users\/1"}],"replies":[{"embeddable":true,"href":"https:\/\/inclusivenews.com.br\/index.php?rest_route=%2Fwp%2Fv2%2Fcomments&post=14323"}],"version-history":[{"count":0,"href":"https:\/\/inclusivenews.com.br\/index.php?rest_route=\/wp\/v2\/posts\/14323\/revisions"}],"wp:attachment":[{"href":"https:\/\/inclusivenews.com.br\/index.php?rest_route=%2Fwp%2Fv2%2Fmedia&parent=14323"}],"wp:term":[{"taxonomy":"category","embeddable":true,"href":"https:\/\/inclusivenews.com.br\/index.php?rest_route=%2Fwp%2Fv2%2Fcategories&post=14323"},{"taxonomy":"post_tag","embeddable":true,"href":"https:\/\/inclusivenews.com.br\/index.php?rest_route=%2Fwp%2Fv2%2Ftags&post=14323"}],"curies":[{"name":"wp","href":"https:\/\/api.w.org\/{rel}","templated":true}]}}