{"id":14327,"date":"2010-03-12T06:00:11","date_gmt":"2010-03-12T09:00:11","guid":{"rendered":"http:\/\/www.inclusive.org.br\/?p=14327"},"modified":"2010-03-12T06:00:11","modified_gmt":"2010-03-12T09:00:11","slug":"proposta-de-cooperacao-facilita-acesso-de-deficientes-as-tecnologias-de-informacao","status":"publish","type":"post","link":"https:\/\/inclusivenews.com.br\/?p=14327","title":{"rendered":"Proposta de coopera\u00e7\u00e3o facilita acesso de deficientes \u00e0s tecnologias de informa\u00e7\u00e3o"},"content":{"rendered":"<figure style=\"width: 229px\" class=\"wp-caption alignleft\"><img loading=\"lazy\" decoding=\"async\" title=\"Homem utilizando o headmouse.\" src=\"http:\/\/www.access-board.gov\/sec508\/refresh\/teitac1st\/Sec504vs508\/prod_headmouse.jpg\" alt=\"\" width=\"229\" height=\"120\" \/><figcaption class=\"wp-caption-text\"> <\/figcaption><\/figure>\n<p>A Empresa Brasileira de Correios e Tel\u00e9grafos (ECT) firmou nesta quarta-feira, 10 de mar\u00e7o, um protocolo de inten\u00e7\u00f5es para coopera\u00e7\u00e3o com a empresa espanhola Indra, multinacional de tecnologia da informa\u00e7\u00e3o com larga experi\u00eancia na Europa e Am\u00e9rica Latina. A iniciativa vai permitir a portadores de defici\u00eancia f\u00edsica acesso facilitado \u00e0 internet e uso de computadores pessoais por meio de duas tecnologias inovadoras: o Headmouse e o Teclado Virtual.<\/p>\n<p>As duas ferramentas, desenvolvidas pela empresa em conjunto com a Universidade de Lleida, na Espanha, s\u00e3o recursos que permitem a pessoas com defici\u00eancia f\u00edsica acesso gratuito \u00e0s tecnologias da informa\u00e7\u00e3o e comunica\u00e7\u00e3o.<\/p>\n<p>A assinatura ocorre no Minist\u00e9rio das Comunica\u00e7\u00f5es, pelo presidente dos Correios, Carlos Henrique Cust\u00f3dio; Osvaldo Pires e Marcelo Palha, dirigentes da Indra no Brasil, \u00e0s 11h, no gabinete do ministro das Comunica\u00e7\u00f5es, H\u00e9lio Costa, em Bras\u00edlia. O Headmouse e o Teclado Virtual foram criados nas c\u00e1tedras de Tecnologias Acess\u00edveis que a Indra desenvolve em colabora\u00e7\u00e3o com a Funda\u00e7\u00e3o Adecco e a Universidade Lleida. Os softwares ser\u00e3o colocados \u00e0 disposi\u00e7\u00e3o do p\u00fablico para download gratuito na internet, nos sites do Minist\u00e9rio das Comunica\u00e7\u00f5es e dos Correios.<\/p>\n<p>As duas aplica\u00e7\u00f5es j\u00e1 est\u00e3o dispon\u00edveis no site Tecnologias Acess\u00edveis da Indra \u2013 http:\/\/www.tecnologiasaccesibles.com\/pt\/index.htm \u2013 e podem ser instaladas em qualquer computador equipado com webcam de baixo custo. Al\u00e9m do download gratuito, os Correios manter\u00e3o uma equipe de suporte treinada pela Indra para esclarecer d\u00favidas relativas \u00e0 instala\u00e7\u00e3o e o funcionamento das duas ferramentas.<br \/>\nO Headmouse \u00e9 uma solu\u00e7\u00e3o tecnol\u00f3gica que permite \u00e0s pessoas com mobilidade reduzida controlar o cursor do mouse pelos movimentos da cabe\u00e7a. O software interpreta fun\u00e7\u00f5es como \u201carrastar\u201d arquivos por gestos faciais e piscar de olhos. Complementando a aplica\u00e7\u00e3o, o Teclado Virtual facilita \u00e0s pessoas com defici\u00eancia f\u00edsica a possibilidade de reda\u00e7\u00e3o de textos sem a necessidade de utilizar as m\u00e3os, j\u00e1 que capta os movimentos faciais do usu\u00e1rio, replicando-os sobre o um teclado digital.<\/p>\n<p>De acordo com a empresa, o uso do Headmouse \u00e9 poss\u00edvel gra\u00e7as a algoritmos de vis\u00e3o artificial desenvolvidos para a \u00e1rea da rob\u00f3tica m\u00f3bil. O usu\u00e1rio \u00e9 capaz de utilizar de maneira intuitiva e natural o mouse virtual, sem nenhum tipo de forma\u00e7\u00e3o ou conhecimento pr\u00e9vio. Uma vez instalado o software, n\u00e3o h\u00e1 necessidade de nenhum tipo de ajuda para acesso \u00e0 configura\u00e7\u00e3o, nem para alterar os par\u00e2metros oferecidos pelo sistema.<\/p>\n<p>Tamb\u00e9m o uso do Teclado Virtual, que complementa o Headmouse, tamb\u00e9m n\u00e3o requer forma\u00e7\u00e3o pr\u00e9via. Ele funciona por meio de um aplicativo que aparece na tela do computador e permite a produ\u00e7\u00e3o de textos mediante a pulsa\u00e7\u00e3o de teclas virtuais. O sistema incorpora inova\u00e7\u00f5es tecnol\u00f3gicas que facilitam ao m\u00e1ximo a escrita para pessoas com mobilidade reduzida que n\u00e3o podem utilizar teclados convencionais de computador.<\/p>\n<p>O Teclado Virtual conta com fun\u00e7\u00f5es de predi\u00e7\u00e3o de palavras, cujos algoritmos aprendem com o modo de escrever do usu\u00e1rio e melhoram exponencialmente suas taxas de acerto. Os testes realizados para a produ\u00e7\u00e3o e elabora\u00e7\u00e3o de textos liter\u00e1rios extensos, entre 15 mil e 20 mil palavras, resultaram numa economia de at\u00e9 40% nas pulsa\u00e7\u00f5es de teclas necess\u00e1rias para escrev\u00ea-las.<\/p>\n<p>___________<\/p>\n<p><strong>Fonte:<\/strong> <a href=\"http:\/\/www.mc.gov.br\/proposta-de-cooperacao-facilita-acesso-de-deficientes-as-tecnologias-de-informacao\/\">MinC<\/a><\/p>\n","protected":false},"excerpt":{"rendered":"<p>A iniciativa vai permitir a portadores de defici\u00eancia f\u00edsica acesso facilitado \u00e0 internet e uso de computadores pessoais por meio de duas tecnologias inovadoras: o Headmouse e o Teclado Virtual. Do MinC.<\/p>\n","protected":false},"author":1,"featured_media":0,"comment_status":"open","ping_status":"open","sticky":false,"template":"","format":"standard","meta":{"site-container-style":"default","site-container-layout":"default","site-sidebar-layout":"default","disable-article-header":"default","disable-site-header":"default","disable-site-footer":"default","disable-content-area-spacing":"default","footnotes":""},"categories":[38,48,4],"tags":[69],"class_list":["post-14327","post","type-post","status-publish","format-standard","hentry","category-deficiencia","category-inclusao","category-noticias","tag-tecnologias-assistivas"],"yoast_head":"<!-- This site is optimized with the Yoast SEO plugin v27.4 - https:\/\/yoast.com\/product\/yoast-seo-wordpress\/ -->\n<title>Proposta de coopera\u00e7\u00e3o facilita acesso de deficientes \u00e0s tecnologias de informa\u00e7\u00e3o -<\/title>\n<meta name=\"robots\" content=\"index, follow, max-snippet:-1, max-image-preview:large, max-video-preview:-1\" \/>\n<link rel=\"canonical\" href=\"https:\/\/inclusivenews.com.br\/?p=14327\" \/>\n<meta property=\"og:locale\" content=\"pt_PT\" \/>\n<meta property=\"og:type\" content=\"article\" \/>\n<meta property=\"og:title\" content=\"Proposta de coopera\u00e7\u00e3o facilita acesso de deficientes \u00e0s tecnologias de informa\u00e7\u00e3o -\" \/>\n<meta property=\"og:description\" content=\"A iniciativa vai permitir a portadores de defici\u00eancia f\u00edsica acesso facilitado \u00e0 internet e uso de computadores pessoais por meio de duas tecnologias inovadoras: o Headmouse e o Teclado Virtual. Do MinC.\" \/>\n<meta property=\"og:url\" content=\"https:\/\/inclusivenews.com.br\/?p=14327\" \/>\n<meta property=\"article:publisher\" content=\"https:\/\/www.facebook.com\/agenciainclusive\/\" \/>\n<meta property=\"article:published_time\" content=\"2010-03-12T09:00:11+00:00\" \/>\n<meta property=\"og:image\" content=\"http:\/\/www.access-board.gov\/sec508\/refresh\/teitac1st\/Sec504vs508\/prod_headmouse.jpg\" \/>\n<meta name=\"author\" content=\"inclusivenews2024\" \/>\n<meta name=\"twitter:card\" content=\"summary_large_image\" \/>\n<meta name=\"twitter:label1\" content=\"Escrito por\" \/>\n\t<meta name=\"twitter:data1\" content=\"inclusivenews2024\" \/>\n\t<meta name=\"twitter:label2\" content=\"Tempo estimado de leitura\" \/>\n\t<meta name=\"twitter:data2\" content=\"3 minutos\" \/>\n<script type=\"application\/ld+json\" class=\"yoast-schema-graph\">{\"@context\":\"https:\\\/\\\/schema.org\",\"@graph\":[{\"@type\":\"Article\",\"@id\":\"https:\\\/\\\/inclusivenews.com.br\\\/?p=14327#article\",\"isPartOf\":{\"@id\":\"https:\\\/\\\/inclusivenews.com.br\\\/?p=14327\"},\"author\":{\"name\":\"inclusivenews2024\",\"@id\":\"https:\\\/\\\/inclusivenews.com.br\\\/#\\\/schema\\\/person\\\/ae4ec7087559b8692fb33b6fffd2273b\"},\"headline\":\"Proposta de coopera\u00e7\u00e3o facilita acesso de deficientes \u00e0s tecnologias de informa\u00e7\u00e3o\",\"datePublished\":\"2010-03-12T09:00:11+00:00\",\"mainEntityOfPage\":{\"@id\":\"https:\\\/\\\/inclusivenews.com.br\\\/?p=14327\"},\"wordCount\":601,\"commentCount\":0,\"publisher\":{\"@id\":\"https:\\\/\\\/inclusivenews.com.br\\\/#organization\"},\"image\":{\"@id\":\"https:\\\/\\\/inclusivenews.com.br\\\/?p=14327#primaryimage\"},\"thumbnailUrl\":\"http:\\\/\\\/www.access-board.gov\\\/sec508\\\/refresh\\\/teitac1st\\\/Sec504vs508\\\/prod_headmouse.jpg\",\"keywords\":[\"Tecnologias assistivas\"],\"articleSection\":[\"Defici\u00eancia\",\"INCLUS\u00c3O SOCIAL\",\"NOT\u00cdCIAS\"],\"inLanguage\":\"pt-PT\",\"potentialAction\":[{\"@type\":\"CommentAction\",\"name\":\"Comment\",\"target\":[\"https:\\\/\\\/inclusivenews.com.br\\\/?p=14327#respond\"]}]},{\"@type\":\"WebPage\",\"@id\":\"https:\\\/\\\/inclusivenews.com.br\\\/?p=14327\",\"url\":\"https:\\\/\\\/inclusivenews.com.br\\\/?p=14327\",\"name\":\"Proposta de coopera\u00e7\u00e3o facilita acesso de deficientes \u00e0s tecnologias de informa\u00e7\u00e3o -\",\"isPartOf\":{\"@id\":\"https:\\\/\\\/inclusivenews.com.br\\\/#website\"},\"primaryImageOfPage\":{\"@id\":\"https:\\\/\\\/inclusivenews.com.br\\\/?p=14327#primaryimage\"},\"image\":{\"@id\":\"https:\\\/\\\/inclusivenews.com.br\\\/?p=14327#primaryimage\"},\"thumbnailUrl\":\"http:\\\/\\\/www.access-board.gov\\\/sec508\\\/refresh\\\/teitac1st\\\/Sec504vs508\\\/prod_headmouse.jpg\",\"datePublished\":\"2010-03-12T09:00:11+00:00\",\"breadcrumb\":{\"@id\":\"https:\\\/\\\/inclusivenews.com.br\\\/?p=14327#breadcrumb\"},\"inLanguage\":\"pt-PT\",\"potentialAction\":[{\"@type\":\"ReadAction\",\"target\":[\"https:\\\/\\\/inclusivenews.com.br\\\/?p=14327\"]}]},{\"@type\":\"ImageObject\",\"inLanguage\":\"pt-PT\",\"@id\":\"https:\\\/\\\/inclusivenews.com.br\\\/?p=14327#primaryimage\",\"url\":\"http:\\\/\\\/www.access-board.gov\\\/sec508\\\/refresh\\\/teitac1st\\\/Sec504vs508\\\/prod_headmouse.jpg\",\"contentUrl\":\"http:\\\/\\\/www.access-board.gov\\\/sec508\\\/refresh\\\/teitac1st\\\/Sec504vs508\\\/prod_headmouse.jpg\"},{\"@type\":\"BreadcrumbList\",\"@id\":\"https:\\\/\\\/inclusivenews.com.br\\\/?p=14327#breadcrumb\",\"itemListElement\":[{\"@type\":\"ListItem\",\"position\":1,\"name\":\"In\u00edcio\",\"item\":\"https:\\\/\\\/inclusivenews.com.br\\\/\"},{\"@type\":\"ListItem\",\"position\":2,\"name\":\"Proposta de coopera\u00e7\u00e3o facilita acesso de deficientes \u00e0s tecnologias de informa\u00e7\u00e3o\"}]},{\"@type\":\"WebSite\",\"@id\":\"https:\\\/\\\/inclusivenews.com.br\\\/#website\",\"url\":\"https:\\\/\\\/inclusivenews.com.br\\\/\",\"name\":\"Inclusive News\",\"description\":\"Inclusive News\",\"publisher\":{\"@id\":\"https:\\\/\\\/inclusivenews.com.br\\\/#organization\"},\"potentialAction\":[{\"@type\":\"SearchAction\",\"target\":{\"@type\":\"EntryPoint\",\"urlTemplate\":\"https:\\\/\\\/inclusivenews.com.br\\\/?s={search_term_string}\"},\"query-input\":{\"@type\":\"PropertyValueSpecification\",\"valueRequired\":true,\"valueName\":\"search_term_string\"}}],\"inLanguage\":\"pt-PT\"},{\"@type\":\"Organization\",\"@id\":\"https:\\\/\\\/inclusivenews.com.br\\\/#organization\",\"name\":\"Inclusive - inclus\u00e3o e cidadania\",\"url\":\"https:\\\/\\\/inclusivenews.com.br\\\/\",\"logo\":{\"@type\":\"ImageObject\",\"inLanguage\":\"pt-PT\",\"@id\":\"https:\\\/\\\/inclusivenews.com.br\\\/#\\\/schema\\\/logo\\\/image\\\/\",\"url\":\"https:\\\/\\\/inclusivenews.com.br\\\/wp-content\\\/uploads\\\/2024\\\/03\\\/@grandesite.png\",\"contentUrl\":\"https:\\\/\\\/inclusivenews.com.br\\\/wp-content\\\/uploads\\\/2024\\\/03\\\/@grandesite.png\",\"width\":1080,\"height\":1080,\"caption\":\"Inclusive - inclus\u00e3o e cidadania\"},\"image\":{\"@id\":\"https:\\\/\\\/inclusivenews.com.br\\\/#\\\/schema\\\/logo\\\/image\\\/\"},\"sameAs\":[\"https:\\\/\\\/www.facebook.com\\\/agenciainclusive\\\/\",\"https:\\\/\\\/www.instagram.com\\\/newsinclusive\\\/\"]},{\"@type\":\"Person\",\"@id\":\"https:\\\/\\\/inclusivenews.com.br\\\/#\\\/schema\\\/person\\\/ae4ec7087559b8692fb33b6fffd2273b\",\"name\":\"inclusivenews2024\",\"image\":{\"@type\":\"ImageObject\",\"inLanguage\":\"pt-PT\",\"@id\":\"https:\\\/\\\/secure.gravatar.com\\\/avatar\\\/c5a7ef84c66fa914f55bc4f7ce26cfa275a3b9a1c5568b907bd184fb4dde7b40?s=96&d=mm&r=g\",\"url\":\"https:\\\/\\\/secure.gravatar.com\\\/avatar\\\/c5a7ef84c66fa914f55bc4f7ce26cfa275a3b9a1c5568b907bd184fb4dde7b40?s=96&d=mm&r=g\",\"contentUrl\":\"https:\\\/\\\/secure.gravatar.com\\\/avatar\\\/c5a7ef84c66fa914f55bc4f7ce26cfa275a3b9a1c5568b907bd184fb4dde7b40?s=96&d=mm&r=g\",\"caption\":\"inclusivenews2024\"},\"sameAs\":[\"https:\\\/\\\/inclusivenews.com.br\"],\"url\":\"https:\\\/\\\/inclusivenews.com.br\\\/?author=1\"}]}<\/script>\n<!-- \/ Yoast SEO plugin. -->","yoast_head_json":{"title":"Proposta de coopera\u00e7\u00e3o facilita acesso de deficientes \u00e0s tecnologias de informa\u00e7\u00e3o -","robots":{"index":"index","follow":"follow","max-snippet":"max-snippet:-1","max-image-preview":"max-image-preview:large","max-video-preview":"max-video-preview:-1"},"canonical":"https:\/\/inclusivenews.com.br\/?p=14327","og_locale":"pt_PT","og_type":"article","og_title":"Proposta de coopera\u00e7\u00e3o facilita acesso de deficientes \u00e0s tecnologias de informa\u00e7\u00e3o -","og_description":"A iniciativa vai permitir a portadores de defici\u00eancia f\u00edsica acesso facilitado \u00e0 internet e uso de computadores pessoais por meio de duas tecnologias inovadoras: o Headmouse e o Teclado Virtual. Do MinC.","og_url":"https:\/\/inclusivenews.com.br\/?p=14327","article_publisher":"https:\/\/www.facebook.com\/agenciainclusive\/","article_published_time":"2010-03-12T09:00:11+00:00","og_image":[{"url":"http:\/\/www.access-board.gov\/sec508\/refresh\/teitac1st\/Sec504vs508\/prod_headmouse.jpg","type":"","width":"","height":""}],"author":"inclusivenews2024","twitter_card":"summary_large_image","twitter_misc":{"Escrito por":"inclusivenews2024","Tempo estimado de leitura":"3 minutos"},"schema":{"@context":"https:\/\/schema.org","@graph":[{"@type":"Article","@id":"https:\/\/inclusivenews.com.br\/?p=14327#article","isPartOf":{"@id":"https:\/\/inclusivenews.com.br\/?p=14327"},"author":{"name":"inclusivenews2024","@id":"https:\/\/inclusivenews.com.br\/#\/schema\/person\/ae4ec7087559b8692fb33b6fffd2273b"},"headline":"Proposta de coopera\u00e7\u00e3o facilita acesso de deficientes \u00e0s tecnologias de informa\u00e7\u00e3o","datePublished":"2010-03-12T09:00:11+00:00","mainEntityOfPage":{"@id":"https:\/\/inclusivenews.com.br\/?p=14327"},"wordCount":601,"commentCount":0,"publisher":{"@id":"https:\/\/inclusivenews.com.br\/#organization"},"image":{"@id":"https:\/\/inclusivenews.com.br\/?p=14327#primaryimage"},"thumbnailUrl":"http:\/\/www.access-board.gov\/sec508\/refresh\/teitac1st\/Sec504vs508\/prod_headmouse.jpg","keywords":["Tecnologias assistivas"],"articleSection":["Defici\u00eancia","INCLUS\u00c3O SOCIAL","NOT\u00cdCIAS"],"inLanguage":"pt-PT","potentialAction":[{"@type":"CommentAction","name":"Comment","target":["https:\/\/inclusivenews.com.br\/?p=14327#respond"]}]},{"@type":"WebPage","@id":"https:\/\/inclusivenews.com.br\/?p=14327","url":"https:\/\/inclusivenews.com.br\/?p=14327","name":"Proposta de coopera\u00e7\u00e3o facilita acesso de deficientes \u00e0s tecnologias de informa\u00e7\u00e3o -","isPartOf":{"@id":"https:\/\/inclusivenews.com.br\/#website"},"primaryImageOfPage":{"@id":"https:\/\/inclusivenews.com.br\/?p=14327#primaryimage"},"image":{"@id":"https:\/\/inclusivenews.com.br\/?p=14327#primaryimage"},"thumbnailUrl":"http:\/\/www.access-board.gov\/sec508\/refresh\/teitac1st\/Sec504vs508\/prod_headmouse.jpg","datePublished":"2010-03-12T09:00:11+00:00","breadcrumb":{"@id":"https:\/\/inclusivenews.com.br\/?p=14327#breadcrumb"},"inLanguage":"pt-PT","potentialAction":[{"@type":"ReadAction","target":["https:\/\/inclusivenews.com.br\/?p=14327"]}]},{"@type":"ImageObject","inLanguage":"pt-PT","@id":"https:\/\/inclusivenews.com.br\/?p=14327#primaryimage","url":"http:\/\/www.access-board.gov\/sec508\/refresh\/teitac1st\/Sec504vs508\/prod_headmouse.jpg","contentUrl":"http:\/\/www.access-board.gov\/sec508\/refresh\/teitac1st\/Sec504vs508\/prod_headmouse.jpg"},{"@type":"BreadcrumbList","@id":"https:\/\/inclusivenews.com.br\/?p=14327#breadcrumb","itemListElement":[{"@type":"ListItem","position":1,"name":"In\u00edcio","item":"https:\/\/inclusivenews.com.br\/"},{"@type":"ListItem","position":2,"name":"Proposta de coopera\u00e7\u00e3o facilita acesso de deficientes \u00e0s tecnologias de informa\u00e7\u00e3o"}]},{"@type":"WebSite","@id":"https:\/\/inclusivenews.com.br\/#website","url":"https:\/\/inclusivenews.com.br\/","name":"Inclusive News","description":"Inclusive News","publisher":{"@id":"https:\/\/inclusivenews.com.br\/#organization"},"potentialAction":[{"@type":"SearchAction","target":{"@type":"EntryPoint","urlTemplate":"https:\/\/inclusivenews.com.br\/?s={search_term_string}"},"query-input":{"@type":"PropertyValueSpecification","valueRequired":true,"valueName":"search_term_string"}}],"inLanguage":"pt-PT"},{"@type":"Organization","@id":"https:\/\/inclusivenews.com.br\/#organization","name":"Inclusive - inclus\u00e3o e cidadania","url":"https:\/\/inclusivenews.com.br\/","logo":{"@type":"ImageObject","inLanguage":"pt-PT","@id":"https:\/\/inclusivenews.com.br\/#\/schema\/logo\/image\/","url":"https:\/\/inclusivenews.com.br\/wp-content\/uploads\/2024\/03\/@grandesite.png","contentUrl":"https:\/\/inclusivenews.com.br\/wp-content\/uploads\/2024\/03\/@grandesite.png","width":1080,"height":1080,"caption":"Inclusive - inclus\u00e3o e cidadania"},"image":{"@id":"https:\/\/inclusivenews.com.br\/#\/schema\/logo\/image\/"},"sameAs":["https:\/\/www.facebook.com\/agenciainclusive\/","https:\/\/www.instagram.com\/newsinclusive\/"]},{"@type":"Person","@id":"https:\/\/inclusivenews.com.br\/#\/schema\/person\/ae4ec7087559b8692fb33b6fffd2273b","name":"inclusivenews2024","image":{"@type":"ImageObject","inLanguage":"pt-PT","@id":"https:\/\/secure.gravatar.com\/avatar\/c5a7ef84c66fa914f55bc4f7ce26cfa275a3b9a1c5568b907bd184fb4dde7b40?s=96&d=mm&r=g","url":"https:\/\/secure.gravatar.com\/avatar\/c5a7ef84c66fa914f55bc4f7ce26cfa275a3b9a1c5568b907bd184fb4dde7b40?s=96&d=mm&r=g","contentUrl":"https:\/\/secure.gravatar.com\/avatar\/c5a7ef84c66fa914f55bc4f7ce26cfa275a3b9a1c5568b907bd184fb4dde7b40?s=96&d=mm&r=g","caption":"inclusivenews2024"},"sameAs":["https:\/\/inclusivenews.com.br"],"url":"https:\/\/inclusivenews.com.br\/?author=1"}]}},"_links":{"self":[{"href":"https:\/\/inclusivenews.com.br\/index.php?rest_route=\/wp\/v2\/posts\/14327","targetHints":{"allow":["GET"]}}],"collection":[{"href":"https:\/\/inclusivenews.com.br\/index.php?rest_route=\/wp\/v2\/posts"}],"about":[{"href":"https:\/\/inclusivenews.com.br\/index.php?rest_route=\/wp\/v2\/types\/post"}],"author":[{"embeddable":true,"href":"https:\/\/inclusivenews.com.br\/index.php?rest_route=\/wp\/v2\/users\/1"}],"replies":[{"embeddable":true,"href":"https:\/\/inclusivenews.com.br\/index.php?rest_route=%2Fwp%2Fv2%2Fcomments&post=14327"}],"version-history":[{"count":0,"href":"https:\/\/inclusivenews.com.br\/index.php?rest_route=\/wp\/v2\/posts\/14327\/revisions"}],"wp:attachment":[{"href":"https:\/\/inclusivenews.com.br\/index.php?rest_route=%2Fwp%2Fv2%2Fmedia&parent=14327"}],"wp:term":[{"taxonomy":"category","embeddable":true,"href":"https:\/\/inclusivenews.com.br\/index.php?rest_route=%2Fwp%2Fv2%2Fcategories&post=14327"},{"taxonomy":"post_tag","embeddable":true,"href":"https:\/\/inclusivenews.com.br\/index.php?rest_route=%2Fwp%2Fv2%2Ftags&post=14327"}],"curies":[{"name":"wp","href":"https:\/\/api.w.org\/{rel}","templated":true}]}}