{"id":14330,"date":"2010-03-12T05:30:40","date_gmt":"2010-03-12T08:30:40","guid":{"rendered":"http:\/\/www.inclusive.org.br\/?p=14330"},"modified":"2010-03-12T05:30:40","modified_gmt":"2010-03-12T08:30:40","slug":"divulgado-os-finalistas-da-3%c2%aa-edicao-do-premio-sentidos","status":"publish","type":"post","link":"https:\/\/inclusivenews.com.br\/?p=14330","title":{"rendered":"Divulgados os finalistas da 3\u00aa edi\u00e7\u00e3o do Pr\u00eamio Sentidos"},"content":{"rendered":"<p><img loading=\"lazy\" decoding=\"async\" class=\"alignleft\" title=\"Logotipo do 3\u00ba Pr\u00eamio Sentidos\" src=\"http:\/\/sentidos.uol.com.br\/premiosentidos2009\/imagens\/logo_terceiraedicao001.gif\" alt=\"\" width=\"136\" height=\"197\" \/>Divulgado os finalistas da 3\u00aa edi\u00e7\u00e3o do Pr\u00eamio Sentidos, premia\u00e7\u00e3o que tem o objetivo de divulgar e reconhecer hist\u00f3rias de supera\u00e7\u00e3o de pessoas com defici\u00eancia e mostrar as realiza\u00e7\u00f5es em prol da inclus\u00e3o social e econ\u00f4mica de institui\u00e7\u00f5es do terceiro setor, empresas e do poder p\u00fablico por meio das premia\u00e7\u00f5es dividas em seis grupos. Superando o n\u00famero de inscritos em 2009, foram 787 inscri\u00e7\u00f5es recebidas pela internet e por carta em todas as categorias dispon\u00edveis para participa\u00e7\u00e3o. O evento de premia\u00e7\u00e3o acontecer\u00e1 no dia 30 de mar\u00e7o, a partir das 19h, no Memorial da Am\u00e9rica Latina.<\/p>\n<p>Os finalistas, divididos por categorias, s\u00e3o:<br \/>\nArtes: Dami\u00e3o Marcos de Assis, Eus\u00e9bio da Cunha Paim, Iasmin Carneiro Freitas, Lais Eveline Rodrigues Lima, Leandro Camargo de Oliveira, Luciene Pereira de Oliveira, Mirian de Moraes Esteves, Nilton C\u00e2mara de Oliveira, Odilon Fernandes de Souzas, Thais Souza Campos Leonarides.<\/p>\n<p>Empresas: Bonavision Aux\u00edlios \u00d3pticos LTDA, Consciente Construtora e Incorporadora LTDA, Deficienteonline.com.br, Grand Special Com de Ve\u00edculos e Pe\u00e7as LTDA, Museu de Arte Moderna de S\u00e3o Paulo, N\u00facleo regional de Educa\u00e7\u00e3o de CIANORTE &#8211; SEED &#8211; PR, SEBRAE-SP, Servi\u00e7o Social da Ind\u00fastria (SESI), VIVO S\/A, WHIRPOOL &#8211; Unidade Compressores.<\/p>\n<p>Esportes: Ana Ruth Fondeli Seixas, Andr\u00e9 Luiz de Oliveira, Ant\u00f4nio Rodrigues Maciel, Edson Dantas de Oliveira, H\u00e9lio Roberto Passos, Henrique Cardoso Saraiva, Let\u00edcia Lucas Ferreira, M\u00e1rcia Cristina de Menezes, Raquel C. Amaral, Yohansson do Nascimento Ferreira.<\/p>\n<p>Gente como a gente: Adriana Let\u00edcia Lage Gomes, Ari Ant\u00f4nio Heck, Edvan Dias de Souza, Isis Maria de Almeida Ramos, Jefferson Maia Figueira, Jorge Fernandes Cardoso, Luciane Maria Molina Barbosa, Patr\u00edcia Neves Raposo, S\u00e2mara Andresa Del Monte, Samuel Felix da Silva.<\/p>\n<p>Literatura: Divina C\u00e9lia Garcia, Em\u00edlio Carlos Figueira da Silva, Gilberto Stanieski Filho, H\u00e9lio de Ara\u00fajo, Nard\u00e9lio Fernandes da Luz, Paulo Roberto C\u00e2ndido de Oliveira, Priscila dos Santos Soterio, Ricardo Barros Pereira de Lucena Jr, Saul Furtado da Silva, Thiago Ribeiro Santos.<\/p>\n<p>Terceiro Setor: Associa\u00e7\u00e3o Adapta\u00e7\u00e3o e Surf, Associa\u00e7\u00e3o Brasileira de Basquetebol Aqu\u00e1tico, Associa\u00e7\u00e3o de Cegos do Estado do Cear\u00e1, Associa\u00e7\u00e3o de Parapl\u00e9gicos de Uberl\u00e2ndia, Associa\u00e7\u00e3o Santa Marcelina, Centro Israelita de Apoio Multidisciplinar, Funda\u00e7\u00e3o Uniban, Instituto APSE, Instituto Olga Kos de Inclus\u00e3o Cultural, UNILEHU &#8211; Universidade Livre para Efici\u00eancia Humana.<\/p>\n<p>Nesta terceira edi\u00e7\u00e3o, praticamente todos os crit\u00e9rios de avalia\u00e7\u00e3o e categorias participantes foram mantidas. Haver\u00e1 tamb\u00e9m a participa\u00e7\u00e3o de um J\u00fari Popular, que eleger\u00e1, em vota\u00e7\u00e3o pelo site www.sentidos.com.br, o caso preferido entre os finalistas de cada categoria.<\/p>\n<p>O Pr\u00eamio Sentidos \u00e9 uma iniciativa da revista e site Sentidos, Avape (Associa\u00e7\u00e3o para Valoriza\u00e7\u00e3o de Pessoas com Defici\u00eancia), Fenavape (Federa\u00e7\u00e3o Nacional das Avapes), Instituto Ressoar e Rede Record de R\u00e1dio e Televis\u00e3o. Apoio da Secretaria Estadual dos Direitos da Pessoa com Defici\u00eancia, Editora Escala, Flow Design, \u00c1urea Editora, Net Cidade e Trama Comunica\u00e7\u00e3o.<\/p>\n<p>______________________<\/p>\n<p><strong>Fonte:<\/strong> Trama Comunica\u00e7\u00e3o<\/p>\n","protected":false},"excerpt":{"rendered":"<p>O n\u00famero de inscritos em 2009 superou o do ano anterior com 787 inscri\u00e7\u00f5es recebidas pela internet e por carta nas categorias artes, empresas, esportes, gente como a gente, literatura e Terceiro Setor. A informa\u00e7\u00e3o \u00e9 da Trama Comunica\u00e7\u00e3o.<\/p>\n","protected":false},"author":1,"featured_media":0,"comment_status":"open","ping_status":"open","sticky":false,"template":"","format":"standard","meta":{"site-container-style":"default","site-container-layout":"default","site-sidebar-layout":"default","disable-article-header":"default","disable-site-header":"default","disable-site-footer":"default","disable-content-area-spacing":"default","footnotes":""},"categories":[4],"tags":[],"class_list":["post-14330","post","type-post","status-publish","format-standard","hentry","category-noticias"],"yoast_head":"<!-- This site is optimized with the Yoast SEO plugin v27.4 - https:\/\/yoast.com\/product\/yoast-seo-wordpress\/ -->\n<title>Divulgados os finalistas da 3\u00aa edi\u00e7\u00e3o do Pr\u00eamio Sentidos -<\/title>\n<meta name=\"robots\" content=\"index, follow, max-snippet:-1, max-image-preview:large, max-video-preview:-1\" \/>\n<link rel=\"canonical\" href=\"https:\/\/inclusivenews.com.br\/?p=14330\" \/>\n<meta property=\"og:locale\" content=\"pt_PT\" \/>\n<meta property=\"og:type\" content=\"article\" \/>\n<meta property=\"og:title\" content=\"Divulgados os finalistas da 3\u00aa edi\u00e7\u00e3o do Pr\u00eamio Sentidos -\" \/>\n<meta property=\"og:description\" content=\"O n\u00famero de inscritos em 2009 superou o do ano anterior com 787 inscri\u00e7\u00f5es recebidas pela internet e por carta nas categorias artes, empresas, esportes, gente como a gente, literatura e Terceiro Setor. A informa\u00e7\u00e3o \u00e9 da Trama Comunica\u00e7\u00e3o.\" \/>\n<meta property=\"og:url\" content=\"https:\/\/inclusivenews.com.br\/?p=14330\" \/>\n<meta property=\"article:publisher\" content=\"https:\/\/www.facebook.com\/agenciainclusive\/\" \/>\n<meta property=\"article:published_time\" content=\"2010-03-12T08:30:40+00:00\" \/>\n<meta property=\"og:image\" content=\"http:\/\/sentidos.uol.com.br\/premiosentidos2009\/imagens\/logo_terceiraedicao001.gif\" \/>\n<meta name=\"author\" content=\"inclusivenews2024\" \/>\n<meta name=\"twitter:card\" content=\"summary_large_image\" \/>\n<meta name=\"twitter:label1\" content=\"Escrito por\" \/>\n\t<meta name=\"twitter:data1\" content=\"inclusivenews2024\" \/>\n\t<meta name=\"twitter:label2\" content=\"Tempo estimado de leitura\" \/>\n\t<meta name=\"twitter:data2\" content=\"3 minutos\" \/>\n<script type=\"application\/ld+json\" class=\"yoast-schema-graph\">{\"@context\":\"https:\\\/\\\/schema.org\",\"@graph\":[{\"@type\":\"Article\",\"@id\":\"https:\\\/\\\/inclusivenews.com.br\\\/?p=14330#article\",\"isPartOf\":{\"@id\":\"https:\\\/\\\/inclusivenews.com.br\\\/?p=14330\"},\"author\":{\"name\":\"inclusivenews2024\",\"@id\":\"https:\\\/\\\/inclusivenews.com.br\\\/#\\\/schema\\\/person\\\/ae4ec7087559b8692fb33b6fffd2273b\"},\"headline\":\"Divulgados os finalistas da 3\u00aa edi\u00e7\u00e3o do Pr\u00eamio Sentidos\",\"datePublished\":\"2010-03-12T08:30:40+00:00\",\"mainEntityOfPage\":{\"@id\":\"https:\\\/\\\/inclusivenews.com.br\\\/?p=14330\"},\"wordCount\":536,\"commentCount\":0,\"publisher\":{\"@id\":\"https:\\\/\\\/inclusivenews.com.br\\\/#organization\"},\"image\":{\"@id\":\"https:\\\/\\\/inclusivenews.com.br\\\/?p=14330#primaryimage\"},\"thumbnailUrl\":\"http:\\\/\\\/sentidos.uol.com.br\\\/premiosentidos2009\\\/imagens\\\/logo_terceiraedicao001.gif\",\"articleSection\":[\"NOT\u00cdCIAS\"],\"inLanguage\":\"pt-PT\",\"potentialAction\":[{\"@type\":\"CommentAction\",\"name\":\"Comment\",\"target\":[\"https:\\\/\\\/inclusivenews.com.br\\\/?p=14330#respond\"]}]},{\"@type\":\"WebPage\",\"@id\":\"https:\\\/\\\/inclusivenews.com.br\\\/?p=14330\",\"url\":\"https:\\\/\\\/inclusivenews.com.br\\\/?p=14330\",\"name\":\"Divulgados os finalistas da 3\u00aa edi\u00e7\u00e3o do Pr\u00eamio Sentidos -\",\"isPartOf\":{\"@id\":\"https:\\\/\\\/inclusivenews.com.br\\\/#website\"},\"primaryImageOfPage\":{\"@id\":\"https:\\\/\\\/inclusivenews.com.br\\\/?p=14330#primaryimage\"},\"image\":{\"@id\":\"https:\\\/\\\/inclusivenews.com.br\\\/?p=14330#primaryimage\"},\"thumbnailUrl\":\"http:\\\/\\\/sentidos.uol.com.br\\\/premiosentidos2009\\\/imagens\\\/logo_terceiraedicao001.gif\",\"datePublished\":\"2010-03-12T08:30:40+00:00\",\"breadcrumb\":{\"@id\":\"https:\\\/\\\/inclusivenews.com.br\\\/?p=14330#breadcrumb\"},\"inLanguage\":\"pt-PT\",\"potentialAction\":[{\"@type\":\"ReadAction\",\"target\":[\"https:\\\/\\\/inclusivenews.com.br\\\/?p=14330\"]}]},{\"@type\":\"ImageObject\",\"inLanguage\":\"pt-PT\",\"@id\":\"https:\\\/\\\/inclusivenews.com.br\\\/?p=14330#primaryimage\",\"url\":\"http:\\\/\\\/sentidos.uol.com.br\\\/premiosentidos2009\\\/imagens\\\/logo_terceiraedicao001.gif\",\"contentUrl\":\"http:\\\/\\\/sentidos.uol.com.br\\\/premiosentidos2009\\\/imagens\\\/logo_terceiraedicao001.gif\"},{\"@type\":\"BreadcrumbList\",\"@id\":\"https:\\\/\\\/inclusivenews.com.br\\\/?p=14330#breadcrumb\",\"itemListElement\":[{\"@type\":\"ListItem\",\"position\":1,\"name\":\"In\u00edcio\",\"item\":\"https:\\\/\\\/inclusivenews.com.br\\\/\"},{\"@type\":\"ListItem\",\"position\":2,\"name\":\"Divulgados os finalistas da 3\u00aa edi\u00e7\u00e3o do Pr\u00eamio Sentidos\"}]},{\"@type\":\"WebSite\",\"@id\":\"https:\\\/\\\/inclusivenews.com.br\\\/#website\",\"url\":\"https:\\\/\\\/inclusivenews.com.br\\\/\",\"name\":\"Inclusive News\",\"description\":\"Inclusive News\",\"publisher\":{\"@id\":\"https:\\\/\\\/inclusivenews.com.br\\\/#organization\"},\"potentialAction\":[{\"@type\":\"SearchAction\",\"target\":{\"@type\":\"EntryPoint\",\"urlTemplate\":\"https:\\\/\\\/inclusivenews.com.br\\\/?s={search_term_string}\"},\"query-input\":{\"@type\":\"PropertyValueSpecification\",\"valueRequired\":true,\"valueName\":\"search_term_string\"}}],\"inLanguage\":\"pt-PT\"},{\"@type\":\"Organization\",\"@id\":\"https:\\\/\\\/inclusivenews.com.br\\\/#organization\",\"name\":\"Inclusive - inclus\u00e3o e cidadania\",\"url\":\"https:\\\/\\\/inclusivenews.com.br\\\/\",\"logo\":{\"@type\":\"ImageObject\",\"inLanguage\":\"pt-PT\",\"@id\":\"https:\\\/\\\/inclusivenews.com.br\\\/#\\\/schema\\\/logo\\\/image\\\/\",\"url\":\"https:\\\/\\\/inclusivenews.com.br\\\/wp-content\\\/uploads\\\/2024\\\/03\\\/@grandesite.png\",\"contentUrl\":\"https:\\\/\\\/inclusivenews.com.br\\\/wp-content\\\/uploads\\\/2024\\\/03\\\/@grandesite.png\",\"width\":1080,\"height\":1080,\"caption\":\"Inclusive - inclus\u00e3o e cidadania\"},\"image\":{\"@id\":\"https:\\\/\\\/inclusivenews.com.br\\\/#\\\/schema\\\/logo\\\/image\\\/\"},\"sameAs\":[\"https:\\\/\\\/www.facebook.com\\\/agenciainclusive\\\/\",\"https:\\\/\\\/www.instagram.com\\\/newsinclusive\\\/\"]},{\"@type\":\"Person\",\"@id\":\"https:\\\/\\\/inclusivenews.com.br\\\/#\\\/schema\\\/person\\\/ae4ec7087559b8692fb33b6fffd2273b\",\"name\":\"inclusivenews2024\",\"image\":{\"@type\":\"ImageObject\",\"inLanguage\":\"pt-PT\",\"@id\":\"https:\\\/\\\/secure.gravatar.com\\\/avatar\\\/c5a7ef84c66fa914f55bc4f7ce26cfa275a3b9a1c5568b907bd184fb4dde7b40?s=96&d=mm&r=g\",\"url\":\"https:\\\/\\\/secure.gravatar.com\\\/avatar\\\/c5a7ef84c66fa914f55bc4f7ce26cfa275a3b9a1c5568b907bd184fb4dde7b40?s=96&d=mm&r=g\",\"contentUrl\":\"https:\\\/\\\/secure.gravatar.com\\\/avatar\\\/c5a7ef84c66fa914f55bc4f7ce26cfa275a3b9a1c5568b907bd184fb4dde7b40?s=96&d=mm&r=g\",\"caption\":\"inclusivenews2024\"},\"sameAs\":[\"https:\\\/\\\/inclusivenews.com.br\"],\"url\":\"https:\\\/\\\/inclusivenews.com.br\\\/?author=1\"}]}<\/script>\n<!-- \/ Yoast SEO plugin. -->","yoast_head_json":{"title":"Divulgados os finalistas da 3\u00aa edi\u00e7\u00e3o do Pr\u00eamio Sentidos -","robots":{"index":"index","follow":"follow","max-snippet":"max-snippet:-1","max-image-preview":"max-image-preview:large","max-video-preview":"max-video-preview:-1"},"canonical":"https:\/\/inclusivenews.com.br\/?p=14330","og_locale":"pt_PT","og_type":"article","og_title":"Divulgados os finalistas da 3\u00aa edi\u00e7\u00e3o do Pr\u00eamio Sentidos -","og_description":"O n\u00famero de inscritos em 2009 superou o do ano anterior com 787 inscri\u00e7\u00f5es recebidas pela internet e por carta nas categorias artes, empresas, esportes, gente como a gente, literatura e Terceiro Setor. A informa\u00e7\u00e3o \u00e9 da Trama Comunica\u00e7\u00e3o.","og_url":"https:\/\/inclusivenews.com.br\/?p=14330","article_publisher":"https:\/\/www.facebook.com\/agenciainclusive\/","article_published_time":"2010-03-12T08:30:40+00:00","og_image":[{"url":"http:\/\/sentidos.uol.com.br\/premiosentidos2009\/imagens\/logo_terceiraedicao001.gif","type":"","width":"","height":""}],"author":"inclusivenews2024","twitter_card":"summary_large_image","twitter_misc":{"Escrito por":"inclusivenews2024","Tempo estimado de leitura":"3 minutos"},"schema":{"@context":"https:\/\/schema.org","@graph":[{"@type":"Article","@id":"https:\/\/inclusivenews.com.br\/?p=14330#article","isPartOf":{"@id":"https:\/\/inclusivenews.com.br\/?p=14330"},"author":{"name":"inclusivenews2024","@id":"https:\/\/inclusivenews.com.br\/#\/schema\/person\/ae4ec7087559b8692fb33b6fffd2273b"},"headline":"Divulgados os finalistas da 3\u00aa edi\u00e7\u00e3o do Pr\u00eamio Sentidos","datePublished":"2010-03-12T08:30:40+00:00","mainEntityOfPage":{"@id":"https:\/\/inclusivenews.com.br\/?p=14330"},"wordCount":536,"commentCount":0,"publisher":{"@id":"https:\/\/inclusivenews.com.br\/#organization"},"image":{"@id":"https:\/\/inclusivenews.com.br\/?p=14330#primaryimage"},"thumbnailUrl":"http:\/\/sentidos.uol.com.br\/premiosentidos2009\/imagens\/logo_terceiraedicao001.gif","articleSection":["NOT\u00cdCIAS"],"inLanguage":"pt-PT","potentialAction":[{"@type":"CommentAction","name":"Comment","target":["https:\/\/inclusivenews.com.br\/?p=14330#respond"]}]},{"@type":"WebPage","@id":"https:\/\/inclusivenews.com.br\/?p=14330","url":"https:\/\/inclusivenews.com.br\/?p=14330","name":"Divulgados os finalistas da 3\u00aa edi\u00e7\u00e3o do Pr\u00eamio Sentidos -","isPartOf":{"@id":"https:\/\/inclusivenews.com.br\/#website"},"primaryImageOfPage":{"@id":"https:\/\/inclusivenews.com.br\/?p=14330#primaryimage"},"image":{"@id":"https:\/\/inclusivenews.com.br\/?p=14330#primaryimage"},"thumbnailUrl":"http:\/\/sentidos.uol.com.br\/premiosentidos2009\/imagens\/logo_terceiraedicao001.gif","datePublished":"2010-03-12T08:30:40+00:00","breadcrumb":{"@id":"https:\/\/inclusivenews.com.br\/?p=14330#breadcrumb"},"inLanguage":"pt-PT","potentialAction":[{"@type":"ReadAction","target":["https:\/\/inclusivenews.com.br\/?p=14330"]}]},{"@type":"ImageObject","inLanguage":"pt-PT","@id":"https:\/\/inclusivenews.com.br\/?p=14330#primaryimage","url":"http:\/\/sentidos.uol.com.br\/premiosentidos2009\/imagens\/logo_terceiraedicao001.gif","contentUrl":"http:\/\/sentidos.uol.com.br\/premiosentidos2009\/imagens\/logo_terceiraedicao001.gif"},{"@type":"BreadcrumbList","@id":"https:\/\/inclusivenews.com.br\/?p=14330#breadcrumb","itemListElement":[{"@type":"ListItem","position":1,"name":"In\u00edcio","item":"https:\/\/inclusivenews.com.br\/"},{"@type":"ListItem","position":2,"name":"Divulgados os finalistas da 3\u00aa edi\u00e7\u00e3o do Pr\u00eamio Sentidos"}]},{"@type":"WebSite","@id":"https:\/\/inclusivenews.com.br\/#website","url":"https:\/\/inclusivenews.com.br\/","name":"Inclusive News","description":"Inclusive News","publisher":{"@id":"https:\/\/inclusivenews.com.br\/#organization"},"potentialAction":[{"@type":"SearchAction","target":{"@type":"EntryPoint","urlTemplate":"https:\/\/inclusivenews.com.br\/?s={search_term_string}"},"query-input":{"@type":"PropertyValueSpecification","valueRequired":true,"valueName":"search_term_string"}}],"inLanguage":"pt-PT"},{"@type":"Organization","@id":"https:\/\/inclusivenews.com.br\/#organization","name":"Inclusive - inclus\u00e3o e cidadania","url":"https:\/\/inclusivenews.com.br\/","logo":{"@type":"ImageObject","inLanguage":"pt-PT","@id":"https:\/\/inclusivenews.com.br\/#\/schema\/logo\/image\/","url":"https:\/\/inclusivenews.com.br\/wp-content\/uploads\/2024\/03\/@grandesite.png","contentUrl":"https:\/\/inclusivenews.com.br\/wp-content\/uploads\/2024\/03\/@grandesite.png","width":1080,"height":1080,"caption":"Inclusive - inclus\u00e3o e cidadania"},"image":{"@id":"https:\/\/inclusivenews.com.br\/#\/schema\/logo\/image\/"},"sameAs":["https:\/\/www.facebook.com\/agenciainclusive\/","https:\/\/www.instagram.com\/newsinclusive\/"]},{"@type":"Person","@id":"https:\/\/inclusivenews.com.br\/#\/schema\/person\/ae4ec7087559b8692fb33b6fffd2273b","name":"inclusivenews2024","image":{"@type":"ImageObject","inLanguage":"pt-PT","@id":"https:\/\/secure.gravatar.com\/avatar\/c5a7ef84c66fa914f55bc4f7ce26cfa275a3b9a1c5568b907bd184fb4dde7b40?s=96&d=mm&r=g","url":"https:\/\/secure.gravatar.com\/avatar\/c5a7ef84c66fa914f55bc4f7ce26cfa275a3b9a1c5568b907bd184fb4dde7b40?s=96&d=mm&r=g","contentUrl":"https:\/\/secure.gravatar.com\/avatar\/c5a7ef84c66fa914f55bc4f7ce26cfa275a3b9a1c5568b907bd184fb4dde7b40?s=96&d=mm&r=g","caption":"inclusivenews2024"},"sameAs":["https:\/\/inclusivenews.com.br"],"url":"https:\/\/inclusivenews.com.br\/?author=1"}]}},"_links":{"self":[{"href":"https:\/\/inclusivenews.com.br\/index.php?rest_route=\/wp\/v2\/posts\/14330","targetHints":{"allow":["GET"]}}],"collection":[{"href":"https:\/\/inclusivenews.com.br\/index.php?rest_route=\/wp\/v2\/posts"}],"about":[{"href":"https:\/\/inclusivenews.com.br\/index.php?rest_route=\/wp\/v2\/types\/post"}],"author":[{"embeddable":true,"href":"https:\/\/inclusivenews.com.br\/index.php?rest_route=\/wp\/v2\/users\/1"}],"replies":[{"embeddable":true,"href":"https:\/\/inclusivenews.com.br\/index.php?rest_route=%2Fwp%2Fv2%2Fcomments&post=14330"}],"version-history":[{"count":0,"href":"https:\/\/inclusivenews.com.br\/index.php?rest_route=\/wp\/v2\/posts\/14330\/revisions"}],"wp:attachment":[{"href":"https:\/\/inclusivenews.com.br\/index.php?rest_route=%2Fwp%2Fv2%2Fmedia&parent=14330"}],"wp:term":[{"taxonomy":"category","embeddable":true,"href":"https:\/\/inclusivenews.com.br\/index.php?rest_route=%2Fwp%2Fv2%2Fcategories&post=14330"},{"taxonomy":"post_tag","embeddable":true,"href":"https:\/\/inclusivenews.com.br\/index.php?rest_route=%2Fwp%2Fv2%2Ftags&post=14330"}],"curies":[{"name":"wp","href":"https:\/\/api.w.org\/{rel}","templated":true}]}}