{"id":14348,"date":"2010-03-12T22:02:40","date_gmt":"2010-03-13T01:02:40","guid":{"rendered":"http:\/\/www.inclusive.org.br\/?p=14348"},"modified":"2010-03-12T22:02:40","modified_gmt":"2010-03-13T01:02:40","slug":"inclusao-comeca-na-escola","status":"publish","type":"post","link":"https:\/\/inclusivenews.com.br\/?p=14348","title":{"rendered":"Inclus\u00e3o come\u00e7a na escola"},"content":{"rendered":"<figure id=\"attachment_13653\" aria-describedby=\"caption-attachment-13653\" style=\"width: 205px\" class=\"wp-caption alignnone\"><a href=\"http:\/\/www.inclusivenews.com.br\/wp-content\/uploads\/2010\/01\/bairroescola.jpg\"><img loading=\"lazy\" decoding=\"async\" class=\"size-full wp-image-13653\" title=\"bairroescola\" src=\"http:\/\/inclusivenews.com.br\/wp-content\/uploads\/2010\/01\/bairroescola.jpg\" alt=\"\" width=\"205\" height=\"172\" \/><\/a><figcaption id=\"caption-attachment-13653\" class=\"wp-caption-text\">Ilustra\u00e7\u00e3o de crian\u00e7a indo para a escola com mochila nas costas<\/figcaption><\/figure>\n<p>Inscrever uma crian\u00e7a com necessidades especiais numa escola p\u00fablica de ensino regular \u00e9 uma batalha para muitas fam\u00edlias. Fazer com que ela se adapte, n\u00e3o sofra discrimina\u00e7\u00e3o dos colegas e receba a aten\u00e7\u00e3o dos professores s\u00e3o outros desafios. Na contram\u00e3o desse cen\u00e1rio, com mais de 60 estudantes portadores de diferentes defici\u00eancias, a Escola Municipal de Educa\u00e7\u00e3o Fundamental Jo\u00e3o Paulo I est\u00e1 se tornando refer\u00eancia positiva em Canoas. Em abril, a escola, localizada na Vila Santo Oper\u00e1rio, no bairro Harmonia, comemora o recebimento de uma sala de recursos multifuncionais do Minist\u00e9rio da Educa\u00e7\u00e3o (MEC). No local, que deve estar funcionando at\u00e9 o fim do m\u00eas, haver\u00e1 atendimento educacional especializado no turno inverso da aula para crian\u00e7as e adolescentes com defici\u00eancias.<\/p>\n<p>Para colocar em pr\u00e1tica a inclus\u00e3o social, a dire\u00e7\u00e3o e a equipe pedag\u00f3gica da escola unem esfor\u00e7os para garantir uma educa\u00e7\u00e3o de qualidade aos seus alunos especiais. Crian\u00e7as e adolescentes com dificuldades mentais, f\u00edsicas, auditivas e visuais estudam na mesma sala de aula daquelas que n\u00e3o t\u00eam nenhuma defici\u00eancia.<\/p>\n<p><strong>&#8211; Intera\u00e7\u00e3o com as fam\u00edlias dos alunos<\/strong><\/p>\n<p>Conforme a pedagoga Sheila Idalgo, a escola procura manter um di\u00e1logo com as fam\u00edlias e constantemente conversa com os estudantes que, de alguma forma, estejam discriminando os colegas.<\/p>\n<p>Segundo a diretora da escola, Cinara Costa, que atua no local h\u00e1 mais de 21 anos, sempre houve grande procura de fam\u00edlias nessa situa\u00e7\u00e3o. Hoje s\u00e3o recebidos, inclusive, moradores de outros bairros.<\/p>\n<p>\u2013 As pedagogas chegam a acompanhar as fam\u00edlias em consultas m\u00e9dicas, se envolvem profundamente nos casos \u2013 afirma Cinara.<\/p>\n<p>Na pr\u00e9-escola, a queixa de Diuli\u00e9len dos Santos, 12 anos, estava relacionada \u00e0 falta de aten\u00e7\u00e3o dos docentes. Uma doen\u00e7a degenerativa vem comprometendo sua locomo\u00e7\u00e3o, sua vis\u00e3o e sua audi\u00e7\u00e3o. Prontamente, o pai, Alcir dos Santos, decidiu pela mudan\u00e7a. Ela agora est\u00e1 na 7\u00aa s\u00e9rie.<\/p>\n<p>\u2013 Nem todos os professores est\u00e3o preparados para esse atendimento, mas quando percebemos que algo n\u00e3o est\u00e1 indo bem, conversamos com a equipe pedag\u00f3gica, que sempre busca uma solu\u00e7\u00e3o \u2013 observa o pai.<\/p>\n<p>A dona de casa Angelita Farias, 57 anos, encontrou dificuldades com o neto Fernando Geonatto, 14 anos. Devido a um atraso mental, o adolescente, que cursa a 4\u00aa s\u00e9rie, aprende como uma crian\u00e7a de sete anos. Quando morava no norte do Estado, Angelita flagrou ele trabalhando como pedreiro na escola em que estudava:<\/p>\n<p>\u2013 Como os professores n\u00e3o tinham paci\u00eancia, preferiam mand\u00e1-lo sair da sala. Fiquei apavorada. Agora aqui \u00e9 diferente.<\/p>\n<table border=\"1\" cellspacing=\"0\" cellpadding=\"3\" width=\"98%\" align=\"center\" bordercolor=\"#CCCCCC\">\n<tbody>\n<tr>\n<td bgcolor=\"#E5E5E5\"><span style=\"color: #000000;\">DICAS PARA INSTITUI\u00c7\u00d5ES E PROFISSIONAIS DE ENSINO<\/span><\/td>\n<\/tr>\n<tr>\n<td>&gt; O primeiro passo \u00e9 estar aberto para a inclus\u00e3o social, recebendo as fam\u00edlias<\/td>\n<\/tr>\n<tr>\n<td>&gt; Estabelecer parcerias com fam\u00edlia, alunos, m\u00e9dicos, Secretaria Municipal de Educa\u00e7\u00e3o e demais entidades especializadas em inclus\u00e3o social<\/td>\n<\/tr>\n<tr>\n<td>&gt; Promover a acessibilidade, fazendo adapta\u00e7\u00f5es nas depend\u00eancias da escola. Como, por exemplo, rampas e banheiros adaptados<\/td>\n<\/tr>\n<tr>\n<td>&gt; Incentivar os profissionais a buscar especializa\u00e7\u00f5es sobre o tema<\/td>\n<\/tr>\n<tr>\n<td>&gt; Realizar reuni\u00f5es peri\u00f3dicas para levantar novas ideias e ver o que pode contribuir para a qualidade do ensino<\/td>\n<\/tr>\n<tr>\n<td>&gt; Estimular o di\u00e1logo e a troca de informa\u00e7\u00f5es entre a equipe pedag\u00f3gica e os professores, pois s\u00e3o eles que t\u00eam maior contato com os estudantes<\/td>\n<\/tr>\n<tr>\n<td>&gt; Falar sobre o assunto inclus\u00e3o social em sala de aula<\/td>\n<\/tr>\n<tr>\n<td>Fonte: Fonte: Equipe pedag\u00f3gica da Escola Municipal Jo\u00e3o Paulo I<\/td>\n<\/tr>\n<\/tbody>\n<\/table>\n<p>Fonte:\u00a0<a href=\"http:\/\/zerohora.clicrbs.com.br\/zerohora\/jsp\/default2.jsp?uf=1&amp;local=1&amp;source=a2835076.xml&amp;template=3898.dwt&amp;edition=14276&amp;section=1541\">http:\/\/zerohora.clicrbs.com.br\/zerohora\/jsp\/default2.jsp?uf=1&amp;local=1&amp;source=a2835076.xml&amp;template=3898.dwt&amp;edition=14276&amp;section=1541<\/a><\/p>\n","protected":false},"excerpt":{"rendered":"<p>Inscrever uma crian\u00e7a com necessidades especiais numa escola p\u00fablica de ensino regular \u00e9 uma batalha para muitas fam\u00edlias. Fazer com que ela se adapte, n\u00e3o sofra discrimina\u00e7\u00e3o dos colegas e receba a aten\u00e7\u00e3o dos professores s\u00e3o outros desafios. Na contram\u00e3o desse cen\u00e1rio, com mais de 60 estudantes portadores de diferentes defici\u00eancias, a Escola Municipal de [&hellip;]<\/p>\n","protected":false},"author":1,"featured_media":0,"comment_status":"open","ping_status":"open","sticky":false,"template":"","format":"standard","meta":{"site-container-style":"default","site-container-layout":"default","site-sidebar-layout":"default","disable-article-header":"default","disable-site-header":"default","disable-site-footer":"default","disable-content-area-spacing":"default","footnotes":""},"categories":[38,6,48,4],"tags":[],"class_list":["post-14348","post","type-post","status-publish","format-standard","hentry","category-deficiencia","category-educacao","category-inclusao","category-noticias"],"yoast_head":"<!-- This site is optimized with the Yoast SEO plugin v27.4 - https:\/\/yoast.com\/product\/yoast-seo-wordpress\/ -->\n<title>Inclus\u00e3o come\u00e7a na escola -<\/title>\n<meta name=\"robots\" content=\"index, follow, max-snippet:-1, max-image-preview:large, max-video-preview:-1\" \/>\n<link rel=\"canonical\" href=\"https:\/\/inclusivenews.com.br\/?p=14348\" \/>\n<meta property=\"og:locale\" content=\"pt_PT\" \/>\n<meta property=\"og:type\" content=\"article\" \/>\n<meta property=\"og:title\" content=\"Inclus\u00e3o come\u00e7a na escola -\" \/>\n<meta property=\"og:description\" content=\"Inscrever uma crian\u00e7a com necessidades especiais numa escola p\u00fablica de ensino regular \u00e9 uma batalha para muitas fam\u00edlias. Fazer com que ela se adapte, n\u00e3o sofra discrimina\u00e7\u00e3o dos colegas e receba a aten\u00e7\u00e3o dos professores s\u00e3o outros desafios. Na contram\u00e3o desse cen\u00e1rio, com mais de 60 estudantes portadores de diferentes defici\u00eancias, a Escola Municipal de [&hellip;]\" \/>\n<meta property=\"og:url\" content=\"https:\/\/inclusivenews.com.br\/?p=14348\" \/>\n<meta property=\"article:publisher\" content=\"https:\/\/www.facebook.com\/agenciainclusive\/\" \/>\n<meta property=\"article:published_time\" content=\"2010-03-13T01:02:40+00:00\" \/>\n<meta property=\"og:image\" content=\"http:\/\/inclusivenews.com.br\/wp-content\/uploads\/2010\/01\/bairroescola.jpg\" \/>\n<meta name=\"author\" content=\"inclusivenews2024\" \/>\n<meta name=\"twitter:card\" content=\"summary_large_image\" \/>\n<meta name=\"twitter:label1\" content=\"Escrito por\" \/>\n\t<meta name=\"twitter:data1\" content=\"inclusivenews2024\" \/>\n\t<meta name=\"twitter:label2\" content=\"Tempo estimado de leitura\" \/>\n\t<meta name=\"twitter:data2\" content=\"3 minutos\" \/>\n<script type=\"application\/ld+json\" class=\"yoast-schema-graph\">{\"@context\":\"https:\\\/\\\/schema.org\",\"@graph\":[{\"@type\":\"Article\",\"@id\":\"https:\\\/\\\/inclusivenews.com.br\\\/?p=14348#article\",\"isPartOf\":{\"@id\":\"https:\\\/\\\/inclusivenews.com.br\\\/?p=14348\"},\"author\":{\"name\":\"inclusivenews2024\",\"@id\":\"https:\\\/\\\/inclusivenews.com.br\\\/#\\\/schema\\\/person\\\/ae4ec7087559b8692fb33b6fffd2273b\"},\"headline\":\"Inclus\u00e3o come\u00e7a na escola\",\"datePublished\":\"2010-03-13T01:02:40+00:00\",\"mainEntityOfPage\":{\"@id\":\"https:\\\/\\\/inclusivenews.com.br\\\/?p=14348\"},\"wordCount\":647,\"commentCount\":0,\"publisher\":{\"@id\":\"https:\\\/\\\/inclusivenews.com.br\\\/#organization\"},\"image\":{\"@id\":\"https:\\\/\\\/inclusivenews.com.br\\\/?p=14348#primaryimage\"},\"thumbnailUrl\":\"http:\\\/\\\/inclusivenews.com.br\\\/wp-content\\\/uploads\\\/2010\\\/01\\\/bairroescola.jpg\",\"articleSection\":[\"Defici\u00eancia\",\"EDUCA\u00c7\u00c3O\",\"INCLUS\u00c3O SOCIAL\",\"NOT\u00cdCIAS\"],\"inLanguage\":\"pt-PT\",\"potentialAction\":[{\"@type\":\"CommentAction\",\"name\":\"Comment\",\"target\":[\"https:\\\/\\\/inclusivenews.com.br\\\/?p=14348#respond\"]}]},{\"@type\":\"WebPage\",\"@id\":\"https:\\\/\\\/inclusivenews.com.br\\\/?p=14348\",\"url\":\"https:\\\/\\\/inclusivenews.com.br\\\/?p=14348\",\"name\":\"Inclus\u00e3o come\u00e7a na escola -\",\"isPartOf\":{\"@id\":\"https:\\\/\\\/inclusivenews.com.br\\\/#website\"},\"primaryImageOfPage\":{\"@id\":\"https:\\\/\\\/inclusivenews.com.br\\\/?p=14348#primaryimage\"},\"image\":{\"@id\":\"https:\\\/\\\/inclusivenews.com.br\\\/?p=14348#primaryimage\"},\"thumbnailUrl\":\"http:\\\/\\\/inclusivenews.com.br\\\/wp-content\\\/uploads\\\/2010\\\/01\\\/bairroescola.jpg\",\"datePublished\":\"2010-03-13T01:02:40+00:00\",\"breadcrumb\":{\"@id\":\"https:\\\/\\\/inclusivenews.com.br\\\/?p=14348#breadcrumb\"},\"inLanguage\":\"pt-PT\",\"potentialAction\":[{\"@type\":\"ReadAction\",\"target\":[\"https:\\\/\\\/inclusivenews.com.br\\\/?p=14348\"]}]},{\"@type\":\"ImageObject\",\"inLanguage\":\"pt-PT\",\"@id\":\"https:\\\/\\\/inclusivenews.com.br\\\/?p=14348#primaryimage\",\"url\":\"\",\"contentUrl\":\"\"},{\"@type\":\"BreadcrumbList\",\"@id\":\"https:\\\/\\\/inclusivenews.com.br\\\/?p=14348#breadcrumb\",\"itemListElement\":[{\"@type\":\"ListItem\",\"position\":1,\"name\":\"In\u00edcio\",\"item\":\"https:\\\/\\\/inclusivenews.com.br\\\/\"},{\"@type\":\"ListItem\",\"position\":2,\"name\":\"Inclus\u00e3o come\u00e7a na escola\"}]},{\"@type\":\"WebSite\",\"@id\":\"https:\\\/\\\/inclusivenews.com.br\\\/#website\",\"url\":\"https:\\\/\\\/inclusivenews.com.br\\\/\",\"name\":\"Inclusive News\",\"description\":\"Inclusive News\",\"publisher\":{\"@id\":\"https:\\\/\\\/inclusivenews.com.br\\\/#organization\"},\"potentialAction\":[{\"@type\":\"SearchAction\",\"target\":{\"@type\":\"EntryPoint\",\"urlTemplate\":\"https:\\\/\\\/inclusivenews.com.br\\\/?s={search_term_string}\"},\"query-input\":{\"@type\":\"PropertyValueSpecification\",\"valueRequired\":true,\"valueName\":\"search_term_string\"}}],\"inLanguage\":\"pt-PT\"},{\"@type\":\"Organization\",\"@id\":\"https:\\\/\\\/inclusivenews.com.br\\\/#organization\",\"name\":\"Inclusive - inclus\u00e3o e cidadania\",\"url\":\"https:\\\/\\\/inclusivenews.com.br\\\/\",\"logo\":{\"@type\":\"ImageObject\",\"inLanguage\":\"pt-PT\",\"@id\":\"https:\\\/\\\/inclusivenews.com.br\\\/#\\\/schema\\\/logo\\\/image\\\/\",\"url\":\"https:\\\/\\\/inclusivenews.com.br\\\/wp-content\\\/uploads\\\/2024\\\/03\\\/@grandesite.png\",\"contentUrl\":\"https:\\\/\\\/inclusivenews.com.br\\\/wp-content\\\/uploads\\\/2024\\\/03\\\/@grandesite.png\",\"width\":1080,\"height\":1080,\"caption\":\"Inclusive - inclus\u00e3o e cidadania\"},\"image\":{\"@id\":\"https:\\\/\\\/inclusivenews.com.br\\\/#\\\/schema\\\/logo\\\/image\\\/\"},\"sameAs\":[\"https:\\\/\\\/www.facebook.com\\\/agenciainclusive\\\/\",\"https:\\\/\\\/www.instagram.com\\\/newsinclusive\\\/\"]},{\"@type\":\"Person\",\"@id\":\"https:\\\/\\\/inclusivenews.com.br\\\/#\\\/schema\\\/person\\\/ae4ec7087559b8692fb33b6fffd2273b\",\"name\":\"inclusivenews2024\",\"image\":{\"@type\":\"ImageObject\",\"inLanguage\":\"pt-PT\",\"@id\":\"https:\\\/\\\/secure.gravatar.com\\\/avatar\\\/c5a7ef84c66fa914f55bc4f7ce26cfa275a3b9a1c5568b907bd184fb4dde7b40?s=96&d=mm&r=g\",\"url\":\"https:\\\/\\\/secure.gravatar.com\\\/avatar\\\/c5a7ef84c66fa914f55bc4f7ce26cfa275a3b9a1c5568b907bd184fb4dde7b40?s=96&d=mm&r=g\",\"contentUrl\":\"https:\\\/\\\/secure.gravatar.com\\\/avatar\\\/c5a7ef84c66fa914f55bc4f7ce26cfa275a3b9a1c5568b907bd184fb4dde7b40?s=96&d=mm&r=g\",\"caption\":\"inclusivenews2024\"},\"sameAs\":[\"https:\\\/\\\/inclusivenews.com.br\"],\"url\":\"https:\\\/\\\/inclusivenews.com.br\\\/?author=1\"}]}<\/script>\n<!-- \/ Yoast SEO plugin. -->","yoast_head_json":{"title":"Inclus\u00e3o come\u00e7a na escola -","robots":{"index":"index","follow":"follow","max-snippet":"max-snippet:-1","max-image-preview":"max-image-preview:large","max-video-preview":"max-video-preview:-1"},"canonical":"https:\/\/inclusivenews.com.br\/?p=14348","og_locale":"pt_PT","og_type":"article","og_title":"Inclus\u00e3o come\u00e7a na escola -","og_description":"Inscrever uma crian\u00e7a com necessidades especiais numa escola p\u00fablica de ensino regular \u00e9 uma batalha para muitas fam\u00edlias. Fazer com que ela se adapte, n\u00e3o sofra discrimina\u00e7\u00e3o dos colegas e receba a aten\u00e7\u00e3o dos professores s\u00e3o outros desafios. Na contram\u00e3o desse cen\u00e1rio, com mais de 60 estudantes portadores de diferentes defici\u00eancias, a Escola Municipal de [&hellip;]","og_url":"https:\/\/inclusivenews.com.br\/?p=14348","article_publisher":"https:\/\/www.facebook.com\/agenciainclusive\/","article_published_time":"2010-03-13T01:02:40+00:00","og_image":[{"url":"http:\/\/inclusivenews.com.br\/wp-content\/uploads\/2010\/01\/bairroescola.jpg","type":"","width":"","height":""}],"author":"inclusivenews2024","twitter_card":"summary_large_image","twitter_misc":{"Escrito por":"inclusivenews2024","Tempo estimado de leitura":"3 minutos"},"schema":{"@context":"https:\/\/schema.org","@graph":[{"@type":"Article","@id":"https:\/\/inclusivenews.com.br\/?p=14348#article","isPartOf":{"@id":"https:\/\/inclusivenews.com.br\/?p=14348"},"author":{"name":"inclusivenews2024","@id":"https:\/\/inclusivenews.com.br\/#\/schema\/person\/ae4ec7087559b8692fb33b6fffd2273b"},"headline":"Inclus\u00e3o come\u00e7a na escola","datePublished":"2010-03-13T01:02:40+00:00","mainEntityOfPage":{"@id":"https:\/\/inclusivenews.com.br\/?p=14348"},"wordCount":647,"commentCount":0,"publisher":{"@id":"https:\/\/inclusivenews.com.br\/#organization"},"image":{"@id":"https:\/\/inclusivenews.com.br\/?p=14348#primaryimage"},"thumbnailUrl":"http:\/\/inclusivenews.com.br\/wp-content\/uploads\/2010\/01\/bairroescola.jpg","articleSection":["Defici\u00eancia","EDUCA\u00c7\u00c3O","INCLUS\u00c3O SOCIAL","NOT\u00cdCIAS"],"inLanguage":"pt-PT","potentialAction":[{"@type":"CommentAction","name":"Comment","target":["https:\/\/inclusivenews.com.br\/?p=14348#respond"]}]},{"@type":"WebPage","@id":"https:\/\/inclusivenews.com.br\/?p=14348","url":"https:\/\/inclusivenews.com.br\/?p=14348","name":"Inclus\u00e3o come\u00e7a na escola -","isPartOf":{"@id":"https:\/\/inclusivenews.com.br\/#website"},"primaryImageOfPage":{"@id":"https:\/\/inclusivenews.com.br\/?p=14348#primaryimage"},"image":{"@id":"https:\/\/inclusivenews.com.br\/?p=14348#primaryimage"},"thumbnailUrl":"http:\/\/inclusivenews.com.br\/wp-content\/uploads\/2010\/01\/bairroescola.jpg","datePublished":"2010-03-13T01:02:40+00:00","breadcrumb":{"@id":"https:\/\/inclusivenews.com.br\/?p=14348#breadcrumb"},"inLanguage":"pt-PT","potentialAction":[{"@type":"ReadAction","target":["https:\/\/inclusivenews.com.br\/?p=14348"]}]},{"@type":"ImageObject","inLanguage":"pt-PT","@id":"https:\/\/inclusivenews.com.br\/?p=14348#primaryimage","url":"","contentUrl":""},{"@type":"BreadcrumbList","@id":"https:\/\/inclusivenews.com.br\/?p=14348#breadcrumb","itemListElement":[{"@type":"ListItem","position":1,"name":"In\u00edcio","item":"https:\/\/inclusivenews.com.br\/"},{"@type":"ListItem","position":2,"name":"Inclus\u00e3o come\u00e7a na escola"}]},{"@type":"WebSite","@id":"https:\/\/inclusivenews.com.br\/#website","url":"https:\/\/inclusivenews.com.br\/","name":"Inclusive News","description":"Inclusive News","publisher":{"@id":"https:\/\/inclusivenews.com.br\/#organization"},"potentialAction":[{"@type":"SearchAction","target":{"@type":"EntryPoint","urlTemplate":"https:\/\/inclusivenews.com.br\/?s={search_term_string}"},"query-input":{"@type":"PropertyValueSpecification","valueRequired":true,"valueName":"search_term_string"}}],"inLanguage":"pt-PT"},{"@type":"Organization","@id":"https:\/\/inclusivenews.com.br\/#organization","name":"Inclusive - inclus\u00e3o e cidadania","url":"https:\/\/inclusivenews.com.br\/","logo":{"@type":"ImageObject","inLanguage":"pt-PT","@id":"https:\/\/inclusivenews.com.br\/#\/schema\/logo\/image\/","url":"https:\/\/inclusivenews.com.br\/wp-content\/uploads\/2024\/03\/@grandesite.png","contentUrl":"https:\/\/inclusivenews.com.br\/wp-content\/uploads\/2024\/03\/@grandesite.png","width":1080,"height":1080,"caption":"Inclusive - inclus\u00e3o e cidadania"},"image":{"@id":"https:\/\/inclusivenews.com.br\/#\/schema\/logo\/image\/"},"sameAs":["https:\/\/www.facebook.com\/agenciainclusive\/","https:\/\/www.instagram.com\/newsinclusive\/"]},{"@type":"Person","@id":"https:\/\/inclusivenews.com.br\/#\/schema\/person\/ae4ec7087559b8692fb33b6fffd2273b","name":"inclusivenews2024","image":{"@type":"ImageObject","inLanguage":"pt-PT","@id":"https:\/\/secure.gravatar.com\/avatar\/c5a7ef84c66fa914f55bc4f7ce26cfa275a3b9a1c5568b907bd184fb4dde7b40?s=96&d=mm&r=g","url":"https:\/\/secure.gravatar.com\/avatar\/c5a7ef84c66fa914f55bc4f7ce26cfa275a3b9a1c5568b907bd184fb4dde7b40?s=96&d=mm&r=g","contentUrl":"https:\/\/secure.gravatar.com\/avatar\/c5a7ef84c66fa914f55bc4f7ce26cfa275a3b9a1c5568b907bd184fb4dde7b40?s=96&d=mm&r=g","caption":"inclusivenews2024"},"sameAs":["https:\/\/inclusivenews.com.br"],"url":"https:\/\/inclusivenews.com.br\/?author=1"}]}},"_links":{"self":[{"href":"https:\/\/inclusivenews.com.br\/index.php?rest_route=\/wp\/v2\/posts\/14348","targetHints":{"allow":["GET"]}}],"collection":[{"href":"https:\/\/inclusivenews.com.br\/index.php?rest_route=\/wp\/v2\/posts"}],"about":[{"href":"https:\/\/inclusivenews.com.br\/index.php?rest_route=\/wp\/v2\/types\/post"}],"author":[{"embeddable":true,"href":"https:\/\/inclusivenews.com.br\/index.php?rest_route=\/wp\/v2\/users\/1"}],"replies":[{"embeddable":true,"href":"https:\/\/inclusivenews.com.br\/index.php?rest_route=%2Fwp%2Fv2%2Fcomments&post=14348"}],"version-history":[{"count":0,"href":"https:\/\/inclusivenews.com.br\/index.php?rest_route=\/wp\/v2\/posts\/14348\/revisions"}],"wp:attachment":[{"href":"https:\/\/inclusivenews.com.br\/index.php?rest_route=%2Fwp%2Fv2%2Fmedia&parent=14348"}],"wp:term":[{"taxonomy":"category","embeddable":true,"href":"https:\/\/inclusivenews.com.br\/index.php?rest_route=%2Fwp%2Fv2%2Fcategories&post=14348"},{"taxonomy":"post_tag","embeddable":true,"href":"https:\/\/inclusivenews.com.br\/index.php?rest_route=%2Fwp%2Fv2%2Ftags&post=14348"}],"curies":[{"name":"wp","href":"https:\/\/api.w.org\/{rel}","templated":true}]}}