{"id":14391,"date":"2010-03-16T09:03:34","date_gmt":"2010-03-16T12:03:34","guid":{"rendered":"http:\/\/www.inclusive.org.br\/?p=14391"},"modified":"2010-03-16T09:03:34","modified_gmt":"2010-03-16T12:03:34","slug":"2%c2%ba-premio-nacional-de-educacao-em-direitos-humanos","status":"publish","type":"post","link":"https:\/\/inclusivenews.com.br\/?p=14391","title":{"rendered":"2\u00ba Pr\u00eamio Nacional de Educa\u00e7\u00e3o em Direitos Humanos"},"content":{"rendered":"<figure id=\"attachment_14404\" aria-describedby=\"caption-attachment-14404\" style=\"width: 158px\" class=\"wp-caption alignleft\"><a href=\"http:\/\/www.inclusivenews.com.br\/wp-content\/uploads\/2010\/03\/premiodh.jpg\"><img loading=\"lazy\" decoding=\"async\" class=\"size-full wp-image-14404 \" title=\"2\u00ba Pr\u00eamio Nacional de Direitos Humanos\" src=\"http:\/\/inclusivenews.com.br\/wp-content\/uploads\/2010\/03\/premiodh.jpg\" alt=\"\" width=\"158\" height=\"143\" \/><\/a><figcaption id=\"caption-attachment-14404\" class=\"wp-caption-text\"> <\/figcaption><\/figure>\n<p>A Secretaria Especial dos Direitos Humanos da Presid\u00eancia da Rep\u00fablica (SEDH\/PR), em parceria com Minist\u00e9rio da Educa\u00e7\u00e3o e a Organiza\u00e7\u00e3o de Estados Iberoamericanos (OEI), lan\u00e7aram nesta quinta feira (11), \u00e0s 11h30, em Bras\u00edlia (DF), o 2\u00ba Pr\u00eamio Nacional de Educa\u00e7\u00e3o em Direitos Humanos. Os objetivos s\u00e3o fortalecer as pr\u00e1ticas educacionais existentes no pa\u00eds, al\u00e9m de\u00a0 promover a\u00e7\u00f5es e instrumentos que contribuam com a constru\u00e7\u00e3o de uma cultura universal dos Direitos Humanos, uma das diretrizes do Plano Nacional de Educa\u00e7\u00e3o em Direitos Humanos. O lan\u00e7amento \u00e9 parte das atividades da reuni\u00e3o\u00a0 ordin\u00e1ria do C\u00f4mite Nacional de Educa\u00e7\u00e3o em Direitos Humanos.<\/p>\n<p>\u201cO pr\u00eamio \u00e9 importante pois temos a possibilidade de localizar experi\u00eancias diversas no campo da Educa\u00e7\u00e3o em Direitos Humanos, na \u00e1rea escolar com educa\u00e7\u00e3o b\u00e1sica e superior e na \u00e1rea n\u00e3o formal com experi\u00eancias educativas fora das experi\u00eancias escolares\u201d contou o professor Erasto Mendon\u00e7a, coordenador-geral de Educa\u00e7\u00e3o em Direitos Humanos da SEDH, explicando que ONGs, entidades civis, institui\u00e7\u00f5es sociais, empresas p\u00fablicas e privadas e setores de educa\u00e7\u00e3o e cultura tamb\u00e9m poder\u00e3o se inscrever nesta 2\u00b0 edi\u00e7\u00e3o.<\/p>\n<p>O Pr\u00eamio foi criado nas comemora\u00e7\u00f5es dos 60 anos da Declara\u00e7\u00e3o Universal dos Direitos Humanos, em 2008, com mais de 350 projetos inscritos, foram premiadas dez secretarias de educa\u00e7\u00e3o, escolas e universidades p\u00fablicas e privadas. Neste ano os vencedores receber\u00e3o um total de R$ 100 mil em pr\u00eamios. As inscri\u00e7\u00f5es est\u00e3o abertas\u00a0 de 1\u00ba de mar\u00e7o a\u00a0 2 de julho de 2010.<\/p>\n<p>O Plano Nacional de\u00a0 Educa\u00e7\u00e3o em Direitos Humanos, lan\u00e7ado em 2003,\u00a0 trata da efetiva\u00e7\u00e3o da Educa\u00e7\u00e3o em Direitos Humanos enquanto pol\u00edtica p\u00fablica, incorporando aspectos dos principais documentos internacionais, estabelecidos no Programa Mundial de Educa\u00e7\u00e3o em Direitos Humanos da ONU.<\/p>\n<p><strong>Lan\u00e7amento do 2\u00ba Pr\u00eamio Nacional de Educa\u00e7\u00e3o em Direitos Humanos<br \/>\n<\/strong>Data: 11 de mar\u00e7o de 2010<br \/>\nHor\u00e1rio: 11h30<br \/>\nLocal: Confedera\u00e7\u00e3o Nacional dos Trabalhadores do Com\u00e9rcio, CNTC, 902 SUL.<\/p>\n<p>Mais informa\u00e7\u00f5es: <span class=\"link-external\"><a href=\"http:\/\/www.educacaoemdireitoshumanos.org.br\/\">www.educacaoemdireitoshumanos.org.br<\/a><br \/>\n___________<strong>Fonte:<\/strong> <a href=\"http:\/\/www.presidencia.gov.br\/estrutura_presidencia\/sedh\/noticias\/ultimas_noticias\/MySQLNoticia.2010-03-10.5345\">SEDH<\/a><\/p>\n<p><\/span><\/p>\n","protected":false},"excerpt":{"rendered":"<p>O Pr\u00eamio foi criado nas comemora\u00e7\u00f5es dos 60 anos da Declara\u00e7\u00e3o Universal dos Direitos Humanos, em 2008, com mais de 350 projetos inscritos, foram premiadas dez secretarias de educa\u00e7\u00e3o, escolas e universidades p\u00fablicas e privadas. Neste ano os vencedores receber\u00e3o um total de R$ 100 mil em pr\u00eamios. As inscri\u00e7\u00f5es est\u00e3o abertas  de 1\u00ba de mar\u00e7o a  2 de julho de 2010.<\/p>\n","protected":false},"author":1,"featured_media":0,"comment_status":"open","ping_status":"open","sticky":false,"template":"","format":"standard","meta":{"site-container-style":"default","site-container-layout":"default","site-sidebar-layout":"default","disable-article-header":"default","disable-site-header":"default","disable-site-footer":"default","disable-content-area-spacing":"default","footnotes":""},"categories":[11,6,4],"tags":[],"class_list":["post-14391","post","type-post","status-publish","format-standard","hentry","category-direitos-humanos","category-educacao","category-noticias"],"yoast_head":"<!-- This site is optimized with the Yoast SEO plugin v27.4 - https:\/\/yoast.com\/product\/yoast-seo-wordpress\/ -->\n<title>2\u00ba Pr\u00eamio Nacional de Educa\u00e7\u00e3o em Direitos Humanos -<\/title>\n<meta name=\"robots\" content=\"index, follow, max-snippet:-1, max-image-preview:large, max-video-preview:-1\" \/>\n<link rel=\"canonical\" href=\"https:\/\/inclusivenews.com.br\/?p=14391\" \/>\n<meta property=\"og:locale\" content=\"pt_PT\" \/>\n<meta property=\"og:type\" content=\"article\" \/>\n<meta property=\"og:title\" content=\"2\u00ba Pr\u00eamio Nacional de Educa\u00e7\u00e3o em Direitos Humanos -\" \/>\n<meta property=\"og:description\" content=\"O Pr\u00eamio foi criado nas comemora\u00e7\u00f5es dos 60 anos da Declara\u00e7\u00e3o Universal dos Direitos Humanos, em 2008, com mais de 350 projetos inscritos, foram premiadas dez secretarias de educa\u00e7\u00e3o, escolas e universidades p\u00fablicas e privadas. Neste ano os vencedores receber\u00e3o um total de R$ 100 mil em pr\u00eamios. As inscri\u00e7\u00f5es est\u00e3o abertas de 1\u00ba de mar\u00e7o a 2 de julho de 2010.\" \/>\n<meta property=\"og:url\" content=\"https:\/\/inclusivenews.com.br\/?p=14391\" \/>\n<meta property=\"article:publisher\" content=\"https:\/\/www.facebook.com\/agenciainclusive\/\" \/>\n<meta property=\"article:published_time\" content=\"2010-03-16T12:03:34+00:00\" \/>\n<meta property=\"og:image\" content=\"http:\/\/inclusivenews.com.br\/wp-content\/uploads\/2010\/03\/premiodh.jpg\" \/>\n<meta name=\"author\" content=\"inclusivenews2024\" \/>\n<meta name=\"twitter:card\" content=\"summary_large_image\" \/>\n<meta name=\"twitter:label1\" content=\"Escrito por\" \/>\n\t<meta name=\"twitter:data1\" content=\"inclusivenews2024\" \/>\n\t<meta name=\"twitter:label2\" content=\"Tempo estimado de leitura\" \/>\n\t<meta name=\"twitter:data2\" content=\"2 minutos\" \/>\n<script type=\"application\/ld+json\" class=\"yoast-schema-graph\">{\"@context\":\"https:\\\/\\\/schema.org\",\"@graph\":[{\"@type\":\"Article\",\"@id\":\"https:\\\/\\\/inclusivenews.com.br\\\/?p=14391#article\",\"isPartOf\":{\"@id\":\"https:\\\/\\\/inclusivenews.com.br\\\/?p=14391\"},\"author\":{\"name\":\"inclusivenews2024\",\"@id\":\"https:\\\/\\\/inclusivenews.com.br\\\/#\\\/schema\\\/person\\\/ae4ec7087559b8692fb33b6fffd2273b\"},\"headline\":\"2\u00ba Pr\u00eamio Nacional de Educa\u00e7\u00e3o em Direitos Humanos\",\"datePublished\":\"2010-03-16T12:03:34+00:00\",\"mainEntityOfPage\":{\"@id\":\"https:\\\/\\\/inclusivenews.com.br\\\/?p=14391\"},\"wordCount\":375,\"commentCount\":0,\"publisher\":{\"@id\":\"https:\\\/\\\/inclusivenews.com.br\\\/#organization\"},\"image\":{\"@id\":\"https:\\\/\\\/inclusivenews.com.br\\\/?p=14391#primaryimage\"},\"thumbnailUrl\":\"http:\\\/\\\/inclusivenews.com.br\\\/wp-content\\\/uploads\\\/2010\\\/03\\\/premiodh.jpg\",\"articleSection\":[\"DIREITOS HUMANOS\",\"EDUCA\u00c7\u00c3O\",\"NOT\u00cdCIAS\"],\"inLanguage\":\"pt-PT\",\"potentialAction\":[{\"@type\":\"CommentAction\",\"name\":\"Comment\",\"target\":[\"https:\\\/\\\/inclusivenews.com.br\\\/?p=14391#respond\"]}]},{\"@type\":\"WebPage\",\"@id\":\"https:\\\/\\\/inclusivenews.com.br\\\/?p=14391\",\"url\":\"https:\\\/\\\/inclusivenews.com.br\\\/?p=14391\",\"name\":\"2\u00ba Pr\u00eamio Nacional de Educa\u00e7\u00e3o em Direitos Humanos -\",\"isPartOf\":{\"@id\":\"https:\\\/\\\/inclusivenews.com.br\\\/#website\"},\"primaryImageOfPage\":{\"@id\":\"https:\\\/\\\/inclusivenews.com.br\\\/?p=14391#primaryimage\"},\"image\":{\"@id\":\"https:\\\/\\\/inclusivenews.com.br\\\/?p=14391#primaryimage\"},\"thumbnailUrl\":\"http:\\\/\\\/inclusivenews.com.br\\\/wp-content\\\/uploads\\\/2010\\\/03\\\/premiodh.jpg\",\"datePublished\":\"2010-03-16T12:03:34+00:00\",\"breadcrumb\":{\"@id\":\"https:\\\/\\\/inclusivenews.com.br\\\/?p=14391#breadcrumb\"},\"inLanguage\":\"pt-PT\",\"potentialAction\":[{\"@type\":\"ReadAction\",\"target\":[\"https:\\\/\\\/inclusivenews.com.br\\\/?p=14391\"]}]},{\"@type\":\"ImageObject\",\"inLanguage\":\"pt-PT\",\"@id\":\"https:\\\/\\\/inclusivenews.com.br\\\/?p=14391#primaryimage\",\"url\":\"\",\"contentUrl\":\"\"},{\"@type\":\"BreadcrumbList\",\"@id\":\"https:\\\/\\\/inclusivenews.com.br\\\/?p=14391#breadcrumb\",\"itemListElement\":[{\"@type\":\"ListItem\",\"position\":1,\"name\":\"In\u00edcio\",\"item\":\"https:\\\/\\\/inclusivenews.com.br\\\/\"},{\"@type\":\"ListItem\",\"position\":2,\"name\":\"2\u00ba Pr\u00eamio Nacional de Educa\u00e7\u00e3o em Direitos Humanos\"}]},{\"@type\":\"WebSite\",\"@id\":\"https:\\\/\\\/inclusivenews.com.br\\\/#website\",\"url\":\"https:\\\/\\\/inclusivenews.com.br\\\/\",\"name\":\"Inclusive News\",\"description\":\"Inclusive News\",\"publisher\":{\"@id\":\"https:\\\/\\\/inclusivenews.com.br\\\/#organization\"},\"potentialAction\":[{\"@type\":\"SearchAction\",\"target\":{\"@type\":\"EntryPoint\",\"urlTemplate\":\"https:\\\/\\\/inclusivenews.com.br\\\/?s={search_term_string}\"},\"query-input\":{\"@type\":\"PropertyValueSpecification\",\"valueRequired\":true,\"valueName\":\"search_term_string\"}}],\"inLanguage\":\"pt-PT\"},{\"@type\":\"Organization\",\"@id\":\"https:\\\/\\\/inclusivenews.com.br\\\/#organization\",\"name\":\"Inclusive - inclus\u00e3o e cidadania\",\"url\":\"https:\\\/\\\/inclusivenews.com.br\\\/\",\"logo\":{\"@type\":\"ImageObject\",\"inLanguage\":\"pt-PT\",\"@id\":\"https:\\\/\\\/inclusivenews.com.br\\\/#\\\/schema\\\/logo\\\/image\\\/\",\"url\":\"https:\\\/\\\/inclusivenews.com.br\\\/wp-content\\\/uploads\\\/2024\\\/03\\\/@grandesite.png\",\"contentUrl\":\"https:\\\/\\\/inclusivenews.com.br\\\/wp-content\\\/uploads\\\/2024\\\/03\\\/@grandesite.png\",\"width\":1080,\"height\":1080,\"caption\":\"Inclusive - inclus\u00e3o e cidadania\"},\"image\":{\"@id\":\"https:\\\/\\\/inclusivenews.com.br\\\/#\\\/schema\\\/logo\\\/image\\\/\"},\"sameAs\":[\"https:\\\/\\\/www.facebook.com\\\/agenciainclusive\\\/\",\"https:\\\/\\\/www.instagram.com\\\/newsinclusive\\\/\"]},{\"@type\":\"Person\",\"@id\":\"https:\\\/\\\/inclusivenews.com.br\\\/#\\\/schema\\\/person\\\/ae4ec7087559b8692fb33b6fffd2273b\",\"name\":\"inclusivenews2024\",\"image\":{\"@type\":\"ImageObject\",\"inLanguage\":\"pt-PT\",\"@id\":\"https:\\\/\\\/secure.gravatar.com\\\/avatar\\\/c5a7ef84c66fa914f55bc4f7ce26cfa275a3b9a1c5568b907bd184fb4dde7b40?s=96&d=mm&r=g\",\"url\":\"https:\\\/\\\/secure.gravatar.com\\\/avatar\\\/c5a7ef84c66fa914f55bc4f7ce26cfa275a3b9a1c5568b907bd184fb4dde7b40?s=96&d=mm&r=g\",\"contentUrl\":\"https:\\\/\\\/secure.gravatar.com\\\/avatar\\\/c5a7ef84c66fa914f55bc4f7ce26cfa275a3b9a1c5568b907bd184fb4dde7b40?s=96&d=mm&r=g\",\"caption\":\"inclusivenews2024\"},\"sameAs\":[\"https:\\\/\\\/inclusivenews.com.br\"],\"url\":\"https:\\\/\\\/inclusivenews.com.br\\\/?author=1\"}]}<\/script>\n<!-- \/ Yoast SEO plugin. -->","yoast_head_json":{"title":"2\u00ba Pr\u00eamio Nacional de Educa\u00e7\u00e3o em Direitos Humanos -","robots":{"index":"index","follow":"follow","max-snippet":"max-snippet:-1","max-image-preview":"max-image-preview:large","max-video-preview":"max-video-preview:-1"},"canonical":"https:\/\/inclusivenews.com.br\/?p=14391","og_locale":"pt_PT","og_type":"article","og_title":"2\u00ba Pr\u00eamio Nacional de Educa\u00e7\u00e3o em Direitos Humanos -","og_description":"O Pr\u00eamio foi criado nas comemora\u00e7\u00f5es dos 60 anos da Declara\u00e7\u00e3o Universal dos Direitos Humanos, em 2008, com mais de 350 projetos inscritos, foram premiadas dez secretarias de educa\u00e7\u00e3o, escolas e universidades p\u00fablicas e privadas. Neste ano os vencedores receber\u00e3o um total de R$ 100 mil em pr\u00eamios. As inscri\u00e7\u00f5es est\u00e3o abertas de 1\u00ba de mar\u00e7o a 2 de julho de 2010.","og_url":"https:\/\/inclusivenews.com.br\/?p=14391","article_publisher":"https:\/\/www.facebook.com\/agenciainclusive\/","article_published_time":"2010-03-16T12:03:34+00:00","og_image":[{"url":"http:\/\/inclusivenews.com.br\/wp-content\/uploads\/2010\/03\/premiodh.jpg","type":"","width":"","height":""}],"author":"inclusivenews2024","twitter_card":"summary_large_image","twitter_misc":{"Escrito por":"inclusivenews2024","Tempo estimado de leitura":"2 minutos"},"schema":{"@context":"https:\/\/schema.org","@graph":[{"@type":"Article","@id":"https:\/\/inclusivenews.com.br\/?p=14391#article","isPartOf":{"@id":"https:\/\/inclusivenews.com.br\/?p=14391"},"author":{"name":"inclusivenews2024","@id":"https:\/\/inclusivenews.com.br\/#\/schema\/person\/ae4ec7087559b8692fb33b6fffd2273b"},"headline":"2\u00ba Pr\u00eamio Nacional de Educa\u00e7\u00e3o em Direitos Humanos","datePublished":"2010-03-16T12:03:34+00:00","mainEntityOfPage":{"@id":"https:\/\/inclusivenews.com.br\/?p=14391"},"wordCount":375,"commentCount":0,"publisher":{"@id":"https:\/\/inclusivenews.com.br\/#organization"},"image":{"@id":"https:\/\/inclusivenews.com.br\/?p=14391#primaryimage"},"thumbnailUrl":"http:\/\/inclusivenews.com.br\/wp-content\/uploads\/2010\/03\/premiodh.jpg","articleSection":["DIREITOS HUMANOS","EDUCA\u00c7\u00c3O","NOT\u00cdCIAS"],"inLanguage":"pt-PT","potentialAction":[{"@type":"CommentAction","name":"Comment","target":["https:\/\/inclusivenews.com.br\/?p=14391#respond"]}]},{"@type":"WebPage","@id":"https:\/\/inclusivenews.com.br\/?p=14391","url":"https:\/\/inclusivenews.com.br\/?p=14391","name":"2\u00ba Pr\u00eamio Nacional de Educa\u00e7\u00e3o em Direitos Humanos -","isPartOf":{"@id":"https:\/\/inclusivenews.com.br\/#website"},"primaryImageOfPage":{"@id":"https:\/\/inclusivenews.com.br\/?p=14391#primaryimage"},"image":{"@id":"https:\/\/inclusivenews.com.br\/?p=14391#primaryimage"},"thumbnailUrl":"http:\/\/inclusivenews.com.br\/wp-content\/uploads\/2010\/03\/premiodh.jpg","datePublished":"2010-03-16T12:03:34+00:00","breadcrumb":{"@id":"https:\/\/inclusivenews.com.br\/?p=14391#breadcrumb"},"inLanguage":"pt-PT","potentialAction":[{"@type":"ReadAction","target":["https:\/\/inclusivenews.com.br\/?p=14391"]}]},{"@type":"ImageObject","inLanguage":"pt-PT","@id":"https:\/\/inclusivenews.com.br\/?p=14391#primaryimage","url":"","contentUrl":""},{"@type":"BreadcrumbList","@id":"https:\/\/inclusivenews.com.br\/?p=14391#breadcrumb","itemListElement":[{"@type":"ListItem","position":1,"name":"In\u00edcio","item":"https:\/\/inclusivenews.com.br\/"},{"@type":"ListItem","position":2,"name":"2\u00ba Pr\u00eamio Nacional de Educa\u00e7\u00e3o em Direitos Humanos"}]},{"@type":"WebSite","@id":"https:\/\/inclusivenews.com.br\/#website","url":"https:\/\/inclusivenews.com.br\/","name":"Inclusive News","description":"Inclusive News","publisher":{"@id":"https:\/\/inclusivenews.com.br\/#organization"},"potentialAction":[{"@type":"SearchAction","target":{"@type":"EntryPoint","urlTemplate":"https:\/\/inclusivenews.com.br\/?s={search_term_string}"},"query-input":{"@type":"PropertyValueSpecification","valueRequired":true,"valueName":"search_term_string"}}],"inLanguage":"pt-PT"},{"@type":"Organization","@id":"https:\/\/inclusivenews.com.br\/#organization","name":"Inclusive - inclus\u00e3o e cidadania","url":"https:\/\/inclusivenews.com.br\/","logo":{"@type":"ImageObject","inLanguage":"pt-PT","@id":"https:\/\/inclusivenews.com.br\/#\/schema\/logo\/image\/","url":"https:\/\/inclusivenews.com.br\/wp-content\/uploads\/2024\/03\/@grandesite.png","contentUrl":"https:\/\/inclusivenews.com.br\/wp-content\/uploads\/2024\/03\/@grandesite.png","width":1080,"height":1080,"caption":"Inclusive - inclus\u00e3o e cidadania"},"image":{"@id":"https:\/\/inclusivenews.com.br\/#\/schema\/logo\/image\/"},"sameAs":["https:\/\/www.facebook.com\/agenciainclusive\/","https:\/\/www.instagram.com\/newsinclusive\/"]},{"@type":"Person","@id":"https:\/\/inclusivenews.com.br\/#\/schema\/person\/ae4ec7087559b8692fb33b6fffd2273b","name":"inclusivenews2024","image":{"@type":"ImageObject","inLanguage":"pt-PT","@id":"https:\/\/secure.gravatar.com\/avatar\/c5a7ef84c66fa914f55bc4f7ce26cfa275a3b9a1c5568b907bd184fb4dde7b40?s=96&d=mm&r=g","url":"https:\/\/secure.gravatar.com\/avatar\/c5a7ef84c66fa914f55bc4f7ce26cfa275a3b9a1c5568b907bd184fb4dde7b40?s=96&d=mm&r=g","contentUrl":"https:\/\/secure.gravatar.com\/avatar\/c5a7ef84c66fa914f55bc4f7ce26cfa275a3b9a1c5568b907bd184fb4dde7b40?s=96&d=mm&r=g","caption":"inclusivenews2024"},"sameAs":["https:\/\/inclusivenews.com.br"],"url":"https:\/\/inclusivenews.com.br\/?author=1"}]}},"_links":{"self":[{"href":"https:\/\/inclusivenews.com.br\/index.php?rest_route=\/wp\/v2\/posts\/14391","targetHints":{"allow":["GET"]}}],"collection":[{"href":"https:\/\/inclusivenews.com.br\/index.php?rest_route=\/wp\/v2\/posts"}],"about":[{"href":"https:\/\/inclusivenews.com.br\/index.php?rest_route=\/wp\/v2\/types\/post"}],"author":[{"embeddable":true,"href":"https:\/\/inclusivenews.com.br\/index.php?rest_route=\/wp\/v2\/users\/1"}],"replies":[{"embeddable":true,"href":"https:\/\/inclusivenews.com.br\/index.php?rest_route=%2Fwp%2Fv2%2Fcomments&post=14391"}],"version-history":[{"count":0,"href":"https:\/\/inclusivenews.com.br\/index.php?rest_route=\/wp\/v2\/posts\/14391\/revisions"}],"wp:attachment":[{"href":"https:\/\/inclusivenews.com.br\/index.php?rest_route=%2Fwp%2Fv2%2Fmedia&parent=14391"}],"wp:term":[{"taxonomy":"category","embeddable":true,"href":"https:\/\/inclusivenews.com.br\/index.php?rest_route=%2Fwp%2Fv2%2Fcategories&post=14391"},{"taxonomy":"post_tag","embeddable":true,"href":"https:\/\/inclusivenews.com.br\/index.php?rest_route=%2Fwp%2Fv2%2Ftags&post=14391"}],"curies":[{"name":"wp","href":"https:\/\/api.w.org\/{rel}","templated":true}]}}