{"id":14435,"date":"2010-03-17T15:34:12","date_gmt":"2010-03-17T18:34:12","guid":{"rendered":"http:\/\/www.inclusive.org.br\/?p=14435"},"modified":"2010-03-17T15:34:12","modified_gmt":"2010-03-17T18:34:12","slug":"conferencia-internacional-biomedica-sobre-autismo-bsb-26-a-283","status":"publish","type":"post","link":"https:\/\/inclusivenews.com.br\/?p=14435","title":{"rendered":"Confer\u00eancia Internacional Biom\u00e9dica sobre Autismo &#8211; BSB 26 a 28\/3"},"content":{"rendered":"<blockquote>\n<div><a href=\"http:\/\/www.inclusivenews.com.br\/wp-content\/uploads\/2010\/03\/AutismoB.jpg\"><img loading=\"lazy\" decoding=\"async\" class=\"aligncenter size-full wp-image-14438\" title=\"AutismoB\" src=\"http:\/\/inclusivenews.com.br\/wp-content\/uploads\/2010\/03\/AutismoB.jpg\" alt=\"Poster mostrando foto em preto e branco de duas crian\u00e7as de costas, de bra\u00e7os abertos, uma em frente a outra, olhando sua sombra na grama\" width=\"300\" height=\"424\" \/><\/a><\/div>\n<\/blockquote>\n<p>CONFER\u00caNCIA INTERNACIONAL BIOM\u00c9DICA SOBRE AUTISMO<\/p>\n<p>PALESTRANTES:<\/p>\n<p>DR. BOYD HALEY (PhD em Fisiologia pela Universidade de Yale; de Lexington, Kentucky, EUA).<\/p>\n<p>DR. LEE COWDEN (M.D., formado em Medicina pela Universidade do Texas em Houston; de Dallas, Texas, EUA).<\/p>\n<p>DR. MICHAEL WILLIAMSON (M.D. M\u00e9dico Osteosp\u00e1tico, com Especializa\u00e7\u00e3o em Medicina dos \u00d3rg\u00e3os Internos e Hematologia e Oncologia M\u00e9dica pela Universidade de Saint Louis, Missouri; de Muncie, Indiana, EUA).<\/p>\n<p>DR. EDUARDO ALMEIDA (M\u00e9dico Ortomolecular e Homeopata pela Universidade Federal Fluminense, PhD em Sa\u00fade Coletiva, Rio de Janeiro, RJ, Brasil).<\/p>\n<p>ANDREA LALAMA (homeopata, de Long Beach, Calif\u00f3rnia).<\/p>\n<p>P\u00daBLICO ALVO: pais, m\u00e9dicos e demais profissionais da \u00e1rea da sa\u00fade.<\/p>\n<p>DATA: 26, 27 e 28 de mar\u00e7o de 2010<\/p>\n<p>VALOR: R$ 150,00<\/p>\n<p>LOCAL: Academia de T\u00eanis, SCES, Trecho 4 Conjunto 5 Lote 1-B. Bras\u00edlia-DF<\/p>\n<p>INSCRI\u00c7\u00d5ES: pelo site <a href=\"http:\/\/www.apabb.org.br\">www.apabb.org.br<\/a> ou dep\u00f3sito<br \/>\nBanco do Brasil<br \/>\nAg: 0452-9<br \/>\nCC: 405093-2<br \/>\nOs comprovantes de dep\u00f3sito dever\u00e3o ser enviados para o fax: (61)- 3226-1965<br \/>\nou por e-mail: <a href=\"mailto:apabb_df@apabb.org.br\">apabb_df@apabb.org.br<\/a><\/p>\n<p>AS FICHAS DE INSCRI\u00c7\u00c3O SER\u00c3O PREENCHIDAS NO LOCAL, NO PRIMEIRO DIA DA CONFER\u00caNCIA.<\/p>\n<p>MAIORES INFORMA\u00c7\u00d5ES:<br \/>\nPelos telefones:<br \/>\n(61) 3310-2239 \/ 2248, com Fabiana, Claudia ou C\u00e9lia (Apabb)<br \/>\n(61) 9279-4838 (Luzanira)<br \/>\n(61) 8127-2728 (\u00c1urea)<br \/>\n(61) 9983-7375 (Anna Christina)<br \/>\nPelo endere\u00e7o:<br \/>\nSBS Qd. 5 \u2013 Bloco &#8220;H&#8221; \u2013 Ed. Sede II \u2013 13\u00ba Andar, Asa Sul \u2013 Bras\u00edlia, DF.<br \/>\nE-mail: <a href=\"mailto:apabb_df@apabb.org.br\">apabb_df@apabb.org.br<\/a><\/p>\n<p>CRONOGRAMA:<br \/>\nSexta feira, dia 26<\/p>\n<p>9:00 \u00e0s 9:30 \u2013 Organizadores da confer\u00eancia:<br \/>\nBoas vindas, apresenta\u00e7\u00e3o do programa, dos palestrantes e avisos gerais.<\/p>\n<p>9:30 \u00e0s11:00 \u2013 Andrea Lalama:<br \/>\nAutismo: a experi\u00eancia de uma m\u00e3e.<br \/>\nComo lidar com uma crian\u00e7a autista em casa logo ap\u00f3s o diagn\u00f3stico.<br \/>\nComo come\u00e7ar o processo de recupera\u00e7\u00e3o em casa.<\/p>\n<p>11:00 \u00e0s 11:30 h \u2013 Parada para um caf\u00e9.<\/p>\n<p>11:30 \u00e0s 12:30 h \u2013 Andrea Lalama:<br \/>\nA import\u00e2ncia da interven\u00e7\u00e3o educacional precoce.<\/p>\n<p>12:30 \u00e0s14:00 h \u2013 Parada para o almo\u00e7o.<\/p>\n<p>14:00 \u00e0s 15:00 h \u2013 Andrea Lalama:<br \/>\nHomeopatia, Isopatia e rem\u00e9dios naturais para o autismo.<\/p>\n<p>15:00 \u00e0s 16:00 h \u2013 Andrea Lalama:<br \/>\nA import\u00e2ncia da interven\u00e7\u00e3o biom\u00e9dica e da medicina ortomolecular para o tratamento do autismo.<\/p>\n<p>16h00 \u00e0s 16h30 h \u2013 Parada para o caf\u00e9.<\/p>\n<p>16h30 \u00e0s 17h30 \u2013 Dr. Michael Williamson:<br \/>\nA experi\u00eancia de um pai de autista, m\u00e9dico DAN! (Derrote o Autismo Agora).<\/p>\n<p>* Final das apresenta\u00e7\u00f5es.*<br \/>\nS\u00e1bado, dia 27<\/p>\n<p>9h00 \u00e0s 10h00 \u2013 Dr. Eduardo Almeida:<br \/>\nEcologia Intestinal e Sistema Imune Intestinal<\/p>\n<p>10h00 \u00e0s 11h00 \u2013 Dr. Michael Williamson:<br \/>\nO que \u00e9 o autismo sob o ponto de vista biom\u00e9dico.<\/p>\n<p>11h00 \u00e0s 11h30 \u2013 Parada para caf\u00e9.<\/p>\n<p>11h30 \u00e0s 13h00 \u2013 Dr. Boyd Haley:<br \/>\nConsidera\u00e7\u00f5es sobre os efeitos t\u00f3xicos do merc\u00fario e dos compostos de merc\u00fario org\u00e2nico nas neuropatologias: Autismo e Mal de Alzheimer.<\/p>\n<p>13h00 \u2013 14h30 \u2013 parada para o almo\u00e7o.<\/p>\n<p>14h30 \u00e0s 15h30 \u2013 Dr.Michael Williamson<br \/>\nQuela\u00e7\u00e3o: oral, d\u00e9rmica e intravenosa. Como funciona e como ajuda com marcadores e resultados.<\/p>\n<p>15h30 \u00e0s 16h00 \u2013 Parada para caf\u00e9.<\/p>\n<p>16h00 \u00e0s 17h00 \u2013 Dr. Lee Cowden.<br \/>\nMedicina Integrativa e outras terapias aplic\u00e1veis ao indiv\u00edduo autista.<\/p>\n<p>*T\u00e9rmino das apresenta\u00e7\u00f5es.*<br \/>\nDomingo, dia 28.<\/p>\n<p>9h30 \u00e0s 11h00 \u2013 Dr. Boyd Haley:<br \/>\nStress oxidativo e a import\u00e2ncia dos n\u00edveis de Glutationa nas doen\u00e7as neurol\u00f3gicas: O desenvolvimento de um novo conceito de antioxidante.<\/p>\n<p>11h00 \u00e0s 11h30 \u2013 Parada para caf\u00e9.<\/p>\n<p>11h30 \u00e0s 12:30 h \u2013 Dr. Michael Williamson<br \/>\nA pr\u00e1tica conjunta da Medicina Integrativa e dos Tratamentos Biom\u00e9dicos.<\/p>\n<p>12h30 \u00e0s 13h30 \u2013 Dr. Lee Cowden:<br \/>\nBiofeedback e Rem\u00e9dios naturais.<\/p>\n<p>*T\u00e9rmino da Confer\u00eancia.*<\/p>\n","protected":false},"excerpt":{"rendered":"<p>CONFER\u00caNCIA INTERNACIONAL BIOM\u00c9DICA SOBRE AUTISMO PALESTRANTES: DR. BOYD HALEY (PhD em Fisiologia pela Universidade de Yale; de Lexington, Kentucky, EUA). DR. LEE COWDEN (M.D., formado em Medicina pela Universidade do Texas em Houston; de Dallas, Texas, EUA). DR. MICHAEL WILLIAMSON (M.D. M\u00e9dico Osteosp\u00e1tico, com Especializa\u00e7\u00e3o em Medicina dos \u00d3rg\u00e3os Internos e Hematologia e Oncologia M\u00e9dica [&hellip;]<\/p>\n","protected":false},"author":1,"featured_media":0,"comment_status":"open","ping_status":"open","sticky":false,"template":"","format":"standard","meta":{"site-container-style":"default","site-container-layout":"default","site-sidebar-layout":"default","disable-article-header":"default","disable-site-header":"default","disable-site-footer":"default","disable-content-area-spacing":"default","footnotes":""},"categories":[12,38,4,37],"tags":[],"class_list":["post-14435","post","type-post","status-publish","format-standard","hentry","category-cursos-e-eventos","category-deficiencia","category-noticias","category-saude"],"yoast_head":"<!-- This site is optimized with the Yoast SEO plugin v27.4 - https:\/\/yoast.com\/product\/yoast-seo-wordpress\/ -->\n<title>Confer\u00eancia Internacional Biom\u00e9dica sobre Autismo - BSB 26 a 28\/3 -<\/title>\n<meta name=\"robots\" content=\"index, follow, max-snippet:-1, max-image-preview:large, max-video-preview:-1\" \/>\n<link rel=\"canonical\" href=\"https:\/\/inclusivenews.com.br\/?p=14435\" \/>\n<meta property=\"og:locale\" content=\"pt_PT\" \/>\n<meta property=\"og:type\" content=\"article\" \/>\n<meta property=\"og:title\" content=\"Confer\u00eancia Internacional Biom\u00e9dica sobre Autismo - BSB 26 a 28\/3 -\" \/>\n<meta property=\"og:description\" content=\"CONFER\u00caNCIA INTERNACIONAL BIOM\u00c9DICA SOBRE AUTISMO PALESTRANTES: DR. BOYD HALEY (PhD em Fisiologia pela Universidade de Yale; de Lexington, Kentucky, EUA). DR. LEE COWDEN (M.D., formado em Medicina pela Universidade do Texas em Houston; de Dallas, Texas, EUA). DR. MICHAEL WILLIAMSON (M.D. M\u00e9dico Osteosp\u00e1tico, com Especializa\u00e7\u00e3o em Medicina dos \u00d3rg\u00e3os Internos e Hematologia e Oncologia M\u00e9dica [&hellip;]\" \/>\n<meta property=\"og:url\" content=\"https:\/\/inclusivenews.com.br\/?p=14435\" \/>\n<meta property=\"article:publisher\" content=\"https:\/\/www.facebook.com\/agenciainclusive\/\" \/>\n<meta property=\"article:published_time\" content=\"2010-03-17T18:34:12+00:00\" \/>\n<meta property=\"og:image\" content=\"http:\/\/inclusivenews.com.br\/wp-content\/uploads\/2010\/03\/AutismoB.jpg\" \/>\n<meta name=\"author\" content=\"inclusivenews2024\" \/>\n<meta name=\"twitter:card\" content=\"summary_large_image\" \/>\n<meta name=\"twitter:label1\" content=\"Escrito por\" \/>\n\t<meta name=\"twitter:data1\" content=\"inclusivenews2024\" \/>\n\t<meta name=\"twitter:label2\" content=\"Tempo estimado de leitura\" \/>\n\t<meta name=\"twitter:data2\" content=\"3 minutos\" \/>\n<script type=\"application\/ld+json\" class=\"yoast-schema-graph\">{\"@context\":\"https:\\\/\\\/schema.org\",\"@graph\":[{\"@type\":\"Article\",\"@id\":\"https:\\\/\\\/inclusivenews.com.br\\\/?p=14435#article\",\"isPartOf\":{\"@id\":\"https:\\\/\\\/inclusivenews.com.br\\\/?p=14435\"},\"author\":{\"name\":\"inclusivenews2024\",\"@id\":\"https:\\\/\\\/inclusivenews.com.br\\\/#\\\/schema\\\/person\\\/ae4ec7087559b8692fb33b6fffd2273b\"},\"headline\":\"Confer\u00eancia Internacional Biom\u00e9dica sobre Autismo &#8211; BSB 26 a 28\\\/3\",\"datePublished\":\"2010-03-17T18:34:12+00:00\",\"mainEntityOfPage\":{\"@id\":\"https:\\\/\\\/inclusivenews.com.br\\\/?p=14435\"},\"wordCount\":592,\"commentCount\":0,\"publisher\":{\"@id\":\"https:\\\/\\\/inclusivenews.com.br\\\/#organization\"},\"image\":{\"@id\":\"https:\\\/\\\/inclusivenews.com.br\\\/?p=14435#primaryimage\"},\"thumbnailUrl\":\"http:\\\/\\\/inclusivenews.com.br\\\/wp-content\\\/uploads\\\/2010\\\/03\\\/AutismoB.jpg\",\"articleSection\":[\"Cursos e eventos\",\"Defici\u00eancia\",\"NOT\u00cdCIAS\",\"Sa\u00fade\"],\"inLanguage\":\"pt-PT\",\"potentialAction\":[{\"@type\":\"CommentAction\",\"name\":\"Comment\",\"target\":[\"https:\\\/\\\/inclusivenews.com.br\\\/?p=14435#respond\"]}]},{\"@type\":\"WebPage\",\"@id\":\"https:\\\/\\\/inclusivenews.com.br\\\/?p=14435\",\"url\":\"https:\\\/\\\/inclusivenews.com.br\\\/?p=14435\",\"name\":\"Confer\u00eancia Internacional Biom\u00e9dica sobre Autismo - BSB 26 a 28\\\/3 -\",\"isPartOf\":{\"@id\":\"https:\\\/\\\/inclusivenews.com.br\\\/#website\"},\"primaryImageOfPage\":{\"@id\":\"https:\\\/\\\/inclusivenews.com.br\\\/?p=14435#primaryimage\"},\"image\":{\"@id\":\"https:\\\/\\\/inclusivenews.com.br\\\/?p=14435#primaryimage\"},\"thumbnailUrl\":\"http:\\\/\\\/inclusivenews.com.br\\\/wp-content\\\/uploads\\\/2010\\\/03\\\/AutismoB.jpg\",\"datePublished\":\"2010-03-17T18:34:12+00:00\",\"breadcrumb\":{\"@id\":\"https:\\\/\\\/inclusivenews.com.br\\\/?p=14435#breadcrumb\"},\"inLanguage\":\"pt-PT\",\"potentialAction\":[{\"@type\":\"ReadAction\",\"target\":[\"https:\\\/\\\/inclusivenews.com.br\\\/?p=14435\"]}]},{\"@type\":\"ImageObject\",\"inLanguage\":\"pt-PT\",\"@id\":\"https:\\\/\\\/inclusivenews.com.br\\\/?p=14435#primaryimage\",\"url\":\"\",\"contentUrl\":\"\"},{\"@type\":\"BreadcrumbList\",\"@id\":\"https:\\\/\\\/inclusivenews.com.br\\\/?p=14435#breadcrumb\",\"itemListElement\":[{\"@type\":\"ListItem\",\"position\":1,\"name\":\"In\u00edcio\",\"item\":\"https:\\\/\\\/inclusivenews.com.br\\\/\"},{\"@type\":\"ListItem\",\"position\":2,\"name\":\"Confer\u00eancia Internacional Biom\u00e9dica sobre Autismo &#8211; BSB 26 a 28\\\/3\"}]},{\"@type\":\"WebSite\",\"@id\":\"https:\\\/\\\/inclusivenews.com.br\\\/#website\",\"url\":\"https:\\\/\\\/inclusivenews.com.br\\\/\",\"name\":\"Inclusive News\",\"description\":\"Inclusive News\",\"publisher\":{\"@id\":\"https:\\\/\\\/inclusivenews.com.br\\\/#organization\"},\"potentialAction\":[{\"@type\":\"SearchAction\",\"target\":{\"@type\":\"EntryPoint\",\"urlTemplate\":\"https:\\\/\\\/inclusivenews.com.br\\\/?s={search_term_string}\"},\"query-input\":{\"@type\":\"PropertyValueSpecification\",\"valueRequired\":true,\"valueName\":\"search_term_string\"}}],\"inLanguage\":\"pt-PT\"},{\"@type\":\"Organization\",\"@id\":\"https:\\\/\\\/inclusivenews.com.br\\\/#organization\",\"name\":\"Inclusive - inclus\u00e3o e cidadania\",\"url\":\"https:\\\/\\\/inclusivenews.com.br\\\/\",\"logo\":{\"@type\":\"ImageObject\",\"inLanguage\":\"pt-PT\",\"@id\":\"https:\\\/\\\/inclusivenews.com.br\\\/#\\\/schema\\\/logo\\\/image\\\/\",\"url\":\"https:\\\/\\\/inclusivenews.com.br\\\/wp-content\\\/uploads\\\/2024\\\/03\\\/@grandesite.png\",\"contentUrl\":\"https:\\\/\\\/inclusivenews.com.br\\\/wp-content\\\/uploads\\\/2024\\\/03\\\/@grandesite.png\",\"width\":1080,\"height\":1080,\"caption\":\"Inclusive - inclus\u00e3o e cidadania\"},\"image\":{\"@id\":\"https:\\\/\\\/inclusivenews.com.br\\\/#\\\/schema\\\/logo\\\/image\\\/\"},\"sameAs\":[\"https:\\\/\\\/www.facebook.com\\\/agenciainclusive\\\/\",\"https:\\\/\\\/www.instagram.com\\\/newsinclusive\\\/\"]},{\"@type\":\"Person\",\"@id\":\"https:\\\/\\\/inclusivenews.com.br\\\/#\\\/schema\\\/person\\\/ae4ec7087559b8692fb33b6fffd2273b\",\"name\":\"inclusivenews2024\",\"image\":{\"@type\":\"ImageObject\",\"inLanguage\":\"pt-PT\",\"@id\":\"https:\\\/\\\/secure.gravatar.com\\\/avatar\\\/c5a7ef84c66fa914f55bc4f7ce26cfa275a3b9a1c5568b907bd184fb4dde7b40?s=96&d=mm&r=g\",\"url\":\"https:\\\/\\\/secure.gravatar.com\\\/avatar\\\/c5a7ef84c66fa914f55bc4f7ce26cfa275a3b9a1c5568b907bd184fb4dde7b40?s=96&d=mm&r=g\",\"contentUrl\":\"https:\\\/\\\/secure.gravatar.com\\\/avatar\\\/c5a7ef84c66fa914f55bc4f7ce26cfa275a3b9a1c5568b907bd184fb4dde7b40?s=96&d=mm&r=g\",\"caption\":\"inclusivenews2024\"},\"sameAs\":[\"https:\\\/\\\/inclusivenews.com.br\"],\"url\":\"https:\\\/\\\/inclusivenews.com.br\\\/?author=1\"}]}<\/script>\n<!-- \/ Yoast SEO plugin. -->","yoast_head_json":{"title":"Confer\u00eancia Internacional Biom\u00e9dica sobre Autismo - BSB 26 a 28\/3 -","robots":{"index":"index","follow":"follow","max-snippet":"max-snippet:-1","max-image-preview":"max-image-preview:large","max-video-preview":"max-video-preview:-1"},"canonical":"https:\/\/inclusivenews.com.br\/?p=14435","og_locale":"pt_PT","og_type":"article","og_title":"Confer\u00eancia Internacional Biom\u00e9dica sobre Autismo - BSB 26 a 28\/3 -","og_description":"CONFER\u00caNCIA INTERNACIONAL BIOM\u00c9DICA SOBRE AUTISMO PALESTRANTES: DR. BOYD HALEY (PhD em Fisiologia pela Universidade de Yale; de Lexington, Kentucky, EUA). DR. LEE COWDEN (M.D., formado em Medicina pela Universidade do Texas em Houston; de Dallas, Texas, EUA). DR. MICHAEL WILLIAMSON (M.D. M\u00e9dico Osteosp\u00e1tico, com Especializa\u00e7\u00e3o em Medicina dos \u00d3rg\u00e3os Internos e Hematologia e Oncologia M\u00e9dica [&hellip;]","og_url":"https:\/\/inclusivenews.com.br\/?p=14435","article_publisher":"https:\/\/www.facebook.com\/agenciainclusive\/","article_published_time":"2010-03-17T18:34:12+00:00","og_image":[{"url":"http:\/\/inclusivenews.com.br\/wp-content\/uploads\/2010\/03\/AutismoB.jpg","type":"","width":"","height":""}],"author":"inclusivenews2024","twitter_card":"summary_large_image","twitter_misc":{"Escrito por":"inclusivenews2024","Tempo estimado de leitura":"3 minutos"},"schema":{"@context":"https:\/\/schema.org","@graph":[{"@type":"Article","@id":"https:\/\/inclusivenews.com.br\/?p=14435#article","isPartOf":{"@id":"https:\/\/inclusivenews.com.br\/?p=14435"},"author":{"name":"inclusivenews2024","@id":"https:\/\/inclusivenews.com.br\/#\/schema\/person\/ae4ec7087559b8692fb33b6fffd2273b"},"headline":"Confer\u00eancia Internacional Biom\u00e9dica sobre Autismo &#8211; BSB 26 a 28\/3","datePublished":"2010-03-17T18:34:12+00:00","mainEntityOfPage":{"@id":"https:\/\/inclusivenews.com.br\/?p=14435"},"wordCount":592,"commentCount":0,"publisher":{"@id":"https:\/\/inclusivenews.com.br\/#organization"},"image":{"@id":"https:\/\/inclusivenews.com.br\/?p=14435#primaryimage"},"thumbnailUrl":"http:\/\/inclusivenews.com.br\/wp-content\/uploads\/2010\/03\/AutismoB.jpg","articleSection":["Cursos e eventos","Defici\u00eancia","NOT\u00cdCIAS","Sa\u00fade"],"inLanguage":"pt-PT","potentialAction":[{"@type":"CommentAction","name":"Comment","target":["https:\/\/inclusivenews.com.br\/?p=14435#respond"]}]},{"@type":"WebPage","@id":"https:\/\/inclusivenews.com.br\/?p=14435","url":"https:\/\/inclusivenews.com.br\/?p=14435","name":"Confer\u00eancia Internacional Biom\u00e9dica sobre Autismo - BSB 26 a 28\/3 -","isPartOf":{"@id":"https:\/\/inclusivenews.com.br\/#website"},"primaryImageOfPage":{"@id":"https:\/\/inclusivenews.com.br\/?p=14435#primaryimage"},"image":{"@id":"https:\/\/inclusivenews.com.br\/?p=14435#primaryimage"},"thumbnailUrl":"http:\/\/inclusivenews.com.br\/wp-content\/uploads\/2010\/03\/AutismoB.jpg","datePublished":"2010-03-17T18:34:12+00:00","breadcrumb":{"@id":"https:\/\/inclusivenews.com.br\/?p=14435#breadcrumb"},"inLanguage":"pt-PT","potentialAction":[{"@type":"ReadAction","target":["https:\/\/inclusivenews.com.br\/?p=14435"]}]},{"@type":"ImageObject","inLanguage":"pt-PT","@id":"https:\/\/inclusivenews.com.br\/?p=14435#primaryimage","url":"","contentUrl":""},{"@type":"BreadcrumbList","@id":"https:\/\/inclusivenews.com.br\/?p=14435#breadcrumb","itemListElement":[{"@type":"ListItem","position":1,"name":"In\u00edcio","item":"https:\/\/inclusivenews.com.br\/"},{"@type":"ListItem","position":2,"name":"Confer\u00eancia Internacional Biom\u00e9dica sobre Autismo &#8211; BSB 26 a 28\/3"}]},{"@type":"WebSite","@id":"https:\/\/inclusivenews.com.br\/#website","url":"https:\/\/inclusivenews.com.br\/","name":"Inclusive News","description":"Inclusive News","publisher":{"@id":"https:\/\/inclusivenews.com.br\/#organization"},"potentialAction":[{"@type":"SearchAction","target":{"@type":"EntryPoint","urlTemplate":"https:\/\/inclusivenews.com.br\/?s={search_term_string}"},"query-input":{"@type":"PropertyValueSpecification","valueRequired":true,"valueName":"search_term_string"}}],"inLanguage":"pt-PT"},{"@type":"Organization","@id":"https:\/\/inclusivenews.com.br\/#organization","name":"Inclusive - inclus\u00e3o e cidadania","url":"https:\/\/inclusivenews.com.br\/","logo":{"@type":"ImageObject","inLanguage":"pt-PT","@id":"https:\/\/inclusivenews.com.br\/#\/schema\/logo\/image\/","url":"https:\/\/inclusivenews.com.br\/wp-content\/uploads\/2024\/03\/@grandesite.png","contentUrl":"https:\/\/inclusivenews.com.br\/wp-content\/uploads\/2024\/03\/@grandesite.png","width":1080,"height":1080,"caption":"Inclusive - inclus\u00e3o e cidadania"},"image":{"@id":"https:\/\/inclusivenews.com.br\/#\/schema\/logo\/image\/"},"sameAs":["https:\/\/www.facebook.com\/agenciainclusive\/","https:\/\/www.instagram.com\/newsinclusive\/"]},{"@type":"Person","@id":"https:\/\/inclusivenews.com.br\/#\/schema\/person\/ae4ec7087559b8692fb33b6fffd2273b","name":"inclusivenews2024","image":{"@type":"ImageObject","inLanguage":"pt-PT","@id":"https:\/\/secure.gravatar.com\/avatar\/c5a7ef84c66fa914f55bc4f7ce26cfa275a3b9a1c5568b907bd184fb4dde7b40?s=96&d=mm&r=g","url":"https:\/\/secure.gravatar.com\/avatar\/c5a7ef84c66fa914f55bc4f7ce26cfa275a3b9a1c5568b907bd184fb4dde7b40?s=96&d=mm&r=g","contentUrl":"https:\/\/secure.gravatar.com\/avatar\/c5a7ef84c66fa914f55bc4f7ce26cfa275a3b9a1c5568b907bd184fb4dde7b40?s=96&d=mm&r=g","caption":"inclusivenews2024"},"sameAs":["https:\/\/inclusivenews.com.br"],"url":"https:\/\/inclusivenews.com.br\/?author=1"}]}},"_links":{"self":[{"href":"https:\/\/inclusivenews.com.br\/index.php?rest_route=\/wp\/v2\/posts\/14435","targetHints":{"allow":["GET"]}}],"collection":[{"href":"https:\/\/inclusivenews.com.br\/index.php?rest_route=\/wp\/v2\/posts"}],"about":[{"href":"https:\/\/inclusivenews.com.br\/index.php?rest_route=\/wp\/v2\/types\/post"}],"author":[{"embeddable":true,"href":"https:\/\/inclusivenews.com.br\/index.php?rest_route=\/wp\/v2\/users\/1"}],"replies":[{"embeddable":true,"href":"https:\/\/inclusivenews.com.br\/index.php?rest_route=%2Fwp%2Fv2%2Fcomments&post=14435"}],"version-history":[{"count":0,"href":"https:\/\/inclusivenews.com.br\/index.php?rest_route=\/wp\/v2\/posts\/14435\/revisions"}],"wp:attachment":[{"href":"https:\/\/inclusivenews.com.br\/index.php?rest_route=%2Fwp%2Fv2%2Fmedia&parent=14435"}],"wp:term":[{"taxonomy":"category","embeddable":true,"href":"https:\/\/inclusivenews.com.br\/index.php?rest_route=%2Fwp%2Fv2%2Fcategories&post=14435"},{"taxonomy":"post_tag","embeddable":true,"href":"https:\/\/inclusivenews.com.br\/index.php?rest_route=%2Fwp%2Fv2%2Ftags&post=14435"}],"curies":[{"name":"wp","href":"https:\/\/api.w.org\/{rel}","templated":true}]}}