{"id":1450,"date":"2008-10-08T19:28:44","date_gmt":"2008-10-08T19:28:44","guid":{"rendered":"http:\/\/agenciainclusive.wordpress.com\/?p=1450"},"modified":"2008-10-08T19:28:44","modified_gmt":"2008-10-08T19:28:44","slug":"acessibilidade-siga-essa-ideia","status":"publish","type":"post","link":"https:\/\/inclusivenews.com.br\/?p=1450","title":{"rendered":"Acessibilidade, siga essa id\u00e9ia."},"content":{"rendered":"<p style=\"text-align:right;\"><a href=\"http:\/\/acessibilidade.sigaessaideia.org.br\" target=\"_blank\" rel=\"noopener\">Acesse o website da campanha neste link.<\/a><\/p>\n<figure style=\"width: 170px\" class=\"wp-caption alignleft\"><img loading=\"lazy\" decoding=\"async\" title=\"logo da campanha\" src=\"http:\/\/www.mj.gov.br\/sedh\/ct\/conade\/LOGOCAMPANHA.bmp\" alt=\"logo da campanha\" width=\"170\" height=\"140\" \/><figcaption class=\"wp-caption-text\">Descri\u00e7\u00e3o da imagem: logo da campanha<\/figcaption><\/figure>\n<p>A acessibilidade representa a possibilidade de alcance, em condi\u00e7\u00f5es de seguran\u00e7a e autonomia &#8211; pelo cidad\u00e3o que apresente algum tipo de defici\u00eancia ou capacidade de locomo\u00e7\u00e3o reduzida &#8211; dos espa\u00e7os, mobili\u00e1rios e equipamentos urbanos, das edifica\u00e7\u00f5es, dos transportes e dos sistemas e meios de comunica\u00e7\u00e3o.<\/p>\n<p>H\u00e1 in\u00fameras pe\u00e7as de legisla\u00e7\u00e3o que garantem os princ\u00edpios da Acessibilidade e o direito de acesso seguro a todo cidad\u00e3o em todas as situa\u00e7\u00f5es de vida. Entre elas podem ser destacadas as Leis nos. 10.048, de 8\/11\/2000, e 10.098, de 19\/12\/2000, e o Decreto-Lei no. 5296, de 2\/12\/2004, que as regulamenta.<\/p>\n<p>Mais que todas as Leis, no entanto, \u00e9 essencial uma postura consciente de todo cidad\u00e3o, ao reconhecer que a acessibilidade n\u00e3o \u00e9 uma necessidade individual mas coletiva, sujeitas que est\u00e3o todas as pessoas ao envelhecimento, a acidentes e a doen\u00e7as. Para os que j\u00e1 fazem da acessibilidade uma bandeira, \u00e9 essencial continuar a mant\u00ea-la como um ideal de bem-estar e felicidade, reflexo de desenvolvimento e progresso social. Ser\u00e1 esta a forma de construir, com mais rapidez, um mundo mais humano para todos.<\/p>\n<p>Assista abaixo o v\u00eddeo da campanha:<\/p>\n<p>[youtube=http:\/\/br.youtube.com\/watch?v=T1wG_OoR_5I]<\/p>\n","protected":false},"excerpt":{"rendered":"<p>Acesse o website da campanha neste link. A acessibilidade representa a possibilidade de alcance, em condi\u00e7\u00f5es de seguran\u00e7a e autonomia &#8211; pelo cidad\u00e3o que apresente algum tipo de defici\u00eancia ou capacidade de locomo\u00e7\u00e3o reduzida &#8211; dos espa\u00e7os, mobili\u00e1rios e equipamentos urbanos, das edifica\u00e7\u00f5es, dos transportes e dos sistemas e meios de comunica\u00e7\u00e3o. H\u00e1 in\u00fameras pe\u00e7as [&hellip;]<\/p>\n","protected":false},"author":2,"featured_media":0,"comment_status":"open","ping_status":"open","sticky":false,"template":"","format":"standard","meta":{"site-container-style":"default","site-container-layout":"default","site-sidebar-layout":"default","disable-article-header":"default","disable-site-header":"default","disable-site-footer":"default","disable-content-area-spacing":"default","footnotes":""},"categories":[3,16],"tags":[15],"class_list":["post-1450","post","type-post","status-publish","format-standard","hentry","category-campanhas","category-video","tag-multimidia"],"yoast_head":"<!-- This site is optimized with the Yoast SEO plugin v27.4 - https:\/\/yoast.com\/product\/yoast-seo-wordpress\/ -->\n<title>Acessibilidade, siga essa id\u00e9ia. -<\/title>\n<meta name=\"robots\" content=\"index, follow, max-snippet:-1, max-image-preview:large, max-video-preview:-1\" \/>\n<link rel=\"canonical\" href=\"https:\/\/inclusivenews.com.br\/?p=1450\" \/>\n<meta property=\"og:locale\" content=\"pt_PT\" \/>\n<meta property=\"og:type\" content=\"article\" \/>\n<meta property=\"og:title\" content=\"Acessibilidade, siga essa id\u00e9ia. -\" \/>\n<meta property=\"og:description\" content=\"Acesse o website da campanha neste link. A acessibilidade representa a possibilidade de alcance, em condi\u00e7\u00f5es de seguran\u00e7a e autonomia &#8211; pelo cidad\u00e3o que apresente algum tipo de defici\u00eancia ou capacidade de locomo\u00e7\u00e3o reduzida &#8211; dos espa\u00e7os, mobili\u00e1rios e equipamentos urbanos, das edifica\u00e7\u00f5es, dos transportes e dos sistemas e meios de comunica\u00e7\u00e3o. H\u00e1 in\u00fameras pe\u00e7as [&hellip;]\" \/>\n<meta property=\"og:url\" content=\"https:\/\/inclusivenews.com.br\/?p=1450\" \/>\n<meta property=\"article:publisher\" content=\"https:\/\/www.facebook.com\/agenciainclusive\/\" \/>\n<meta property=\"article:published_time\" content=\"2008-10-08T19:28:44+00:00\" \/>\n<meta property=\"og:image\" content=\"http:\/\/www.mj.gov.br\/sedh\/ct\/conade\/LOGOCAMPANHA.bmp\" \/>\n<meta name=\"author\" content=\"Inclusive\" \/>\n<meta name=\"twitter:card\" content=\"summary_large_image\" \/>\n<meta name=\"twitter:label1\" content=\"Escrito por\" \/>\n\t<meta name=\"twitter:data1\" content=\"Inclusive\" \/>\n\t<meta name=\"twitter:label2\" content=\"Tempo estimado de leitura\" \/>\n\t<meta name=\"twitter:data2\" content=\"1 minuto\" \/>\n<script type=\"application\/ld+json\" class=\"yoast-schema-graph\">{\"@context\":\"https:\\\/\\\/schema.org\",\"@graph\":[{\"@type\":\"Article\",\"@id\":\"https:\\\/\\\/inclusivenews.com.br\\\/?p=1450#article\",\"isPartOf\":{\"@id\":\"https:\\\/\\\/inclusivenews.com.br\\\/?p=1450\"},\"author\":{\"name\":\"Inclusive\",\"@id\":\"https:\\\/\\\/inclusivenews.com.br\\\/#\\\/schema\\\/person\\\/0dab492019871b94abb65fa8ee7c8c44\"},\"headline\":\"Acessibilidade, siga essa id\u00e9ia.\",\"datePublished\":\"2008-10-08T19:28:44+00:00\",\"mainEntityOfPage\":{\"@id\":\"https:\\\/\\\/inclusivenews.com.br\\\/?p=1450\"},\"wordCount\":233,\"commentCount\":0,\"publisher\":{\"@id\":\"https:\\\/\\\/inclusivenews.com.br\\\/#organization\"},\"image\":{\"@id\":\"https:\\\/\\\/inclusivenews.com.br\\\/?p=1450#primaryimage\"},\"thumbnailUrl\":\"http:\\\/\\\/www.mj.gov.br\\\/sedh\\\/ct\\\/conade\\\/LOGOCAMPANHA.bmp\",\"keywords\":[\"Multim\u00eddia\"],\"articleSection\":[\"CAMPANHAS\",\"V\u00eddeo\"],\"inLanguage\":\"pt-PT\",\"potentialAction\":[{\"@type\":\"CommentAction\",\"name\":\"Comment\",\"target\":[\"https:\\\/\\\/inclusivenews.com.br\\\/?p=1450#respond\"]}]},{\"@type\":\"WebPage\",\"@id\":\"https:\\\/\\\/inclusivenews.com.br\\\/?p=1450\",\"url\":\"https:\\\/\\\/inclusivenews.com.br\\\/?p=1450\",\"name\":\"Acessibilidade, siga essa id\u00e9ia. -\",\"isPartOf\":{\"@id\":\"https:\\\/\\\/inclusivenews.com.br\\\/#website\"},\"primaryImageOfPage\":{\"@id\":\"https:\\\/\\\/inclusivenews.com.br\\\/?p=1450#primaryimage\"},\"image\":{\"@id\":\"https:\\\/\\\/inclusivenews.com.br\\\/?p=1450#primaryimage\"},\"thumbnailUrl\":\"http:\\\/\\\/www.mj.gov.br\\\/sedh\\\/ct\\\/conade\\\/LOGOCAMPANHA.bmp\",\"datePublished\":\"2008-10-08T19:28:44+00:00\",\"breadcrumb\":{\"@id\":\"https:\\\/\\\/inclusivenews.com.br\\\/?p=1450#breadcrumb\"},\"inLanguage\":\"pt-PT\",\"potentialAction\":[{\"@type\":\"ReadAction\",\"target\":[\"https:\\\/\\\/inclusivenews.com.br\\\/?p=1450\"]}]},{\"@type\":\"ImageObject\",\"inLanguage\":\"pt-PT\",\"@id\":\"https:\\\/\\\/inclusivenews.com.br\\\/?p=1450#primaryimage\",\"url\":\"http:\\\/\\\/www.mj.gov.br\\\/sedh\\\/ct\\\/conade\\\/LOGOCAMPANHA.bmp\",\"contentUrl\":\"http:\\\/\\\/www.mj.gov.br\\\/sedh\\\/ct\\\/conade\\\/LOGOCAMPANHA.bmp\"},{\"@type\":\"BreadcrumbList\",\"@id\":\"https:\\\/\\\/inclusivenews.com.br\\\/?p=1450#breadcrumb\",\"itemListElement\":[{\"@type\":\"ListItem\",\"position\":1,\"name\":\"In\u00edcio\",\"item\":\"https:\\\/\\\/inclusivenews.com.br\\\/\"},{\"@type\":\"ListItem\",\"position\":2,\"name\":\"Acessibilidade, siga essa id\u00e9ia.\"}]},{\"@type\":\"WebSite\",\"@id\":\"https:\\\/\\\/inclusivenews.com.br\\\/#website\",\"url\":\"https:\\\/\\\/inclusivenews.com.br\\\/\",\"name\":\"Inclusive News\",\"description\":\"Inclusive News\",\"publisher\":{\"@id\":\"https:\\\/\\\/inclusivenews.com.br\\\/#organization\"},\"potentialAction\":[{\"@type\":\"SearchAction\",\"target\":{\"@type\":\"EntryPoint\",\"urlTemplate\":\"https:\\\/\\\/inclusivenews.com.br\\\/?s={search_term_string}\"},\"query-input\":{\"@type\":\"PropertyValueSpecification\",\"valueRequired\":true,\"valueName\":\"search_term_string\"}}],\"inLanguage\":\"pt-PT\"},{\"@type\":\"Organization\",\"@id\":\"https:\\\/\\\/inclusivenews.com.br\\\/#organization\",\"name\":\"Inclusive - inclus\u00e3o e cidadania\",\"url\":\"https:\\\/\\\/inclusivenews.com.br\\\/\",\"logo\":{\"@type\":\"ImageObject\",\"inLanguage\":\"pt-PT\",\"@id\":\"https:\\\/\\\/inclusivenews.com.br\\\/#\\\/schema\\\/logo\\\/image\\\/\",\"url\":\"https:\\\/\\\/inclusivenews.com.br\\\/wp-content\\\/uploads\\\/2024\\\/03\\\/@grandesite.png\",\"contentUrl\":\"https:\\\/\\\/inclusivenews.com.br\\\/wp-content\\\/uploads\\\/2024\\\/03\\\/@grandesite.png\",\"width\":1080,\"height\":1080,\"caption\":\"Inclusive - inclus\u00e3o e cidadania\"},\"image\":{\"@id\":\"https:\\\/\\\/inclusivenews.com.br\\\/#\\\/schema\\\/logo\\\/image\\\/\"},\"sameAs\":[\"https:\\\/\\\/www.facebook.com\\\/agenciainclusive\\\/\",\"https:\\\/\\\/www.instagram.com\\\/newsinclusive\\\/\"]},{\"@type\":\"Person\",\"@id\":\"https:\\\/\\\/inclusivenews.com.br\\\/#\\\/schema\\\/person\\\/0dab492019871b94abb65fa8ee7c8c44\",\"name\":\"Inclusive\",\"image\":{\"@type\":\"ImageObject\",\"inLanguage\":\"pt-PT\",\"@id\":\"https:\\\/\\\/secure.gravatar.com\\\/avatar\\\/?s=96&d=mm&r=g\",\"url\":\"https:\\\/\\\/secure.gravatar.com\\\/avatar\\\/?s=96&d=mm&r=g\",\"contentUrl\":\"https:\\\/\\\/secure.gravatar.com\\\/avatar\\\/?s=96&d=mm&r=g\",\"caption\":\"Inclusive\"},\"url\":\"https:\\\/\\\/inclusivenews.com.br\\\/?author=2\"}]}<\/script>\n<!-- \/ Yoast SEO plugin. -->","yoast_head_json":{"title":"Acessibilidade, siga essa id\u00e9ia. -","robots":{"index":"index","follow":"follow","max-snippet":"max-snippet:-1","max-image-preview":"max-image-preview:large","max-video-preview":"max-video-preview:-1"},"canonical":"https:\/\/inclusivenews.com.br\/?p=1450","og_locale":"pt_PT","og_type":"article","og_title":"Acessibilidade, siga essa id\u00e9ia. -","og_description":"Acesse o website da campanha neste link. A acessibilidade representa a possibilidade de alcance, em condi\u00e7\u00f5es de seguran\u00e7a e autonomia &#8211; pelo cidad\u00e3o que apresente algum tipo de defici\u00eancia ou capacidade de locomo\u00e7\u00e3o reduzida &#8211; dos espa\u00e7os, mobili\u00e1rios e equipamentos urbanos, das edifica\u00e7\u00f5es, dos transportes e dos sistemas e meios de comunica\u00e7\u00e3o. H\u00e1 in\u00fameras pe\u00e7as [&hellip;]","og_url":"https:\/\/inclusivenews.com.br\/?p=1450","article_publisher":"https:\/\/www.facebook.com\/agenciainclusive\/","article_published_time":"2008-10-08T19:28:44+00:00","og_image":[{"url":"http:\/\/www.mj.gov.br\/sedh\/ct\/conade\/LOGOCAMPANHA.bmp","type":"","width":"","height":""}],"author":"Inclusive","twitter_card":"summary_large_image","twitter_misc":{"Escrito por":"Inclusive","Tempo estimado de leitura":"1 minuto"},"schema":{"@context":"https:\/\/schema.org","@graph":[{"@type":"Article","@id":"https:\/\/inclusivenews.com.br\/?p=1450#article","isPartOf":{"@id":"https:\/\/inclusivenews.com.br\/?p=1450"},"author":{"name":"Inclusive","@id":"https:\/\/inclusivenews.com.br\/#\/schema\/person\/0dab492019871b94abb65fa8ee7c8c44"},"headline":"Acessibilidade, siga essa id\u00e9ia.","datePublished":"2008-10-08T19:28:44+00:00","mainEntityOfPage":{"@id":"https:\/\/inclusivenews.com.br\/?p=1450"},"wordCount":233,"commentCount":0,"publisher":{"@id":"https:\/\/inclusivenews.com.br\/#organization"},"image":{"@id":"https:\/\/inclusivenews.com.br\/?p=1450#primaryimage"},"thumbnailUrl":"http:\/\/www.mj.gov.br\/sedh\/ct\/conade\/LOGOCAMPANHA.bmp","keywords":["Multim\u00eddia"],"articleSection":["CAMPANHAS","V\u00eddeo"],"inLanguage":"pt-PT","potentialAction":[{"@type":"CommentAction","name":"Comment","target":["https:\/\/inclusivenews.com.br\/?p=1450#respond"]}]},{"@type":"WebPage","@id":"https:\/\/inclusivenews.com.br\/?p=1450","url":"https:\/\/inclusivenews.com.br\/?p=1450","name":"Acessibilidade, siga essa id\u00e9ia. -","isPartOf":{"@id":"https:\/\/inclusivenews.com.br\/#website"},"primaryImageOfPage":{"@id":"https:\/\/inclusivenews.com.br\/?p=1450#primaryimage"},"image":{"@id":"https:\/\/inclusivenews.com.br\/?p=1450#primaryimage"},"thumbnailUrl":"http:\/\/www.mj.gov.br\/sedh\/ct\/conade\/LOGOCAMPANHA.bmp","datePublished":"2008-10-08T19:28:44+00:00","breadcrumb":{"@id":"https:\/\/inclusivenews.com.br\/?p=1450#breadcrumb"},"inLanguage":"pt-PT","potentialAction":[{"@type":"ReadAction","target":["https:\/\/inclusivenews.com.br\/?p=1450"]}]},{"@type":"ImageObject","inLanguage":"pt-PT","@id":"https:\/\/inclusivenews.com.br\/?p=1450#primaryimage","url":"http:\/\/www.mj.gov.br\/sedh\/ct\/conade\/LOGOCAMPANHA.bmp","contentUrl":"http:\/\/www.mj.gov.br\/sedh\/ct\/conade\/LOGOCAMPANHA.bmp"},{"@type":"BreadcrumbList","@id":"https:\/\/inclusivenews.com.br\/?p=1450#breadcrumb","itemListElement":[{"@type":"ListItem","position":1,"name":"In\u00edcio","item":"https:\/\/inclusivenews.com.br\/"},{"@type":"ListItem","position":2,"name":"Acessibilidade, siga essa id\u00e9ia."}]},{"@type":"WebSite","@id":"https:\/\/inclusivenews.com.br\/#website","url":"https:\/\/inclusivenews.com.br\/","name":"Inclusive News","description":"Inclusive News","publisher":{"@id":"https:\/\/inclusivenews.com.br\/#organization"},"potentialAction":[{"@type":"SearchAction","target":{"@type":"EntryPoint","urlTemplate":"https:\/\/inclusivenews.com.br\/?s={search_term_string}"},"query-input":{"@type":"PropertyValueSpecification","valueRequired":true,"valueName":"search_term_string"}}],"inLanguage":"pt-PT"},{"@type":"Organization","@id":"https:\/\/inclusivenews.com.br\/#organization","name":"Inclusive - inclus\u00e3o e cidadania","url":"https:\/\/inclusivenews.com.br\/","logo":{"@type":"ImageObject","inLanguage":"pt-PT","@id":"https:\/\/inclusivenews.com.br\/#\/schema\/logo\/image\/","url":"https:\/\/inclusivenews.com.br\/wp-content\/uploads\/2024\/03\/@grandesite.png","contentUrl":"https:\/\/inclusivenews.com.br\/wp-content\/uploads\/2024\/03\/@grandesite.png","width":1080,"height":1080,"caption":"Inclusive - inclus\u00e3o e cidadania"},"image":{"@id":"https:\/\/inclusivenews.com.br\/#\/schema\/logo\/image\/"},"sameAs":["https:\/\/www.facebook.com\/agenciainclusive\/","https:\/\/www.instagram.com\/newsinclusive\/"]},{"@type":"Person","@id":"https:\/\/inclusivenews.com.br\/#\/schema\/person\/0dab492019871b94abb65fa8ee7c8c44","name":"Inclusive","image":{"@type":"ImageObject","inLanguage":"pt-PT","@id":"https:\/\/secure.gravatar.com\/avatar\/?s=96&d=mm&r=g","url":"https:\/\/secure.gravatar.com\/avatar\/?s=96&d=mm&r=g","contentUrl":"https:\/\/secure.gravatar.com\/avatar\/?s=96&d=mm&r=g","caption":"Inclusive"},"url":"https:\/\/inclusivenews.com.br\/?author=2"}]}},"_links":{"self":[{"href":"https:\/\/inclusivenews.com.br\/index.php?rest_route=\/wp\/v2\/posts\/1450","targetHints":{"allow":["GET"]}}],"collection":[{"href":"https:\/\/inclusivenews.com.br\/index.php?rest_route=\/wp\/v2\/posts"}],"about":[{"href":"https:\/\/inclusivenews.com.br\/index.php?rest_route=\/wp\/v2\/types\/post"}],"author":[{"embeddable":true,"href":"https:\/\/inclusivenews.com.br\/index.php?rest_route=\/wp\/v2\/users\/2"}],"replies":[{"embeddable":true,"href":"https:\/\/inclusivenews.com.br\/index.php?rest_route=%2Fwp%2Fv2%2Fcomments&post=1450"}],"version-history":[{"count":0,"href":"https:\/\/inclusivenews.com.br\/index.php?rest_route=\/wp\/v2\/posts\/1450\/revisions"}],"wp:attachment":[{"href":"https:\/\/inclusivenews.com.br\/index.php?rest_route=%2Fwp%2Fv2%2Fmedia&parent=1450"}],"wp:term":[{"taxonomy":"category","embeddable":true,"href":"https:\/\/inclusivenews.com.br\/index.php?rest_route=%2Fwp%2Fv2%2Fcategories&post=1450"},{"taxonomy":"post_tag","embeddable":true,"href":"https:\/\/inclusivenews.com.br\/index.php?rest_route=%2Fwp%2Fv2%2Ftags&post=1450"}],"curies":[{"name":"wp","href":"https:\/\/api.w.org\/{rel}","templated":true}]}}