{"id":14551,"date":"2010-03-24T06:00:16","date_gmt":"2010-03-24T09:00:16","guid":{"rendered":"http:\/\/www.inclusive.org.br\/?p=14551"},"modified":"2010-03-24T06:00:16","modified_gmt":"2010-03-24T09:00:16","slug":"portadores-da-sindrome-de-down-homenageados-no-seu-dia","status":"publish","type":"post","link":"https:\/\/inclusivenews.com.br\/?p=14551","title":{"rendered":"Portadores da s\u00edndrome de Down homenageados no seu dia"},"content":{"rendered":"<figure id=\"attachment_14558\" aria-describedby=\"caption-attachment-14558\" style=\"width: 451px\" class=\"wp-caption alignnone\"><a href=\"http:\/\/www.inclusivenews.com.br\/wp-content\/uploads\/2010\/03\/fotobrasilia.jpg\"><img loading=\"lazy\" decoding=\"async\" class=\"size-full wp-image-14558\" title=\"fotobrasilia\" src=\"http:\/\/inclusivenews.com.br\/wp-content\/uploads\/2010\/03\/fotobrasilia.jpg\" alt=\"\" width=\"451\" height=\"326\" \/><\/a><figcaption id=\"caption-attachment-14558\" class=\"wp-caption-text\">Apresenta\u00e7\u00e3o de bailarinos portadores da s\u00edndrome de Down (Foto: Silvio Abdon\/CLDF)<\/figcaption><\/figure>\n<p>Portadores da s\u00edndrome de Down demonstraram hoje (23), no plen\u00e1rio da Casa, que se receberem apoio da fam\u00edlia e da sociedade s\u00e3o capazes de superar as limita\u00e7\u00f5es de seu nascimento e se transformarem em artistas pl\u00e1sticos, dan\u00e7arinos cl\u00e1ssicos, de hip hop e de dan\u00e7a cigana e at\u00e9 chegarem \u00e0 faculdade.<\/p>\n<p>As apresenta\u00e7\u00f5es foram feitas durante a sess\u00e3o solene realizada por iniciativa  da deputada Erika Kokay (PT), em homenagem ao Dia Internacional da S\u00edndrome de Down, que reuniu, al\u00e9m dos representantes das entidades que trabalham pela causa, pais e jovens portadores da s\u00edndrome de Down.<\/p>\n<p>Erika Kokay defendeu a amplia\u00e7\u00e3o das pol\u00edticas p\u00fablicas de inser\u00e7\u00e3o dos portadores da s\u00edndrome, afirmando que cabe ao Estado criar oportunidades para que se integrem \u00e0 sociedade e possam dispor de meios de realiza\u00e7\u00e3o pessoal e profissional.<\/p>\n<p>Esse foi tamb\u00e9m o discurso de Fernando Cotta e Luiz Maur\u00edcio, respectivamente coordenadores do CORDE\/DF (Coordenadoria para Inclus\u00e3o das Pessoas com Defici\u00eancia) e do F\u00f3rum Permanente de Apoio e Defesa dos Direitos das Pessoas com Defici\u00eancia do DF e Entorno.<\/p>\n<p>Rodrigo Marinho de Noronha, assessor parlamentar do deputado federal Eduardo Barbosa (PSDB\/MG), disse que, apesar de ser portador da s\u00edndrome, p\u00f4de superar muitos desafios e ter seu pr\u00f3prio trabalho e reconhece que &#8220;muitas pessoas como ele podem e merecem ter seu espa\u00e7o&#8221;.<\/p>\n<p>M\u00e3es de jovens nascidos com a defici\u00eancia, Ana Cl\u00e1udia Figueiredo, e Lurdes Cabral Piantino, esta presidente da Associa\u00e7\u00e3o das M\u00e3es em Movimento (AMEM\/DF), disseram que o investimento feito nos filhos \u00e9 a demonstra\u00e7\u00e3o mais cabal de quanto a estimula\u00e7\u00e3o precoce pode melhorar sua condi\u00e7\u00e3o de vida.<\/p>\n<p>Os filhos de Ana Cl\u00e1udia e Lurdes, J\u00e9ssica e L\u00facio, falaram sobre suas vidas, mostraram fotos da inf\u00e2ncia e das muitas atividades que faziam, revelando sua aptid\u00e3o para as artes. J\u00e9ssica \u00e9 bailarina e est\u00e1 concluindo o terceiro ano do segundo grau e disse que pretende fazer vestibular para artes c\u00eanicas; L\u00facio, de 14 anos, pinta e j\u00e1 fez tr\u00eas exposi\u00e7\u00f5es individuais e dan\u00e7a hip hop.<\/p>\n<p>Lurdes disse acreditar que h\u00e1 muito o que comemorar n\u00e3o apenas em rela\u00e7\u00e3o ao seu pr\u00f3prio filho &#8211; que virou o her\u00f3i da hist\u00f3ria &#8220;O menino que virou arte&#8221;, lida por ele &#8211; , mas tamb\u00e9m em rela\u00e7\u00e3o \u00e0s iniciativas p\u00fablicas promovidas para promover a inclus\u00e3o dos portadores da s\u00edndrome de Down. Mas h\u00e1 ainda espa\u00e7o, segundo ela, para que a sociedade lance um novo olhar sobre essas pessoas e, com isso, ampliar as condi\u00e7\u00f5es de sua integra\u00e7\u00e3o.<\/p>\n<p>Donalva Caixeta Marinho &#8211; Coordenadoria de Comunica\u00e7\u00e3o Social<\/p>\n","protected":false},"excerpt":{"rendered":"<p>Portadores da s\u00edndrome de Down demonstraram hoje (23), no plen\u00e1rio da Casa, que se receberem apoio da fam\u00edlia e da sociedade s\u00e3o capazes de superar as limita\u00e7\u00f5es de seu nascimento e se transformarem em artistas pl\u00e1sticos, dan\u00e7arinos cl\u00e1ssicos, de hip hop e de dan\u00e7a cigana e at\u00e9 chegarem \u00e0 faculdade.<\/p>\n","protected":false},"author":1,"featured_media":0,"comment_status":"open","ping_status":"open","sticky":false,"template":"","format":"standard","meta":{"site-container-style":"default","site-container-layout":"default","site-sidebar-layout":"default","disable-article-header":"default","disable-site-header":"default","disable-site-footer":"default","disable-content-area-spacing":"default","footnotes":""},"categories":[4,84],"tags":[],"class_list":["post-14551","post","type-post","status-publish","format-standard","hentry","category-noticias","category-wdsd2010"],"yoast_head":"<!-- This site is optimized with the Yoast SEO plugin v27.4 - https:\/\/yoast.com\/product\/yoast-seo-wordpress\/ -->\n<title>Portadores da s\u00edndrome de Down homenageados no seu dia -<\/title>\n<meta name=\"robots\" content=\"index, follow, max-snippet:-1, max-image-preview:large, max-video-preview:-1\" \/>\n<link rel=\"canonical\" href=\"https:\/\/inclusivenews.com.br\/?p=14551\" \/>\n<meta property=\"og:locale\" content=\"pt_PT\" \/>\n<meta property=\"og:type\" content=\"article\" \/>\n<meta property=\"og:title\" content=\"Portadores da s\u00edndrome de Down homenageados no seu dia -\" \/>\n<meta property=\"og:description\" content=\"Portadores da s\u00edndrome de Down demonstraram hoje (23), no plen\u00e1rio da Casa, que se receberem apoio da fam\u00edlia e da sociedade s\u00e3o capazes de superar as limita\u00e7\u00f5es de seu nascimento e se transformarem em artistas pl\u00e1sticos, dan\u00e7arinos cl\u00e1ssicos, de hip hop e de dan\u00e7a cigana e at\u00e9 chegarem \u00e0 faculdade.\" \/>\n<meta property=\"og:url\" content=\"https:\/\/inclusivenews.com.br\/?p=14551\" \/>\n<meta property=\"article:publisher\" content=\"https:\/\/www.facebook.com\/agenciainclusive\/\" \/>\n<meta property=\"article:published_time\" content=\"2010-03-24T09:00:16+00:00\" \/>\n<meta property=\"og:image\" content=\"http:\/\/inclusivenews.com.br\/wp-content\/uploads\/2010\/03\/fotobrasilia.jpg\" \/>\n<meta name=\"author\" content=\"inclusivenews2024\" \/>\n<meta name=\"twitter:card\" content=\"summary_large_image\" \/>\n<meta name=\"twitter:label1\" content=\"Escrito por\" \/>\n\t<meta name=\"twitter:data1\" content=\"inclusivenews2024\" \/>\n\t<meta name=\"twitter:label2\" content=\"Tempo estimado de leitura\" \/>\n\t<meta name=\"twitter:data2\" content=\"2 minutos\" \/>\n<script type=\"application\/ld+json\" class=\"yoast-schema-graph\">{\"@context\":\"https:\\\/\\\/schema.org\",\"@graph\":[{\"@type\":\"Article\",\"@id\":\"https:\\\/\\\/inclusivenews.com.br\\\/?p=14551#article\",\"isPartOf\":{\"@id\":\"https:\\\/\\\/inclusivenews.com.br\\\/?p=14551\"},\"author\":{\"name\":\"inclusivenews2024\",\"@id\":\"https:\\\/\\\/inclusivenews.com.br\\\/#\\\/schema\\\/person\\\/ae4ec7087559b8692fb33b6fffd2273b\"},\"headline\":\"Portadores da s\u00edndrome de Down homenageados no seu dia\",\"datePublished\":\"2010-03-24T09:00:16+00:00\",\"mainEntityOfPage\":{\"@id\":\"https:\\\/\\\/inclusivenews.com.br\\\/?p=14551\"},\"wordCount\":502,\"commentCount\":0,\"publisher\":{\"@id\":\"https:\\\/\\\/inclusivenews.com.br\\\/#organization\"},\"image\":{\"@id\":\"https:\\\/\\\/inclusivenews.com.br\\\/?p=14551#primaryimage\"},\"thumbnailUrl\":\"http:\\\/\\\/inclusivenews.com.br\\\/wp-content\\\/uploads\\\/2010\\\/03\\\/fotobrasilia.jpg\",\"articleSection\":[\"NOT\u00cdCIAS\",\"WDSD2010\"],\"inLanguage\":\"pt-PT\",\"potentialAction\":[{\"@type\":\"CommentAction\",\"name\":\"Comment\",\"target\":[\"https:\\\/\\\/inclusivenews.com.br\\\/?p=14551#respond\"]}]},{\"@type\":\"WebPage\",\"@id\":\"https:\\\/\\\/inclusivenews.com.br\\\/?p=14551\",\"url\":\"https:\\\/\\\/inclusivenews.com.br\\\/?p=14551\",\"name\":\"Portadores da s\u00edndrome de Down homenageados no seu dia -\",\"isPartOf\":{\"@id\":\"https:\\\/\\\/inclusivenews.com.br\\\/#website\"},\"primaryImageOfPage\":{\"@id\":\"https:\\\/\\\/inclusivenews.com.br\\\/?p=14551#primaryimage\"},\"image\":{\"@id\":\"https:\\\/\\\/inclusivenews.com.br\\\/?p=14551#primaryimage\"},\"thumbnailUrl\":\"http:\\\/\\\/inclusivenews.com.br\\\/wp-content\\\/uploads\\\/2010\\\/03\\\/fotobrasilia.jpg\",\"datePublished\":\"2010-03-24T09:00:16+00:00\",\"breadcrumb\":{\"@id\":\"https:\\\/\\\/inclusivenews.com.br\\\/?p=14551#breadcrumb\"},\"inLanguage\":\"pt-PT\",\"potentialAction\":[{\"@type\":\"ReadAction\",\"target\":[\"https:\\\/\\\/inclusivenews.com.br\\\/?p=14551\"]}]},{\"@type\":\"ImageObject\",\"inLanguage\":\"pt-PT\",\"@id\":\"https:\\\/\\\/inclusivenews.com.br\\\/?p=14551#primaryimage\",\"url\":\"\",\"contentUrl\":\"\"},{\"@type\":\"BreadcrumbList\",\"@id\":\"https:\\\/\\\/inclusivenews.com.br\\\/?p=14551#breadcrumb\",\"itemListElement\":[{\"@type\":\"ListItem\",\"position\":1,\"name\":\"In\u00edcio\",\"item\":\"https:\\\/\\\/inclusivenews.com.br\\\/\"},{\"@type\":\"ListItem\",\"position\":2,\"name\":\"Portadores da s\u00edndrome de Down homenageados no seu dia\"}]},{\"@type\":\"WebSite\",\"@id\":\"https:\\\/\\\/inclusivenews.com.br\\\/#website\",\"url\":\"https:\\\/\\\/inclusivenews.com.br\\\/\",\"name\":\"Inclusive News\",\"description\":\"Inclusive News\",\"publisher\":{\"@id\":\"https:\\\/\\\/inclusivenews.com.br\\\/#organization\"},\"potentialAction\":[{\"@type\":\"SearchAction\",\"target\":{\"@type\":\"EntryPoint\",\"urlTemplate\":\"https:\\\/\\\/inclusivenews.com.br\\\/?s={search_term_string}\"},\"query-input\":{\"@type\":\"PropertyValueSpecification\",\"valueRequired\":true,\"valueName\":\"search_term_string\"}}],\"inLanguage\":\"pt-PT\"},{\"@type\":\"Organization\",\"@id\":\"https:\\\/\\\/inclusivenews.com.br\\\/#organization\",\"name\":\"Inclusive - inclus\u00e3o e cidadania\",\"url\":\"https:\\\/\\\/inclusivenews.com.br\\\/\",\"logo\":{\"@type\":\"ImageObject\",\"inLanguage\":\"pt-PT\",\"@id\":\"https:\\\/\\\/inclusivenews.com.br\\\/#\\\/schema\\\/logo\\\/image\\\/\",\"url\":\"https:\\\/\\\/inclusivenews.com.br\\\/wp-content\\\/uploads\\\/2024\\\/03\\\/@grandesite.png\",\"contentUrl\":\"https:\\\/\\\/inclusivenews.com.br\\\/wp-content\\\/uploads\\\/2024\\\/03\\\/@grandesite.png\",\"width\":1080,\"height\":1080,\"caption\":\"Inclusive - inclus\u00e3o e cidadania\"},\"image\":{\"@id\":\"https:\\\/\\\/inclusivenews.com.br\\\/#\\\/schema\\\/logo\\\/image\\\/\"},\"sameAs\":[\"https:\\\/\\\/www.facebook.com\\\/agenciainclusive\\\/\",\"https:\\\/\\\/www.instagram.com\\\/newsinclusive\\\/\"]},{\"@type\":\"Person\",\"@id\":\"https:\\\/\\\/inclusivenews.com.br\\\/#\\\/schema\\\/person\\\/ae4ec7087559b8692fb33b6fffd2273b\",\"name\":\"inclusivenews2024\",\"image\":{\"@type\":\"ImageObject\",\"inLanguage\":\"pt-PT\",\"@id\":\"https:\\\/\\\/secure.gravatar.com\\\/avatar\\\/c5a7ef84c66fa914f55bc4f7ce26cfa275a3b9a1c5568b907bd184fb4dde7b40?s=96&d=mm&r=g\",\"url\":\"https:\\\/\\\/secure.gravatar.com\\\/avatar\\\/c5a7ef84c66fa914f55bc4f7ce26cfa275a3b9a1c5568b907bd184fb4dde7b40?s=96&d=mm&r=g\",\"contentUrl\":\"https:\\\/\\\/secure.gravatar.com\\\/avatar\\\/c5a7ef84c66fa914f55bc4f7ce26cfa275a3b9a1c5568b907bd184fb4dde7b40?s=96&d=mm&r=g\",\"caption\":\"inclusivenews2024\"},\"sameAs\":[\"https:\\\/\\\/inclusivenews.com.br\"],\"url\":\"https:\\\/\\\/inclusivenews.com.br\\\/?author=1\"}]}<\/script>\n<!-- \/ Yoast SEO plugin. -->","yoast_head_json":{"title":"Portadores da s\u00edndrome de Down homenageados no seu dia -","robots":{"index":"index","follow":"follow","max-snippet":"max-snippet:-1","max-image-preview":"max-image-preview:large","max-video-preview":"max-video-preview:-1"},"canonical":"https:\/\/inclusivenews.com.br\/?p=14551","og_locale":"pt_PT","og_type":"article","og_title":"Portadores da s\u00edndrome de Down homenageados no seu dia -","og_description":"Portadores da s\u00edndrome de Down demonstraram hoje (23), no plen\u00e1rio da Casa, que se receberem apoio da fam\u00edlia e da sociedade s\u00e3o capazes de superar as limita\u00e7\u00f5es de seu nascimento e se transformarem em artistas pl\u00e1sticos, dan\u00e7arinos cl\u00e1ssicos, de hip hop e de dan\u00e7a cigana e at\u00e9 chegarem \u00e0 faculdade.","og_url":"https:\/\/inclusivenews.com.br\/?p=14551","article_publisher":"https:\/\/www.facebook.com\/agenciainclusive\/","article_published_time":"2010-03-24T09:00:16+00:00","og_image":[{"url":"http:\/\/inclusivenews.com.br\/wp-content\/uploads\/2010\/03\/fotobrasilia.jpg","type":"","width":"","height":""}],"author":"inclusivenews2024","twitter_card":"summary_large_image","twitter_misc":{"Escrito por":"inclusivenews2024","Tempo estimado de leitura":"2 minutos"},"schema":{"@context":"https:\/\/schema.org","@graph":[{"@type":"Article","@id":"https:\/\/inclusivenews.com.br\/?p=14551#article","isPartOf":{"@id":"https:\/\/inclusivenews.com.br\/?p=14551"},"author":{"name":"inclusivenews2024","@id":"https:\/\/inclusivenews.com.br\/#\/schema\/person\/ae4ec7087559b8692fb33b6fffd2273b"},"headline":"Portadores da s\u00edndrome de Down homenageados no seu dia","datePublished":"2010-03-24T09:00:16+00:00","mainEntityOfPage":{"@id":"https:\/\/inclusivenews.com.br\/?p=14551"},"wordCount":502,"commentCount":0,"publisher":{"@id":"https:\/\/inclusivenews.com.br\/#organization"},"image":{"@id":"https:\/\/inclusivenews.com.br\/?p=14551#primaryimage"},"thumbnailUrl":"http:\/\/inclusivenews.com.br\/wp-content\/uploads\/2010\/03\/fotobrasilia.jpg","articleSection":["NOT\u00cdCIAS","WDSD2010"],"inLanguage":"pt-PT","potentialAction":[{"@type":"CommentAction","name":"Comment","target":["https:\/\/inclusivenews.com.br\/?p=14551#respond"]}]},{"@type":"WebPage","@id":"https:\/\/inclusivenews.com.br\/?p=14551","url":"https:\/\/inclusivenews.com.br\/?p=14551","name":"Portadores da s\u00edndrome de Down homenageados no seu dia -","isPartOf":{"@id":"https:\/\/inclusivenews.com.br\/#website"},"primaryImageOfPage":{"@id":"https:\/\/inclusivenews.com.br\/?p=14551#primaryimage"},"image":{"@id":"https:\/\/inclusivenews.com.br\/?p=14551#primaryimage"},"thumbnailUrl":"http:\/\/inclusivenews.com.br\/wp-content\/uploads\/2010\/03\/fotobrasilia.jpg","datePublished":"2010-03-24T09:00:16+00:00","breadcrumb":{"@id":"https:\/\/inclusivenews.com.br\/?p=14551#breadcrumb"},"inLanguage":"pt-PT","potentialAction":[{"@type":"ReadAction","target":["https:\/\/inclusivenews.com.br\/?p=14551"]}]},{"@type":"ImageObject","inLanguage":"pt-PT","@id":"https:\/\/inclusivenews.com.br\/?p=14551#primaryimage","url":"","contentUrl":""},{"@type":"BreadcrumbList","@id":"https:\/\/inclusivenews.com.br\/?p=14551#breadcrumb","itemListElement":[{"@type":"ListItem","position":1,"name":"In\u00edcio","item":"https:\/\/inclusivenews.com.br\/"},{"@type":"ListItem","position":2,"name":"Portadores da s\u00edndrome de Down homenageados no seu dia"}]},{"@type":"WebSite","@id":"https:\/\/inclusivenews.com.br\/#website","url":"https:\/\/inclusivenews.com.br\/","name":"Inclusive News","description":"Inclusive News","publisher":{"@id":"https:\/\/inclusivenews.com.br\/#organization"},"potentialAction":[{"@type":"SearchAction","target":{"@type":"EntryPoint","urlTemplate":"https:\/\/inclusivenews.com.br\/?s={search_term_string}"},"query-input":{"@type":"PropertyValueSpecification","valueRequired":true,"valueName":"search_term_string"}}],"inLanguage":"pt-PT"},{"@type":"Organization","@id":"https:\/\/inclusivenews.com.br\/#organization","name":"Inclusive - inclus\u00e3o e cidadania","url":"https:\/\/inclusivenews.com.br\/","logo":{"@type":"ImageObject","inLanguage":"pt-PT","@id":"https:\/\/inclusivenews.com.br\/#\/schema\/logo\/image\/","url":"https:\/\/inclusivenews.com.br\/wp-content\/uploads\/2024\/03\/@grandesite.png","contentUrl":"https:\/\/inclusivenews.com.br\/wp-content\/uploads\/2024\/03\/@grandesite.png","width":1080,"height":1080,"caption":"Inclusive - inclus\u00e3o e cidadania"},"image":{"@id":"https:\/\/inclusivenews.com.br\/#\/schema\/logo\/image\/"},"sameAs":["https:\/\/www.facebook.com\/agenciainclusive\/","https:\/\/www.instagram.com\/newsinclusive\/"]},{"@type":"Person","@id":"https:\/\/inclusivenews.com.br\/#\/schema\/person\/ae4ec7087559b8692fb33b6fffd2273b","name":"inclusivenews2024","image":{"@type":"ImageObject","inLanguage":"pt-PT","@id":"https:\/\/secure.gravatar.com\/avatar\/c5a7ef84c66fa914f55bc4f7ce26cfa275a3b9a1c5568b907bd184fb4dde7b40?s=96&d=mm&r=g","url":"https:\/\/secure.gravatar.com\/avatar\/c5a7ef84c66fa914f55bc4f7ce26cfa275a3b9a1c5568b907bd184fb4dde7b40?s=96&d=mm&r=g","contentUrl":"https:\/\/secure.gravatar.com\/avatar\/c5a7ef84c66fa914f55bc4f7ce26cfa275a3b9a1c5568b907bd184fb4dde7b40?s=96&d=mm&r=g","caption":"inclusivenews2024"},"sameAs":["https:\/\/inclusivenews.com.br"],"url":"https:\/\/inclusivenews.com.br\/?author=1"}]}},"_links":{"self":[{"href":"https:\/\/inclusivenews.com.br\/index.php?rest_route=\/wp\/v2\/posts\/14551","targetHints":{"allow":["GET"]}}],"collection":[{"href":"https:\/\/inclusivenews.com.br\/index.php?rest_route=\/wp\/v2\/posts"}],"about":[{"href":"https:\/\/inclusivenews.com.br\/index.php?rest_route=\/wp\/v2\/types\/post"}],"author":[{"embeddable":true,"href":"https:\/\/inclusivenews.com.br\/index.php?rest_route=\/wp\/v2\/users\/1"}],"replies":[{"embeddable":true,"href":"https:\/\/inclusivenews.com.br\/index.php?rest_route=%2Fwp%2Fv2%2Fcomments&post=14551"}],"version-history":[{"count":0,"href":"https:\/\/inclusivenews.com.br\/index.php?rest_route=\/wp\/v2\/posts\/14551\/revisions"}],"wp:attachment":[{"href":"https:\/\/inclusivenews.com.br\/index.php?rest_route=%2Fwp%2Fv2%2Fmedia&parent=14551"}],"wp:term":[{"taxonomy":"category","embeddable":true,"href":"https:\/\/inclusivenews.com.br\/index.php?rest_route=%2Fwp%2Fv2%2Fcategories&post=14551"},{"taxonomy":"post_tag","embeddable":true,"href":"https:\/\/inclusivenews.com.br\/index.php?rest_route=%2Fwp%2Fv2%2Ftags&post=14551"}],"curies":[{"name":"wp","href":"https:\/\/api.w.org\/{rel}","templated":true}]}}