{"id":14706,"date":"2010-04-02T09:08:07","date_gmt":"2010-04-02T12:08:07","guid":{"rendered":"http:\/\/www.inclusive.org.br\/?p=14706"},"modified":"2010-04-02T09:08:07","modified_gmt":"2010-04-02T12:08:07","slug":"livros-didaticos-e-escolas-terao-de-incluir-tematica-lgbt","status":"publish","type":"post","link":"https:\/\/inclusivenews.com.br\/?p=14706","title":{"rendered":"Livros did\u00e1ticos e escolas ter\u00e3o de incluir tem\u00e1tica LGBT"},"content":{"rendered":"<figure id=\"attachment_14707\" aria-describedby=\"caption-attachment-14707\" style=\"width: 161px\" class=\"wp-caption alignnone\"><a href=\"http:\/\/www.inclusivenews.com.br\/wp-content\/uploads\/2010\/04\/ABGLT.jpg\"><img loading=\"lazy\" decoding=\"async\" class=\"size-full wp-image-14707\" title=\"ABGLT\" src=\"http:\/\/inclusivenews.com.br\/wp-content\/uploads\/2010\/04\/ABGLT.jpg\" alt=\"\" width=\"161\" height=\"78\" \/><\/a><figcaption id=\"caption-attachment-14707\" class=\"wp-caption-text\"> <\/figcaption><\/figure>\n<p><strong>Simone Harnik<\/strong><br \/>\nEm Bras\u00edlia<\/p>\n<p>Os temas sobre orienta\u00e7\u00e3o sexual e homossexualidade ter\u00e3o de aparecer nos livros did\u00e1ticos e nas salas de aula. Pelo menos, foi essa a decis\u00e3o da Conae (Confer\u00eancia Nacional de Educa\u00e7\u00e3o), que acontece em Bras\u00edlia at\u00e9 amanh\u00e3 (1\u00ba).<\/p>\n<p>Segundo o presidente da ABGLT (Associa\u00e7\u00e3o Brasileira de L\u00e9sbicas, Gays, Bissexuais, Travestis e Transexuais), Toni Reis, o movimento LGBT est\u00e1 satisfeito com a confer\u00eancia. \u201cSa\u00edmos vitoriosos. Se o pa\u00eds cumprir o que foi aprovado, a homofobia na escola est\u00e1 com os dias contados\u201d, afirma.<\/p>\n<p>Livros did\u00e1ticos e escolas ter\u00e3o de incluir tem\u00e1tica LGBT. O que voc\u00ea acha da decis\u00e3o?<\/p>\n<p>Temas sobre orienta\u00e7\u00e3o sexual e homossexualidade ter\u00e3o de aparecer nos livros did\u00e1ticos, segundo decis\u00e3o da Conae.<\/p>\n<p>A Conae pretende tra\u00e7ar diretrizes para a educa\u00e7\u00e3o do pa\u00eds, que podem ser incorporadas no Plano Nacional de Educa\u00e7\u00e3o. \u00c9 este plano que define o que ser\u00e1 prioridade no ensino brasileiro nos pr\u00f3ximos dez anos.<\/p>\n<p>Al\u00e9m da presen\u00e7a nos livros escolares, a tem\u00e1tica LGBT dever\u00e1 ser ensinada nas faculdades e cursos de forma\u00e7\u00e3o de professores. Al\u00e9m disso, de acordo com Reis, a confer\u00eancia definiu que o livro did\u00e1tico n\u00e3o poder\u00e1 ter conte\u00fados que discriminam homossexuais. \u201c\u00c9 o fim das piadas sobre gays nos livros\u201d, diz.<\/p>\n<p>Propostas LGBT na confer\u00eancia O movimento LGBT levantou tr\u00eas propostas na Conae: o fim da homofobia na escola; que travestis possam usar o nome feminino nas salas de aula; e que a discrimina\u00e7\u00e3o a homossexuais seja considerada crime no Brasil. \u201cHoje temos uma preocupa\u00e7\u00e3o especial com a situa\u00e7\u00e3o das travestis, que s\u00e3o as que sofrem mais discrimina\u00e7\u00e3o na escola\u201d, acrescenta.<\/p>\n<p>Segundo Reis, entidades nacionais apoiaram os projetos, entre elas a CUT (Central \u00danica dos Trabalhadores), a CNTE (Confedera\u00e7\u00e3o Nacional dos Trabalhadores em Educa\u00e7\u00e3o) e a Fasubra (Federa\u00e7\u00e3o dos Sindicatos dos Trabalhadores das Universidades P\u00fablicas Brasileiras).<\/p>\n<p>Agora a ABGLT pretende utilizar a decis\u00e3o da Conae como uma refer\u00eancia para pressionar por mudan\u00e7as. \u201cQueremos avaliar, monitorar, e acompanhar de forma propositiva as pol\u00edticas p\u00fablicas\u201d, diz Reis.<\/p>\n<p>____________<\/p>\n<p><strong>Fonte:<\/strong> ABGLT<\/p>\n","protected":false},"excerpt":{"rendered":"<p>Segundo o presidente da ABGLT (Associa\u00e7\u00e3o Brasileira de L\u00e9sbicas, Gays, Bissexuais, Travestis e Transexuais), Toni Reis, o movimento LGBT est\u00e1 satisfeito com a confer\u00eancia. \u201cSa\u00edmos vitoriosos. Se o pa\u00eds cumprir o que foi aprovado, a homofobia na escola est\u00e1 com os dias contados\u201d, afirma. Informa\u00e7\u00e3o \u00e9 da AGLBT.<\/p>\n","protected":false},"author":1,"featured_media":0,"comment_status":"open","ping_status":"open","sticky":false,"template":"","format":"standard","meta":{"site-container-style":"default","site-container-layout":"default","site-sidebar-layout":"default","disable-article-header":"default","disable-site-header":"default","disable-site-footer":"default","disable-content-area-spacing":"default","footnotes":""},"categories":[40,6,4,49,41],"tags":[],"class_list":["post-14706","post","type-post","status-publish","format-standard","hentry","category-diversidade","category-educacao","category-noticias","category-politicas-publicas","category-preconceito"],"yoast_head":"<!-- This site is optimized with the Yoast SEO plugin v27.4 - https:\/\/yoast.com\/product\/yoast-seo-wordpress\/ -->\n<title>Livros did\u00e1ticos e escolas ter\u00e3o de incluir tem\u00e1tica LGBT -<\/title>\n<meta name=\"robots\" content=\"index, follow, max-snippet:-1, max-image-preview:large, max-video-preview:-1\" \/>\n<link rel=\"canonical\" href=\"https:\/\/inclusivenews.com.br\/?p=14706\" \/>\n<meta property=\"og:locale\" content=\"pt_PT\" \/>\n<meta property=\"og:type\" content=\"article\" \/>\n<meta property=\"og:title\" content=\"Livros did\u00e1ticos e escolas ter\u00e3o de incluir tem\u00e1tica LGBT -\" \/>\n<meta property=\"og:description\" content=\"Segundo o presidente da ABGLT (Associa\u00e7\u00e3o Brasileira de L\u00e9sbicas, Gays, Bissexuais, Travestis e Transexuais), Toni Reis, o movimento LGBT est\u00e1 satisfeito com a confer\u00eancia. \u201cSa\u00edmos vitoriosos. Se o pa\u00eds cumprir o que foi aprovado, a homofobia na escola est\u00e1 com os dias contados\u201d, afirma. Informa\u00e7\u00e3o \u00e9 da AGLBT.\" \/>\n<meta property=\"og:url\" content=\"https:\/\/inclusivenews.com.br\/?p=14706\" \/>\n<meta property=\"article:publisher\" content=\"https:\/\/www.facebook.com\/agenciainclusive\/\" \/>\n<meta property=\"article:published_time\" content=\"2010-04-02T12:08:07+00:00\" \/>\n<meta property=\"og:image\" content=\"http:\/\/inclusivenews.com.br\/wp-content\/uploads\/2010\/04\/ABGLT.jpg\" \/>\n<meta name=\"author\" content=\"inclusivenews2024\" \/>\n<meta name=\"twitter:card\" content=\"summary_large_image\" \/>\n<meta name=\"twitter:label1\" content=\"Escrito por\" \/>\n\t<meta name=\"twitter:data1\" content=\"inclusivenews2024\" \/>\n\t<meta name=\"twitter:label2\" content=\"Tempo estimado de leitura\" \/>\n\t<meta name=\"twitter:data2\" content=\"2 minutos\" \/>\n<script type=\"application\/ld+json\" class=\"yoast-schema-graph\">{\"@context\":\"https:\\\/\\\/schema.org\",\"@graph\":[{\"@type\":\"Article\",\"@id\":\"https:\\\/\\\/inclusivenews.com.br\\\/?p=14706#article\",\"isPartOf\":{\"@id\":\"https:\\\/\\\/inclusivenews.com.br\\\/?p=14706\"},\"author\":{\"name\":\"inclusivenews2024\",\"@id\":\"https:\\\/\\\/inclusivenews.com.br\\\/#\\\/schema\\\/person\\\/ae4ec7087559b8692fb33b6fffd2273b\"},\"headline\":\"Livros did\u00e1ticos e escolas ter\u00e3o de incluir tem\u00e1tica LGBT\",\"datePublished\":\"2010-04-02T12:08:07+00:00\",\"mainEntityOfPage\":{\"@id\":\"https:\\\/\\\/inclusivenews.com.br\\\/?p=14706\"},\"wordCount\":395,\"commentCount\":0,\"publisher\":{\"@id\":\"https:\\\/\\\/inclusivenews.com.br\\\/#organization\"},\"image\":{\"@id\":\"https:\\\/\\\/inclusivenews.com.br\\\/?p=14706#primaryimage\"},\"thumbnailUrl\":\"http:\\\/\\\/inclusivenews.com.br\\\/wp-content\\\/uploads\\\/2010\\\/04\\\/ABGLT.jpg\",\"articleSection\":[\"Diversidade\",\"EDUCA\u00c7\u00c3O\",\"NOT\u00cdCIAS\",\"Pol\u00edticas p\u00fablicas\",\"Preconceito\"],\"inLanguage\":\"pt-PT\",\"potentialAction\":[{\"@type\":\"CommentAction\",\"name\":\"Comment\",\"target\":[\"https:\\\/\\\/inclusivenews.com.br\\\/?p=14706#respond\"]}]},{\"@type\":\"WebPage\",\"@id\":\"https:\\\/\\\/inclusivenews.com.br\\\/?p=14706\",\"url\":\"https:\\\/\\\/inclusivenews.com.br\\\/?p=14706\",\"name\":\"Livros did\u00e1ticos e escolas ter\u00e3o de incluir tem\u00e1tica LGBT -\",\"isPartOf\":{\"@id\":\"https:\\\/\\\/inclusivenews.com.br\\\/#website\"},\"primaryImageOfPage\":{\"@id\":\"https:\\\/\\\/inclusivenews.com.br\\\/?p=14706#primaryimage\"},\"image\":{\"@id\":\"https:\\\/\\\/inclusivenews.com.br\\\/?p=14706#primaryimage\"},\"thumbnailUrl\":\"http:\\\/\\\/inclusivenews.com.br\\\/wp-content\\\/uploads\\\/2010\\\/04\\\/ABGLT.jpg\",\"datePublished\":\"2010-04-02T12:08:07+00:00\",\"breadcrumb\":{\"@id\":\"https:\\\/\\\/inclusivenews.com.br\\\/?p=14706#breadcrumb\"},\"inLanguage\":\"pt-PT\",\"potentialAction\":[{\"@type\":\"ReadAction\",\"target\":[\"https:\\\/\\\/inclusivenews.com.br\\\/?p=14706\"]}]},{\"@type\":\"ImageObject\",\"inLanguage\":\"pt-PT\",\"@id\":\"https:\\\/\\\/inclusivenews.com.br\\\/?p=14706#primaryimage\",\"url\":\"\",\"contentUrl\":\"\"},{\"@type\":\"BreadcrumbList\",\"@id\":\"https:\\\/\\\/inclusivenews.com.br\\\/?p=14706#breadcrumb\",\"itemListElement\":[{\"@type\":\"ListItem\",\"position\":1,\"name\":\"In\u00edcio\",\"item\":\"https:\\\/\\\/inclusivenews.com.br\\\/\"},{\"@type\":\"ListItem\",\"position\":2,\"name\":\"Livros did\u00e1ticos e escolas ter\u00e3o de incluir tem\u00e1tica LGBT\"}]},{\"@type\":\"WebSite\",\"@id\":\"https:\\\/\\\/inclusivenews.com.br\\\/#website\",\"url\":\"https:\\\/\\\/inclusivenews.com.br\\\/\",\"name\":\"Inclusive News\",\"description\":\"Inclusive News\",\"publisher\":{\"@id\":\"https:\\\/\\\/inclusivenews.com.br\\\/#organization\"},\"potentialAction\":[{\"@type\":\"SearchAction\",\"target\":{\"@type\":\"EntryPoint\",\"urlTemplate\":\"https:\\\/\\\/inclusivenews.com.br\\\/?s={search_term_string}\"},\"query-input\":{\"@type\":\"PropertyValueSpecification\",\"valueRequired\":true,\"valueName\":\"search_term_string\"}}],\"inLanguage\":\"pt-PT\"},{\"@type\":\"Organization\",\"@id\":\"https:\\\/\\\/inclusivenews.com.br\\\/#organization\",\"name\":\"Inclusive - inclus\u00e3o e cidadania\",\"url\":\"https:\\\/\\\/inclusivenews.com.br\\\/\",\"logo\":{\"@type\":\"ImageObject\",\"inLanguage\":\"pt-PT\",\"@id\":\"https:\\\/\\\/inclusivenews.com.br\\\/#\\\/schema\\\/logo\\\/image\\\/\",\"url\":\"https:\\\/\\\/inclusivenews.com.br\\\/wp-content\\\/uploads\\\/2024\\\/03\\\/@grandesite.png\",\"contentUrl\":\"https:\\\/\\\/inclusivenews.com.br\\\/wp-content\\\/uploads\\\/2024\\\/03\\\/@grandesite.png\",\"width\":1080,\"height\":1080,\"caption\":\"Inclusive - inclus\u00e3o e cidadania\"},\"image\":{\"@id\":\"https:\\\/\\\/inclusivenews.com.br\\\/#\\\/schema\\\/logo\\\/image\\\/\"},\"sameAs\":[\"https:\\\/\\\/www.facebook.com\\\/agenciainclusive\\\/\",\"https:\\\/\\\/www.instagram.com\\\/newsinclusive\\\/\"]},{\"@type\":\"Person\",\"@id\":\"https:\\\/\\\/inclusivenews.com.br\\\/#\\\/schema\\\/person\\\/ae4ec7087559b8692fb33b6fffd2273b\",\"name\":\"inclusivenews2024\",\"image\":{\"@type\":\"ImageObject\",\"inLanguage\":\"pt-PT\",\"@id\":\"https:\\\/\\\/secure.gravatar.com\\\/avatar\\\/c5a7ef84c66fa914f55bc4f7ce26cfa275a3b9a1c5568b907bd184fb4dde7b40?s=96&d=mm&r=g\",\"url\":\"https:\\\/\\\/secure.gravatar.com\\\/avatar\\\/c5a7ef84c66fa914f55bc4f7ce26cfa275a3b9a1c5568b907bd184fb4dde7b40?s=96&d=mm&r=g\",\"contentUrl\":\"https:\\\/\\\/secure.gravatar.com\\\/avatar\\\/c5a7ef84c66fa914f55bc4f7ce26cfa275a3b9a1c5568b907bd184fb4dde7b40?s=96&d=mm&r=g\",\"caption\":\"inclusivenews2024\"},\"sameAs\":[\"https:\\\/\\\/inclusivenews.com.br\"],\"url\":\"https:\\\/\\\/inclusivenews.com.br\\\/?author=1\"}]}<\/script>\n<!-- \/ Yoast SEO plugin. -->","yoast_head_json":{"title":"Livros did\u00e1ticos e escolas ter\u00e3o de incluir tem\u00e1tica LGBT -","robots":{"index":"index","follow":"follow","max-snippet":"max-snippet:-1","max-image-preview":"max-image-preview:large","max-video-preview":"max-video-preview:-1"},"canonical":"https:\/\/inclusivenews.com.br\/?p=14706","og_locale":"pt_PT","og_type":"article","og_title":"Livros did\u00e1ticos e escolas ter\u00e3o de incluir tem\u00e1tica LGBT -","og_description":"Segundo o presidente da ABGLT (Associa\u00e7\u00e3o Brasileira de L\u00e9sbicas, Gays, Bissexuais, Travestis e Transexuais), Toni Reis, o movimento LGBT est\u00e1 satisfeito com a confer\u00eancia. \u201cSa\u00edmos vitoriosos. Se o pa\u00eds cumprir o que foi aprovado, a homofobia na escola est\u00e1 com os dias contados\u201d, afirma. Informa\u00e7\u00e3o \u00e9 da AGLBT.","og_url":"https:\/\/inclusivenews.com.br\/?p=14706","article_publisher":"https:\/\/www.facebook.com\/agenciainclusive\/","article_published_time":"2010-04-02T12:08:07+00:00","og_image":[{"url":"http:\/\/inclusivenews.com.br\/wp-content\/uploads\/2010\/04\/ABGLT.jpg","type":"","width":"","height":""}],"author":"inclusivenews2024","twitter_card":"summary_large_image","twitter_misc":{"Escrito por":"inclusivenews2024","Tempo estimado de leitura":"2 minutos"},"schema":{"@context":"https:\/\/schema.org","@graph":[{"@type":"Article","@id":"https:\/\/inclusivenews.com.br\/?p=14706#article","isPartOf":{"@id":"https:\/\/inclusivenews.com.br\/?p=14706"},"author":{"name":"inclusivenews2024","@id":"https:\/\/inclusivenews.com.br\/#\/schema\/person\/ae4ec7087559b8692fb33b6fffd2273b"},"headline":"Livros did\u00e1ticos e escolas ter\u00e3o de incluir tem\u00e1tica LGBT","datePublished":"2010-04-02T12:08:07+00:00","mainEntityOfPage":{"@id":"https:\/\/inclusivenews.com.br\/?p=14706"},"wordCount":395,"commentCount":0,"publisher":{"@id":"https:\/\/inclusivenews.com.br\/#organization"},"image":{"@id":"https:\/\/inclusivenews.com.br\/?p=14706#primaryimage"},"thumbnailUrl":"http:\/\/inclusivenews.com.br\/wp-content\/uploads\/2010\/04\/ABGLT.jpg","articleSection":["Diversidade","EDUCA\u00c7\u00c3O","NOT\u00cdCIAS","Pol\u00edticas p\u00fablicas","Preconceito"],"inLanguage":"pt-PT","potentialAction":[{"@type":"CommentAction","name":"Comment","target":["https:\/\/inclusivenews.com.br\/?p=14706#respond"]}]},{"@type":"WebPage","@id":"https:\/\/inclusivenews.com.br\/?p=14706","url":"https:\/\/inclusivenews.com.br\/?p=14706","name":"Livros did\u00e1ticos e escolas ter\u00e3o de incluir tem\u00e1tica LGBT -","isPartOf":{"@id":"https:\/\/inclusivenews.com.br\/#website"},"primaryImageOfPage":{"@id":"https:\/\/inclusivenews.com.br\/?p=14706#primaryimage"},"image":{"@id":"https:\/\/inclusivenews.com.br\/?p=14706#primaryimage"},"thumbnailUrl":"http:\/\/inclusivenews.com.br\/wp-content\/uploads\/2010\/04\/ABGLT.jpg","datePublished":"2010-04-02T12:08:07+00:00","breadcrumb":{"@id":"https:\/\/inclusivenews.com.br\/?p=14706#breadcrumb"},"inLanguage":"pt-PT","potentialAction":[{"@type":"ReadAction","target":["https:\/\/inclusivenews.com.br\/?p=14706"]}]},{"@type":"ImageObject","inLanguage":"pt-PT","@id":"https:\/\/inclusivenews.com.br\/?p=14706#primaryimage","url":"","contentUrl":""},{"@type":"BreadcrumbList","@id":"https:\/\/inclusivenews.com.br\/?p=14706#breadcrumb","itemListElement":[{"@type":"ListItem","position":1,"name":"In\u00edcio","item":"https:\/\/inclusivenews.com.br\/"},{"@type":"ListItem","position":2,"name":"Livros did\u00e1ticos e escolas ter\u00e3o de incluir tem\u00e1tica LGBT"}]},{"@type":"WebSite","@id":"https:\/\/inclusivenews.com.br\/#website","url":"https:\/\/inclusivenews.com.br\/","name":"Inclusive News","description":"Inclusive News","publisher":{"@id":"https:\/\/inclusivenews.com.br\/#organization"},"potentialAction":[{"@type":"SearchAction","target":{"@type":"EntryPoint","urlTemplate":"https:\/\/inclusivenews.com.br\/?s={search_term_string}"},"query-input":{"@type":"PropertyValueSpecification","valueRequired":true,"valueName":"search_term_string"}}],"inLanguage":"pt-PT"},{"@type":"Organization","@id":"https:\/\/inclusivenews.com.br\/#organization","name":"Inclusive - inclus\u00e3o e cidadania","url":"https:\/\/inclusivenews.com.br\/","logo":{"@type":"ImageObject","inLanguage":"pt-PT","@id":"https:\/\/inclusivenews.com.br\/#\/schema\/logo\/image\/","url":"https:\/\/inclusivenews.com.br\/wp-content\/uploads\/2024\/03\/@grandesite.png","contentUrl":"https:\/\/inclusivenews.com.br\/wp-content\/uploads\/2024\/03\/@grandesite.png","width":1080,"height":1080,"caption":"Inclusive - inclus\u00e3o e cidadania"},"image":{"@id":"https:\/\/inclusivenews.com.br\/#\/schema\/logo\/image\/"},"sameAs":["https:\/\/www.facebook.com\/agenciainclusive\/","https:\/\/www.instagram.com\/newsinclusive\/"]},{"@type":"Person","@id":"https:\/\/inclusivenews.com.br\/#\/schema\/person\/ae4ec7087559b8692fb33b6fffd2273b","name":"inclusivenews2024","image":{"@type":"ImageObject","inLanguage":"pt-PT","@id":"https:\/\/secure.gravatar.com\/avatar\/c5a7ef84c66fa914f55bc4f7ce26cfa275a3b9a1c5568b907bd184fb4dde7b40?s=96&d=mm&r=g","url":"https:\/\/secure.gravatar.com\/avatar\/c5a7ef84c66fa914f55bc4f7ce26cfa275a3b9a1c5568b907bd184fb4dde7b40?s=96&d=mm&r=g","contentUrl":"https:\/\/secure.gravatar.com\/avatar\/c5a7ef84c66fa914f55bc4f7ce26cfa275a3b9a1c5568b907bd184fb4dde7b40?s=96&d=mm&r=g","caption":"inclusivenews2024"},"sameAs":["https:\/\/inclusivenews.com.br"],"url":"https:\/\/inclusivenews.com.br\/?author=1"}]}},"_links":{"self":[{"href":"https:\/\/inclusivenews.com.br\/index.php?rest_route=\/wp\/v2\/posts\/14706","targetHints":{"allow":["GET"]}}],"collection":[{"href":"https:\/\/inclusivenews.com.br\/index.php?rest_route=\/wp\/v2\/posts"}],"about":[{"href":"https:\/\/inclusivenews.com.br\/index.php?rest_route=\/wp\/v2\/types\/post"}],"author":[{"embeddable":true,"href":"https:\/\/inclusivenews.com.br\/index.php?rest_route=\/wp\/v2\/users\/1"}],"replies":[{"embeddable":true,"href":"https:\/\/inclusivenews.com.br\/index.php?rest_route=%2Fwp%2Fv2%2Fcomments&post=14706"}],"version-history":[{"count":0,"href":"https:\/\/inclusivenews.com.br\/index.php?rest_route=\/wp\/v2\/posts\/14706\/revisions"}],"wp:attachment":[{"href":"https:\/\/inclusivenews.com.br\/index.php?rest_route=%2Fwp%2Fv2%2Fmedia&parent=14706"}],"wp:term":[{"taxonomy":"category","embeddable":true,"href":"https:\/\/inclusivenews.com.br\/index.php?rest_route=%2Fwp%2Fv2%2Fcategories&post=14706"},{"taxonomy":"post_tag","embeddable":true,"href":"https:\/\/inclusivenews.com.br\/index.php?rest_route=%2Fwp%2Fv2%2Ftags&post=14706"}],"curies":[{"name":"wp","href":"https:\/\/api.w.org\/{rel}","templated":true}]}}