{"id":14709,"date":"2010-04-02T09:23:06","date_gmt":"2010-04-02T12:23:06","guid":{"rendered":"http:\/\/www.inclusive.org.br\/?p=14709"},"modified":"2010-04-02T09:23:06","modified_gmt":"2010-04-02T12:23:06","slug":"acoes-e-reflexoes-sobre-aids-e-deficiencia-diferentes-vozes","status":"publish","type":"post","link":"https:\/\/inclusivenews.com.br\/?p=14709","title":{"rendered":"A\u00e7\u00f5es e reflex\u00f5es sobre aids e defici\u00eancia: diferentes vozes"},"content":{"rendered":"<figure style=\"width: 170px\" class=\"wp-caption alignnone\"><img loading=\"lazy\" decoding=\"async\" title=\"Amanakay - Instituto de Estudos e Pesquisas\" src=\"http:\/\/www.inclusive.org.br\/images\/parceiroseapoios\/amankay.jpg\" alt=\"\" width=\"170\" height=\"80\" \/><figcaption class=\"wp-caption-text\"> <\/figcaption><\/figure>\n<p>Voc\u00ea \u00e9 nosso convidado (a) para participar do blog: <a href=\"http:\/\/www.aidsedeficiencia2010.blogspot.com\/\">http:\/\/www.aidsedeficiencia2010.blogspot.com<\/a>, uma das ferramentas de comunica\u00e7\u00e3o de nosso Projeto, que quer contribuir para tornar mais conhecidos assuntos sobre sexualidade, HIV\/aids e defici\u00eancia.<\/p>\n<figure id=\"attachment_14711\" aria-describedby=\"caption-attachment-14711\" style=\"width: 379px\" class=\"wp-caption aligncenter\"><a href=\"http:\/\/www.inclusivenews.com.br\/wp-content\/uploads\/2010\/04\/blog_marta.jpg\"><img loading=\"lazy\" decoding=\"async\" class=\"size-full wp-image-14711\" title=\"Cabe\u00e7alho e t\u00edtulo do blog.\" src=\"http:\/\/inclusivenews.com.br\/wp-content\/uploads\/2010\/04\/blog_marta.jpg\" alt=\"\" width=\"379\" height=\"97\" \/><\/a><figcaption id=\"caption-attachment-14711\" class=\"wp-caption-text\"> <\/figcaption><\/figure>\n<p>O blog tem artigos, dicas de livros, links para outros espa\u00e7os e um grupo para conversar e trocar id\u00e9ias.<\/p>\n<p>Conte o que voc\u00ea, seus amigos ou associa\u00e7\u00e3o j\u00e1 fez ou est\u00e1 fazendo nessas \u00e1reas. H\u00e1 muitas coisas acontecendo, que merecem ser contadas.<\/p>\n<p>Envie textos, link para blogs e sites, dicas de v\u00eddeos.<\/p>\n<p>O projeto \u201cA\u00e7\u00f5es e reflex\u00f5es sobre aids e defici\u00eancia: diferentes vozes\u201d pretende discutir a interface Defici\u00eancia\/HIV\/aids construindo di\u00e1logos e ouvindo os servi\u00e7os especializados do Estado e do Munic\u00edpio de S\u00e3o Paulo: Conselhos de Sa\u00fade, de Defesa dos Direitos das PcD, Tutelares, de Defesa das Crian\u00e7as e Adolescentes, sociedade civil organizada, representantes do Poder P\u00fablico, Universidades, formadores de opini\u00e3o e meios de comunica\u00e7\u00e3o, para dar visibilidade \u00e0 tem\u00e1tica e coletar informa\u00e7\u00f5es para a\u00e7\u00f5es efetivas de preven\u00e7\u00e3o e assist\u00eancia, atrav\u00e9s da realiza\u00e7\u00e3o de dois Encontros (dia 14 de abril na Zona Leste da cidade de S\u00e3o Paulo e dia 27 de abril na Zona Sul e um Semin\u00e1rio, a ser confirmado em breve.<\/p>\n<p>Ele tem o apoio do Programa Estadual DST\/Aids da Secretaria de Estado da Sa\u00fade\/SP e sua realiza\u00e7\u00e3o est\u00e1 a cargo do Amankay Instituto de Estudos e Pesquisas (www.amankay.org.br)<\/p>\n<p>Te esperamos l\u00e1!<br \/>\nFernanda Sodelli, Marta Gil e Mina Regen<br \/>\nEquipe Amankay<\/p>\n","protected":false},"excerpt":{"rendered":"<p>Conhe\u00e7a o blog do projeto \u201cA\u00e7\u00f5es e reflex\u00f5es sobre aids e defici\u00eancia: diferentes vozes\u201d, que pretende discutir a interface Defici\u00eancia\/HIV\/aids construindo di\u00e1logos e ouvindo os servi\u00e7os especializados do Estado e do Munic\u00edpio de S\u00e3o Paulo: Conselhos de Sa\u00fade, de Defesa dos Direitos das PcD, Tutelares, de Defesa das Crian\u00e7as e Adolescentes, sociedade civil organizada, representantes do Poder P\u00fablico, Universidades, formadores de opini\u00e3o e meios de comunica\u00e7\u00e3o.<\/p>\n","protected":false},"author":1,"featured_media":0,"comment_status":"open","ping_status":"open","sticky":false,"template":"","format":"standard","meta":{"site-container-style":"default","site-container-layout":"default","site-sidebar-layout":"default","disable-article-header":"default","disable-site-header":"default","disable-site-footer":"default","disable-content-area-spacing":"default","footnotes":""},"categories":[54,38,48,4,37],"tags":[],"class_list":["post-14709","post","type-post","status-publish","format-standard","hentry","category-blogs-e-webs","category-deficiencia","category-inclusao","category-noticias","category-saude"],"yoast_head":"<!-- This site is optimized with the Yoast SEO plugin v27.4 - https:\/\/yoast.com\/product\/yoast-seo-wordpress\/ -->\n<title>A\u00e7\u00f5es e reflex\u00f5es sobre aids e defici\u00eancia: diferentes vozes -<\/title>\n<meta name=\"robots\" content=\"index, follow, max-snippet:-1, max-image-preview:large, max-video-preview:-1\" \/>\n<link rel=\"canonical\" href=\"https:\/\/inclusivenews.com.br\/?p=14709\" \/>\n<meta property=\"og:locale\" content=\"pt_PT\" \/>\n<meta property=\"og:type\" content=\"article\" \/>\n<meta property=\"og:title\" content=\"A\u00e7\u00f5es e reflex\u00f5es sobre aids e defici\u00eancia: diferentes vozes -\" \/>\n<meta property=\"og:description\" content=\"Conhe\u00e7a o blog do projeto \u201cA\u00e7\u00f5es e reflex\u00f5es sobre aids e defici\u00eancia: diferentes vozes\u201d, que pretende discutir a interface Defici\u00eancia\/HIV\/aids construindo di\u00e1logos e ouvindo os servi\u00e7os especializados do Estado e do Munic\u00edpio de S\u00e3o Paulo: Conselhos de Sa\u00fade, de Defesa dos Direitos das PcD, Tutelares, de Defesa das Crian\u00e7as e Adolescentes, sociedade civil organizada, representantes do Poder P\u00fablico, Universidades, formadores de opini\u00e3o e meios de comunica\u00e7\u00e3o.\" \/>\n<meta property=\"og:url\" content=\"https:\/\/inclusivenews.com.br\/?p=14709\" \/>\n<meta property=\"article:publisher\" content=\"https:\/\/www.facebook.com\/agenciainclusive\/\" \/>\n<meta property=\"article:published_time\" content=\"2010-04-02T12:23:06+00:00\" \/>\n<meta property=\"og:image\" content=\"http:\/\/www.inclusive.org.br\/images\/parceiroseapoios\/amankay.jpg\" \/>\n<meta name=\"author\" content=\"inclusivenews2024\" \/>\n<meta name=\"twitter:card\" content=\"summary_large_image\" \/>\n<meta name=\"twitter:label1\" content=\"Escrito por\" \/>\n\t<meta name=\"twitter:data1\" content=\"inclusivenews2024\" \/>\n\t<meta name=\"twitter:label2\" content=\"Tempo estimado de leitura\" \/>\n\t<meta name=\"twitter:data2\" content=\"1 minuto\" \/>\n<script type=\"application\/ld+json\" class=\"yoast-schema-graph\">{\"@context\":\"https:\\\/\\\/schema.org\",\"@graph\":[{\"@type\":\"Article\",\"@id\":\"https:\\\/\\\/inclusivenews.com.br\\\/?p=14709#article\",\"isPartOf\":{\"@id\":\"https:\\\/\\\/inclusivenews.com.br\\\/?p=14709\"},\"author\":{\"name\":\"inclusivenews2024\",\"@id\":\"https:\\\/\\\/inclusivenews.com.br\\\/#\\\/schema\\\/person\\\/ae4ec7087559b8692fb33b6fffd2273b\"},\"headline\":\"A\u00e7\u00f5es e reflex\u00f5es sobre aids e defici\u00eancia: diferentes vozes\",\"datePublished\":\"2010-04-02T12:23:06+00:00\",\"mainEntityOfPage\":{\"@id\":\"https:\\\/\\\/inclusivenews.com.br\\\/?p=14709\"},\"wordCount\":299,\"commentCount\":0,\"publisher\":{\"@id\":\"https:\\\/\\\/inclusivenews.com.br\\\/#organization\"},\"image\":{\"@id\":\"https:\\\/\\\/inclusivenews.com.br\\\/?p=14709#primaryimage\"},\"thumbnailUrl\":\"http:\\\/\\\/www.inclusive.org.br\\\/images\\\/parceiroseapoios\\\/amankay.jpg\",\"articleSection\":[\"Blogs e Webs\",\"Defici\u00eancia\",\"INCLUS\u00c3O SOCIAL\",\"NOT\u00cdCIAS\",\"Sa\u00fade\"],\"inLanguage\":\"pt-PT\",\"potentialAction\":[{\"@type\":\"CommentAction\",\"name\":\"Comment\",\"target\":[\"https:\\\/\\\/inclusivenews.com.br\\\/?p=14709#respond\"]}]},{\"@type\":\"WebPage\",\"@id\":\"https:\\\/\\\/inclusivenews.com.br\\\/?p=14709\",\"url\":\"https:\\\/\\\/inclusivenews.com.br\\\/?p=14709\",\"name\":\"A\u00e7\u00f5es e reflex\u00f5es sobre aids e defici\u00eancia: diferentes vozes -\",\"isPartOf\":{\"@id\":\"https:\\\/\\\/inclusivenews.com.br\\\/#website\"},\"primaryImageOfPage\":{\"@id\":\"https:\\\/\\\/inclusivenews.com.br\\\/?p=14709#primaryimage\"},\"image\":{\"@id\":\"https:\\\/\\\/inclusivenews.com.br\\\/?p=14709#primaryimage\"},\"thumbnailUrl\":\"http:\\\/\\\/www.inclusive.org.br\\\/images\\\/parceiroseapoios\\\/amankay.jpg\",\"datePublished\":\"2010-04-02T12:23:06+00:00\",\"breadcrumb\":{\"@id\":\"https:\\\/\\\/inclusivenews.com.br\\\/?p=14709#breadcrumb\"},\"inLanguage\":\"pt-PT\",\"potentialAction\":[{\"@type\":\"ReadAction\",\"target\":[\"https:\\\/\\\/inclusivenews.com.br\\\/?p=14709\"]}]},{\"@type\":\"ImageObject\",\"inLanguage\":\"pt-PT\",\"@id\":\"https:\\\/\\\/inclusivenews.com.br\\\/?p=14709#primaryimage\",\"url\":\"http:\\\/\\\/www.inclusive.org.br\\\/images\\\/parceiroseapoios\\\/amankay.jpg\",\"contentUrl\":\"http:\\\/\\\/www.inclusive.org.br\\\/images\\\/parceiroseapoios\\\/amankay.jpg\"},{\"@type\":\"BreadcrumbList\",\"@id\":\"https:\\\/\\\/inclusivenews.com.br\\\/?p=14709#breadcrumb\",\"itemListElement\":[{\"@type\":\"ListItem\",\"position\":1,\"name\":\"In\u00edcio\",\"item\":\"https:\\\/\\\/inclusivenews.com.br\\\/\"},{\"@type\":\"ListItem\",\"position\":2,\"name\":\"A\u00e7\u00f5es e reflex\u00f5es sobre aids e defici\u00eancia: diferentes vozes\"}]},{\"@type\":\"WebSite\",\"@id\":\"https:\\\/\\\/inclusivenews.com.br\\\/#website\",\"url\":\"https:\\\/\\\/inclusivenews.com.br\\\/\",\"name\":\"Inclusive News\",\"description\":\"Inclusive News\",\"publisher\":{\"@id\":\"https:\\\/\\\/inclusivenews.com.br\\\/#organization\"},\"potentialAction\":[{\"@type\":\"SearchAction\",\"target\":{\"@type\":\"EntryPoint\",\"urlTemplate\":\"https:\\\/\\\/inclusivenews.com.br\\\/?s={search_term_string}\"},\"query-input\":{\"@type\":\"PropertyValueSpecification\",\"valueRequired\":true,\"valueName\":\"search_term_string\"}}],\"inLanguage\":\"pt-PT\"},{\"@type\":\"Organization\",\"@id\":\"https:\\\/\\\/inclusivenews.com.br\\\/#organization\",\"name\":\"Inclusive - inclus\u00e3o e cidadania\",\"url\":\"https:\\\/\\\/inclusivenews.com.br\\\/\",\"logo\":{\"@type\":\"ImageObject\",\"inLanguage\":\"pt-PT\",\"@id\":\"https:\\\/\\\/inclusivenews.com.br\\\/#\\\/schema\\\/logo\\\/image\\\/\",\"url\":\"https:\\\/\\\/inclusivenews.com.br\\\/wp-content\\\/uploads\\\/2024\\\/03\\\/@grandesite.png\",\"contentUrl\":\"https:\\\/\\\/inclusivenews.com.br\\\/wp-content\\\/uploads\\\/2024\\\/03\\\/@grandesite.png\",\"width\":1080,\"height\":1080,\"caption\":\"Inclusive - inclus\u00e3o e cidadania\"},\"image\":{\"@id\":\"https:\\\/\\\/inclusivenews.com.br\\\/#\\\/schema\\\/logo\\\/image\\\/\"},\"sameAs\":[\"https:\\\/\\\/www.facebook.com\\\/agenciainclusive\\\/\",\"https:\\\/\\\/www.instagram.com\\\/newsinclusive\\\/\"]},{\"@type\":\"Person\",\"@id\":\"https:\\\/\\\/inclusivenews.com.br\\\/#\\\/schema\\\/person\\\/ae4ec7087559b8692fb33b6fffd2273b\",\"name\":\"inclusivenews2024\",\"image\":{\"@type\":\"ImageObject\",\"inLanguage\":\"pt-PT\",\"@id\":\"https:\\\/\\\/secure.gravatar.com\\\/avatar\\\/c5a7ef84c66fa914f55bc4f7ce26cfa275a3b9a1c5568b907bd184fb4dde7b40?s=96&d=mm&r=g\",\"url\":\"https:\\\/\\\/secure.gravatar.com\\\/avatar\\\/c5a7ef84c66fa914f55bc4f7ce26cfa275a3b9a1c5568b907bd184fb4dde7b40?s=96&d=mm&r=g\",\"contentUrl\":\"https:\\\/\\\/secure.gravatar.com\\\/avatar\\\/c5a7ef84c66fa914f55bc4f7ce26cfa275a3b9a1c5568b907bd184fb4dde7b40?s=96&d=mm&r=g\",\"caption\":\"inclusivenews2024\"},\"sameAs\":[\"https:\\\/\\\/inclusivenews.com.br\"],\"url\":\"https:\\\/\\\/inclusivenews.com.br\\\/?author=1\"}]}<\/script>\n<!-- \/ Yoast SEO plugin. -->","yoast_head_json":{"title":"A\u00e7\u00f5es e reflex\u00f5es sobre aids e defici\u00eancia: diferentes vozes -","robots":{"index":"index","follow":"follow","max-snippet":"max-snippet:-1","max-image-preview":"max-image-preview:large","max-video-preview":"max-video-preview:-1"},"canonical":"https:\/\/inclusivenews.com.br\/?p=14709","og_locale":"pt_PT","og_type":"article","og_title":"A\u00e7\u00f5es e reflex\u00f5es sobre aids e defici\u00eancia: diferentes vozes -","og_description":"Conhe\u00e7a o blog do projeto \u201cA\u00e7\u00f5es e reflex\u00f5es sobre aids e defici\u00eancia: diferentes vozes\u201d, que pretende discutir a interface Defici\u00eancia\/HIV\/aids construindo di\u00e1logos e ouvindo os servi\u00e7os especializados do Estado e do Munic\u00edpio de S\u00e3o Paulo: Conselhos de Sa\u00fade, de Defesa dos Direitos das PcD, Tutelares, de Defesa das Crian\u00e7as e Adolescentes, sociedade civil organizada, representantes do Poder P\u00fablico, Universidades, formadores de opini\u00e3o e meios de comunica\u00e7\u00e3o.","og_url":"https:\/\/inclusivenews.com.br\/?p=14709","article_publisher":"https:\/\/www.facebook.com\/agenciainclusive\/","article_published_time":"2010-04-02T12:23:06+00:00","og_image":[{"url":"http:\/\/www.inclusive.org.br\/images\/parceiroseapoios\/amankay.jpg","type":"","width":"","height":""}],"author":"inclusivenews2024","twitter_card":"summary_large_image","twitter_misc":{"Escrito por":"inclusivenews2024","Tempo estimado de leitura":"1 minuto"},"schema":{"@context":"https:\/\/schema.org","@graph":[{"@type":"Article","@id":"https:\/\/inclusivenews.com.br\/?p=14709#article","isPartOf":{"@id":"https:\/\/inclusivenews.com.br\/?p=14709"},"author":{"name":"inclusivenews2024","@id":"https:\/\/inclusivenews.com.br\/#\/schema\/person\/ae4ec7087559b8692fb33b6fffd2273b"},"headline":"A\u00e7\u00f5es e reflex\u00f5es sobre aids e defici\u00eancia: diferentes vozes","datePublished":"2010-04-02T12:23:06+00:00","mainEntityOfPage":{"@id":"https:\/\/inclusivenews.com.br\/?p=14709"},"wordCount":299,"commentCount":0,"publisher":{"@id":"https:\/\/inclusivenews.com.br\/#organization"},"image":{"@id":"https:\/\/inclusivenews.com.br\/?p=14709#primaryimage"},"thumbnailUrl":"http:\/\/www.inclusive.org.br\/images\/parceiroseapoios\/amankay.jpg","articleSection":["Blogs e Webs","Defici\u00eancia","INCLUS\u00c3O SOCIAL","NOT\u00cdCIAS","Sa\u00fade"],"inLanguage":"pt-PT","potentialAction":[{"@type":"CommentAction","name":"Comment","target":["https:\/\/inclusivenews.com.br\/?p=14709#respond"]}]},{"@type":"WebPage","@id":"https:\/\/inclusivenews.com.br\/?p=14709","url":"https:\/\/inclusivenews.com.br\/?p=14709","name":"A\u00e7\u00f5es e reflex\u00f5es sobre aids e defici\u00eancia: diferentes vozes -","isPartOf":{"@id":"https:\/\/inclusivenews.com.br\/#website"},"primaryImageOfPage":{"@id":"https:\/\/inclusivenews.com.br\/?p=14709#primaryimage"},"image":{"@id":"https:\/\/inclusivenews.com.br\/?p=14709#primaryimage"},"thumbnailUrl":"http:\/\/www.inclusive.org.br\/images\/parceiroseapoios\/amankay.jpg","datePublished":"2010-04-02T12:23:06+00:00","breadcrumb":{"@id":"https:\/\/inclusivenews.com.br\/?p=14709#breadcrumb"},"inLanguage":"pt-PT","potentialAction":[{"@type":"ReadAction","target":["https:\/\/inclusivenews.com.br\/?p=14709"]}]},{"@type":"ImageObject","inLanguage":"pt-PT","@id":"https:\/\/inclusivenews.com.br\/?p=14709#primaryimage","url":"http:\/\/www.inclusive.org.br\/images\/parceiroseapoios\/amankay.jpg","contentUrl":"http:\/\/www.inclusive.org.br\/images\/parceiroseapoios\/amankay.jpg"},{"@type":"BreadcrumbList","@id":"https:\/\/inclusivenews.com.br\/?p=14709#breadcrumb","itemListElement":[{"@type":"ListItem","position":1,"name":"In\u00edcio","item":"https:\/\/inclusivenews.com.br\/"},{"@type":"ListItem","position":2,"name":"A\u00e7\u00f5es e reflex\u00f5es sobre aids e defici\u00eancia: diferentes vozes"}]},{"@type":"WebSite","@id":"https:\/\/inclusivenews.com.br\/#website","url":"https:\/\/inclusivenews.com.br\/","name":"Inclusive News","description":"Inclusive News","publisher":{"@id":"https:\/\/inclusivenews.com.br\/#organization"},"potentialAction":[{"@type":"SearchAction","target":{"@type":"EntryPoint","urlTemplate":"https:\/\/inclusivenews.com.br\/?s={search_term_string}"},"query-input":{"@type":"PropertyValueSpecification","valueRequired":true,"valueName":"search_term_string"}}],"inLanguage":"pt-PT"},{"@type":"Organization","@id":"https:\/\/inclusivenews.com.br\/#organization","name":"Inclusive - inclus\u00e3o e cidadania","url":"https:\/\/inclusivenews.com.br\/","logo":{"@type":"ImageObject","inLanguage":"pt-PT","@id":"https:\/\/inclusivenews.com.br\/#\/schema\/logo\/image\/","url":"https:\/\/inclusivenews.com.br\/wp-content\/uploads\/2024\/03\/@grandesite.png","contentUrl":"https:\/\/inclusivenews.com.br\/wp-content\/uploads\/2024\/03\/@grandesite.png","width":1080,"height":1080,"caption":"Inclusive - inclus\u00e3o e cidadania"},"image":{"@id":"https:\/\/inclusivenews.com.br\/#\/schema\/logo\/image\/"},"sameAs":["https:\/\/www.facebook.com\/agenciainclusive\/","https:\/\/www.instagram.com\/newsinclusive\/"]},{"@type":"Person","@id":"https:\/\/inclusivenews.com.br\/#\/schema\/person\/ae4ec7087559b8692fb33b6fffd2273b","name":"inclusivenews2024","image":{"@type":"ImageObject","inLanguage":"pt-PT","@id":"https:\/\/secure.gravatar.com\/avatar\/c5a7ef84c66fa914f55bc4f7ce26cfa275a3b9a1c5568b907bd184fb4dde7b40?s=96&d=mm&r=g","url":"https:\/\/secure.gravatar.com\/avatar\/c5a7ef84c66fa914f55bc4f7ce26cfa275a3b9a1c5568b907bd184fb4dde7b40?s=96&d=mm&r=g","contentUrl":"https:\/\/secure.gravatar.com\/avatar\/c5a7ef84c66fa914f55bc4f7ce26cfa275a3b9a1c5568b907bd184fb4dde7b40?s=96&d=mm&r=g","caption":"inclusivenews2024"},"sameAs":["https:\/\/inclusivenews.com.br"],"url":"https:\/\/inclusivenews.com.br\/?author=1"}]}},"_links":{"self":[{"href":"https:\/\/inclusivenews.com.br\/index.php?rest_route=\/wp\/v2\/posts\/14709","targetHints":{"allow":["GET"]}}],"collection":[{"href":"https:\/\/inclusivenews.com.br\/index.php?rest_route=\/wp\/v2\/posts"}],"about":[{"href":"https:\/\/inclusivenews.com.br\/index.php?rest_route=\/wp\/v2\/types\/post"}],"author":[{"embeddable":true,"href":"https:\/\/inclusivenews.com.br\/index.php?rest_route=\/wp\/v2\/users\/1"}],"replies":[{"embeddable":true,"href":"https:\/\/inclusivenews.com.br\/index.php?rest_route=%2Fwp%2Fv2%2Fcomments&post=14709"}],"version-history":[{"count":0,"href":"https:\/\/inclusivenews.com.br\/index.php?rest_route=\/wp\/v2\/posts\/14709\/revisions"}],"wp:attachment":[{"href":"https:\/\/inclusivenews.com.br\/index.php?rest_route=%2Fwp%2Fv2%2Fmedia&parent=14709"}],"wp:term":[{"taxonomy":"category","embeddable":true,"href":"https:\/\/inclusivenews.com.br\/index.php?rest_route=%2Fwp%2Fv2%2Fcategories&post=14709"},{"taxonomy":"post_tag","embeddable":true,"href":"https:\/\/inclusivenews.com.br\/index.php?rest_route=%2Fwp%2Fv2%2Ftags&post=14709"}],"curies":[{"name":"wp","href":"https:\/\/api.w.org\/{rel}","templated":true}]}}