{"id":14748,"date":"2010-04-06T06:10:36","date_gmt":"2010-04-06T09:10:36","guid":{"rendered":"http:\/\/www.inclusive.org.br\/?p=14748"},"modified":"2010-04-06T06:10:36","modified_gmt":"2010-04-06T09:10:36","slug":"violencia-nas-escolas-um-guia-para-pais-e-professores","status":"publish","type":"post","link":"https:\/\/inclusivenews.com.br\/?p=14748","title":{"rendered":"Viol\u00eancia nas escolas: um guia para pais e professores"},"content":{"rendered":"<p><a class=\"moz-txt-link-freetext\" href=\"http:\/\/www.nevusp.org\/portugues\/images\/stories\/capas\/violencianaescola3d.png\"><img loading=\"lazy\" decoding=\"async\" class=\"alignleft\" title=\"Capa do livro\" src=\"http:\/\/www.nevusp.org\/portugues\/images\/stories\/capas\/violencianaescola3d.png\" alt=\"\" width=\"180\" height=\"240\" \/><\/a><br \/>\n<strong>T\u00edtulo:<\/strong> Viol\u00eancia nas escolas: um guia para pais e professores<br \/>\n<strong>Autor:<\/strong> Caren Ruotti, Renato Alves e Viviane Cubas<br \/>\n<strong>In:<\/strong> Andhep e Imprensa Oficial do Estado de S\u00e3o Paulo, 2007<br \/>\n<strong>Ano:<\/strong> 2007<\/p>\n<p>Este livro \u00e9 resultado de pesquisas realizadas pelo N\u00facleo de Estudos da Viol\u00eancia da Universidade de S\u00e3o Paulo(NEV\/USP) sobre as diferentes formas que a viol\u00eancia pode assumir no cotidiano da escola, indo da n\u00e3o resolu\u00e7\u00e3o de pequenos conflitos que fazem parte das din\u00e2micas de rela\u00e7\u00f5es interpessoais presentes no ambiente at\u00e9 os casos extremos de viol\u00eancia que interferem na rotina e no aprendizado escolar. Nesse sentido, s\u00e3o abordados temas como viol\u00eancia institucional, ass\u00e9dio moral(bullying) e alguns aspectos entre viol\u00eancia e as condi\u00e7\u00f5es sociais e infra-estruturais tanto da escola como de seu entorno. Por fim, s\u00e3o apresentadas e discutidas algumas experi\u00eancias que podem servir como alternativas para redu\u00e7\u00e3o dessa viol\u00eancia.<\/p>\n<p><a href=\"http:\/\/www.nevusp.org\/downloads\/down235.pdf\">Link para download.<\/a><\/p>\n","protected":false},"excerpt":{"rendered":"<p>Este livro \u00e9 resultado de pesquisas realizadas pelo N\u00facleo de Estudos da Viol\u00eancia da Universidade de S\u00e3o Paulo(NEV\/USP) sobre as diferentes formas que a viol\u00eancia pode assumir no cotidiano da escola, indo da n\u00e3o resolu\u00e7\u00e3o de pequenos conflitos que fazem parte das din\u00e2micas de rela\u00e7\u00f5es interpessoais presentes no ambiente at\u00e9 os casos extremos de viol\u00eancia que interferem na rotina e no aprendizado escolar. Do N\u00facleo de Estduos Sobre a Viol\u00eancia da USP.<\/p>\n","protected":false},"author":1,"featured_media":0,"comment_status":"open","ping_status":"open","sticky":false,"template":"","format":"standard","meta":{"site-container-style":"default","site-container-layout":"default","site-sidebar-layout":"default","disable-article-header":"default","disable-site-header":"default","disable-site-footer":"default","disable-content-area-spacing":"default","footnotes":""},"categories":[52,6,51,10],"tags":[],"class_list":["post-14748","post","type-post","status-publish","format-standard","hentry","category-downloadables","category-educacao","category-livros","category-publicacoes"],"yoast_head":"<!-- This site is optimized with the Yoast SEO plugin v27.4 - https:\/\/yoast.com\/product\/yoast-seo-wordpress\/ -->\n<title>Viol\u00eancia nas escolas: um guia para pais e professores -<\/title>\n<meta name=\"robots\" content=\"index, follow, max-snippet:-1, max-image-preview:large, max-video-preview:-1\" \/>\n<link rel=\"canonical\" href=\"https:\/\/inclusivenews.com.br\/?p=14748\" \/>\n<meta property=\"og:locale\" content=\"pt_PT\" \/>\n<meta property=\"og:type\" content=\"article\" \/>\n<meta property=\"og:title\" content=\"Viol\u00eancia nas escolas: um guia para pais e professores -\" \/>\n<meta property=\"og:description\" content=\"Este livro \u00e9 resultado de pesquisas realizadas pelo N\u00facleo de Estudos da Viol\u00eancia da Universidade de S\u00e3o Paulo(NEV\/USP) sobre as diferentes formas que a viol\u00eancia pode assumir no cotidiano da escola, indo da n\u00e3o resolu\u00e7\u00e3o de pequenos conflitos que fazem parte das din\u00e2micas de rela\u00e7\u00f5es interpessoais presentes no ambiente at\u00e9 os casos extremos de viol\u00eancia que interferem na rotina e no aprendizado escolar. Do N\u00facleo de Estduos Sobre a Viol\u00eancia da USP.\" \/>\n<meta property=\"og:url\" content=\"https:\/\/inclusivenews.com.br\/?p=14748\" \/>\n<meta property=\"article:publisher\" content=\"https:\/\/www.facebook.com\/agenciainclusive\/\" \/>\n<meta property=\"article:published_time\" content=\"2010-04-06T09:10:36+00:00\" \/>\n<meta property=\"og:image\" content=\"http:\/\/www.nevusp.org\/portugues\/images\/stories\/capas\/violencianaescola3d.png\" \/>\n<meta name=\"author\" content=\"inclusivenews2024\" \/>\n<meta name=\"twitter:card\" content=\"summary_large_image\" \/>\n<meta name=\"twitter:label1\" content=\"Escrito por\" \/>\n\t<meta name=\"twitter:data1\" content=\"inclusivenews2024\" \/>\n\t<meta name=\"twitter:label2\" content=\"Tempo estimado de leitura\" \/>\n\t<meta name=\"twitter:data2\" content=\"1 minuto\" \/>\n<script type=\"application\/ld+json\" class=\"yoast-schema-graph\">{\"@context\":\"https:\\\/\\\/schema.org\",\"@graph\":[{\"@type\":\"Article\",\"@id\":\"https:\\\/\\\/inclusivenews.com.br\\\/?p=14748#article\",\"isPartOf\":{\"@id\":\"https:\\\/\\\/inclusivenews.com.br\\\/?p=14748\"},\"author\":{\"name\":\"inclusivenews2024\",\"@id\":\"https:\\\/\\\/inclusivenews.com.br\\\/#\\\/schema\\\/person\\\/ae4ec7087559b8692fb33b6fffd2273b\"},\"headline\":\"Viol\u00eancia nas escolas: um guia para pais e professores\",\"datePublished\":\"2010-04-06T09:10:36+00:00\",\"mainEntityOfPage\":{\"@id\":\"https:\\\/\\\/inclusivenews.com.br\\\/?p=14748\"},\"wordCount\":173,\"commentCount\":1,\"publisher\":{\"@id\":\"https:\\\/\\\/inclusivenews.com.br\\\/#organization\"},\"image\":{\"@id\":\"https:\\\/\\\/inclusivenews.com.br\\\/?p=14748#primaryimage\"},\"thumbnailUrl\":\"http:\\\/\\\/www.nevusp.org\\\/portugues\\\/images\\\/stories\\\/capas\\\/violencianaescola3d.png\",\"articleSection\":[\"Downloadables\",\"EDUCA\u00c7\u00c3O\",\"Livros\",\"PUBLICA\u00c7\u00d5ES\"],\"inLanguage\":\"pt-PT\",\"potentialAction\":[{\"@type\":\"CommentAction\",\"name\":\"Comment\",\"target\":[\"https:\\\/\\\/inclusivenews.com.br\\\/?p=14748#respond\"]}]},{\"@type\":\"WebPage\",\"@id\":\"https:\\\/\\\/inclusivenews.com.br\\\/?p=14748\",\"url\":\"https:\\\/\\\/inclusivenews.com.br\\\/?p=14748\",\"name\":\"Viol\u00eancia nas escolas: um guia para pais e professores -\",\"isPartOf\":{\"@id\":\"https:\\\/\\\/inclusivenews.com.br\\\/#website\"},\"primaryImageOfPage\":{\"@id\":\"https:\\\/\\\/inclusivenews.com.br\\\/?p=14748#primaryimage\"},\"image\":{\"@id\":\"https:\\\/\\\/inclusivenews.com.br\\\/?p=14748#primaryimage\"},\"thumbnailUrl\":\"http:\\\/\\\/www.nevusp.org\\\/portugues\\\/images\\\/stories\\\/capas\\\/violencianaescola3d.png\",\"datePublished\":\"2010-04-06T09:10:36+00:00\",\"breadcrumb\":{\"@id\":\"https:\\\/\\\/inclusivenews.com.br\\\/?p=14748#breadcrumb\"},\"inLanguage\":\"pt-PT\",\"potentialAction\":[{\"@type\":\"ReadAction\",\"target\":[\"https:\\\/\\\/inclusivenews.com.br\\\/?p=14748\"]}]},{\"@type\":\"ImageObject\",\"inLanguage\":\"pt-PT\",\"@id\":\"https:\\\/\\\/inclusivenews.com.br\\\/?p=14748#primaryimage\",\"url\":\"http:\\\/\\\/www.nevusp.org\\\/portugues\\\/images\\\/stories\\\/capas\\\/violencianaescola3d.png\",\"contentUrl\":\"http:\\\/\\\/www.nevusp.org\\\/portugues\\\/images\\\/stories\\\/capas\\\/violencianaescola3d.png\"},{\"@type\":\"BreadcrumbList\",\"@id\":\"https:\\\/\\\/inclusivenews.com.br\\\/?p=14748#breadcrumb\",\"itemListElement\":[{\"@type\":\"ListItem\",\"position\":1,\"name\":\"In\u00edcio\",\"item\":\"https:\\\/\\\/inclusivenews.com.br\\\/\"},{\"@type\":\"ListItem\",\"position\":2,\"name\":\"Viol\u00eancia nas escolas: um guia para pais e professores\"}]},{\"@type\":\"WebSite\",\"@id\":\"https:\\\/\\\/inclusivenews.com.br\\\/#website\",\"url\":\"https:\\\/\\\/inclusivenews.com.br\\\/\",\"name\":\"Inclusive News\",\"description\":\"Inclusive News\",\"publisher\":{\"@id\":\"https:\\\/\\\/inclusivenews.com.br\\\/#organization\"},\"potentialAction\":[{\"@type\":\"SearchAction\",\"target\":{\"@type\":\"EntryPoint\",\"urlTemplate\":\"https:\\\/\\\/inclusivenews.com.br\\\/?s={search_term_string}\"},\"query-input\":{\"@type\":\"PropertyValueSpecification\",\"valueRequired\":true,\"valueName\":\"search_term_string\"}}],\"inLanguage\":\"pt-PT\"},{\"@type\":\"Organization\",\"@id\":\"https:\\\/\\\/inclusivenews.com.br\\\/#organization\",\"name\":\"Inclusive - inclus\u00e3o e cidadania\",\"url\":\"https:\\\/\\\/inclusivenews.com.br\\\/\",\"logo\":{\"@type\":\"ImageObject\",\"inLanguage\":\"pt-PT\",\"@id\":\"https:\\\/\\\/inclusivenews.com.br\\\/#\\\/schema\\\/logo\\\/image\\\/\",\"url\":\"https:\\\/\\\/inclusivenews.com.br\\\/wp-content\\\/uploads\\\/2024\\\/03\\\/@grandesite.png\",\"contentUrl\":\"https:\\\/\\\/inclusivenews.com.br\\\/wp-content\\\/uploads\\\/2024\\\/03\\\/@grandesite.png\",\"width\":1080,\"height\":1080,\"caption\":\"Inclusive - inclus\u00e3o e cidadania\"},\"image\":{\"@id\":\"https:\\\/\\\/inclusivenews.com.br\\\/#\\\/schema\\\/logo\\\/image\\\/\"},\"sameAs\":[\"https:\\\/\\\/www.facebook.com\\\/agenciainclusive\\\/\",\"https:\\\/\\\/www.instagram.com\\\/newsinclusive\\\/\"]},{\"@type\":\"Person\",\"@id\":\"https:\\\/\\\/inclusivenews.com.br\\\/#\\\/schema\\\/person\\\/ae4ec7087559b8692fb33b6fffd2273b\",\"name\":\"inclusivenews2024\",\"image\":{\"@type\":\"ImageObject\",\"inLanguage\":\"pt-PT\",\"@id\":\"https:\\\/\\\/secure.gravatar.com\\\/avatar\\\/c5a7ef84c66fa914f55bc4f7ce26cfa275a3b9a1c5568b907bd184fb4dde7b40?s=96&d=mm&r=g\",\"url\":\"https:\\\/\\\/secure.gravatar.com\\\/avatar\\\/c5a7ef84c66fa914f55bc4f7ce26cfa275a3b9a1c5568b907bd184fb4dde7b40?s=96&d=mm&r=g\",\"contentUrl\":\"https:\\\/\\\/secure.gravatar.com\\\/avatar\\\/c5a7ef84c66fa914f55bc4f7ce26cfa275a3b9a1c5568b907bd184fb4dde7b40?s=96&d=mm&r=g\",\"caption\":\"inclusivenews2024\"},\"sameAs\":[\"https:\\\/\\\/inclusivenews.com.br\"],\"url\":\"https:\\\/\\\/inclusivenews.com.br\\\/?author=1\"}]}<\/script>\n<!-- \/ Yoast SEO plugin. -->","yoast_head_json":{"title":"Viol\u00eancia nas escolas: um guia para pais e professores -","robots":{"index":"index","follow":"follow","max-snippet":"max-snippet:-1","max-image-preview":"max-image-preview:large","max-video-preview":"max-video-preview:-1"},"canonical":"https:\/\/inclusivenews.com.br\/?p=14748","og_locale":"pt_PT","og_type":"article","og_title":"Viol\u00eancia nas escolas: um guia para pais e professores -","og_description":"Este livro \u00e9 resultado de pesquisas realizadas pelo N\u00facleo de Estudos da Viol\u00eancia da Universidade de S\u00e3o Paulo(NEV\/USP) sobre as diferentes formas que a viol\u00eancia pode assumir no cotidiano da escola, indo da n\u00e3o resolu\u00e7\u00e3o de pequenos conflitos que fazem parte das din\u00e2micas de rela\u00e7\u00f5es interpessoais presentes no ambiente at\u00e9 os casos extremos de viol\u00eancia que interferem na rotina e no aprendizado escolar. Do N\u00facleo de Estduos Sobre a Viol\u00eancia da USP.","og_url":"https:\/\/inclusivenews.com.br\/?p=14748","article_publisher":"https:\/\/www.facebook.com\/agenciainclusive\/","article_published_time":"2010-04-06T09:10:36+00:00","og_image":[{"url":"http:\/\/www.nevusp.org\/portugues\/images\/stories\/capas\/violencianaescola3d.png","type":"","width":"","height":""}],"author":"inclusivenews2024","twitter_card":"summary_large_image","twitter_misc":{"Escrito por":"inclusivenews2024","Tempo estimado de leitura":"1 minuto"},"schema":{"@context":"https:\/\/schema.org","@graph":[{"@type":"Article","@id":"https:\/\/inclusivenews.com.br\/?p=14748#article","isPartOf":{"@id":"https:\/\/inclusivenews.com.br\/?p=14748"},"author":{"name":"inclusivenews2024","@id":"https:\/\/inclusivenews.com.br\/#\/schema\/person\/ae4ec7087559b8692fb33b6fffd2273b"},"headline":"Viol\u00eancia nas escolas: um guia para pais e professores","datePublished":"2010-04-06T09:10:36+00:00","mainEntityOfPage":{"@id":"https:\/\/inclusivenews.com.br\/?p=14748"},"wordCount":173,"commentCount":1,"publisher":{"@id":"https:\/\/inclusivenews.com.br\/#organization"},"image":{"@id":"https:\/\/inclusivenews.com.br\/?p=14748#primaryimage"},"thumbnailUrl":"http:\/\/www.nevusp.org\/portugues\/images\/stories\/capas\/violencianaescola3d.png","articleSection":["Downloadables","EDUCA\u00c7\u00c3O","Livros","PUBLICA\u00c7\u00d5ES"],"inLanguage":"pt-PT","potentialAction":[{"@type":"CommentAction","name":"Comment","target":["https:\/\/inclusivenews.com.br\/?p=14748#respond"]}]},{"@type":"WebPage","@id":"https:\/\/inclusivenews.com.br\/?p=14748","url":"https:\/\/inclusivenews.com.br\/?p=14748","name":"Viol\u00eancia nas escolas: um guia para pais e professores -","isPartOf":{"@id":"https:\/\/inclusivenews.com.br\/#website"},"primaryImageOfPage":{"@id":"https:\/\/inclusivenews.com.br\/?p=14748#primaryimage"},"image":{"@id":"https:\/\/inclusivenews.com.br\/?p=14748#primaryimage"},"thumbnailUrl":"http:\/\/www.nevusp.org\/portugues\/images\/stories\/capas\/violencianaescola3d.png","datePublished":"2010-04-06T09:10:36+00:00","breadcrumb":{"@id":"https:\/\/inclusivenews.com.br\/?p=14748#breadcrumb"},"inLanguage":"pt-PT","potentialAction":[{"@type":"ReadAction","target":["https:\/\/inclusivenews.com.br\/?p=14748"]}]},{"@type":"ImageObject","inLanguage":"pt-PT","@id":"https:\/\/inclusivenews.com.br\/?p=14748#primaryimage","url":"http:\/\/www.nevusp.org\/portugues\/images\/stories\/capas\/violencianaescola3d.png","contentUrl":"http:\/\/www.nevusp.org\/portugues\/images\/stories\/capas\/violencianaescola3d.png"},{"@type":"BreadcrumbList","@id":"https:\/\/inclusivenews.com.br\/?p=14748#breadcrumb","itemListElement":[{"@type":"ListItem","position":1,"name":"In\u00edcio","item":"https:\/\/inclusivenews.com.br\/"},{"@type":"ListItem","position":2,"name":"Viol\u00eancia nas escolas: um guia para pais e professores"}]},{"@type":"WebSite","@id":"https:\/\/inclusivenews.com.br\/#website","url":"https:\/\/inclusivenews.com.br\/","name":"Inclusive News","description":"Inclusive News","publisher":{"@id":"https:\/\/inclusivenews.com.br\/#organization"},"potentialAction":[{"@type":"SearchAction","target":{"@type":"EntryPoint","urlTemplate":"https:\/\/inclusivenews.com.br\/?s={search_term_string}"},"query-input":{"@type":"PropertyValueSpecification","valueRequired":true,"valueName":"search_term_string"}}],"inLanguage":"pt-PT"},{"@type":"Organization","@id":"https:\/\/inclusivenews.com.br\/#organization","name":"Inclusive - inclus\u00e3o e cidadania","url":"https:\/\/inclusivenews.com.br\/","logo":{"@type":"ImageObject","inLanguage":"pt-PT","@id":"https:\/\/inclusivenews.com.br\/#\/schema\/logo\/image\/","url":"https:\/\/inclusivenews.com.br\/wp-content\/uploads\/2024\/03\/@grandesite.png","contentUrl":"https:\/\/inclusivenews.com.br\/wp-content\/uploads\/2024\/03\/@grandesite.png","width":1080,"height":1080,"caption":"Inclusive - inclus\u00e3o e cidadania"},"image":{"@id":"https:\/\/inclusivenews.com.br\/#\/schema\/logo\/image\/"},"sameAs":["https:\/\/www.facebook.com\/agenciainclusive\/","https:\/\/www.instagram.com\/newsinclusive\/"]},{"@type":"Person","@id":"https:\/\/inclusivenews.com.br\/#\/schema\/person\/ae4ec7087559b8692fb33b6fffd2273b","name":"inclusivenews2024","image":{"@type":"ImageObject","inLanguage":"pt-PT","@id":"https:\/\/secure.gravatar.com\/avatar\/c5a7ef84c66fa914f55bc4f7ce26cfa275a3b9a1c5568b907bd184fb4dde7b40?s=96&d=mm&r=g","url":"https:\/\/secure.gravatar.com\/avatar\/c5a7ef84c66fa914f55bc4f7ce26cfa275a3b9a1c5568b907bd184fb4dde7b40?s=96&d=mm&r=g","contentUrl":"https:\/\/secure.gravatar.com\/avatar\/c5a7ef84c66fa914f55bc4f7ce26cfa275a3b9a1c5568b907bd184fb4dde7b40?s=96&d=mm&r=g","caption":"inclusivenews2024"},"sameAs":["https:\/\/inclusivenews.com.br"],"url":"https:\/\/inclusivenews.com.br\/?author=1"}]}},"_links":{"self":[{"href":"https:\/\/inclusivenews.com.br\/index.php?rest_route=\/wp\/v2\/posts\/14748","targetHints":{"allow":["GET"]}}],"collection":[{"href":"https:\/\/inclusivenews.com.br\/index.php?rest_route=\/wp\/v2\/posts"}],"about":[{"href":"https:\/\/inclusivenews.com.br\/index.php?rest_route=\/wp\/v2\/types\/post"}],"author":[{"embeddable":true,"href":"https:\/\/inclusivenews.com.br\/index.php?rest_route=\/wp\/v2\/users\/1"}],"replies":[{"embeddable":true,"href":"https:\/\/inclusivenews.com.br\/index.php?rest_route=%2Fwp%2Fv2%2Fcomments&post=14748"}],"version-history":[{"count":0,"href":"https:\/\/inclusivenews.com.br\/index.php?rest_route=\/wp\/v2\/posts\/14748\/revisions"}],"wp:attachment":[{"href":"https:\/\/inclusivenews.com.br\/index.php?rest_route=%2Fwp%2Fv2%2Fmedia&parent=14748"}],"wp:term":[{"taxonomy":"category","embeddable":true,"href":"https:\/\/inclusivenews.com.br\/index.php?rest_route=%2Fwp%2Fv2%2Fcategories&post=14748"},{"taxonomy":"post_tag","embeddable":true,"href":"https:\/\/inclusivenews.com.br\/index.php?rest_route=%2Fwp%2Fv2%2Ftags&post=14748"}],"curies":[{"name":"wp","href":"https:\/\/api.w.org\/{rel}","templated":true}]}}