{"id":14756,"date":"2010-04-06T06:02:12","date_gmt":"2010-04-06T09:02:12","guid":{"rendered":"http:\/\/www.inclusive.org.br\/?p=14756"},"modified":"2010-04-06T06:02:12","modified_gmt":"2010-04-06T09:02:12","slug":"desigualdade-entre-negros-e-brancos-cai-na-educacao-mas-com-pouco-impacto-na-renda","status":"publish","type":"post","link":"https:\/\/inclusivenews.com.br\/?p=14756","title":{"rendered":"Desigualdade entre negros e brancos cai na educa\u00e7\u00e3o, mas com pouco impacto na renda"},"content":{"rendered":"<figure style=\"width: 201px\" class=\"wp-caption alignleft\"><img loading=\"lazy\" decoding=\"async\" title=\"Uma m\u00e3o de um negro com uma m\u00e3o de um branco.\" src=\"http:\/\/www.pnud.org.br\/public\/imgc3437.jpg\" alt=\"\" width=\"201\" height=\"133\" \/><figcaption class=\"wp-caption-text\"> <\/figcaption><\/figure>\n<p>As disparidades entre negros e brancos t\u00eam diminu\u00eddo na educa\u00e7\u00e3o, mas isso ainda n\u00e3o se refletiu em queda da desigualdade de renda na mesma propor\u00e7\u00e3o, indica o quarto Relat\u00f3rio Nacional de Acompanhamento dos Objetivos de Desenvolvimento do Mil\u00eanio (ODM), lan\u00e7ado pelo governo federal no fim de mar\u00e7o, em Bras\u00edlia.<\/p>\n<p>O estudo mostra que a tend\u00eancia de universaliza\u00e7\u00e3o do ensino fundamental \u2014 uma pol\u00edtica mais geral, n\u00e3o voltada a determinadas etnias especificamente \u2014 beneficiou negros e brancos. Em 1992, o percentual de pessoas de 7 a 14 anos que frequentavam o ensino fundamental era de 75,3% para pretos ou pardos e 87,5% para brancos. J\u00e1 em 2008, as porcentagens eram praticamente iguais: 94,7% no primeiro caso e 95,4% no segundo.<\/p>\n<p>Um dos efeitos disso foi a queda da desigualdade no analfabetismo. Na faixa et\u00e1ria de 15 a 24 anos, a taxa era de 95,6% para os brancos e 86,8% para os negros, em 1992. J\u00e1 em 2008 os n\u00fameros eram parecidos: 98,7% para os brancos, 97,3% para pretos ou pardos.<\/p>\n<p style=\"text-align: center;\"><img loading=\"lazy\" decoding=\"async\" class=\"aligncenter\" src=\"http:\/\/www.pnud.org.br\/public\/imgn4097.jpg\" alt=\"\" width=\"414\" height=\"310\" \/><\/p>\n<p>No ensino m\u00e9dio a desigualdade ainda persiste, embora em n\u00edvel menor. Em 1992, a propor\u00e7\u00e3o de brancos de 15 a 17 anos matriculados no antigo colegial (27,1%) era quase o triplo da dos negros (9,2%). Em 2008, a diferen\u00e7a havia ca\u00eddo para 44% (61% entre os brancos, 42,2% entre pretos ou pardos). Quanto se adiciona o componente g\u00eanero, por\u00e9m, a quest\u00e3o se agrava. &#8220;As negras frequentam menos as escolas, apresentam menores m\u00e9dias de anos de estudo e maior defasagem escolar&#8221;, afirma o estudo.<\/p>\n<p><strong>Rendimentos<\/strong><\/p>\n<p>Se o perfil educacional de negros e brancos ficou mais parecido, poderia se esperar que o mesmo acontecesse com o rendimento. N\u00e3o \u00e9 o que tem ocorrido. A dist\u00e2ncia entre trabalhadores brancos e os de cor preta ou parda diminuiu, mas ainda \u00e9 grande. Em 2008, estes \u00faltimos recebiam somente 56,7% da remunera\u00e7\u00e3o dos primeiros, enquanto dez anos antes o percentual era de 48,4%. &#8220;Tal diferencial se deve, em grande medida, \u00e0 menor escolaridade m\u00e9dia da popula\u00e7\u00e3o preta e parda, que, no entanto, n\u00e3o \u00e9 suficiente para explicar as diferen\u00e7as de rendimentos&#8221;, afirma o relat\u00f3rio.<\/p>\n<p>O confronto dos dados de 1998 com os de 2008 mostra que, nos dez anos e para todas as faixas de escolaridade, os pretos ou pardos sempre estiveram em situa\u00e7\u00e3o pior na popula\u00e7\u00e3o ocupada. Ao longo desse per\u00edodo, a desigualdade caiu entre quem tem at\u00e9 4 anos de estudos ( no m\u00e1ximo o antigo prim\u00e1rio, portanto) e quem tem de 9 a 11 anos de estudos (ensino m\u00e9dio completo ou incompleto). Mas n\u00e3o mudou entre trabalhadores com 5 a 8 anos de estudos (antigo gin\u00e1sio completo ou incompleto) e aumentou entre os que t\u00eam superior completo e incompleto.<\/p>\n<p>Quando se leva em conta n\u00e3o apenas os trabalhadores, mas toda a popula\u00e7\u00e3o, a desigualdade se mostra est\u00e1vel. O relat\u00f3rio aponta que, em 1990, 37,1% dos pretos ou pardos viviam abaixo da linha de extrema pobreza do Banco Mundial (US$ 1,25 ao dia, em d\u00f3lar calculado pela paridade do poder de compra, que desconta as diferen\u00e7as de custo de vida entre os pa\u00edses). Em 2008, a propor\u00e7\u00e3o havia ca\u00eddo para 6,6% \u2014 um recuo de 82% no per\u00edodo. Entre os brancos, a queda foi semelhante (83%): de 16,5%, em 1990, para 2,8%, no ano retrasado.<\/p>\n<p>Os n\u00fameros mostram, portanto, que a propor\u00e7\u00e3o de pessoas muito pobres entre os negros \u00e9 mais que o dobro que entre os brancos. Sob esse ponto de vista, a desigualdade racial abre um fosso de cinco anos entre os dois grupos: a extrema pobreza de pretos e partos de 2008 era a mesma que a de brancos de 2003. Como afirma o estudo, apesar dos avan\u00e7os &#8220;o objetivo da igualdade racial requereria uma queda mais acelerada da pobreza extrema entre pretos ou pardos&#8221;.<\/p>\n<p>Entre a popula\u00e7\u00e3o que trabalha, o rendimento de pretos ou pardos melhorou um pouco mais que o dos brancos, e a inequidade caiu. Na popula\u00e7\u00e3o como um todo a pobreza encolheu, mas a redu\u00e7\u00e3o foi semelhante entre os dois grupos \u2014 a desigualdade, portanto, se manteve. Na avalia\u00e7\u00e3o do estudo, \u201cos dados indicam a persist\u00eancia de pr\u00e1ticas de discrimina\u00e7\u00e3o\u201d.<\/p>\n<p>A diminui\u00e7\u00e3o do abismo entre brancos e negros (pretos ou pardos) n\u00e3o \u00e9 um Objetivo do Mil\u00eanio espec\u00edfico \u2014 ali\u00e1s, a aus\u00eancia de um enfoque sobre as desigualdades em geral nos ODM \u00e9 alvo de cr\u00edticas de estudiosos. No entanto, representantes da ONU no Brasil t\u00eam destacado a import\u00e2ncia de que as metas sejam atingidas para todos os grupos. &#8220;O g\u00eanero, a ra\u00e7a, a etnia e o local de nascimento de uma crian\u00e7a brasileira ainda determinam, em grande parte, suas oportunidades futuras. Essas desigualdades t\u00eam repercuss\u00f5es diretas tamb\u00e9m na sa\u00fade da mulher e na raz\u00e3o da mortalidade materna&#8221;, afirma a coordenadora-residente interina do Sistema das Na\u00e7\u00f5es Unidas no Brasil, Marie Pierre Poirier, na apresenta\u00e7\u00e3o do relat\u00f3rio.<\/p>\n<p>___________<\/p>\n<p><strong>Fonte:<\/strong> <a href=\"http:\/\/www.pnud.org.br\/raca\/reportagens\/index.php?id01=3437&amp;lay=rac\" target=\"_blank\" rel=\"noopener\">PNUD <\/a><\/p>\n","protected":false},"excerpt":{"rendered":"<p>Matr\u00edcula escolar e analfabetismo entre jovens melhoram mais para pretos e partos; diferen\u00e7a entre ganhos no trabalho tem leve recuo. Informa\u00e7\u00e3o \u00e9 do PNUD.<\/p>\n","protected":false},"author":1,"featured_media":0,"comment_status":"open","ping_status":"open","sticky":false,"template":"","format":"standard","meta":{"site-container-style":"default","site-container-layout":"default","site-sidebar-layout":"default","disable-article-header":"default","disable-site-header":"default","disable-site-footer":"default","disable-content-area-spacing":"default","footnotes":""},"categories":[11,6,4],"tags":[],"class_list":["post-14756","post","type-post","status-publish","format-standard","hentry","category-direitos-humanos","category-educacao","category-noticias"],"yoast_head":"<!-- This site is optimized with the Yoast SEO plugin v27.4 - https:\/\/yoast.com\/product\/yoast-seo-wordpress\/ -->\n<title>Desigualdade entre negros e brancos cai na educa\u00e7\u00e3o, mas com pouco impacto na renda -<\/title>\n<meta name=\"robots\" content=\"index, follow, max-snippet:-1, max-image-preview:large, max-video-preview:-1\" \/>\n<link rel=\"canonical\" href=\"https:\/\/inclusivenews.com.br\/?p=14756\" \/>\n<meta property=\"og:locale\" content=\"pt_PT\" \/>\n<meta property=\"og:type\" content=\"article\" \/>\n<meta property=\"og:title\" content=\"Desigualdade entre negros e brancos cai na educa\u00e7\u00e3o, mas com pouco impacto na renda -\" \/>\n<meta property=\"og:description\" content=\"Matr\u00edcula escolar e analfabetismo entre jovens melhoram mais para pretos e partos; diferen\u00e7a entre ganhos no trabalho tem leve recuo. Informa\u00e7\u00e3o \u00e9 do PNUD.\" \/>\n<meta property=\"og:url\" content=\"https:\/\/inclusivenews.com.br\/?p=14756\" \/>\n<meta property=\"article:publisher\" content=\"https:\/\/www.facebook.com\/agenciainclusive\/\" \/>\n<meta property=\"article:published_time\" content=\"2010-04-06T09:02:12+00:00\" \/>\n<meta property=\"og:image\" content=\"http:\/\/www.pnud.org.br\/public\/imgc3437.jpg\" \/>\n<meta name=\"author\" content=\"inclusivenews2024\" \/>\n<meta name=\"twitter:card\" content=\"summary_large_image\" \/>\n<meta name=\"twitter:label1\" content=\"Escrito por\" \/>\n\t<meta name=\"twitter:data1\" content=\"inclusivenews2024\" \/>\n\t<meta name=\"twitter:label2\" content=\"Tempo estimado de leitura\" \/>\n\t<meta name=\"twitter:data2\" content=\"4 minutos\" \/>\n<script type=\"application\/ld+json\" class=\"yoast-schema-graph\">{\"@context\":\"https:\\\/\\\/schema.org\",\"@graph\":[{\"@type\":\"Article\",\"@id\":\"https:\\\/\\\/inclusivenews.com.br\\\/?p=14756#article\",\"isPartOf\":{\"@id\":\"https:\\\/\\\/inclusivenews.com.br\\\/?p=14756\"},\"author\":{\"name\":\"inclusivenews2024\",\"@id\":\"https:\\\/\\\/inclusivenews.com.br\\\/#\\\/schema\\\/person\\\/ae4ec7087559b8692fb33b6fffd2273b\"},\"headline\":\"Desigualdade entre negros e brancos cai na educa\u00e7\u00e3o, mas com pouco impacto na renda\",\"datePublished\":\"2010-04-06T09:02:12+00:00\",\"mainEntityOfPage\":{\"@id\":\"https:\\\/\\\/inclusivenews.com.br\\\/?p=14756\"},\"wordCount\":845,\"commentCount\":0,\"publisher\":{\"@id\":\"https:\\\/\\\/inclusivenews.com.br\\\/#organization\"},\"image\":{\"@id\":\"https:\\\/\\\/inclusivenews.com.br\\\/?p=14756#primaryimage\"},\"thumbnailUrl\":\"http:\\\/\\\/www.pnud.org.br\\\/public\\\/imgc3437.jpg\",\"articleSection\":[\"DIREITOS HUMANOS\",\"EDUCA\u00c7\u00c3O\",\"NOT\u00cdCIAS\"],\"inLanguage\":\"pt-PT\",\"potentialAction\":[{\"@type\":\"CommentAction\",\"name\":\"Comment\",\"target\":[\"https:\\\/\\\/inclusivenews.com.br\\\/?p=14756#respond\"]}]},{\"@type\":\"WebPage\",\"@id\":\"https:\\\/\\\/inclusivenews.com.br\\\/?p=14756\",\"url\":\"https:\\\/\\\/inclusivenews.com.br\\\/?p=14756\",\"name\":\"Desigualdade entre negros e brancos cai na educa\u00e7\u00e3o, mas com pouco impacto na renda -\",\"isPartOf\":{\"@id\":\"https:\\\/\\\/inclusivenews.com.br\\\/#website\"},\"primaryImageOfPage\":{\"@id\":\"https:\\\/\\\/inclusivenews.com.br\\\/?p=14756#primaryimage\"},\"image\":{\"@id\":\"https:\\\/\\\/inclusivenews.com.br\\\/?p=14756#primaryimage\"},\"thumbnailUrl\":\"http:\\\/\\\/www.pnud.org.br\\\/public\\\/imgc3437.jpg\",\"datePublished\":\"2010-04-06T09:02:12+00:00\",\"breadcrumb\":{\"@id\":\"https:\\\/\\\/inclusivenews.com.br\\\/?p=14756#breadcrumb\"},\"inLanguage\":\"pt-PT\",\"potentialAction\":[{\"@type\":\"ReadAction\",\"target\":[\"https:\\\/\\\/inclusivenews.com.br\\\/?p=14756\"]}]},{\"@type\":\"ImageObject\",\"inLanguage\":\"pt-PT\",\"@id\":\"https:\\\/\\\/inclusivenews.com.br\\\/?p=14756#primaryimage\",\"url\":\"http:\\\/\\\/www.pnud.org.br\\\/public\\\/imgc3437.jpg\",\"contentUrl\":\"http:\\\/\\\/www.pnud.org.br\\\/public\\\/imgc3437.jpg\"},{\"@type\":\"BreadcrumbList\",\"@id\":\"https:\\\/\\\/inclusivenews.com.br\\\/?p=14756#breadcrumb\",\"itemListElement\":[{\"@type\":\"ListItem\",\"position\":1,\"name\":\"In\u00edcio\",\"item\":\"https:\\\/\\\/inclusivenews.com.br\\\/\"},{\"@type\":\"ListItem\",\"position\":2,\"name\":\"Desigualdade entre negros e brancos cai na educa\u00e7\u00e3o, mas com pouco impacto na renda\"}]},{\"@type\":\"WebSite\",\"@id\":\"https:\\\/\\\/inclusivenews.com.br\\\/#website\",\"url\":\"https:\\\/\\\/inclusivenews.com.br\\\/\",\"name\":\"Inclusive News\",\"description\":\"Inclusive News\",\"publisher\":{\"@id\":\"https:\\\/\\\/inclusivenews.com.br\\\/#organization\"},\"potentialAction\":[{\"@type\":\"SearchAction\",\"target\":{\"@type\":\"EntryPoint\",\"urlTemplate\":\"https:\\\/\\\/inclusivenews.com.br\\\/?s={search_term_string}\"},\"query-input\":{\"@type\":\"PropertyValueSpecification\",\"valueRequired\":true,\"valueName\":\"search_term_string\"}}],\"inLanguage\":\"pt-PT\"},{\"@type\":\"Organization\",\"@id\":\"https:\\\/\\\/inclusivenews.com.br\\\/#organization\",\"name\":\"Inclusive - inclus\u00e3o e cidadania\",\"url\":\"https:\\\/\\\/inclusivenews.com.br\\\/\",\"logo\":{\"@type\":\"ImageObject\",\"inLanguage\":\"pt-PT\",\"@id\":\"https:\\\/\\\/inclusivenews.com.br\\\/#\\\/schema\\\/logo\\\/image\\\/\",\"url\":\"https:\\\/\\\/inclusivenews.com.br\\\/wp-content\\\/uploads\\\/2024\\\/03\\\/@grandesite.png\",\"contentUrl\":\"https:\\\/\\\/inclusivenews.com.br\\\/wp-content\\\/uploads\\\/2024\\\/03\\\/@grandesite.png\",\"width\":1080,\"height\":1080,\"caption\":\"Inclusive - inclus\u00e3o e cidadania\"},\"image\":{\"@id\":\"https:\\\/\\\/inclusivenews.com.br\\\/#\\\/schema\\\/logo\\\/image\\\/\"},\"sameAs\":[\"https:\\\/\\\/www.facebook.com\\\/agenciainclusive\\\/\",\"https:\\\/\\\/www.instagram.com\\\/newsinclusive\\\/\"]},{\"@type\":\"Person\",\"@id\":\"https:\\\/\\\/inclusivenews.com.br\\\/#\\\/schema\\\/person\\\/ae4ec7087559b8692fb33b6fffd2273b\",\"name\":\"inclusivenews2024\",\"image\":{\"@type\":\"ImageObject\",\"inLanguage\":\"pt-PT\",\"@id\":\"https:\\\/\\\/secure.gravatar.com\\\/avatar\\\/c5a7ef84c66fa914f55bc4f7ce26cfa275a3b9a1c5568b907bd184fb4dde7b40?s=96&d=mm&r=g\",\"url\":\"https:\\\/\\\/secure.gravatar.com\\\/avatar\\\/c5a7ef84c66fa914f55bc4f7ce26cfa275a3b9a1c5568b907bd184fb4dde7b40?s=96&d=mm&r=g\",\"contentUrl\":\"https:\\\/\\\/secure.gravatar.com\\\/avatar\\\/c5a7ef84c66fa914f55bc4f7ce26cfa275a3b9a1c5568b907bd184fb4dde7b40?s=96&d=mm&r=g\",\"caption\":\"inclusivenews2024\"},\"sameAs\":[\"https:\\\/\\\/inclusivenews.com.br\"],\"url\":\"https:\\\/\\\/inclusivenews.com.br\\\/?author=1\"}]}<\/script>\n<!-- \/ Yoast SEO plugin. -->","yoast_head_json":{"title":"Desigualdade entre negros e brancos cai na educa\u00e7\u00e3o, mas com pouco impacto na renda -","robots":{"index":"index","follow":"follow","max-snippet":"max-snippet:-1","max-image-preview":"max-image-preview:large","max-video-preview":"max-video-preview:-1"},"canonical":"https:\/\/inclusivenews.com.br\/?p=14756","og_locale":"pt_PT","og_type":"article","og_title":"Desigualdade entre negros e brancos cai na educa\u00e7\u00e3o, mas com pouco impacto na renda -","og_description":"Matr\u00edcula escolar e analfabetismo entre jovens melhoram mais para pretos e partos; diferen\u00e7a entre ganhos no trabalho tem leve recuo. Informa\u00e7\u00e3o \u00e9 do PNUD.","og_url":"https:\/\/inclusivenews.com.br\/?p=14756","article_publisher":"https:\/\/www.facebook.com\/agenciainclusive\/","article_published_time":"2010-04-06T09:02:12+00:00","og_image":[{"url":"http:\/\/www.pnud.org.br\/public\/imgc3437.jpg","type":"","width":"","height":""}],"author":"inclusivenews2024","twitter_card":"summary_large_image","twitter_misc":{"Escrito por":"inclusivenews2024","Tempo estimado de leitura":"4 minutos"},"schema":{"@context":"https:\/\/schema.org","@graph":[{"@type":"Article","@id":"https:\/\/inclusivenews.com.br\/?p=14756#article","isPartOf":{"@id":"https:\/\/inclusivenews.com.br\/?p=14756"},"author":{"name":"inclusivenews2024","@id":"https:\/\/inclusivenews.com.br\/#\/schema\/person\/ae4ec7087559b8692fb33b6fffd2273b"},"headline":"Desigualdade entre negros e brancos cai na educa\u00e7\u00e3o, mas com pouco impacto na renda","datePublished":"2010-04-06T09:02:12+00:00","mainEntityOfPage":{"@id":"https:\/\/inclusivenews.com.br\/?p=14756"},"wordCount":845,"commentCount":0,"publisher":{"@id":"https:\/\/inclusivenews.com.br\/#organization"},"image":{"@id":"https:\/\/inclusivenews.com.br\/?p=14756#primaryimage"},"thumbnailUrl":"http:\/\/www.pnud.org.br\/public\/imgc3437.jpg","articleSection":["DIREITOS HUMANOS","EDUCA\u00c7\u00c3O","NOT\u00cdCIAS"],"inLanguage":"pt-PT","potentialAction":[{"@type":"CommentAction","name":"Comment","target":["https:\/\/inclusivenews.com.br\/?p=14756#respond"]}]},{"@type":"WebPage","@id":"https:\/\/inclusivenews.com.br\/?p=14756","url":"https:\/\/inclusivenews.com.br\/?p=14756","name":"Desigualdade entre negros e brancos cai na educa\u00e7\u00e3o, mas com pouco impacto na renda -","isPartOf":{"@id":"https:\/\/inclusivenews.com.br\/#website"},"primaryImageOfPage":{"@id":"https:\/\/inclusivenews.com.br\/?p=14756#primaryimage"},"image":{"@id":"https:\/\/inclusivenews.com.br\/?p=14756#primaryimage"},"thumbnailUrl":"http:\/\/www.pnud.org.br\/public\/imgc3437.jpg","datePublished":"2010-04-06T09:02:12+00:00","breadcrumb":{"@id":"https:\/\/inclusivenews.com.br\/?p=14756#breadcrumb"},"inLanguage":"pt-PT","potentialAction":[{"@type":"ReadAction","target":["https:\/\/inclusivenews.com.br\/?p=14756"]}]},{"@type":"ImageObject","inLanguage":"pt-PT","@id":"https:\/\/inclusivenews.com.br\/?p=14756#primaryimage","url":"http:\/\/www.pnud.org.br\/public\/imgc3437.jpg","contentUrl":"http:\/\/www.pnud.org.br\/public\/imgc3437.jpg"},{"@type":"BreadcrumbList","@id":"https:\/\/inclusivenews.com.br\/?p=14756#breadcrumb","itemListElement":[{"@type":"ListItem","position":1,"name":"In\u00edcio","item":"https:\/\/inclusivenews.com.br\/"},{"@type":"ListItem","position":2,"name":"Desigualdade entre negros e brancos cai na educa\u00e7\u00e3o, mas com pouco impacto na renda"}]},{"@type":"WebSite","@id":"https:\/\/inclusivenews.com.br\/#website","url":"https:\/\/inclusivenews.com.br\/","name":"Inclusive News","description":"Inclusive News","publisher":{"@id":"https:\/\/inclusivenews.com.br\/#organization"},"potentialAction":[{"@type":"SearchAction","target":{"@type":"EntryPoint","urlTemplate":"https:\/\/inclusivenews.com.br\/?s={search_term_string}"},"query-input":{"@type":"PropertyValueSpecification","valueRequired":true,"valueName":"search_term_string"}}],"inLanguage":"pt-PT"},{"@type":"Organization","@id":"https:\/\/inclusivenews.com.br\/#organization","name":"Inclusive - inclus\u00e3o e cidadania","url":"https:\/\/inclusivenews.com.br\/","logo":{"@type":"ImageObject","inLanguage":"pt-PT","@id":"https:\/\/inclusivenews.com.br\/#\/schema\/logo\/image\/","url":"https:\/\/inclusivenews.com.br\/wp-content\/uploads\/2024\/03\/@grandesite.png","contentUrl":"https:\/\/inclusivenews.com.br\/wp-content\/uploads\/2024\/03\/@grandesite.png","width":1080,"height":1080,"caption":"Inclusive - inclus\u00e3o e cidadania"},"image":{"@id":"https:\/\/inclusivenews.com.br\/#\/schema\/logo\/image\/"},"sameAs":["https:\/\/www.facebook.com\/agenciainclusive\/","https:\/\/www.instagram.com\/newsinclusive\/"]},{"@type":"Person","@id":"https:\/\/inclusivenews.com.br\/#\/schema\/person\/ae4ec7087559b8692fb33b6fffd2273b","name":"inclusivenews2024","image":{"@type":"ImageObject","inLanguage":"pt-PT","@id":"https:\/\/secure.gravatar.com\/avatar\/c5a7ef84c66fa914f55bc4f7ce26cfa275a3b9a1c5568b907bd184fb4dde7b40?s=96&d=mm&r=g","url":"https:\/\/secure.gravatar.com\/avatar\/c5a7ef84c66fa914f55bc4f7ce26cfa275a3b9a1c5568b907bd184fb4dde7b40?s=96&d=mm&r=g","contentUrl":"https:\/\/secure.gravatar.com\/avatar\/c5a7ef84c66fa914f55bc4f7ce26cfa275a3b9a1c5568b907bd184fb4dde7b40?s=96&d=mm&r=g","caption":"inclusivenews2024"},"sameAs":["https:\/\/inclusivenews.com.br"],"url":"https:\/\/inclusivenews.com.br\/?author=1"}]}},"_links":{"self":[{"href":"https:\/\/inclusivenews.com.br\/index.php?rest_route=\/wp\/v2\/posts\/14756","targetHints":{"allow":["GET"]}}],"collection":[{"href":"https:\/\/inclusivenews.com.br\/index.php?rest_route=\/wp\/v2\/posts"}],"about":[{"href":"https:\/\/inclusivenews.com.br\/index.php?rest_route=\/wp\/v2\/types\/post"}],"author":[{"embeddable":true,"href":"https:\/\/inclusivenews.com.br\/index.php?rest_route=\/wp\/v2\/users\/1"}],"replies":[{"embeddable":true,"href":"https:\/\/inclusivenews.com.br\/index.php?rest_route=%2Fwp%2Fv2%2Fcomments&post=14756"}],"version-history":[{"count":0,"href":"https:\/\/inclusivenews.com.br\/index.php?rest_route=\/wp\/v2\/posts\/14756\/revisions"}],"wp:attachment":[{"href":"https:\/\/inclusivenews.com.br\/index.php?rest_route=%2Fwp%2Fv2%2Fmedia&parent=14756"}],"wp:term":[{"taxonomy":"category","embeddable":true,"href":"https:\/\/inclusivenews.com.br\/index.php?rest_route=%2Fwp%2Fv2%2Fcategories&post=14756"},{"taxonomy":"post_tag","embeddable":true,"href":"https:\/\/inclusivenews.com.br\/index.php?rest_route=%2Fwp%2Fv2%2Ftags&post=14756"}],"curies":[{"name":"wp","href":"https:\/\/api.w.org\/{rel}","templated":true}]}}