{"id":14760,"date":"2010-04-06T08:18:30","date_gmt":"2010-04-06T11:18:30","guid":{"rendered":"http:\/\/www.inclusive.org.br\/?p=14760"},"modified":"2010-04-06T08:18:30","modified_gmt":"2010-04-06T11:18:30","slug":"cerimonia-da-entrega-do-iii-premio-sentidos","status":"publish","type":"post","link":"https:\/\/inclusivenews.com.br\/?p=14760","title":{"rendered":"Cerim\u00f4nia da entrega do III Pr\u00eamio Sentidos"},"content":{"rendered":"<p><em>A cerim\u00f4nia de entrega do III Pr\u00eamio Sentidos aconteceu na Secretaria de Estado dos Direitos da Pessoa com Defici\u00eancia, em S\u00e3o Paulo.<\/em><\/p>\n<p>Uma noite muito especial com hist\u00f3rias e exemplos de supera\u00e7\u00e3o. Assim foi a cerim\u00f4nia de entrega do Pr\u00eamio Sentidos 2010, que aconteceu no dia 30 de mar\u00e7o, no Audit\u00f3rio da Secretaria de Estado dos Direitos da Pessoa com Defici\u00eancia, em S\u00e3o Paulo. A festa de encerramento do Pr\u00eamio foi abrilhantada com a revela\u00e7\u00e3o de grandes talentos, que contou com a presen\u00e7a de familiares e amigos de pessoas com defici\u00eancia, personalidades, institui\u00e7\u00f5es e empresas ligadas ao setor.<\/p>\n<figure style=\"width: 190px\" class=\"wp-caption alignnone\"><img loading=\"lazy\" decoding=\"async\" title=\"A garota Iasmin (com sua m\u00e3e Flavia) foi a vencedora na categoria Artes e no J\u00fari Popular\" src=\"http:\/\/sentidos.uol.com.br\/imagens\/fotos\/ligado\/13434a.jpg\" alt=\"\" width=\"190\" height=\"135\" \/><figcaption class=\"wp-caption-text\">A garota Iasmin (com sua m\u00e3e Flavia) foi a vencedora na categoria Artes e no J\u00fari Popular<\/figcaption><\/figure>\n<p>A terceira edi\u00e7\u00e3o do Pr\u00eamio Sentidos apresentou um n\u00famero de inscritos superior \u00e0 segunda edi\u00e7\u00e3o realizada em 2009. No total foram 787 inscri\u00e7\u00f5es recebidas pela internet e por cartas nas 6 categorias dispon\u00edveis para participa\u00e7\u00e3o do p\u00fablico &#8211; Gente como a Gente, Talentos Especiais (Artes, Literatura e Esportes), Men\u00e7\u00e3o Honrosa (Empresas e Organiza\u00e7\u00f5es do Terceiro Setor). O Pr\u00eamio recebeu inscri\u00e7\u00f5es de 13 Estados da Federa\u00e7\u00e3o.<\/p>\n<p>Assim como nas \u00faltimas edi\u00e7\u00f5es do pr\u00eamio, que \u00e9 uma iniciativa da revista e site Sentidos, AVAPE, FENAVAPE, Instituto Ressoar, Rede Record de R\u00e1dio e Televis\u00e3o, e com o apoio da Secretaria de Estado dos Direitos da Pessoa com Defici\u00eancia, Editora Escala, Flow Design, \u00c1urea Editora e Trama Comunica\u00e7\u00f5es, a categoria que teve maior ades\u00e3o foi a Gente como a Gente, seguida por Talentos Especiais com destaque para Artes e Literatura. As pessoas com defici\u00eancia f\u00edsica foram o maior grupo por tipo de defici\u00eancia.<\/p>\n<p>Na categoria &#8220;Gente como a Gente&#8221;, a vencedora foi Isis Maria de Almeida Ramos, de Campinas (SP). Portadora de Artrogripose m\u00faltipla cong\u00eanita, ela conseguiu vencer as barreiras do preconceito, estudando, dan\u00e7ando e sonhando com a forma\u00e7\u00e3o de educadora para transmitir sua experi\u00eancia de vida a alunos com defici\u00eancia. Hoje, trabalha na Prefeitura Municipal de Paul\u00ednia como professora de educa\u00e7\u00e3o especial na inclus\u00e3o de beb\u00eas com defici\u00eancia na estimula\u00e7\u00e3o precoce. &#8220;Sinto uma alegria que n\u00e3o cabe dentro de 1, 70. Estou realmente muito feliz por receber esse Pr\u00eamio&#8221;disse Isis, agradecendo a Comiss\u00e3o Julgadora do Pr\u00eamio Sentidos e todos que estavam presentes.<\/p>\n<figure style=\"width: 190px\" class=\"wp-caption alignnone\"><img loading=\"lazy\" decoding=\"async\" title=\"Isis (no centro) venceu na categoria  Gente como a Gente\" src=\"http:\/\/sentidos.uol.com.br\/imagens\/fotos\/ligado\/13434b.jpg\" alt=\"\" width=\"190\" height=\"135\" \/><figcaption class=\"wp-caption-text\">Isis (no centro) venceu na categoria  Gente como a Gente<\/figcaption><\/figure>\n<p>Al\u00e9m das seis categorias, a terceira edi\u00e7\u00e3o ainda contou com a participa\u00e7\u00e3o do &#8220;J\u00fari Popular&#8221;, compartilhando com os internautas do site Sentidos, a responsabilidade de eleger os destaques do ano. E o p\u00fablico premiou na categoria &#8220;Artes&#8221;, a finalista Iasmin Carneiro Freitas, que tamb\u00e9m foi a vencedora escolhida pela Comiss\u00e3o Julgadora. Iasmin, de Ceres (GO), nasceu prematura com dificuldade respirat\u00f3ria e fenda palatina. Foi diagnosticada como portadora da S\u00edndrome de Stickler e Sequ\u00eancia de Pierre Roubin. Ela possu\u00eda fenda palatina, 23 graus de miopia em ambos os olhos, respostas auditivas ausentes bilateralmente. Sua m\u00e3e a colocou em contato com a m\u00fasica. Hoje aos 9 anos tem um \u00f3timo desempenho com o piano.<\/p>\n<p>Durante a cerim\u00f4nia, representantes de organiza\u00e7\u00f5es do terceiro setor, empresas e pessoas que trabalham em prol da inclus\u00e3o social tamb\u00e9m foram homenageados pelo pr\u00eamio. Entre eles estavam a consultora de inclus\u00e3o social Flavia Cintra, que atualmente desenvolve trabalho de consultora para a novela Viver a Vida, da Rede Globo, e o autor da mesma novela, Manoel Carlos.<\/p>\n<p>E como o Pr\u00eamio Sentidos reconhece talentos e supera\u00e7\u00f5es, uma importante pessoa n\u00e3o poderia ficar de fora. Na categoria &#8220;Trof\u00e9u Especial&#8221;, subiu ao palco para receber a homenagem o publicit\u00e1rio e radialista Dudu Braga. Filho do cantor e compositor Roberto Carlos, Dudu que tem defici\u00eancia visual, atua na R\u00e1dio Nativa FM e apresenta o Programa Vida em Movimento, da TV Cultura, que mostra os benef\u00edcios e a import\u00e2ncia da pr\u00e1tica de atividades f\u00edsicas por pessoas com defici\u00eancia de forma inclusiva.<\/p>\n<p>O segundo &#8220;Trof\u00e9u Especial&#8221; foi entregue para a Prefeitura Municipal de Socorro, representada por sua prefeita, Marisa de Souza Pinto Fontana. Nos \u00faltimos anos a prefeitura tem realizados em parceria com a AVAPE, importantes projetos voltados para a acessibilidade da pessoa com defici\u00eancia na cidade.<\/p>\n<p>Os idealizadores do Pr\u00eamio Sentidos: Marcos Gon\u00e7alves, presidente da Federa\u00e7\u00e3o Nacional das AVAPES (FENAVAPE) emembros da Comiss\u00e3o Organizadora agradeceram o p\u00fablico presente. O evento contou ainda com outras v\u00e1rias personalidades que comporam a mesa de honra do Pr\u00eamio Sentidos e que representam o segmento da defici\u00eancia como o Secret\u00e1rio Municipal da Pessoa com Defici\u00eancia e Mobilidade Reduzida de S\u00e3o Paulo, Marcos Beliz\u00e1rio, a Secret\u00e1ria de Estado da Secretaria dos Direitos das Pessoas com Defici\u00eancia de S\u00e3o Paulo, Linamara Rizzo Batistella, que foi representada pelo coordenador de acessibilidade da Secretaria, Marco Antonio Pelllegrini, a presidente da AVAPE, Sylvia Cury, e Lemos Britto, da Lemos Britto Multim\u00eddia Congressos e Feiras.<\/p>\n<p>Os vencedores das seis categorias:<br \/>\nTalentos Especiais &#8211; Artes: Iasmin Carneiro Freitas, portadora da S\u00edndrome de Stickler e Sequ\u00eancia de Pierre Roubin, de Ceres (GO).<br \/>\nTalentos Especiais &#8211; Esportes: Edson Dantas de Oliveira, deficiente f\u00edsico, de S\u00e3o Paulo (SP).<br \/>\nTalentos Especiais &#8211; Literatura: Thiago Ribeiro Santos, que tem defici\u00eancia m\u00faltipla, do Rio de Janeiro (RJ).<br \/>\nGente como a Gente: Isis Maria de Almeida Ramos, portadora de Artrogripose m\u00faltipla cong\u00eanita, de Campinas (SP).<br \/>\nMen\u00e7\u00e3o Honrosa &#8211; Empresas: Museu de Arte Moderna, que desenvolveu o programa Igual Diferente que visa possibilitar aos usu\u00e1rios de institui\u00e7\u00f5es para uma participa\u00e7\u00e3o em cursos de arte, de S\u00e3o Paulo (SP).<br \/>\nTerceiro Setor &#8211; Men\u00e7\u00e3o Honrosa &#8211; Institui\u00e7\u00f5es: Associa\u00e7\u00e3o Adapta\u00e7\u00e3o e Surf, que promove a inclus\u00e3o de pessoas com defici\u00eancia permitindo o acesso ao lazer, esporte e cultura.<\/p>\n<p>Saiba mais sobre os vencedores:<\/p>\n<p>Categoria: Artes<\/p>\n<p>IASMIN CARNEIRO FREITAS<br \/>\nDefici\u00eancia: M\u00faltipla<br \/>\nCidade\/Estado: Ceres\/GO<br \/>\nSua hist\u00f3ria: Nasceu prematura com dificuldade respirat\u00f3ria e fenda palatina. At\u00e9 os cinco meses de idade n\u00e3o dormia bem e tinha dificuldades para mamar. Foi diagnostica como portadora da S\u00edndrome de Stickler e Sequ\u00eancia de Pierre Roubin. Ela possu\u00eda fenda palatina, 23 graus de miopia em ambos os olhos, respostas auditivas ausentes bilateralmente. Sua m\u00e3e sem a colocou em contato com a m\u00fasica. Hoje com 9 anos de idade tem um \u00f3timo desempenho com o piano.<\/p>\n<p>Categoria: Empresas<\/p>\n<p>MUSEU DE ARTE MODERNA DE S\u00c3O PAULO<br \/>\nCidade\/Estado: S\u00e3o Paulo\/SP<br \/>\nProjeto de Inclus\u00e3o: Desenvolveu o programa Igual Diferente que visa possibilitar aos usu\u00e1rios de institui\u00e7\u00f5es para uma participa\u00e7\u00e3o em cursos de arte. Um exemplo de curso \u00e9 o Aprender para Ensinar: destinado \u00e0 forma\u00e7\u00e3o de educadores surdos para mediar a rela\u00e7\u00e3o p\u00fablico-obra de arte no espa\u00e7o do museu, na L\u00edngua Brasileira de Sinais (Libras).<\/p>\n<p>Categoria: Esportes<\/p>\n<p>EDSON DANTAS DE OLIVEIRA<br \/>\nTipo de Defici\u00eancia: F\u00edsica<br \/>\nCidade\/Estado: S\u00e3o Paulo\/SP<br \/>\nSua hist\u00f3ria: Sofreu um acidente que o levou \u00e0 amputa\u00e7\u00e3o da perna direita. Ap\u00f3s colocar a pr\u00f3tese e passar por um longo processo de reabilita\u00e7\u00e3o, recuperou sua auto-estima e voltou a trabalhar, jogar bola e exercer suas atividades cotidianas. Em 2000, come\u00e7ou a se dedicar \u00e0 corrida. Al\u00e9m das vit\u00f3rias pessoais, \u00e9 considerado um dos melhores atletas brasileiros amputado de membro inferior nas dist\u00e2ncias de 5.000 e 10.000 metros. Tamb\u00e9m \u00e9 representante do Projeto Pr\u00f3ximo Passo, que desenvolve e executa a\u00e7\u00f5es e contribui para a melhoria da vida das pessoas com defici\u00eancia. Edson \u00e9 bicampe\u00e3o da Maratona de Nova York.<\/p>\n<p>Categoria: Gente como a Gente<\/p>\n<p>ISIS MARIA DE ALMEIDA RAMOS<br \/>\nTipo de Defici\u00eancia: F\u00edsica<br \/>\nCidade\/Estado: Campinas\/SP<br \/>\nSua hist\u00f3ria: Portadora de Artrogripose m\u00faltipla cong\u00eanita, ela conseguiu vencer as barreiras do preconceito, estudando, dan\u00e7ando e sonhando com a forma\u00e7\u00e3o de professora para transmitir sua experi\u00eancia de vida a alunos com defici\u00eancia. Formou-se em Pedagogia, foi aprovada em concurso, na Prefeitura Municipal de Paul\u00ednia como professora de educa\u00e7\u00e3o especial atuando na inclus\u00e3o de beb\u00eas com defici\u00eancia na estimula\u00e7\u00e3o precoce. Locomove-se com autonomia em seu carro adaptado. Participa efetivamente no movimento de luta pelos direitos das pessoas com defici\u00eancia. Sendo a artrogripose uma defici\u00eancia pouco pesquisada e disseminada no Brasil, faz de sua vida uma instigante fonte de conhecimento.<\/p>\n<p>Categoria: Literatura<\/p>\n<p>THIAGO RIBEIRO SANTOS<br \/>\nTipo de Defici\u00eancia: M\u00faltipla<br \/>\nCidade\/Estado: Rio de Janeiro\/RJ<br \/>\nSua hist\u00f3ria: Autor de ESPERAN\u00c7A SEM FIM traz o depoimento de uma batalha sem tr\u00e9gua pela conquista de cada dia. Em meio h\u00e1 uma vida que muitos julgam ser dif\u00edcil por causa do acidente que o deixou tetrapl\u00e9gico. Para ele, a verdadeira for\u00e7a vem da esperan\u00e7a do amor e de transformar o imposs\u00edvel em poss\u00edvel. Visando uma vida melhor e querendo compartilhar sua experi\u00eancia com outras pessoas criou um blog, como forma de demonstrar ao mundo que enquanto h\u00e1 vida h\u00e1 Esperan\u00e7a Sem Fim. www.espelhodaseras.blogspot.com.<\/p>\n<p>Categoria: Terceiro Setor<\/p>\n<p>ASSOCIA\u00c7\u00c3O ADAPTA\u00c7\u00c3O E SURF<br \/>\nCidade\/Estado: Rio de Janeiro\/RJ<br \/>\nSua atua\u00e7\u00e3o social: Fundada em 2007 a institui\u00e7\u00e3o promove a inclus\u00e3o de pessoas com defici\u00eancia permitindo o acesso ao lazer, esporte e cultura, atrav\u00e9s do contato direto com a Natureza. Realiza projetos socioambientais nas \u00e1reas de surf adaptado, acessibilidade das praias e preserva\u00e7\u00e3o. Com aulas gratuitas de surf, atividades de lazer nas praias e mutir\u00f5es de limpeza das mesmas. J\u00e1 beneficiou mais de 200 pessoas diretamente com as atividades realizadas nas praias Cariocas e atualmente 20 alunos participam das aulas de surf.<\/p>\n<p>_____________<\/p>\n<p><strong>Fonte:<\/strong> <a href=\"http:\/\/sentidos.uol.com.br\/canais\/materia.asp?codpag=13434&amp;canal=ligado\">Sentidos<\/a><\/p>\n","protected":false},"excerpt":{"rendered":"<p>A cerim\u00f4nia de entrega do III Pr\u00eamio Sentidos aconteceu na Secretaria de Estado dos Direitos da Pessoa com Defici\u00eancia, em S\u00e3o Paulo.<\/p>\n","protected":false},"author":1,"featured_media":0,"comment_status":"open","ping_status":"open","sticky":false,"template":"","format":"standard","meta":{"site-container-style":"default","site-container-layout":"default","site-sidebar-layout":"default","disable-article-header":"default","disable-site-header":"default","disable-site-footer":"default","disable-content-area-spacing":"default","footnotes":""},"categories":[12,4],"tags":[],"class_list":["post-14760","post","type-post","status-publish","format-standard","hentry","category-cursos-e-eventos","category-noticias"],"yoast_head":"<!-- This site is optimized with the Yoast SEO plugin v27.4 - https:\/\/yoast.com\/product\/yoast-seo-wordpress\/ -->\n<title>Cerim\u00f4nia da entrega do III Pr\u00eamio Sentidos -<\/title>\n<meta name=\"robots\" content=\"index, follow, max-snippet:-1, max-image-preview:large, max-video-preview:-1\" \/>\n<link rel=\"canonical\" href=\"https:\/\/inclusivenews.com.br\/?p=14760\" \/>\n<meta property=\"og:locale\" content=\"pt_PT\" \/>\n<meta property=\"og:type\" content=\"article\" \/>\n<meta property=\"og:title\" content=\"Cerim\u00f4nia da entrega do III Pr\u00eamio Sentidos -\" \/>\n<meta property=\"og:description\" content=\"A cerim\u00f4nia de entrega do III Pr\u00eamio Sentidos aconteceu na Secretaria de Estado dos Direitos da Pessoa com Defici\u00eancia, em S\u00e3o Paulo.\" \/>\n<meta property=\"og:url\" content=\"https:\/\/inclusivenews.com.br\/?p=14760\" \/>\n<meta property=\"article:publisher\" content=\"https:\/\/www.facebook.com\/agenciainclusive\/\" \/>\n<meta property=\"article:published_time\" content=\"2010-04-06T11:18:30+00:00\" \/>\n<meta property=\"og:image\" content=\"http:\/\/sentidos.uol.com.br\/imagens\/fotos\/ligado\/13434a.jpg\" \/>\n<meta name=\"author\" content=\"inclusivenews2024\" \/>\n<meta name=\"twitter:card\" content=\"summary_large_image\" \/>\n<meta name=\"twitter:label1\" content=\"Escrito por\" \/>\n\t<meta name=\"twitter:data1\" content=\"inclusivenews2024\" \/>\n\t<meta name=\"twitter:label2\" content=\"Tempo estimado de leitura\" \/>\n\t<meta name=\"twitter:data2\" content=\"8 minutos\" \/>\n<script type=\"application\/ld+json\" class=\"yoast-schema-graph\">{\"@context\":\"https:\\\/\\\/schema.org\",\"@graph\":[{\"@type\":\"Article\",\"@id\":\"https:\\\/\\\/inclusivenews.com.br\\\/?p=14760#article\",\"isPartOf\":{\"@id\":\"https:\\\/\\\/inclusivenews.com.br\\\/?p=14760\"},\"author\":{\"name\":\"inclusivenews2024\",\"@id\":\"https:\\\/\\\/inclusivenews.com.br\\\/#\\\/schema\\\/person\\\/ae4ec7087559b8692fb33b6fffd2273b\"},\"headline\":\"Cerim\u00f4nia da entrega do III Pr\u00eamio Sentidos\",\"datePublished\":\"2010-04-06T11:18:30+00:00\",\"mainEntityOfPage\":{\"@id\":\"https:\\\/\\\/inclusivenews.com.br\\\/?p=14760\"},\"wordCount\":1699,\"commentCount\":0,\"publisher\":{\"@id\":\"https:\\\/\\\/inclusivenews.com.br\\\/#organization\"},\"image\":{\"@id\":\"https:\\\/\\\/inclusivenews.com.br\\\/?p=14760#primaryimage\"},\"thumbnailUrl\":\"http:\\\/\\\/sentidos.uol.com.br\\\/imagens\\\/fotos\\\/ligado\\\/13434a.jpg\",\"articleSection\":[\"Cursos e eventos\",\"NOT\u00cdCIAS\"],\"inLanguage\":\"pt-PT\",\"potentialAction\":[{\"@type\":\"CommentAction\",\"name\":\"Comment\",\"target\":[\"https:\\\/\\\/inclusivenews.com.br\\\/?p=14760#respond\"]}]},{\"@type\":\"WebPage\",\"@id\":\"https:\\\/\\\/inclusivenews.com.br\\\/?p=14760\",\"url\":\"https:\\\/\\\/inclusivenews.com.br\\\/?p=14760\",\"name\":\"Cerim\u00f4nia da entrega do III Pr\u00eamio Sentidos -\",\"isPartOf\":{\"@id\":\"https:\\\/\\\/inclusivenews.com.br\\\/#website\"},\"primaryImageOfPage\":{\"@id\":\"https:\\\/\\\/inclusivenews.com.br\\\/?p=14760#primaryimage\"},\"image\":{\"@id\":\"https:\\\/\\\/inclusivenews.com.br\\\/?p=14760#primaryimage\"},\"thumbnailUrl\":\"http:\\\/\\\/sentidos.uol.com.br\\\/imagens\\\/fotos\\\/ligado\\\/13434a.jpg\",\"datePublished\":\"2010-04-06T11:18:30+00:00\",\"breadcrumb\":{\"@id\":\"https:\\\/\\\/inclusivenews.com.br\\\/?p=14760#breadcrumb\"},\"inLanguage\":\"pt-PT\",\"potentialAction\":[{\"@type\":\"ReadAction\",\"target\":[\"https:\\\/\\\/inclusivenews.com.br\\\/?p=14760\"]}]},{\"@type\":\"ImageObject\",\"inLanguage\":\"pt-PT\",\"@id\":\"https:\\\/\\\/inclusivenews.com.br\\\/?p=14760#primaryimage\",\"url\":\"http:\\\/\\\/sentidos.uol.com.br\\\/imagens\\\/fotos\\\/ligado\\\/13434a.jpg\",\"contentUrl\":\"http:\\\/\\\/sentidos.uol.com.br\\\/imagens\\\/fotos\\\/ligado\\\/13434a.jpg\"},{\"@type\":\"BreadcrumbList\",\"@id\":\"https:\\\/\\\/inclusivenews.com.br\\\/?p=14760#breadcrumb\",\"itemListElement\":[{\"@type\":\"ListItem\",\"position\":1,\"name\":\"In\u00edcio\",\"item\":\"https:\\\/\\\/inclusivenews.com.br\\\/\"},{\"@type\":\"ListItem\",\"position\":2,\"name\":\"Cerim\u00f4nia da entrega do III Pr\u00eamio Sentidos\"}]},{\"@type\":\"WebSite\",\"@id\":\"https:\\\/\\\/inclusivenews.com.br\\\/#website\",\"url\":\"https:\\\/\\\/inclusivenews.com.br\\\/\",\"name\":\"Inclusive News\",\"description\":\"Inclusive News\",\"publisher\":{\"@id\":\"https:\\\/\\\/inclusivenews.com.br\\\/#organization\"},\"potentialAction\":[{\"@type\":\"SearchAction\",\"target\":{\"@type\":\"EntryPoint\",\"urlTemplate\":\"https:\\\/\\\/inclusivenews.com.br\\\/?s={search_term_string}\"},\"query-input\":{\"@type\":\"PropertyValueSpecification\",\"valueRequired\":true,\"valueName\":\"search_term_string\"}}],\"inLanguage\":\"pt-PT\"},{\"@type\":\"Organization\",\"@id\":\"https:\\\/\\\/inclusivenews.com.br\\\/#organization\",\"name\":\"Inclusive - inclus\u00e3o e cidadania\",\"url\":\"https:\\\/\\\/inclusivenews.com.br\\\/\",\"logo\":{\"@type\":\"ImageObject\",\"inLanguage\":\"pt-PT\",\"@id\":\"https:\\\/\\\/inclusivenews.com.br\\\/#\\\/schema\\\/logo\\\/image\\\/\",\"url\":\"https:\\\/\\\/inclusivenews.com.br\\\/wp-content\\\/uploads\\\/2024\\\/03\\\/@grandesite.png\",\"contentUrl\":\"https:\\\/\\\/inclusivenews.com.br\\\/wp-content\\\/uploads\\\/2024\\\/03\\\/@grandesite.png\",\"width\":1080,\"height\":1080,\"caption\":\"Inclusive - inclus\u00e3o e cidadania\"},\"image\":{\"@id\":\"https:\\\/\\\/inclusivenews.com.br\\\/#\\\/schema\\\/logo\\\/image\\\/\"},\"sameAs\":[\"https:\\\/\\\/www.facebook.com\\\/agenciainclusive\\\/\",\"https:\\\/\\\/www.instagram.com\\\/newsinclusive\\\/\"]},{\"@type\":\"Person\",\"@id\":\"https:\\\/\\\/inclusivenews.com.br\\\/#\\\/schema\\\/person\\\/ae4ec7087559b8692fb33b6fffd2273b\",\"name\":\"inclusivenews2024\",\"image\":{\"@type\":\"ImageObject\",\"inLanguage\":\"pt-PT\",\"@id\":\"https:\\\/\\\/secure.gravatar.com\\\/avatar\\\/c5a7ef84c66fa914f55bc4f7ce26cfa275a3b9a1c5568b907bd184fb4dde7b40?s=96&d=mm&r=g\",\"url\":\"https:\\\/\\\/secure.gravatar.com\\\/avatar\\\/c5a7ef84c66fa914f55bc4f7ce26cfa275a3b9a1c5568b907bd184fb4dde7b40?s=96&d=mm&r=g\",\"contentUrl\":\"https:\\\/\\\/secure.gravatar.com\\\/avatar\\\/c5a7ef84c66fa914f55bc4f7ce26cfa275a3b9a1c5568b907bd184fb4dde7b40?s=96&d=mm&r=g\",\"caption\":\"inclusivenews2024\"},\"sameAs\":[\"https:\\\/\\\/inclusivenews.com.br\"],\"url\":\"https:\\\/\\\/inclusivenews.com.br\\\/?author=1\"}]}<\/script>\n<!-- \/ Yoast SEO plugin. -->","yoast_head_json":{"title":"Cerim\u00f4nia da entrega do III Pr\u00eamio Sentidos -","robots":{"index":"index","follow":"follow","max-snippet":"max-snippet:-1","max-image-preview":"max-image-preview:large","max-video-preview":"max-video-preview:-1"},"canonical":"https:\/\/inclusivenews.com.br\/?p=14760","og_locale":"pt_PT","og_type":"article","og_title":"Cerim\u00f4nia da entrega do III Pr\u00eamio Sentidos -","og_description":"A cerim\u00f4nia de entrega do III Pr\u00eamio Sentidos aconteceu na Secretaria de Estado dos Direitos da Pessoa com Defici\u00eancia, em S\u00e3o Paulo.","og_url":"https:\/\/inclusivenews.com.br\/?p=14760","article_publisher":"https:\/\/www.facebook.com\/agenciainclusive\/","article_published_time":"2010-04-06T11:18:30+00:00","og_image":[{"url":"http:\/\/sentidos.uol.com.br\/imagens\/fotos\/ligado\/13434a.jpg","type":"","width":"","height":""}],"author":"inclusivenews2024","twitter_card":"summary_large_image","twitter_misc":{"Escrito por":"inclusivenews2024","Tempo estimado de leitura":"8 minutos"},"schema":{"@context":"https:\/\/schema.org","@graph":[{"@type":"Article","@id":"https:\/\/inclusivenews.com.br\/?p=14760#article","isPartOf":{"@id":"https:\/\/inclusivenews.com.br\/?p=14760"},"author":{"name":"inclusivenews2024","@id":"https:\/\/inclusivenews.com.br\/#\/schema\/person\/ae4ec7087559b8692fb33b6fffd2273b"},"headline":"Cerim\u00f4nia da entrega do III Pr\u00eamio Sentidos","datePublished":"2010-04-06T11:18:30+00:00","mainEntityOfPage":{"@id":"https:\/\/inclusivenews.com.br\/?p=14760"},"wordCount":1699,"commentCount":0,"publisher":{"@id":"https:\/\/inclusivenews.com.br\/#organization"},"image":{"@id":"https:\/\/inclusivenews.com.br\/?p=14760#primaryimage"},"thumbnailUrl":"http:\/\/sentidos.uol.com.br\/imagens\/fotos\/ligado\/13434a.jpg","articleSection":["Cursos e eventos","NOT\u00cdCIAS"],"inLanguage":"pt-PT","potentialAction":[{"@type":"CommentAction","name":"Comment","target":["https:\/\/inclusivenews.com.br\/?p=14760#respond"]}]},{"@type":"WebPage","@id":"https:\/\/inclusivenews.com.br\/?p=14760","url":"https:\/\/inclusivenews.com.br\/?p=14760","name":"Cerim\u00f4nia da entrega do III Pr\u00eamio Sentidos -","isPartOf":{"@id":"https:\/\/inclusivenews.com.br\/#website"},"primaryImageOfPage":{"@id":"https:\/\/inclusivenews.com.br\/?p=14760#primaryimage"},"image":{"@id":"https:\/\/inclusivenews.com.br\/?p=14760#primaryimage"},"thumbnailUrl":"http:\/\/sentidos.uol.com.br\/imagens\/fotos\/ligado\/13434a.jpg","datePublished":"2010-04-06T11:18:30+00:00","breadcrumb":{"@id":"https:\/\/inclusivenews.com.br\/?p=14760#breadcrumb"},"inLanguage":"pt-PT","potentialAction":[{"@type":"ReadAction","target":["https:\/\/inclusivenews.com.br\/?p=14760"]}]},{"@type":"ImageObject","inLanguage":"pt-PT","@id":"https:\/\/inclusivenews.com.br\/?p=14760#primaryimage","url":"http:\/\/sentidos.uol.com.br\/imagens\/fotos\/ligado\/13434a.jpg","contentUrl":"http:\/\/sentidos.uol.com.br\/imagens\/fotos\/ligado\/13434a.jpg"},{"@type":"BreadcrumbList","@id":"https:\/\/inclusivenews.com.br\/?p=14760#breadcrumb","itemListElement":[{"@type":"ListItem","position":1,"name":"In\u00edcio","item":"https:\/\/inclusivenews.com.br\/"},{"@type":"ListItem","position":2,"name":"Cerim\u00f4nia da entrega do III Pr\u00eamio Sentidos"}]},{"@type":"WebSite","@id":"https:\/\/inclusivenews.com.br\/#website","url":"https:\/\/inclusivenews.com.br\/","name":"Inclusive News","description":"Inclusive News","publisher":{"@id":"https:\/\/inclusivenews.com.br\/#organization"},"potentialAction":[{"@type":"SearchAction","target":{"@type":"EntryPoint","urlTemplate":"https:\/\/inclusivenews.com.br\/?s={search_term_string}"},"query-input":{"@type":"PropertyValueSpecification","valueRequired":true,"valueName":"search_term_string"}}],"inLanguage":"pt-PT"},{"@type":"Organization","@id":"https:\/\/inclusivenews.com.br\/#organization","name":"Inclusive - inclus\u00e3o e cidadania","url":"https:\/\/inclusivenews.com.br\/","logo":{"@type":"ImageObject","inLanguage":"pt-PT","@id":"https:\/\/inclusivenews.com.br\/#\/schema\/logo\/image\/","url":"https:\/\/inclusivenews.com.br\/wp-content\/uploads\/2024\/03\/@grandesite.png","contentUrl":"https:\/\/inclusivenews.com.br\/wp-content\/uploads\/2024\/03\/@grandesite.png","width":1080,"height":1080,"caption":"Inclusive - inclus\u00e3o e cidadania"},"image":{"@id":"https:\/\/inclusivenews.com.br\/#\/schema\/logo\/image\/"},"sameAs":["https:\/\/www.facebook.com\/agenciainclusive\/","https:\/\/www.instagram.com\/newsinclusive\/"]},{"@type":"Person","@id":"https:\/\/inclusivenews.com.br\/#\/schema\/person\/ae4ec7087559b8692fb33b6fffd2273b","name":"inclusivenews2024","image":{"@type":"ImageObject","inLanguage":"pt-PT","@id":"https:\/\/secure.gravatar.com\/avatar\/c5a7ef84c66fa914f55bc4f7ce26cfa275a3b9a1c5568b907bd184fb4dde7b40?s=96&d=mm&r=g","url":"https:\/\/secure.gravatar.com\/avatar\/c5a7ef84c66fa914f55bc4f7ce26cfa275a3b9a1c5568b907bd184fb4dde7b40?s=96&d=mm&r=g","contentUrl":"https:\/\/secure.gravatar.com\/avatar\/c5a7ef84c66fa914f55bc4f7ce26cfa275a3b9a1c5568b907bd184fb4dde7b40?s=96&d=mm&r=g","caption":"inclusivenews2024"},"sameAs":["https:\/\/inclusivenews.com.br"],"url":"https:\/\/inclusivenews.com.br\/?author=1"}]}},"_links":{"self":[{"href":"https:\/\/inclusivenews.com.br\/index.php?rest_route=\/wp\/v2\/posts\/14760","targetHints":{"allow":["GET"]}}],"collection":[{"href":"https:\/\/inclusivenews.com.br\/index.php?rest_route=\/wp\/v2\/posts"}],"about":[{"href":"https:\/\/inclusivenews.com.br\/index.php?rest_route=\/wp\/v2\/types\/post"}],"author":[{"embeddable":true,"href":"https:\/\/inclusivenews.com.br\/index.php?rest_route=\/wp\/v2\/users\/1"}],"replies":[{"embeddable":true,"href":"https:\/\/inclusivenews.com.br\/index.php?rest_route=%2Fwp%2Fv2%2Fcomments&post=14760"}],"version-history":[{"count":0,"href":"https:\/\/inclusivenews.com.br\/index.php?rest_route=\/wp\/v2\/posts\/14760\/revisions"}],"wp:attachment":[{"href":"https:\/\/inclusivenews.com.br\/index.php?rest_route=%2Fwp%2Fv2%2Fmedia&parent=14760"}],"wp:term":[{"taxonomy":"category","embeddable":true,"href":"https:\/\/inclusivenews.com.br\/index.php?rest_route=%2Fwp%2Fv2%2Fcategories&post=14760"},{"taxonomy":"post_tag","embeddable":true,"href":"https:\/\/inclusivenews.com.br\/index.php?rest_route=%2Fwp%2Fv2%2Ftags&post=14760"}],"curies":[{"name":"wp","href":"https:\/\/api.w.org\/{rel}","templated":true}]}}