{"id":14797,"date":"2010-04-09T05:56:28","date_gmt":"2010-04-09T08:56:28","guid":{"rendered":"http:\/\/www.inclusive.org.br\/?p=14797"},"modified":"2010-04-09T05:56:28","modified_gmt":"2010-04-09T08:56:28","slug":"a-cultura-as-identidades-e-o-preconceito","status":"publish","type":"post","link":"https:\/\/inclusivenews.com.br\/?p=14797","title":{"rendered":"A cultura, as identidades e o preconceito"},"content":{"rendered":"<figure style=\"width: 168px\" class=\"wp-caption alignleft\"><img loading=\"lazy\" decoding=\"async\" title=\"Capa da mais recente edi\u00e7\u00e3o da Revista F\u00f3rum.\" src=\"http:\/\/www.envolverde.com.br\/fotos_novas\/72436.jpg\" alt=\"\" width=\"168\" height=\"220\" \/><figcaption class=\"wp-caption-text\"> <\/figcaption><\/figure>\n<p>J\u00e1 est\u00e1 dispon\u00edvel a Revista F\u00f3rum de mar\u00e7o de 2010. Veja abaixo editorial e \u00edndice da edi\u00e7\u00e3o.<\/p>\n<p><strong><a class=\"moz-txt-link-freetext\" href=\"http:\/\/www.envolverde.com.br\/fotos_novas\/72436.jpg\"><\/a>Editorial<\/strong><\/p>\n<p>Talvez o leitor de F\u00f3rum tenha estranhado a capa da edi\u00e7\u00e3o deste m\u00eas. Afinal, Gabi Amarantos que \u00e9 um dos \u00edcones do que se convencionou chamar \u201ctecnobrega\u201d, um ritmo que faz enorme sucesso na regi\u00e3o Norte do pa\u00eds, em especial no Par\u00e1, mas \u00e9 quase nada conhecido no Sul do pa\u00eds.<\/p>\n<p>At\u00e9 porque cultura popular em geral merece pouco cr\u00e9dito ou reconhecimento de parte da m\u00eddia comercial. Em parte, porque um peda\u00e7o significativo de suas pautas tem rela\u00e7\u00e3o direta com o jab\u00e1 ou com interesses nem sempre muito claros de conglomerados mid\u00e1ticos que fazem de conta que jornalismo cultural e entretenimento s\u00e3o a mesma coisa.<\/p>\n<p>Assim, com um tratamento superficial, perdem-se chances preciosas de se entender a vastid\u00e3o do Brasil. Goste-se ou n\u00e3o de um ritmo ou de um tipo de m\u00fasica, \u00e9 preciso ver e analisar aquilo que ele representa. O tecnobrega, por exemplo, n\u00e3o s\u00f3 \u00e9 uma evid\u00eancia daquilo que M\u00e1rio de Andrade cunhou como antropofagia, ou seja, a capacidade do brasileiro assimilar e reinventar o que vem de fora, como tamb\u00e9m diz respeito \u00e0s m\u00faltiplas identidades do povo amaz\u00f4nico. \u00c9 esse o canal que muitos m\u00fasicos e letristas quase an\u00f4nimos t\u00eam para fazer sua voz chegar ao resto do pa\u00eds, ainda que tantos se fa\u00e7am de surdos e se recusem a ouvir.<\/p>\n<p>Ali\u00e1s, falando em olhos e ouvidos fechados, o imbr\u00f3glio das Malvinas est\u00e1 sendo tratado como algo menor pela m\u00eddia comercial brazuca. O preconceito com tudo que diga respeito \u00e0 afirma\u00e7\u00e3o dos pa\u00edses latino-americanos em rela\u00e7\u00e3o \u00e0s grandes economias do Norte \u00e9 algo doentio. Em nome dessa subservi\u00eancia, esconde-se a realidade. No caso das Malvinas, como o leitor poder\u00e1 perceber na boa reportagem de Antonio Martins, a raz\u00e3o est\u00e1 completamente ao lado dos hermanos. E por isso, parte da m\u00eddia brit\u00e2nica se coloca \u00e0 favor da demanda do governo de Cristina Kirchner. Mas por aqui, o que vale \u00e9 o preconceito. E em nome dele, a raz\u00e3o nunca estar\u00e1 ao lado de um governo mais nacionalista e de centro-esquerda.<\/p>\n<p><strong>\u00cdndice<\/strong><\/p>\n<p>Toques musicais &#8211; Por Julinho Bittencourt<\/p>\n<p>Os doutores subiram o rio &#8211; Por Tom\u00e1s Chiaverini<\/p>\n<p>O Estado para reduzir as desigualdades &#8211; Por Adriana Delorenzo<\/p>\n<p>O Estado e a financeiriza\u00e7\u00e3o no p\u00f3s-crise &#8211; Por William Nozaki<\/p>\n<p>O aux\u00edlio depois do caos &#8211; Por Carla Lacerda, fotos Igor Almeida e Mario J\u00fanior<\/p>\n<p>Mataram Irm\u00e3 Dorothy. E os mandantes n\u00e3o foram punidos. &#8211; Por Camila Souza Ramos<\/p>\n<p>Lembran\u00e7as latino-americanas &#8211; Por Mouzar Benedito<\/p>\n<p>Fus\u00f5es de interesses &#8211; Por Moriti Neto<\/p>\n<p>Espa\u00e7o solid\u00e1rio &#8211; Por Camila Souza Ramos<\/p>\n<p>Duas surpresas nas Malvinas &#8211; Por Antonio Martins<\/p>\n<p>Direitos humanos e hipocrisia humanit\u00e1ria &#8211; Por Idelber Avelar<\/p>\n<p>Ciclovia ou respeito? &#8211; Por Mar\u00edlia Melhado<\/p>\n<p>A ofensiva da direita na Argentina &#8211; Por Renato Rovai<\/p>\n<p>A necessidade de uma outra governan\u00e7a &#8211; Por Adriana Delorenzo<\/p>\n<p>A \u00edndia negra branca do Par\u00e1 &#8211; Por Pedro Alexandre Sanches<\/p>\n<p>A hora e a vez dos pequenos empreendimentos &#8211; Por Marcio Pochmann<\/p>\n<p>A escola da diversidade &#8211; Por Pedro Venceslau<\/p>\n<p>A democracia que muitos n\u00e3o querem &#8211; Por Camila Souza Ramos<\/p>\n<p>Para assinar acesse &#8211; <a href=\"http:\/\/www.revistaforum.com.br\/sitefinal\/assine.asp\" target=\"_blank\" rel=\"noopener\">http:\/\/www.revistaforum.com.br\/sitefinal\/assine.asp<\/a><\/p>\n<p><strong>_________________________<\/strong><\/p>\n<p><strong>Fonte:<\/strong> <a href=\"http:\/\/www.envolverde.com.br\/materia.php?cod=72436&amp;edt=1\">Envolverde\/Revista F\u00f3rum<\/a><\/p>\n","protected":false},"excerpt":{"rendered":"<p>J\u00e1 est\u00e1 dispon\u00edvel a Revista F\u00f3rum de mar\u00e7o de 2010. Leia aqui seu editorial e \u00edndice da edi\u00e7\u00e3o. Reprozido a partir de informa\u00e7\u00e3o da Envolverde.<\/p>\n","protected":false},"author":1,"featured_media":0,"comment_status":"open","ping_status":"open","sticky":false,"template":"","format":"standard","meta":{"site-container-style":"default","site-container-layout":"default","site-sidebar-layout":"default","disable-article-header":"default","disable-site-header":"default","disable-site-footer":"default","disable-content-area-spacing":"default","footnotes":""},"categories":[50,4,10,80],"tags":[],"class_list":["post-14797","post","type-post","status-publish","format-standard","hentry","category-lancamentos","category-noticias","category-publicacoes","category-revistas"],"yoast_head":"<!-- This site is optimized with the Yoast SEO plugin v27.4 - https:\/\/yoast.com\/product\/yoast-seo-wordpress\/ -->\n<title>A cultura, as identidades e o preconceito -<\/title>\n<meta name=\"robots\" content=\"index, follow, max-snippet:-1, max-image-preview:large, max-video-preview:-1\" \/>\n<link rel=\"canonical\" href=\"https:\/\/inclusivenews.com.br\/?p=14797\" \/>\n<meta property=\"og:locale\" content=\"pt_PT\" \/>\n<meta property=\"og:type\" content=\"article\" \/>\n<meta property=\"og:title\" content=\"A cultura, as identidades e o preconceito -\" \/>\n<meta property=\"og:description\" content=\"J\u00e1 est\u00e1 dispon\u00edvel a Revista F\u00f3rum de mar\u00e7o de 2010. Leia aqui seu editorial e \u00edndice da edi\u00e7\u00e3o. Reprozido a partir de informa\u00e7\u00e3o da Envolverde.\" \/>\n<meta property=\"og:url\" content=\"https:\/\/inclusivenews.com.br\/?p=14797\" \/>\n<meta property=\"article:publisher\" content=\"https:\/\/www.facebook.com\/agenciainclusive\/\" \/>\n<meta property=\"article:published_time\" content=\"2010-04-09T08:56:28+00:00\" \/>\n<meta property=\"og:image\" content=\"http:\/\/www.envolverde.com.br\/fotos_novas\/72436.jpg\" \/>\n<meta name=\"author\" content=\"inclusivenews2024\" \/>\n<meta name=\"twitter:card\" content=\"summary_large_image\" \/>\n<meta name=\"twitter:label1\" content=\"Escrito por\" \/>\n\t<meta name=\"twitter:data1\" content=\"inclusivenews2024\" \/>\n\t<meta name=\"twitter:label2\" content=\"Tempo estimado de leitura\" \/>\n\t<meta name=\"twitter:data2\" content=\"3 minutos\" \/>\n<script type=\"application\/ld+json\" class=\"yoast-schema-graph\">{\"@context\":\"https:\\\/\\\/schema.org\",\"@graph\":[{\"@type\":\"Article\",\"@id\":\"https:\\\/\\\/inclusivenews.com.br\\\/?p=14797#article\",\"isPartOf\":{\"@id\":\"https:\\\/\\\/inclusivenews.com.br\\\/?p=14797\"},\"author\":{\"name\":\"inclusivenews2024\",\"@id\":\"https:\\\/\\\/inclusivenews.com.br\\\/#\\\/schema\\\/person\\\/ae4ec7087559b8692fb33b6fffd2273b\"},\"headline\":\"A cultura, as identidades e o preconceito\",\"datePublished\":\"2010-04-09T08:56:28+00:00\",\"mainEntityOfPage\":{\"@id\":\"https:\\\/\\\/inclusivenews.com.br\\\/?p=14797\"},\"wordCount\":599,\"commentCount\":0,\"publisher\":{\"@id\":\"https:\\\/\\\/inclusivenews.com.br\\\/#organization\"},\"image\":{\"@id\":\"https:\\\/\\\/inclusivenews.com.br\\\/?p=14797#primaryimage\"},\"thumbnailUrl\":\"http:\\\/\\\/www.envolverde.com.br\\\/fotos_novas\\\/72436.jpg\",\"articleSection\":[\"Lan\u00e7amentos\",\"NOT\u00cdCIAS\",\"PUBLICA\u00c7\u00d5ES\",\"Revistas\"],\"inLanguage\":\"pt-PT\",\"potentialAction\":[{\"@type\":\"CommentAction\",\"name\":\"Comment\",\"target\":[\"https:\\\/\\\/inclusivenews.com.br\\\/?p=14797#respond\"]}]},{\"@type\":\"WebPage\",\"@id\":\"https:\\\/\\\/inclusivenews.com.br\\\/?p=14797\",\"url\":\"https:\\\/\\\/inclusivenews.com.br\\\/?p=14797\",\"name\":\"A cultura, as identidades e o preconceito -\",\"isPartOf\":{\"@id\":\"https:\\\/\\\/inclusivenews.com.br\\\/#website\"},\"primaryImageOfPage\":{\"@id\":\"https:\\\/\\\/inclusivenews.com.br\\\/?p=14797#primaryimage\"},\"image\":{\"@id\":\"https:\\\/\\\/inclusivenews.com.br\\\/?p=14797#primaryimage\"},\"thumbnailUrl\":\"http:\\\/\\\/www.envolverde.com.br\\\/fotos_novas\\\/72436.jpg\",\"datePublished\":\"2010-04-09T08:56:28+00:00\",\"breadcrumb\":{\"@id\":\"https:\\\/\\\/inclusivenews.com.br\\\/?p=14797#breadcrumb\"},\"inLanguage\":\"pt-PT\",\"potentialAction\":[{\"@type\":\"ReadAction\",\"target\":[\"https:\\\/\\\/inclusivenews.com.br\\\/?p=14797\"]}]},{\"@type\":\"ImageObject\",\"inLanguage\":\"pt-PT\",\"@id\":\"https:\\\/\\\/inclusivenews.com.br\\\/?p=14797#primaryimage\",\"url\":\"http:\\\/\\\/www.envolverde.com.br\\\/fotos_novas\\\/72436.jpg\",\"contentUrl\":\"http:\\\/\\\/www.envolverde.com.br\\\/fotos_novas\\\/72436.jpg\"},{\"@type\":\"BreadcrumbList\",\"@id\":\"https:\\\/\\\/inclusivenews.com.br\\\/?p=14797#breadcrumb\",\"itemListElement\":[{\"@type\":\"ListItem\",\"position\":1,\"name\":\"In\u00edcio\",\"item\":\"https:\\\/\\\/inclusivenews.com.br\\\/\"},{\"@type\":\"ListItem\",\"position\":2,\"name\":\"A cultura, as identidades e o preconceito\"}]},{\"@type\":\"WebSite\",\"@id\":\"https:\\\/\\\/inclusivenews.com.br\\\/#website\",\"url\":\"https:\\\/\\\/inclusivenews.com.br\\\/\",\"name\":\"Inclusive News\",\"description\":\"Inclusive News\",\"publisher\":{\"@id\":\"https:\\\/\\\/inclusivenews.com.br\\\/#organization\"},\"potentialAction\":[{\"@type\":\"SearchAction\",\"target\":{\"@type\":\"EntryPoint\",\"urlTemplate\":\"https:\\\/\\\/inclusivenews.com.br\\\/?s={search_term_string}\"},\"query-input\":{\"@type\":\"PropertyValueSpecification\",\"valueRequired\":true,\"valueName\":\"search_term_string\"}}],\"inLanguage\":\"pt-PT\"},{\"@type\":\"Organization\",\"@id\":\"https:\\\/\\\/inclusivenews.com.br\\\/#organization\",\"name\":\"Inclusive - inclus\u00e3o e cidadania\",\"url\":\"https:\\\/\\\/inclusivenews.com.br\\\/\",\"logo\":{\"@type\":\"ImageObject\",\"inLanguage\":\"pt-PT\",\"@id\":\"https:\\\/\\\/inclusivenews.com.br\\\/#\\\/schema\\\/logo\\\/image\\\/\",\"url\":\"https:\\\/\\\/inclusivenews.com.br\\\/wp-content\\\/uploads\\\/2024\\\/03\\\/@grandesite.png\",\"contentUrl\":\"https:\\\/\\\/inclusivenews.com.br\\\/wp-content\\\/uploads\\\/2024\\\/03\\\/@grandesite.png\",\"width\":1080,\"height\":1080,\"caption\":\"Inclusive - inclus\u00e3o e cidadania\"},\"image\":{\"@id\":\"https:\\\/\\\/inclusivenews.com.br\\\/#\\\/schema\\\/logo\\\/image\\\/\"},\"sameAs\":[\"https:\\\/\\\/www.facebook.com\\\/agenciainclusive\\\/\",\"https:\\\/\\\/www.instagram.com\\\/newsinclusive\\\/\"]},{\"@type\":\"Person\",\"@id\":\"https:\\\/\\\/inclusivenews.com.br\\\/#\\\/schema\\\/person\\\/ae4ec7087559b8692fb33b6fffd2273b\",\"name\":\"inclusivenews2024\",\"image\":{\"@type\":\"ImageObject\",\"inLanguage\":\"pt-PT\",\"@id\":\"https:\\\/\\\/secure.gravatar.com\\\/avatar\\\/c5a7ef84c66fa914f55bc4f7ce26cfa275a3b9a1c5568b907bd184fb4dde7b40?s=96&d=mm&r=g\",\"url\":\"https:\\\/\\\/secure.gravatar.com\\\/avatar\\\/c5a7ef84c66fa914f55bc4f7ce26cfa275a3b9a1c5568b907bd184fb4dde7b40?s=96&d=mm&r=g\",\"contentUrl\":\"https:\\\/\\\/secure.gravatar.com\\\/avatar\\\/c5a7ef84c66fa914f55bc4f7ce26cfa275a3b9a1c5568b907bd184fb4dde7b40?s=96&d=mm&r=g\",\"caption\":\"inclusivenews2024\"},\"sameAs\":[\"https:\\\/\\\/inclusivenews.com.br\"],\"url\":\"https:\\\/\\\/inclusivenews.com.br\\\/?author=1\"}]}<\/script>\n<!-- \/ Yoast SEO plugin. -->","yoast_head_json":{"title":"A cultura, as identidades e o preconceito -","robots":{"index":"index","follow":"follow","max-snippet":"max-snippet:-1","max-image-preview":"max-image-preview:large","max-video-preview":"max-video-preview:-1"},"canonical":"https:\/\/inclusivenews.com.br\/?p=14797","og_locale":"pt_PT","og_type":"article","og_title":"A cultura, as identidades e o preconceito -","og_description":"J\u00e1 est\u00e1 dispon\u00edvel a Revista F\u00f3rum de mar\u00e7o de 2010. Leia aqui seu editorial e \u00edndice da edi\u00e7\u00e3o. Reprozido a partir de informa\u00e7\u00e3o da Envolverde.","og_url":"https:\/\/inclusivenews.com.br\/?p=14797","article_publisher":"https:\/\/www.facebook.com\/agenciainclusive\/","article_published_time":"2010-04-09T08:56:28+00:00","og_image":[{"url":"http:\/\/www.envolverde.com.br\/fotos_novas\/72436.jpg","type":"","width":"","height":""}],"author":"inclusivenews2024","twitter_card":"summary_large_image","twitter_misc":{"Escrito por":"inclusivenews2024","Tempo estimado de leitura":"3 minutos"},"schema":{"@context":"https:\/\/schema.org","@graph":[{"@type":"Article","@id":"https:\/\/inclusivenews.com.br\/?p=14797#article","isPartOf":{"@id":"https:\/\/inclusivenews.com.br\/?p=14797"},"author":{"name":"inclusivenews2024","@id":"https:\/\/inclusivenews.com.br\/#\/schema\/person\/ae4ec7087559b8692fb33b6fffd2273b"},"headline":"A cultura, as identidades e o preconceito","datePublished":"2010-04-09T08:56:28+00:00","mainEntityOfPage":{"@id":"https:\/\/inclusivenews.com.br\/?p=14797"},"wordCount":599,"commentCount":0,"publisher":{"@id":"https:\/\/inclusivenews.com.br\/#organization"},"image":{"@id":"https:\/\/inclusivenews.com.br\/?p=14797#primaryimage"},"thumbnailUrl":"http:\/\/www.envolverde.com.br\/fotos_novas\/72436.jpg","articleSection":["Lan\u00e7amentos","NOT\u00cdCIAS","PUBLICA\u00c7\u00d5ES","Revistas"],"inLanguage":"pt-PT","potentialAction":[{"@type":"CommentAction","name":"Comment","target":["https:\/\/inclusivenews.com.br\/?p=14797#respond"]}]},{"@type":"WebPage","@id":"https:\/\/inclusivenews.com.br\/?p=14797","url":"https:\/\/inclusivenews.com.br\/?p=14797","name":"A cultura, as identidades e o preconceito -","isPartOf":{"@id":"https:\/\/inclusivenews.com.br\/#website"},"primaryImageOfPage":{"@id":"https:\/\/inclusivenews.com.br\/?p=14797#primaryimage"},"image":{"@id":"https:\/\/inclusivenews.com.br\/?p=14797#primaryimage"},"thumbnailUrl":"http:\/\/www.envolverde.com.br\/fotos_novas\/72436.jpg","datePublished":"2010-04-09T08:56:28+00:00","breadcrumb":{"@id":"https:\/\/inclusivenews.com.br\/?p=14797#breadcrumb"},"inLanguage":"pt-PT","potentialAction":[{"@type":"ReadAction","target":["https:\/\/inclusivenews.com.br\/?p=14797"]}]},{"@type":"ImageObject","inLanguage":"pt-PT","@id":"https:\/\/inclusivenews.com.br\/?p=14797#primaryimage","url":"http:\/\/www.envolverde.com.br\/fotos_novas\/72436.jpg","contentUrl":"http:\/\/www.envolverde.com.br\/fotos_novas\/72436.jpg"},{"@type":"BreadcrumbList","@id":"https:\/\/inclusivenews.com.br\/?p=14797#breadcrumb","itemListElement":[{"@type":"ListItem","position":1,"name":"In\u00edcio","item":"https:\/\/inclusivenews.com.br\/"},{"@type":"ListItem","position":2,"name":"A cultura, as identidades e o preconceito"}]},{"@type":"WebSite","@id":"https:\/\/inclusivenews.com.br\/#website","url":"https:\/\/inclusivenews.com.br\/","name":"Inclusive News","description":"Inclusive News","publisher":{"@id":"https:\/\/inclusivenews.com.br\/#organization"},"potentialAction":[{"@type":"SearchAction","target":{"@type":"EntryPoint","urlTemplate":"https:\/\/inclusivenews.com.br\/?s={search_term_string}"},"query-input":{"@type":"PropertyValueSpecification","valueRequired":true,"valueName":"search_term_string"}}],"inLanguage":"pt-PT"},{"@type":"Organization","@id":"https:\/\/inclusivenews.com.br\/#organization","name":"Inclusive - inclus\u00e3o e cidadania","url":"https:\/\/inclusivenews.com.br\/","logo":{"@type":"ImageObject","inLanguage":"pt-PT","@id":"https:\/\/inclusivenews.com.br\/#\/schema\/logo\/image\/","url":"https:\/\/inclusivenews.com.br\/wp-content\/uploads\/2024\/03\/@grandesite.png","contentUrl":"https:\/\/inclusivenews.com.br\/wp-content\/uploads\/2024\/03\/@grandesite.png","width":1080,"height":1080,"caption":"Inclusive - inclus\u00e3o e cidadania"},"image":{"@id":"https:\/\/inclusivenews.com.br\/#\/schema\/logo\/image\/"},"sameAs":["https:\/\/www.facebook.com\/agenciainclusive\/","https:\/\/www.instagram.com\/newsinclusive\/"]},{"@type":"Person","@id":"https:\/\/inclusivenews.com.br\/#\/schema\/person\/ae4ec7087559b8692fb33b6fffd2273b","name":"inclusivenews2024","image":{"@type":"ImageObject","inLanguage":"pt-PT","@id":"https:\/\/secure.gravatar.com\/avatar\/c5a7ef84c66fa914f55bc4f7ce26cfa275a3b9a1c5568b907bd184fb4dde7b40?s=96&d=mm&r=g","url":"https:\/\/secure.gravatar.com\/avatar\/c5a7ef84c66fa914f55bc4f7ce26cfa275a3b9a1c5568b907bd184fb4dde7b40?s=96&d=mm&r=g","contentUrl":"https:\/\/secure.gravatar.com\/avatar\/c5a7ef84c66fa914f55bc4f7ce26cfa275a3b9a1c5568b907bd184fb4dde7b40?s=96&d=mm&r=g","caption":"inclusivenews2024"},"sameAs":["https:\/\/inclusivenews.com.br"],"url":"https:\/\/inclusivenews.com.br\/?author=1"}]}},"_links":{"self":[{"href":"https:\/\/inclusivenews.com.br\/index.php?rest_route=\/wp\/v2\/posts\/14797","targetHints":{"allow":["GET"]}}],"collection":[{"href":"https:\/\/inclusivenews.com.br\/index.php?rest_route=\/wp\/v2\/posts"}],"about":[{"href":"https:\/\/inclusivenews.com.br\/index.php?rest_route=\/wp\/v2\/types\/post"}],"author":[{"embeddable":true,"href":"https:\/\/inclusivenews.com.br\/index.php?rest_route=\/wp\/v2\/users\/1"}],"replies":[{"embeddable":true,"href":"https:\/\/inclusivenews.com.br\/index.php?rest_route=%2Fwp%2Fv2%2Fcomments&post=14797"}],"version-history":[{"count":0,"href":"https:\/\/inclusivenews.com.br\/index.php?rest_route=\/wp\/v2\/posts\/14797\/revisions"}],"wp:attachment":[{"href":"https:\/\/inclusivenews.com.br\/index.php?rest_route=%2Fwp%2Fv2%2Fmedia&parent=14797"}],"wp:term":[{"taxonomy":"category","embeddable":true,"href":"https:\/\/inclusivenews.com.br\/index.php?rest_route=%2Fwp%2Fv2%2Fcategories&post=14797"},{"taxonomy":"post_tag","embeddable":true,"href":"https:\/\/inclusivenews.com.br\/index.php?rest_route=%2Fwp%2Fv2%2Ftags&post=14797"}],"curies":[{"name":"wp","href":"https:\/\/api.w.org\/{rel}","templated":true}]}}