{"id":14822,"date":"2010-04-08T20:00:37","date_gmt":"2010-04-08T23:00:37","guid":{"rendered":"http:\/\/www.inclusive.org.br\/?p=14822"},"modified":"2010-04-08T20:00:37","modified_gmt":"2010-04-08T23:00:37","slug":"banco-internacional-de-objetos-educacionais","status":"publish","type":"post","link":"https:\/\/inclusivenews.com.br\/?p=14822","title":{"rendered":"Banco Internacional de Objetos Educacionais"},"content":{"rendered":"<figure id=\"attachment_14826\" aria-describedby=\"caption-attachment-14826\" style=\"width: 150px\" class=\"wp-caption alignleft\"><a href=\"http:\/\/www.inclusivenews.com.br\/wp-content\/uploads\/2010\/04\/logo-150x15021.jpg\"><img loading=\"lazy\" decoding=\"async\" class=\"size-full wp-image-14826\" src=\"http:\/\/inclusivenews.com.br\/wp-content\/uploads\/2010\/04\/logo-150x15021.jpg\" alt=\"Logo da coluna Educa\u00e7\u00e3o em Rede\" width=\"150\" height=\"150\" \/><\/a><figcaption id=\"caption-attachment-14826\" class=\"wp-caption-text\">Logo da coluna Educa\u00e7\u00e3o em Rede<\/figcaption><\/figure>\n<p>O <a href=\"http:\/\/objetoseducacionais2.mec.gov.br\/\">Banco Internacional de Objetos Educacionais <\/a>\u00e9 um reposit\u00f3rio \t\t\tcriado em 2008 pelo Minist\u00e9rio da Educa\u00e7\u00e3o, em parceria com o \t\t\tMinist\u00e9rio da Ci\u00eancia e Tecnologia, Rede Latinoamericana de Portais \t\t\tEducacionais &#8211; RELPE, Organiza\u00e7\u00e3o dos Estados Ibero-americanos &#8211; OEI \t\t\te outros. Esse Banco Internacional tem o prop\u00f3sito de manter e \t\t\tcompartilhar recursos educacionais digitais de livre acesso, mais \t\t\telaborados e em diferentes formatos &#8211; como \u00e1udio, v\u00eddeo, anima\u00e7\u00e3o, \t\t\tsimula\u00e7\u00e3o, software educacional &#8211; al\u00e9m de imagem, mapa, hipertexto \t\t\tconsiderados relevantes e adequados \u00e0 realidade da comunidade \t\t\teducacional local, respeitando-se as diferen\u00e7as de l\u00edngua e culturas \t\t\tregionais. Este reposit\u00f3rio est\u00e1 integrado ao Portal do Professor, \t\t\ttamb\u00e9m do Minist\u00e9rio da Educa\u00e7\u00e3o.<\/p>\n<p>Espera-se ainda com este reposit\u00f3rio estimular e apoiar \t\t\texperi\u00eancias individuais dos diversos pa\u00edses, ao mesmo tempo que se \t\t\tpromove um nivelamento de forma democr\u00e1tica e participativa. Assim, \t\t\tpa\u00edses que j\u00e1 avan\u00e7aram significativamente no campo do uso das \t\t\ttecnologias na educa\u00e7\u00e3o poder\u00e3o ajudar outros a atingirem o seu \t\t\tn\u00edvel.<\/p>\n<p>Uma vez que este reposit\u00f3rio conta com recursos de diferentes \t\t\tpa\u00edses e l\u00ednguas, professores de qualquer parte do mundo poder\u00e3o \t\t\tacessar os recursos em sua l\u00edngua materna, traduzir os que est\u00e3o em \t\t\toutra l\u00edngua, assim como publicar as suas produ\u00e7\u00f5es em um processo \t\t\tcolaborativo.<\/p>\n<p>Os materiais publicados neste espa\u00e7o est\u00e3o dispon\u00edveis para os \t\t\tgestores de pol\u00edticas educacionais locais, gestores escolares, \t\t\tgestores de reposit\u00f3rios educacionais, bem como os professores da \t\t\tEduca\u00e7\u00e3o B\u00e1sica, Profissional e Superior, al\u00e9m dos produtores de \t\t\trecursos pedag\u00f3gicos digitais, pesquisadores e da popula\u00e7\u00e3o em geral.<\/p>\n<p><em>Fonte: Minist\u00e9rio da educa\u00e7\u00e3o<\/em><\/p>\n<p><em>Elis Zampieri \u00e9 pedagoga, com especializa\u00e7\u00e3o em Educa\u00e7\u00e3o Infantil e S\u00e9ries Iniciais e em Educa\u00e7\u00e3o Especial. \u00c9 autora do blog \u201cSobre Educa\u00e7\u00e3o\u201d, colaboradora da Inclusive e moderadora do grupo \u201cEduca\u00e7\u00e3o em Rede\u201d.<\/em><\/p>\n","protected":false},"excerpt":{"rendered":"<p>Uma vez que este reposit\u00f3rio conta com recursos de diferentes pa\u00edses e l\u00ednguas, professores de qualquer parte do mundo poder\u00e3o acessar os recursos em sua l\u00edngua materna, traduzir os que est\u00e3o em outra l\u00edngua, assim como publicar as suas produ\u00e7\u00f5es em um processo colaborativo. A dica \u00e9 da Elis Zampieiri.<\/p>\n","protected":false},"author":1,"featured_media":0,"comment_status":"open","ping_status":"open","sticky":false,"template":"","format":"standard","meta":{"site-container-style":"default","site-container-layout":"default","site-sidebar-layout":"default","disable-article-header":"default","disable-site-header":"default","disable-site-footer":"default","disable-content-area-spacing":"default","footnotes":""},"categories":[36,6],"tags":[61,98,99],"class_list":["post-14822","post","type-post","status-publish","format-standard","hentry","category-colunas-especiais","category-educacao","tag-eliszampieri","tag-ministerio-da-educacao","tag-recursos-educacionais"],"yoast_head":"<!-- This site is optimized with the Yoast SEO plugin v27.4 - https:\/\/yoast.com\/product\/yoast-seo-wordpress\/ -->\n<title>Banco Internacional de Objetos Educacionais -<\/title>\n<meta name=\"robots\" content=\"index, follow, max-snippet:-1, max-image-preview:large, max-video-preview:-1\" \/>\n<link rel=\"canonical\" href=\"https:\/\/inclusivenews.com.br\/?p=14822\" \/>\n<meta property=\"og:locale\" content=\"pt_PT\" \/>\n<meta property=\"og:type\" content=\"article\" \/>\n<meta property=\"og:title\" content=\"Banco Internacional de Objetos Educacionais -\" \/>\n<meta property=\"og:description\" content=\"Uma vez que este reposit\u00f3rio conta com recursos de diferentes pa\u00edses e l\u00ednguas, professores de qualquer parte do mundo poder\u00e3o acessar os recursos em sua l\u00edngua materna, traduzir os que est\u00e3o em outra l\u00edngua, assim como publicar as suas produ\u00e7\u00f5es em um processo colaborativo. A dica \u00e9 da Elis Zampieiri.\" \/>\n<meta property=\"og:url\" content=\"https:\/\/inclusivenews.com.br\/?p=14822\" \/>\n<meta property=\"article:publisher\" content=\"https:\/\/www.facebook.com\/agenciainclusive\/\" \/>\n<meta property=\"article:published_time\" content=\"2010-04-08T23:00:37+00:00\" \/>\n<meta property=\"og:image\" content=\"http:\/\/inclusivenews.com.br\/wp-content\/uploads\/2010\/04\/logo-150x15021.jpg\" \/>\n<meta name=\"author\" content=\"inclusivenews2024\" \/>\n<meta name=\"twitter:card\" content=\"summary_large_image\" \/>\n<meta name=\"twitter:label1\" content=\"Escrito por\" \/>\n\t<meta name=\"twitter:data1\" content=\"inclusivenews2024\" \/>\n\t<meta name=\"twitter:label2\" content=\"Tempo estimado de leitura\" \/>\n\t<meta name=\"twitter:data2\" content=\"2 minutos\" \/>\n<script type=\"application\/ld+json\" class=\"yoast-schema-graph\">{\"@context\":\"https:\\\/\\\/schema.org\",\"@graph\":[{\"@type\":\"Article\",\"@id\":\"https:\\\/\\\/inclusivenews.com.br\\\/?p=14822#article\",\"isPartOf\":{\"@id\":\"https:\\\/\\\/inclusivenews.com.br\\\/?p=14822\"},\"author\":{\"name\":\"inclusivenews2024\",\"@id\":\"https:\\\/\\\/inclusivenews.com.br\\\/#\\\/schema\\\/person\\\/ae4ec7087559b8692fb33b6fffd2273b\"},\"headline\":\"Banco Internacional de Objetos Educacionais\",\"datePublished\":\"2010-04-08T23:00:37+00:00\",\"mainEntityOfPage\":{\"@id\":\"https:\\\/\\\/inclusivenews.com.br\\\/?p=14822\"},\"wordCount\":345,\"commentCount\":0,\"publisher\":{\"@id\":\"https:\\\/\\\/inclusivenews.com.br\\\/#organization\"},\"image\":{\"@id\":\"https:\\\/\\\/inclusivenews.com.br\\\/?p=14822#primaryimage\"},\"thumbnailUrl\":\"http:\\\/\\\/inclusivenews.com.br\\\/wp-content\\\/uploads\\\/2010\\\/04\\\/logo-150x15021.jpg\",\"keywords\":[\"ElisZampieri\",\"Minist\u00e9rio da Educa\u00e7\u00e3o\",\"Recursos Educacionais\"],\"articleSection\":[\"Colunas especiais\",\"EDUCA\u00c7\u00c3O\"],\"inLanguage\":\"pt-PT\",\"potentialAction\":[{\"@type\":\"CommentAction\",\"name\":\"Comment\",\"target\":[\"https:\\\/\\\/inclusivenews.com.br\\\/?p=14822#respond\"]}]},{\"@type\":\"WebPage\",\"@id\":\"https:\\\/\\\/inclusivenews.com.br\\\/?p=14822\",\"url\":\"https:\\\/\\\/inclusivenews.com.br\\\/?p=14822\",\"name\":\"Banco Internacional de Objetos Educacionais -\",\"isPartOf\":{\"@id\":\"https:\\\/\\\/inclusivenews.com.br\\\/#website\"},\"primaryImageOfPage\":{\"@id\":\"https:\\\/\\\/inclusivenews.com.br\\\/?p=14822#primaryimage\"},\"image\":{\"@id\":\"https:\\\/\\\/inclusivenews.com.br\\\/?p=14822#primaryimage\"},\"thumbnailUrl\":\"http:\\\/\\\/inclusivenews.com.br\\\/wp-content\\\/uploads\\\/2010\\\/04\\\/logo-150x15021.jpg\",\"datePublished\":\"2010-04-08T23:00:37+00:00\",\"breadcrumb\":{\"@id\":\"https:\\\/\\\/inclusivenews.com.br\\\/?p=14822#breadcrumb\"},\"inLanguage\":\"pt-PT\",\"potentialAction\":[{\"@type\":\"ReadAction\",\"target\":[\"https:\\\/\\\/inclusivenews.com.br\\\/?p=14822\"]}]},{\"@type\":\"ImageObject\",\"inLanguage\":\"pt-PT\",\"@id\":\"https:\\\/\\\/inclusivenews.com.br\\\/?p=14822#primaryimage\",\"url\":\"\",\"contentUrl\":\"\"},{\"@type\":\"BreadcrumbList\",\"@id\":\"https:\\\/\\\/inclusivenews.com.br\\\/?p=14822#breadcrumb\",\"itemListElement\":[{\"@type\":\"ListItem\",\"position\":1,\"name\":\"In\u00edcio\",\"item\":\"https:\\\/\\\/inclusivenews.com.br\\\/\"},{\"@type\":\"ListItem\",\"position\":2,\"name\":\"Banco Internacional de Objetos Educacionais\"}]},{\"@type\":\"WebSite\",\"@id\":\"https:\\\/\\\/inclusivenews.com.br\\\/#website\",\"url\":\"https:\\\/\\\/inclusivenews.com.br\\\/\",\"name\":\"Inclusive News\",\"description\":\"Inclusive News\",\"publisher\":{\"@id\":\"https:\\\/\\\/inclusivenews.com.br\\\/#organization\"},\"potentialAction\":[{\"@type\":\"SearchAction\",\"target\":{\"@type\":\"EntryPoint\",\"urlTemplate\":\"https:\\\/\\\/inclusivenews.com.br\\\/?s={search_term_string}\"},\"query-input\":{\"@type\":\"PropertyValueSpecification\",\"valueRequired\":true,\"valueName\":\"search_term_string\"}}],\"inLanguage\":\"pt-PT\"},{\"@type\":\"Organization\",\"@id\":\"https:\\\/\\\/inclusivenews.com.br\\\/#organization\",\"name\":\"Inclusive - inclus\u00e3o e cidadania\",\"url\":\"https:\\\/\\\/inclusivenews.com.br\\\/\",\"logo\":{\"@type\":\"ImageObject\",\"inLanguage\":\"pt-PT\",\"@id\":\"https:\\\/\\\/inclusivenews.com.br\\\/#\\\/schema\\\/logo\\\/image\\\/\",\"url\":\"https:\\\/\\\/inclusivenews.com.br\\\/wp-content\\\/uploads\\\/2024\\\/03\\\/@grandesite.png\",\"contentUrl\":\"https:\\\/\\\/inclusivenews.com.br\\\/wp-content\\\/uploads\\\/2024\\\/03\\\/@grandesite.png\",\"width\":1080,\"height\":1080,\"caption\":\"Inclusive - inclus\u00e3o e cidadania\"},\"image\":{\"@id\":\"https:\\\/\\\/inclusivenews.com.br\\\/#\\\/schema\\\/logo\\\/image\\\/\"},\"sameAs\":[\"https:\\\/\\\/www.facebook.com\\\/agenciainclusive\\\/\",\"https:\\\/\\\/www.instagram.com\\\/newsinclusive\\\/\"]},{\"@type\":\"Person\",\"@id\":\"https:\\\/\\\/inclusivenews.com.br\\\/#\\\/schema\\\/person\\\/ae4ec7087559b8692fb33b6fffd2273b\",\"name\":\"inclusivenews2024\",\"image\":{\"@type\":\"ImageObject\",\"inLanguage\":\"pt-PT\",\"@id\":\"https:\\\/\\\/secure.gravatar.com\\\/avatar\\\/c5a7ef84c66fa914f55bc4f7ce26cfa275a3b9a1c5568b907bd184fb4dde7b40?s=96&d=mm&r=g\",\"url\":\"https:\\\/\\\/secure.gravatar.com\\\/avatar\\\/c5a7ef84c66fa914f55bc4f7ce26cfa275a3b9a1c5568b907bd184fb4dde7b40?s=96&d=mm&r=g\",\"contentUrl\":\"https:\\\/\\\/secure.gravatar.com\\\/avatar\\\/c5a7ef84c66fa914f55bc4f7ce26cfa275a3b9a1c5568b907bd184fb4dde7b40?s=96&d=mm&r=g\",\"caption\":\"inclusivenews2024\"},\"sameAs\":[\"https:\\\/\\\/inclusivenews.com.br\"],\"url\":\"https:\\\/\\\/inclusivenews.com.br\\\/?author=1\"}]}<\/script>\n<!-- \/ Yoast SEO plugin. -->","yoast_head_json":{"title":"Banco Internacional de Objetos Educacionais -","robots":{"index":"index","follow":"follow","max-snippet":"max-snippet:-1","max-image-preview":"max-image-preview:large","max-video-preview":"max-video-preview:-1"},"canonical":"https:\/\/inclusivenews.com.br\/?p=14822","og_locale":"pt_PT","og_type":"article","og_title":"Banco Internacional de Objetos Educacionais -","og_description":"Uma vez que este reposit\u00f3rio conta com recursos de diferentes pa\u00edses e l\u00ednguas, professores de qualquer parte do mundo poder\u00e3o acessar os recursos em sua l\u00edngua materna, traduzir os que est\u00e3o em outra l\u00edngua, assim como publicar as suas produ\u00e7\u00f5es em um processo colaborativo. A dica \u00e9 da Elis Zampieiri.","og_url":"https:\/\/inclusivenews.com.br\/?p=14822","article_publisher":"https:\/\/www.facebook.com\/agenciainclusive\/","article_published_time":"2010-04-08T23:00:37+00:00","og_image":[{"url":"http:\/\/inclusivenews.com.br\/wp-content\/uploads\/2010\/04\/logo-150x15021.jpg","type":"","width":"","height":""}],"author":"inclusivenews2024","twitter_card":"summary_large_image","twitter_misc":{"Escrito por":"inclusivenews2024","Tempo estimado de leitura":"2 minutos"},"schema":{"@context":"https:\/\/schema.org","@graph":[{"@type":"Article","@id":"https:\/\/inclusivenews.com.br\/?p=14822#article","isPartOf":{"@id":"https:\/\/inclusivenews.com.br\/?p=14822"},"author":{"name":"inclusivenews2024","@id":"https:\/\/inclusivenews.com.br\/#\/schema\/person\/ae4ec7087559b8692fb33b6fffd2273b"},"headline":"Banco Internacional de Objetos Educacionais","datePublished":"2010-04-08T23:00:37+00:00","mainEntityOfPage":{"@id":"https:\/\/inclusivenews.com.br\/?p=14822"},"wordCount":345,"commentCount":0,"publisher":{"@id":"https:\/\/inclusivenews.com.br\/#organization"},"image":{"@id":"https:\/\/inclusivenews.com.br\/?p=14822#primaryimage"},"thumbnailUrl":"http:\/\/inclusivenews.com.br\/wp-content\/uploads\/2010\/04\/logo-150x15021.jpg","keywords":["ElisZampieri","Minist\u00e9rio da Educa\u00e7\u00e3o","Recursos Educacionais"],"articleSection":["Colunas especiais","EDUCA\u00c7\u00c3O"],"inLanguage":"pt-PT","potentialAction":[{"@type":"CommentAction","name":"Comment","target":["https:\/\/inclusivenews.com.br\/?p=14822#respond"]}]},{"@type":"WebPage","@id":"https:\/\/inclusivenews.com.br\/?p=14822","url":"https:\/\/inclusivenews.com.br\/?p=14822","name":"Banco Internacional de Objetos Educacionais -","isPartOf":{"@id":"https:\/\/inclusivenews.com.br\/#website"},"primaryImageOfPage":{"@id":"https:\/\/inclusivenews.com.br\/?p=14822#primaryimage"},"image":{"@id":"https:\/\/inclusivenews.com.br\/?p=14822#primaryimage"},"thumbnailUrl":"http:\/\/inclusivenews.com.br\/wp-content\/uploads\/2010\/04\/logo-150x15021.jpg","datePublished":"2010-04-08T23:00:37+00:00","breadcrumb":{"@id":"https:\/\/inclusivenews.com.br\/?p=14822#breadcrumb"},"inLanguage":"pt-PT","potentialAction":[{"@type":"ReadAction","target":["https:\/\/inclusivenews.com.br\/?p=14822"]}]},{"@type":"ImageObject","inLanguage":"pt-PT","@id":"https:\/\/inclusivenews.com.br\/?p=14822#primaryimage","url":"","contentUrl":""},{"@type":"BreadcrumbList","@id":"https:\/\/inclusivenews.com.br\/?p=14822#breadcrumb","itemListElement":[{"@type":"ListItem","position":1,"name":"In\u00edcio","item":"https:\/\/inclusivenews.com.br\/"},{"@type":"ListItem","position":2,"name":"Banco Internacional de Objetos Educacionais"}]},{"@type":"WebSite","@id":"https:\/\/inclusivenews.com.br\/#website","url":"https:\/\/inclusivenews.com.br\/","name":"Inclusive News","description":"Inclusive News","publisher":{"@id":"https:\/\/inclusivenews.com.br\/#organization"},"potentialAction":[{"@type":"SearchAction","target":{"@type":"EntryPoint","urlTemplate":"https:\/\/inclusivenews.com.br\/?s={search_term_string}"},"query-input":{"@type":"PropertyValueSpecification","valueRequired":true,"valueName":"search_term_string"}}],"inLanguage":"pt-PT"},{"@type":"Organization","@id":"https:\/\/inclusivenews.com.br\/#organization","name":"Inclusive - inclus\u00e3o e cidadania","url":"https:\/\/inclusivenews.com.br\/","logo":{"@type":"ImageObject","inLanguage":"pt-PT","@id":"https:\/\/inclusivenews.com.br\/#\/schema\/logo\/image\/","url":"https:\/\/inclusivenews.com.br\/wp-content\/uploads\/2024\/03\/@grandesite.png","contentUrl":"https:\/\/inclusivenews.com.br\/wp-content\/uploads\/2024\/03\/@grandesite.png","width":1080,"height":1080,"caption":"Inclusive - inclus\u00e3o e cidadania"},"image":{"@id":"https:\/\/inclusivenews.com.br\/#\/schema\/logo\/image\/"},"sameAs":["https:\/\/www.facebook.com\/agenciainclusive\/","https:\/\/www.instagram.com\/newsinclusive\/"]},{"@type":"Person","@id":"https:\/\/inclusivenews.com.br\/#\/schema\/person\/ae4ec7087559b8692fb33b6fffd2273b","name":"inclusivenews2024","image":{"@type":"ImageObject","inLanguage":"pt-PT","@id":"https:\/\/secure.gravatar.com\/avatar\/c5a7ef84c66fa914f55bc4f7ce26cfa275a3b9a1c5568b907bd184fb4dde7b40?s=96&d=mm&r=g","url":"https:\/\/secure.gravatar.com\/avatar\/c5a7ef84c66fa914f55bc4f7ce26cfa275a3b9a1c5568b907bd184fb4dde7b40?s=96&d=mm&r=g","contentUrl":"https:\/\/secure.gravatar.com\/avatar\/c5a7ef84c66fa914f55bc4f7ce26cfa275a3b9a1c5568b907bd184fb4dde7b40?s=96&d=mm&r=g","caption":"inclusivenews2024"},"sameAs":["https:\/\/inclusivenews.com.br"],"url":"https:\/\/inclusivenews.com.br\/?author=1"}]}},"_links":{"self":[{"href":"https:\/\/inclusivenews.com.br\/index.php?rest_route=\/wp\/v2\/posts\/14822","targetHints":{"allow":["GET"]}}],"collection":[{"href":"https:\/\/inclusivenews.com.br\/index.php?rest_route=\/wp\/v2\/posts"}],"about":[{"href":"https:\/\/inclusivenews.com.br\/index.php?rest_route=\/wp\/v2\/types\/post"}],"author":[{"embeddable":true,"href":"https:\/\/inclusivenews.com.br\/index.php?rest_route=\/wp\/v2\/users\/1"}],"replies":[{"embeddable":true,"href":"https:\/\/inclusivenews.com.br\/index.php?rest_route=%2Fwp%2Fv2%2Fcomments&post=14822"}],"version-history":[{"count":0,"href":"https:\/\/inclusivenews.com.br\/index.php?rest_route=\/wp\/v2\/posts\/14822\/revisions"}],"wp:attachment":[{"href":"https:\/\/inclusivenews.com.br\/index.php?rest_route=%2Fwp%2Fv2%2Fmedia&parent=14822"}],"wp:term":[{"taxonomy":"category","embeddable":true,"href":"https:\/\/inclusivenews.com.br\/index.php?rest_route=%2Fwp%2Fv2%2Fcategories&post=14822"},{"taxonomy":"post_tag","embeddable":true,"href":"https:\/\/inclusivenews.com.br\/index.php?rest_route=%2Fwp%2Fv2%2Ftags&post=14822"}],"curies":[{"name":"wp","href":"https:\/\/api.w.org\/{rel}","templated":true}]}}