{"id":14824,"date":"2010-04-08T19:58:49","date_gmt":"2010-04-08T22:58:49","guid":{"rendered":"http:\/\/www.inclusive.org.br\/?p=14824"},"modified":"2010-04-08T19:58:49","modified_gmt":"2010-04-08T22:58:49","slug":"ministerio-publico-brasileiro-expressa-repudio-unificado-a-proposta-da-lei-maluf","status":"publish","type":"post","link":"https:\/\/inclusivenews.com.br\/?p=14824","title":{"rendered":"Minist\u00e9rio P\u00fablico Brasileiro expressa rep\u00fadio unificado \u00e0 proposta da \u201cLei Maluf\u201d"},"content":{"rendered":"<p><strong><\/p>\n<figure id=\"attachment_13241\" aria-describedby=\"caption-attachment-13241\" style=\"width: 269px\" class=\"wp-caption alignleft\"><a href=\"http:\/\/www.inclusivenews.com.br\/wp-content\/uploads\/2010\/01\/justica.jpg\"><img loading=\"lazy\" decoding=\"async\" class=\"size-full wp-image-13241\" title=\"justica\" src=\"http:\/\/inclusivenews.com.br\/wp-content\/uploads\/2010\/01\/justica.jpg\" alt=\"\" width=\"269\" height=\"268\" \/><\/a><figcaption id=\"caption-attachment-13241\" class=\"wp-caption-text\">Imagem de uma balan\u00e7a<\/figcaption><\/figure>\n<p>Rebecca Melo *<\/p>\n<p><\/strong><\/p>\n<p>Uma tentativa de calar o Minist\u00e9rio P\u00fablico. \u00c9 assim que a Institui\u00e7\u00e3o v\u00ea, com clareza meridiana, a \u201cLei Maluf\u201d ou \u201cLei da Morda\u00e7a\u201d, como tamb\u00e9m \u00e9 conhecida. O Projeto de Lei 265\/2007 est\u00e1 pronto para ir a vota\u00e7\u00e3o no plen\u00e1rio da C\u00e2mara dos Deputados em regime de urg\u00eancia, e prev\u00ea puni\u00e7\u00e3o a Membros do MP que promovam A\u00e7\u00f5es Civis P\u00fablicas e A\u00e7\u00f5es de Improbidade Administrativa tidas como temer\u00e1rias, ou cuja proced\u00eancia seja negada pelo Judici\u00e1rio. E, para alertar a opini\u00e3o p\u00fablica quanto \u00e0 gravidade do conte\u00fado da Lei, o Grupo de Coordena\u00e7\u00e3o Pol\u00edtica do Minist\u00e9rio P\u00fablico Brasileiro realizou, no \u00faltimo dia 06 de abril, o \u201cDia Nacional de Alerta Contra a Lei Maluf\u201d, no qual o Minist\u00e9rio P\u00fablico de Sergipe se fez presente, atrav\u00e9s da sua Procuradora-Geral de Justi\u00e7a, Maria Cristina Mendon\u00e7a.<\/p>\n<p>O ato p\u00fablico contra a Lei Maluf aconteceu na sede da Procuradoria-Geral da Rep\u00fablica, em Bras\u00edlia, com a participa\u00e7\u00e3o de Membros de Minist\u00e9rios P\u00fablicos de todo o pa\u00eds, al\u00e9m dos representantes das diversas associa\u00e7\u00f5es de classe, como a Associa\u00e7\u00e3o Nacional dos Membros do Minist\u00e9rio P\u00fablico (CONAMP), o Conselho Nacional dos Procuradores-Gerais (CNPG), a Associa\u00e7\u00e3o Nacional dos Procuradores da Rep\u00fablica (ANPR), a Associa\u00e7\u00e3o Nacional dos Procuradores do Trabalho (ANPT), a Associa\u00e7\u00e3o Nacional do Minist\u00e9rio P\u00fablico Militar (ANMPM), a Associa\u00e7\u00e3o dos Procuradores e Promotores Eleitorais (ABREMPPE).<\/p>\n<p>Segundo o Presidente da CONAMP, C\u00e9sar Mattar Jr., as entidades que representam os Membros do MP est\u00e3o coesas em torno de um ideal: recha\u00e7ar mais uma proposta que pretende calar o Minist\u00e9rio P\u00fablico. \u201cTentar emudecer o MP \u00e9 tentar silenciar a sociedade. Os membros do Minist\u00e9rio P\u00fablico n\u00e3o agem em nome pr\u00f3prio. Eles atuam por delega\u00e7\u00e3o constitucional concedida por mandato popular, ainda que n\u00e3o eletivo\u201d, ressaltou. Da mesma forma pensa o Presidente da ANPT, F\u00e1bio Leal, que afirma representar a proposta do Deputado um verdadeiro atentado contra valores da cidadania. \u201cQuem vai perder com sua aprova\u00e7\u00e3o n\u00e3o \u00e9 o Minist\u00e9rio P\u00fablico e sim o cidad\u00e3o, na medida em que ficar\u00e1 indefeso contra atos de corrup\u00e7\u00e3o\u201d, sustentou.<\/p>\n<p>O CNPG j\u00e1 havia, inclusive, divulgado nota p\u00fablica sobre o assunto, classificando a proposta malufista, dentre outras coisas, como mais uma tentativa de atacar ou silenciar o Minist\u00e9rio P\u00fablico brasileiro nas iniciativas que visam preservar o patrim\u00f4nio p\u00fablico. \u201cAo inv\u00e9s do Projeto melhorar a atividade de fiscaliza\u00e7\u00e3o do er\u00e1rio, caminha no sentido inverso. N\u00e3o acrescenta nenhuma vantagem para as camadas populares despossu\u00eddas e visa facilitar a vida daqueles que est\u00e3o lesando os cofres p\u00fablicos\u201d, declarou o Presidente do CNPG, Olympio de S\u00e1 Neto.<\/p>\n<p>Al\u00e9m das entidades representativas, participaram do evento os Procuradores-Geraisde Justi\u00e7a dos estados; os Presidentes de Associa\u00e7\u00f5es dos Minist\u00e9rios P\u00fablicos dos Estados de Minas Gerais, Bahia, Cear\u00e1, Santa Catarina, Goi\u00e1s, Rond\u00f4nia, Distrito Federal e Mato Grosso do Sul; e o Deputado Federal Lelo Coimbra (PMDB-ES), que tamb\u00e9m marcou presen\u00e7a no ato, discursando em apoio ao Minist\u00e9rio P\u00fablico.<\/p>\n<p>Naquela tarde, foi entregue ao Presidente da C\u00e2mara dos Deputados, Michel Temer, um manifesto de rep\u00fadio ao Projeto de Lei. Aqueles que desejarem, podem apoi\u00e1-lo. A Procuradora-Geral de Justi\u00e7a, Cristina Mendon\u00e7a, e a Procuradora de Justi\u00e7a e Corregedora do MP\/SE, Maria Creuza de Brito Figueiredo, convidam Membros, Servidores do MP\/SE e a sociedade em geral a assinar o manifesto eletr\u00f4nico contra a Lei Maluf, dispon\u00edvel na p\u00e1gina eletr\u00f4nica da CONAMP. Acesse aqui.<\/p>\n<p>* Assessoria de Comunica\u00e7\u00e3o MP\/SE<br \/>\n___________<\/p>\n<p><strong>Fonte:<\/strong> <a href=\"http:\/\/www.faxaju.com.br\/viz_conteudo.asp?codigo=84201010472655842\">Faxaju<\/a><\/p>\n","protected":false},"excerpt":{"rendered":"<p>Segundo o Presidente da CONAMP, C\u00e9sar Mattar Jr., as entidades que representam os Membros do MP est\u00e3o coesas em torno de um ideal: recha\u00e7ar mais uma proposta que pretende calar o Minist\u00e9rio P\u00fablico. \u201cTentar emudecer o MP \u00e9 tentar silenciar a sociedade. Os membros do Minist\u00e9rio P\u00fablico n\u00e3o agem em nome pr\u00f3prio. Eles atuam por delega\u00e7\u00e3o constitucional concedida por mandato popular, ainda que n\u00e3o eletivo\u201d, ressaltou. Do Faxaju.<\/p>\n","protected":false},"author":1,"featured_media":0,"comment_status":"open","ping_status":"open","sticky":false,"template":"","format":"standard","meta":{"site-container-style":"default","site-container-layout":"default","site-sidebar-layout":"default","disable-article-header":"default","disable-site-header":"default","disable-site-footer":"default","disable-content-area-spacing":"default","footnotes":""},"categories":[3,36,4],"tags":[],"class_list":["post-14824","post","type-post","status-publish","format-standard","hentry","category-campanhas","category-colunas-especiais","category-noticias"],"yoast_head":"<!-- This site is optimized with the Yoast SEO plugin v27.4 - https:\/\/yoast.com\/product\/yoast-seo-wordpress\/ -->\n<title>Minist\u00e9rio P\u00fablico Brasileiro expressa rep\u00fadio unificado \u00e0 proposta da \u201cLei Maluf\u201d -<\/title>\n<meta name=\"robots\" content=\"index, follow, max-snippet:-1, max-image-preview:large, max-video-preview:-1\" \/>\n<link rel=\"canonical\" href=\"https:\/\/inclusivenews.com.br\/?p=14824\" \/>\n<meta property=\"og:locale\" content=\"pt_PT\" \/>\n<meta property=\"og:type\" content=\"article\" \/>\n<meta property=\"og:title\" content=\"Minist\u00e9rio P\u00fablico Brasileiro expressa rep\u00fadio unificado \u00e0 proposta da \u201cLei Maluf\u201d -\" \/>\n<meta property=\"og:description\" content=\"Segundo o Presidente da CONAMP, C\u00e9sar Mattar Jr., as entidades que representam os Membros do MP est\u00e3o coesas em torno de um ideal: recha\u00e7ar mais uma proposta que pretende calar o Minist\u00e9rio P\u00fablico. \u201cTentar emudecer o MP \u00e9 tentar silenciar a sociedade. Os membros do Minist\u00e9rio P\u00fablico n\u00e3o agem em nome pr\u00f3prio. Eles atuam por delega\u00e7\u00e3o constitucional concedida por mandato popular, ainda que n\u00e3o eletivo\u201d, ressaltou. Do Faxaju.\" \/>\n<meta property=\"og:url\" content=\"https:\/\/inclusivenews.com.br\/?p=14824\" \/>\n<meta property=\"article:publisher\" content=\"https:\/\/www.facebook.com\/agenciainclusive\/\" \/>\n<meta property=\"article:published_time\" content=\"2010-04-08T22:58:49+00:00\" \/>\n<meta property=\"og:image\" content=\"http:\/\/inclusivenews.com.br\/wp-content\/uploads\/2010\/01\/justica.jpg\" \/>\n<meta name=\"author\" content=\"inclusivenews2024\" \/>\n<meta name=\"twitter:card\" content=\"summary_large_image\" \/>\n<meta name=\"twitter:label1\" content=\"Escrito por\" \/>\n\t<meta name=\"twitter:data1\" content=\"inclusivenews2024\" \/>\n\t<meta name=\"twitter:label2\" content=\"Tempo estimado de leitura\" \/>\n\t<meta name=\"twitter:data2\" content=\"3 minutos\" \/>\n<script type=\"application\/ld+json\" class=\"yoast-schema-graph\">{\"@context\":\"https:\\\/\\\/schema.org\",\"@graph\":[{\"@type\":\"Article\",\"@id\":\"https:\\\/\\\/inclusivenews.com.br\\\/?p=14824#article\",\"isPartOf\":{\"@id\":\"https:\\\/\\\/inclusivenews.com.br\\\/?p=14824\"},\"author\":{\"name\":\"inclusivenews2024\",\"@id\":\"https:\\\/\\\/inclusivenews.com.br\\\/#\\\/schema\\\/person\\\/ae4ec7087559b8692fb33b6fffd2273b\"},\"headline\":\"Minist\u00e9rio P\u00fablico Brasileiro expressa rep\u00fadio unificado \u00e0 proposta da \u201cLei Maluf\u201d\",\"datePublished\":\"2010-04-08T22:58:49+00:00\",\"mainEntityOfPage\":{\"@id\":\"https:\\\/\\\/inclusivenews.com.br\\\/?p=14824\"},\"wordCount\":672,\"commentCount\":0,\"publisher\":{\"@id\":\"https:\\\/\\\/inclusivenews.com.br\\\/#organization\"},\"image\":{\"@id\":\"https:\\\/\\\/inclusivenews.com.br\\\/?p=14824#primaryimage\"},\"thumbnailUrl\":\"http:\\\/\\\/inclusivenews.com.br\\\/wp-content\\\/uploads\\\/2010\\\/01\\\/justica.jpg\",\"articleSection\":[\"CAMPANHAS\",\"Colunas especiais\",\"NOT\u00cdCIAS\"],\"inLanguage\":\"pt-PT\",\"potentialAction\":[{\"@type\":\"CommentAction\",\"name\":\"Comment\",\"target\":[\"https:\\\/\\\/inclusivenews.com.br\\\/?p=14824#respond\"]}]},{\"@type\":\"WebPage\",\"@id\":\"https:\\\/\\\/inclusivenews.com.br\\\/?p=14824\",\"url\":\"https:\\\/\\\/inclusivenews.com.br\\\/?p=14824\",\"name\":\"Minist\u00e9rio P\u00fablico Brasileiro expressa rep\u00fadio unificado \u00e0 proposta da \u201cLei Maluf\u201d -\",\"isPartOf\":{\"@id\":\"https:\\\/\\\/inclusivenews.com.br\\\/#website\"},\"primaryImageOfPage\":{\"@id\":\"https:\\\/\\\/inclusivenews.com.br\\\/?p=14824#primaryimage\"},\"image\":{\"@id\":\"https:\\\/\\\/inclusivenews.com.br\\\/?p=14824#primaryimage\"},\"thumbnailUrl\":\"http:\\\/\\\/inclusivenews.com.br\\\/wp-content\\\/uploads\\\/2010\\\/01\\\/justica.jpg\",\"datePublished\":\"2010-04-08T22:58:49+00:00\",\"breadcrumb\":{\"@id\":\"https:\\\/\\\/inclusivenews.com.br\\\/?p=14824#breadcrumb\"},\"inLanguage\":\"pt-PT\",\"potentialAction\":[{\"@type\":\"ReadAction\",\"target\":[\"https:\\\/\\\/inclusivenews.com.br\\\/?p=14824\"]}]},{\"@type\":\"ImageObject\",\"inLanguage\":\"pt-PT\",\"@id\":\"https:\\\/\\\/inclusivenews.com.br\\\/?p=14824#primaryimage\",\"url\":\"\",\"contentUrl\":\"\"},{\"@type\":\"BreadcrumbList\",\"@id\":\"https:\\\/\\\/inclusivenews.com.br\\\/?p=14824#breadcrumb\",\"itemListElement\":[{\"@type\":\"ListItem\",\"position\":1,\"name\":\"In\u00edcio\",\"item\":\"https:\\\/\\\/inclusivenews.com.br\\\/\"},{\"@type\":\"ListItem\",\"position\":2,\"name\":\"Minist\u00e9rio P\u00fablico Brasileiro expressa rep\u00fadio unificado \u00e0 proposta da \u201cLei Maluf\u201d\"}]},{\"@type\":\"WebSite\",\"@id\":\"https:\\\/\\\/inclusivenews.com.br\\\/#website\",\"url\":\"https:\\\/\\\/inclusivenews.com.br\\\/\",\"name\":\"Inclusive News\",\"description\":\"Inclusive News\",\"publisher\":{\"@id\":\"https:\\\/\\\/inclusivenews.com.br\\\/#organization\"},\"potentialAction\":[{\"@type\":\"SearchAction\",\"target\":{\"@type\":\"EntryPoint\",\"urlTemplate\":\"https:\\\/\\\/inclusivenews.com.br\\\/?s={search_term_string}\"},\"query-input\":{\"@type\":\"PropertyValueSpecification\",\"valueRequired\":true,\"valueName\":\"search_term_string\"}}],\"inLanguage\":\"pt-PT\"},{\"@type\":\"Organization\",\"@id\":\"https:\\\/\\\/inclusivenews.com.br\\\/#organization\",\"name\":\"Inclusive - inclus\u00e3o e cidadania\",\"url\":\"https:\\\/\\\/inclusivenews.com.br\\\/\",\"logo\":{\"@type\":\"ImageObject\",\"inLanguage\":\"pt-PT\",\"@id\":\"https:\\\/\\\/inclusivenews.com.br\\\/#\\\/schema\\\/logo\\\/image\\\/\",\"url\":\"https:\\\/\\\/inclusivenews.com.br\\\/wp-content\\\/uploads\\\/2024\\\/03\\\/@grandesite.png\",\"contentUrl\":\"https:\\\/\\\/inclusivenews.com.br\\\/wp-content\\\/uploads\\\/2024\\\/03\\\/@grandesite.png\",\"width\":1080,\"height\":1080,\"caption\":\"Inclusive - inclus\u00e3o e cidadania\"},\"image\":{\"@id\":\"https:\\\/\\\/inclusivenews.com.br\\\/#\\\/schema\\\/logo\\\/image\\\/\"},\"sameAs\":[\"https:\\\/\\\/www.facebook.com\\\/agenciainclusive\\\/\",\"https:\\\/\\\/www.instagram.com\\\/newsinclusive\\\/\"]},{\"@type\":\"Person\",\"@id\":\"https:\\\/\\\/inclusivenews.com.br\\\/#\\\/schema\\\/person\\\/ae4ec7087559b8692fb33b6fffd2273b\",\"name\":\"inclusivenews2024\",\"image\":{\"@type\":\"ImageObject\",\"inLanguage\":\"pt-PT\",\"@id\":\"https:\\\/\\\/secure.gravatar.com\\\/avatar\\\/c5a7ef84c66fa914f55bc4f7ce26cfa275a3b9a1c5568b907bd184fb4dde7b40?s=96&d=mm&r=g\",\"url\":\"https:\\\/\\\/secure.gravatar.com\\\/avatar\\\/c5a7ef84c66fa914f55bc4f7ce26cfa275a3b9a1c5568b907bd184fb4dde7b40?s=96&d=mm&r=g\",\"contentUrl\":\"https:\\\/\\\/secure.gravatar.com\\\/avatar\\\/c5a7ef84c66fa914f55bc4f7ce26cfa275a3b9a1c5568b907bd184fb4dde7b40?s=96&d=mm&r=g\",\"caption\":\"inclusivenews2024\"},\"sameAs\":[\"https:\\\/\\\/inclusivenews.com.br\"],\"url\":\"https:\\\/\\\/inclusivenews.com.br\\\/?author=1\"}]}<\/script>\n<!-- \/ Yoast SEO plugin. -->","yoast_head_json":{"title":"Minist\u00e9rio P\u00fablico Brasileiro expressa rep\u00fadio unificado \u00e0 proposta da \u201cLei Maluf\u201d -","robots":{"index":"index","follow":"follow","max-snippet":"max-snippet:-1","max-image-preview":"max-image-preview:large","max-video-preview":"max-video-preview:-1"},"canonical":"https:\/\/inclusivenews.com.br\/?p=14824","og_locale":"pt_PT","og_type":"article","og_title":"Minist\u00e9rio P\u00fablico Brasileiro expressa rep\u00fadio unificado \u00e0 proposta da \u201cLei Maluf\u201d -","og_description":"Segundo o Presidente da CONAMP, C\u00e9sar Mattar Jr., as entidades que representam os Membros do MP est\u00e3o coesas em torno de um ideal: recha\u00e7ar mais uma proposta que pretende calar o Minist\u00e9rio P\u00fablico. \u201cTentar emudecer o MP \u00e9 tentar silenciar a sociedade. Os membros do Minist\u00e9rio P\u00fablico n\u00e3o agem em nome pr\u00f3prio. Eles atuam por delega\u00e7\u00e3o constitucional concedida por mandato popular, ainda que n\u00e3o eletivo\u201d, ressaltou. Do Faxaju.","og_url":"https:\/\/inclusivenews.com.br\/?p=14824","article_publisher":"https:\/\/www.facebook.com\/agenciainclusive\/","article_published_time":"2010-04-08T22:58:49+00:00","og_image":[{"url":"http:\/\/inclusivenews.com.br\/wp-content\/uploads\/2010\/01\/justica.jpg","type":"","width":"","height":""}],"author":"inclusivenews2024","twitter_card":"summary_large_image","twitter_misc":{"Escrito por":"inclusivenews2024","Tempo estimado de leitura":"3 minutos"},"schema":{"@context":"https:\/\/schema.org","@graph":[{"@type":"Article","@id":"https:\/\/inclusivenews.com.br\/?p=14824#article","isPartOf":{"@id":"https:\/\/inclusivenews.com.br\/?p=14824"},"author":{"name":"inclusivenews2024","@id":"https:\/\/inclusivenews.com.br\/#\/schema\/person\/ae4ec7087559b8692fb33b6fffd2273b"},"headline":"Minist\u00e9rio P\u00fablico Brasileiro expressa rep\u00fadio unificado \u00e0 proposta da \u201cLei Maluf\u201d","datePublished":"2010-04-08T22:58:49+00:00","mainEntityOfPage":{"@id":"https:\/\/inclusivenews.com.br\/?p=14824"},"wordCount":672,"commentCount":0,"publisher":{"@id":"https:\/\/inclusivenews.com.br\/#organization"},"image":{"@id":"https:\/\/inclusivenews.com.br\/?p=14824#primaryimage"},"thumbnailUrl":"http:\/\/inclusivenews.com.br\/wp-content\/uploads\/2010\/01\/justica.jpg","articleSection":["CAMPANHAS","Colunas especiais","NOT\u00cdCIAS"],"inLanguage":"pt-PT","potentialAction":[{"@type":"CommentAction","name":"Comment","target":["https:\/\/inclusivenews.com.br\/?p=14824#respond"]}]},{"@type":"WebPage","@id":"https:\/\/inclusivenews.com.br\/?p=14824","url":"https:\/\/inclusivenews.com.br\/?p=14824","name":"Minist\u00e9rio P\u00fablico Brasileiro expressa rep\u00fadio unificado \u00e0 proposta da \u201cLei Maluf\u201d -","isPartOf":{"@id":"https:\/\/inclusivenews.com.br\/#website"},"primaryImageOfPage":{"@id":"https:\/\/inclusivenews.com.br\/?p=14824#primaryimage"},"image":{"@id":"https:\/\/inclusivenews.com.br\/?p=14824#primaryimage"},"thumbnailUrl":"http:\/\/inclusivenews.com.br\/wp-content\/uploads\/2010\/01\/justica.jpg","datePublished":"2010-04-08T22:58:49+00:00","breadcrumb":{"@id":"https:\/\/inclusivenews.com.br\/?p=14824#breadcrumb"},"inLanguage":"pt-PT","potentialAction":[{"@type":"ReadAction","target":["https:\/\/inclusivenews.com.br\/?p=14824"]}]},{"@type":"ImageObject","inLanguage":"pt-PT","@id":"https:\/\/inclusivenews.com.br\/?p=14824#primaryimage","url":"","contentUrl":""},{"@type":"BreadcrumbList","@id":"https:\/\/inclusivenews.com.br\/?p=14824#breadcrumb","itemListElement":[{"@type":"ListItem","position":1,"name":"In\u00edcio","item":"https:\/\/inclusivenews.com.br\/"},{"@type":"ListItem","position":2,"name":"Minist\u00e9rio P\u00fablico Brasileiro expressa rep\u00fadio unificado \u00e0 proposta da \u201cLei Maluf\u201d"}]},{"@type":"WebSite","@id":"https:\/\/inclusivenews.com.br\/#website","url":"https:\/\/inclusivenews.com.br\/","name":"Inclusive News","description":"Inclusive News","publisher":{"@id":"https:\/\/inclusivenews.com.br\/#organization"},"potentialAction":[{"@type":"SearchAction","target":{"@type":"EntryPoint","urlTemplate":"https:\/\/inclusivenews.com.br\/?s={search_term_string}"},"query-input":{"@type":"PropertyValueSpecification","valueRequired":true,"valueName":"search_term_string"}}],"inLanguage":"pt-PT"},{"@type":"Organization","@id":"https:\/\/inclusivenews.com.br\/#organization","name":"Inclusive - inclus\u00e3o e cidadania","url":"https:\/\/inclusivenews.com.br\/","logo":{"@type":"ImageObject","inLanguage":"pt-PT","@id":"https:\/\/inclusivenews.com.br\/#\/schema\/logo\/image\/","url":"https:\/\/inclusivenews.com.br\/wp-content\/uploads\/2024\/03\/@grandesite.png","contentUrl":"https:\/\/inclusivenews.com.br\/wp-content\/uploads\/2024\/03\/@grandesite.png","width":1080,"height":1080,"caption":"Inclusive - inclus\u00e3o e cidadania"},"image":{"@id":"https:\/\/inclusivenews.com.br\/#\/schema\/logo\/image\/"},"sameAs":["https:\/\/www.facebook.com\/agenciainclusive\/","https:\/\/www.instagram.com\/newsinclusive\/"]},{"@type":"Person","@id":"https:\/\/inclusivenews.com.br\/#\/schema\/person\/ae4ec7087559b8692fb33b6fffd2273b","name":"inclusivenews2024","image":{"@type":"ImageObject","inLanguage":"pt-PT","@id":"https:\/\/secure.gravatar.com\/avatar\/c5a7ef84c66fa914f55bc4f7ce26cfa275a3b9a1c5568b907bd184fb4dde7b40?s=96&d=mm&r=g","url":"https:\/\/secure.gravatar.com\/avatar\/c5a7ef84c66fa914f55bc4f7ce26cfa275a3b9a1c5568b907bd184fb4dde7b40?s=96&d=mm&r=g","contentUrl":"https:\/\/secure.gravatar.com\/avatar\/c5a7ef84c66fa914f55bc4f7ce26cfa275a3b9a1c5568b907bd184fb4dde7b40?s=96&d=mm&r=g","caption":"inclusivenews2024"},"sameAs":["https:\/\/inclusivenews.com.br"],"url":"https:\/\/inclusivenews.com.br\/?author=1"}]}},"_links":{"self":[{"href":"https:\/\/inclusivenews.com.br\/index.php?rest_route=\/wp\/v2\/posts\/14824","targetHints":{"allow":["GET"]}}],"collection":[{"href":"https:\/\/inclusivenews.com.br\/index.php?rest_route=\/wp\/v2\/posts"}],"about":[{"href":"https:\/\/inclusivenews.com.br\/index.php?rest_route=\/wp\/v2\/types\/post"}],"author":[{"embeddable":true,"href":"https:\/\/inclusivenews.com.br\/index.php?rest_route=\/wp\/v2\/users\/1"}],"replies":[{"embeddable":true,"href":"https:\/\/inclusivenews.com.br\/index.php?rest_route=%2Fwp%2Fv2%2Fcomments&post=14824"}],"version-history":[{"count":0,"href":"https:\/\/inclusivenews.com.br\/index.php?rest_route=\/wp\/v2\/posts\/14824\/revisions"}],"wp:attachment":[{"href":"https:\/\/inclusivenews.com.br\/index.php?rest_route=%2Fwp%2Fv2%2Fmedia&parent=14824"}],"wp:term":[{"taxonomy":"category","embeddable":true,"href":"https:\/\/inclusivenews.com.br\/index.php?rest_route=%2Fwp%2Fv2%2Fcategories&post=14824"},{"taxonomy":"post_tag","embeddable":true,"href":"https:\/\/inclusivenews.com.br\/index.php?rest_route=%2Fwp%2Fv2%2Ftags&post=14824"}],"curies":[{"name":"wp","href":"https:\/\/api.w.org\/{rel}","templated":true}]}}