{"id":1485,"date":"2008-10-11T17:28:12","date_gmt":"2008-10-11T17:28:12","guid":{"rendered":"http:\/\/agenciainclusive.wordpress.com\/?p=1485"},"modified":"2008-10-11T17:28:12","modified_gmt":"2008-10-11T17:28:12","slug":"brasil-tem-24-milhoes-de-portadores-de-deficiencia-fisica","status":"publish","type":"post","link":"https:\/\/inclusivenews.com.br\/?p=1485","title":{"rendered":"Brasil tem 24 milh\u00f5es de portadores de defici\u00eancia f\u00edsica"},"content":{"rendered":"<p style=\"text-align:right;\"><a href=\"http:\/\/www.abril.com.br\/noticia\/ciencia-saude\/brasil-24-milhoes-portadores-deficiencia-fisica-390402.shtml\" target=\"_blank\" rel=\"noopener\">Veja not\u00edcia completa neste link.<\/a><\/p>\n<p>Dia do Deficiente F\u00edsico busca conscientizar governo e popula\u00e7\u00e3o sobre adapta\u00e7\u00f5es.<\/p>\n<p>Se caminhar nas ruas j\u00e1 \u00e9 um desafio para pedestres, imagine para os mais de 24 milh\u00f5es de pessoas portadores de defici\u00eancias f\u00edsicas que, segundo censo, circulam pelo Brasil?<\/p>\n<p>\u00c9 por isso que, neste s\u00e1bado (11), o grupo comemora o Dia do Deficiente F\u00edsico lutando pela conscientiza\u00e7\u00e3o da necessidade de adaptar a cidade para que ela seja mais amistosa para todos.<\/p>\n<p>(&#8230;)<\/p>\n","protected":false},"excerpt":{"rendered":"<p>Veja not\u00edcia completa neste link. Dia do Deficiente F\u00edsico busca conscientizar governo e popula\u00e7\u00e3o sobre adapta\u00e7\u00f5es. Se caminhar nas ruas j\u00e1 \u00e9 um desafio para pedestres, imagine para os mais de 24 milh\u00f5es de pessoas portadores de defici\u00eancias f\u00edsicas que, segundo censo, circulam pelo Brasil? \u00c9 por isso que, neste s\u00e1bado (11), o grupo comemora [&hellip;]<\/p>\n","protected":false},"author":2,"featured_media":0,"comment_status":"open","ping_status":"open","sticky":false,"template":"","format":"standard","meta":{"site-container-style":"default","site-container-layout":"default","site-sidebar-layout":"default","disable-article-header":"default","disable-site-header":"default","disable-site-footer":"default","disable-content-area-spacing":"default","footnotes":""},"categories":[4],"tags":[],"class_list":["post-1485","post","type-post","status-publish","format-standard","hentry","category-noticias"],"yoast_head":"<!-- This site is optimized with the Yoast SEO plugin v27.4 - https:\/\/yoast.com\/product\/yoast-seo-wordpress\/ -->\n<title>Brasil tem 24 milh\u00f5es de portadores de defici\u00eancia f\u00edsica -<\/title>\n<meta name=\"robots\" content=\"index, follow, max-snippet:-1, max-image-preview:large, max-video-preview:-1\" \/>\n<link rel=\"canonical\" href=\"https:\/\/inclusivenews.com.br\/?p=1485\" \/>\n<meta property=\"og:locale\" content=\"pt_PT\" \/>\n<meta property=\"og:type\" content=\"article\" \/>\n<meta property=\"og:title\" content=\"Brasil tem 24 milh\u00f5es de portadores de defici\u00eancia f\u00edsica -\" \/>\n<meta property=\"og:description\" content=\"Veja not\u00edcia completa neste link. Dia do Deficiente F\u00edsico busca conscientizar governo e popula\u00e7\u00e3o sobre adapta\u00e7\u00f5es. Se caminhar nas ruas j\u00e1 \u00e9 um desafio para pedestres, imagine para os mais de 24 milh\u00f5es de pessoas portadores de defici\u00eancias f\u00edsicas que, segundo censo, circulam pelo Brasil? \u00c9 por isso que, neste s\u00e1bado (11), o grupo comemora [&hellip;]\" \/>\n<meta property=\"og:url\" content=\"https:\/\/inclusivenews.com.br\/?p=1485\" \/>\n<meta property=\"article:publisher\" content=\"https:\/\/www.facebook.com\/agenciainclusive\/\" \/>\n<meta property=\"article:published_time\" content=\"2008-10-11T17:28:12+00:00\" \/>\n<meta name=\"author\" content=\"Inclusive\" \/>\n<meta name=\"twitter:card\" content=\"summary_large_image\" \/>\n<meta name=\"twitter:label1\" content=\"Escrito por\" \/>\n\t<meta name=\"twitter:data1\" content=\"Inclusive\" \/>\n<script type=\"application\/ld+json\" class=\"yoast-schema-graph\">{\"@context\":\"https:\\\/\\\/schema.org\",\"@graph\":[{\"@type\":\"Article\",\"@id\":\"https:\\\/\\\/inclusivenews.com.br\\\/?p=1485#article\",\"isPartOf\":{\"@id\":\"https:\\\/\\\/inclusivenews.com.br\\\/?p=1485\"},\"author\":{\"name\":\"Inclusive\",\"@id\":\"https:\\\/\\\/inclusivenews.com.br\\\/#\\\/schema\\\/person\\\/0dab492019871b94abb65fa8ee7c8c44\"},\"headline\":\"Brasil tem 24 milh\u00f5es de portadores de defici\u00eancia f\u00edsica\",\"datePublished\":\"2008-10-11T17:28:12+00:00\",\"mainEntityOfPage\":{\"@id\":\"https:\\\/\\\/inclusivenews.com.br\\\/?p=1485\"},\"wordCount\":94,\"commentCount\":0,\"publisher\":{\"@id\":\"https:\\\/\\\/inclusivenews.com.br\\\/#organization\"},\"articleSection\":[\"NOT\u00cdCIAS\"],\"inLanguage\":\"pt-PT\",\"potentialAction\":[{\"@type\":\"CommentAction\",\"name\":\"Comment\",\"target\":[\"https:\\\/\\\/inclusivenews.com.br\\\/?p=1485#respond\"]}]},{\"@type\":\"WebPage\",\"@id\":\"https:\\\/\\\/inclusivenews.com.br\\\/?p=1485\",\"url\":\"https:\\\/\\\/inclusivenews.com.br\\\/?p=1485\",\"name\":\"Brasil tem 24 milh\u00f5es de portadores de defici\u00eancia f\u00edsica -\",\"isPartOf\":{\"@id\":\"https:\\\/\\\/inclusivenews.com.br\\\/#website\"},\"datePublished\":\"2008-10-11T17:28:12+00:00\",\"breadcrumb\":{\"@id\":\"https:\\\/\\\/inclusivenews.com.br\\\/?p=1485#breadcrumb\"},\"inLanguage\":\"pt-PT\",\"potentialAction\":[{\"@type\":\"ReadAction\",\"target\":[\"https:\\\/\\\/inclusivenews.com.br\\\/?p=1485\"]}]},{\"@type\":\"BreadcrumbList\",\"@id\":\"https:\\\/\\\/inclusivenews.com.br\\\/?p=1485#breadcrumb\",\"itemListElement\":[{\"@type\":\"ListItem\",\"position\":1,\"name\":\"In\u00edcio\",\"item\":\"https:\\\/\\\/inclusivenews.com.br\\\/\"},{\"@type\":\"ListItem\",\"position\":2,\"name\":\"Brasil tem 24 milh\u00f5es de portadores de defici\u00eancia f\u00edsica\"}]},{\"@type\":\"WebSite\",\"@id\":\"https:\\\/\\\/inclusivenews.com.br\\\/#website\",\"url\":\"https:\\\/\\\/inclusivenews.com.br\\\/\",\"name\":\"Inclusive News\",\"description\":\"Inclusive News\",\"publisher\":{\"@id\":\"https:\\\/\\\/inclusivenews.com.br\\\/#organization\"},\"potentialAction\":[{\"@type\":\"SearchAction\",\"target\":{\"@type\":\"EntryPoint\",\"urlTemplate\":\"https:\\\/\\\/inclusivenews.com.br\\\/?s={search_term_string}\"},\"query-input\":{\"@type\":\"PropertyValueSpecification\",\"valueRequired\":true,\"valueName\":\"search_term_string\"}}],\"inLanguage\":\"pt-PT\"},{\"@type\":\"Organization\",\"@id\":\"https:\\\/\\\/inclusivenews.com.br\\\/#organization\",\"name\":\"Inclusive - inclus\u00e3o e cidadania\",\"url\":\"https:\\\/\\\/inclusivenews.com.br\\\/\",\"logo\":{\"@type\":\"ImageObject\",\"inLanguage\":\"pt-PT\",\"@id\":\"https:\\\/\\\/inclusivenews.com.br\\\/#\\\/schema\\\/logo\\\/image\\\/\",\"url\":\"https:\\\/\\\/inclusivenews.com.br\\\/wp-content\\\/uploads\\\/2024\\\/03\\\/@grandesite.png\",\"contentUrl\":\"https:\\\/\\\/inclusivenews.com.br\\\/wp-content\\\/uploads\\\/2024\\\/03\\\/@grandesite.png\",\"width\":1080,\"height\":1080,\"caption\":\"Inclusive - inclus\u00e3o e cidadania\"},\"image\":{\"@id\":\"https:\\\/\\\/inclusivenews.com.br\\\/#\\\/schema\\\/logo\\\/image\\\/\"},\"sameAs\":[\"https:\\\/\\\/www.facebook.com\\\/agenciainclusive\\\/\",\"https:\\\/\\\/www.instagram.com\\\/newsinclusive\\\/\"]},{\"@type\":\"Person\",\"@id\":\"https:\\\/\\\/inclusivenews.com.br\\\/#\\\/schema\\\/person\\\/0dab492019871b94abb65fa8ee7c8c44\",\"name\":\"Inclusive\",\"image\":{\"@type\":\"ImageObject\",\"inLanguage\":\"pt-PT\",\"@id\":\"https:\\\/\\\/secure.gravatar.com\\\/avatar\\\/?s=96&d=mm&r=g\",\"url\":\"https:\\\/\\\/secure.gravatar.com\\\/avatar\\\/?s=96&d=mm&r=g\",\"contentUrl\":\"https:\\\/\\\/secure.gravatar.com\\\/avatar\\\/?s=96&d=mm&r=g\",\"caption\":\"Inclusive\"},\"url\":\"https:\\\/\\\/inclusivenews.com.br\\\/?author=2\"}]}<\/script>\n<!-- \/ Yoast SEO plugin. -->","yoast_head_json":{"title":"Brasil tem 24 milh\u00f5es de portadores de defici\u00eancia f\u00edsica -","robots":{"index":"index","follow":"follow","max-snippet":"max-snippet:-1","max-image-preview":"max-image-preview:large","max-video-preview":"max-video-preview:-1"},"canonical":"https:\/\/inclusivenews.com.br\/?p=1485","og_locale":"pt_PT","og_type":"article","og_title":"Brasil tem 24 milh\u00f5es de portadores de defici\u00eancia f\u00edsica -","og_description":"Veja not\u00edcia completa neste link. Dia do Deficiente F\u00edsico busca conscientizar governo e popula\u00e7\u00e3o sobre adapta\u00e7\u00f5es. Se caminhar nas ruas j\u00e1 \u00e9 um desafio para pedestres, imagine para os mais de 24 milh\u00f5es de pessoas portadores de defici\u00eancias f\u00edsicas que, segundo censo, circulam pelo Brasil? \u00c9 por isso que, neste s\u00e1bado (11), o grupo comemora [&hellip;]","og_url":"https:\/\/inclusivenews.com.br\/?p=1485","article_publisher":"https:\/\/www.facebook.com\/agenciainclusive\/","article_published_time":"2008-10-11T17:28:12+00:00","author":"Inclusive","twitter_card":"summary_large_image","twitter_misc":{"Escrito por":"Inclusive"},"schema":{"@context":"https:\/\/schema.org","@graph":[{"@type":"Article","@id":"https:\/\/inclusivenews.com.br\/?p=1485#article","isPartOf":{"@id":"https:\/\/inclusivenews.com.br\/?p=1485"},"author":{"name":"Inclusive","@id":"https:\/\/inclusivenews.com.br\/#\/schema\/person\/0dab492019871b94abb65fa8ee7c8c44"},"headline":"Brasil tem 24 milh\u00f5es de portadores de defici\u00eancia f\u00edsica","datePublished":"2008-10-11T17:28:12+00:00","mainEntityOfPage":{"@id":"https:\/\/inclusivenews.com.br\/?p=1485"},"wordCount":94,"commentCount":0,"publisher":{"@id":"https:\/\/inclusivenews.com.br\/#organization"},"articleSection":["NOT\u00cdCIAS"],"inLanguage":"pt-PT","potentialAction":[{"@type":"CommentAction","name":"Comment","target":["https:\/\/inclusivenews.com.br\/?p=1485#respond"]}]},{"@type":"WebPage","@id":"https:\/\/inclusivenews.com.br\/?p=1485","url":"https:\/\/inclusivenews.com.br\/?p=1485","name":"Brasil tem 24 milh\u00f5es de portadores de defici\u00eancia f\u00edsica -","isPartOf":{"@id":"https:\/\/inclusivenews.com.br\/#website"},"datePublished":"2008-10-11T17:28:12+00:00","breadcrumb":{"@id":"https:\/\/inclusivenews.com.br\/?p=1485#breadcrumb"},"inLanguage":"pt-PT","potentialAction":[{"@type":"ReadAction","target":["https:\/\/inclusivenews.com.br\/?p=1485"]}]},{"@type":"BreadcrumbList","@id":"https:\/\/inclusivenews.com.br\/?p=1485#breadcrumb","itemListElement":[{"@type":"ListItem","position":1,"name":"In\u00edcio","item":"https:\/\/inclusivenews.com.br\/"},{"@type":"ListItem","position":2,"name":"Brasil tem 24 milh\u00f5es de portadores de defici\u00eancia f\u00edsica"}]},{"@type":"WebSite","@id":"https:\/\/inclusivenews.com.br\/#website","url":"https:\/\/inclusivenews.com.br\/","name":"Inclusive News","description":"Inclusive News","publisher":{"@id":"https:\/\/inclusivenews.com.br\/#organization"},"potentialAction":[{"@type":"SearchAction","target":{"@type":"EntryPoint","urlTemplate":"https:\/\/inclusivenews.com.br\/?s={search_term_string}"},"query-input":{"@type":"PropertyValueSpecification","valueRequired":true,"valueName":"search_term_string"}}],"inLanguage":"pt-PT"},{"@type":"Organization","@id":"https:\/\/inclusivenews.com.br\/#organization","name":"Inclusive - inclus\u00e3o e cidadania","url":"https:\/\/inclusivenews.com.br\/","logo":{"@type":"ImageObject","inLanguage":"pt-PT","@id":"https:\/\/inclusivenews.com.br\/#\/schema\/logo\/image\/","url":"https:\/\/inclusivenews.com.br\/wp-content\/uploads\/2024\/03\/@grandesite.png","contentUrl":"https:\/\/inclusivenews.com.br\/wp-content\/uploads\/2024\/03\/@grandesite.png","width":1080,"height":1080,"caption":"Inclusive - inclus\u00e3o e cidadania"},"image":{"@id":"https:\/\/inclusivenews.com.br\/#\/schema\/logo\/image\/"},"sameAs":["https:\/\/www.facebook.com\/agenciainclusive\/","https:\/\/www.instagram.com\/newsinclusive\/"]},{"@type":"Person","@id":"https:\/\/inclusivenews.com.br\/#\/schema\/person\/0dab492019871b94abb65fa8ee7c8c44","name":"Inclusive","image":{"@type":"ImageObject","inLanguage":"pt-PT","@id":"https:\/\/secure.gravatar.com\/avatar\/?s=96&d=mm&r=g","url":"https:\/\/secure.gravatar.com\/avatar\/?s=96&d=mm&r=g","contentUrl":"https:\/\/secure.gravatar.com\/avatar\/?s=96&d=mm&r=g","caption":"Inclusive"},"url":"https:\/\/inclusivenews.com.br\/?author=2"}]}},"_links":{"self":[{"href":"https:\/\/inclusivenews.com.br\/index.php?rest_route=\/wp\/v2\/posts\/1485","targetHints":{"allow":["GET"]}}],"collection":[{"href":"https:\/\/inclusivenews.com.br\/index.php?rest_route=\/wp\/v2\/posts"}],"about":[{"href":"https:\/\/inclusivenews.com.br\/index.php?rest_route=\/wp\/v2\/types\/post"}],"author":[{"embeddable":true,"href":"https:\/\/inclusivenews.com.br\/index.php?rest_route=\/wp\/v2\/users\/2"}],"replies":[{"embeddable":true,"href":"https:\/\/inclusivenews.com.br\/index.php?rest_route=%2Fwp%2Fv2%2Fcomments&post=1485"}],"version-history":[{"count":0,"href":"https:\/\/inclusivenews.com.br\/index.php?rest_route=\/wp\/v2\/posts\/1485\/revisions"}],"wp:attachment":[{"href":"https:\/\/inclusivenews.com.br\/index.php?rest_route=%2Fwp%2Fv2%2Fmedia&parent=1485"}],"wp:term":[{"taxonomy":"category","embeddable":true,"href":"https:\/\/inclusivenews.com.br\/index.php?rest_route=%2Fwp%2Fv2%2Fcategories&post=1485"},{"taxonomy":"post_tag","embeddable":true,"href":"https:\/\/inclusivenews.com.br\/index.php?rest_route=%2Fwp%2Fv2%2Ftags&post=1485"}],"curies":[{"name":"wp","href":"https:\/\/api.w.org\/{rel}","templated":true}]}}