{"id":14938,"date":"2010-04-16T06:01:01","date_gmt":"2010-04-16T09:01:01","guid":{"rendered":"http:\/\/www.inclusive.org.br\/?p=14938"},"modified":"2010-04-16T06:01:01","modified_gmt":"2010-04-16T09:01:01","slug":"fundo-internacional-para-a-diversidade-cultural","status":"publish","type":"post","link":"https:\/\/inclusivenews.com.br\/?p=14938","title":{"rendered":"Fundo Internacional para a Diversidade Cultural"},"content":{"rendered":"<p><img loading=\"lazy\" decoding=\"async\" class=\"alignleft\" title=\"Logotipo da UNESCO\" src=\"http:\/\/www.unesco.org\/fileadmin\/unesco\/images\/logo_en.gif\" alt=\"\" width=\"186\" height=\"86\" \/>O Fundo Internacional para a Diversidade Cultural criado pela Conven\u00e7\u00e3o sobre a Prote\u00e7\u00e3o e a Promo\u00e7\u00e3o da Diversidade das Express\u00f5es Culturais, j\u00e1 entrou em sua fase piloto de funcionamento, com a divulga\u00e7\u00e3o de um formul\u00e1rio de pedidos de financiamento para programas e projetos.<\/p>\n<p>Poder\u00e3o ser financiados programa e projetos relativos \u00e0 implementa\u00e7\u00e3o de pol\u00edticas culturais e ao fortalecimento de infraestruturas institucionais correspondentes; ao fortalecimento das capacidades culturais; ao fortalecimento das ind\u00fastrias culturais existentes; \u00e0 cria\u00e7\u00e3o de novas ind\u00fastrias culturais; e \u00e0 prote\u00e7\u00e3o de express\u00f5es culturais comprovadamente em risco de extin\u00e7\u00e3o, conforme o artigo 8 da Conven\u00e7\u00e3o.<\/p>\n<p>As solicita\u00e7\u00f5es poder\u00e3o ser apresentadas por governos dos pa\u00edses em desenvolvimento membros da Conven\u00e7\u00e3o, ONGs nacionais da \u00e1rea da cultura, grupos vulner\u00e1veis ou outros grupos sociais minorit\u00e1rios. Os pedidos ser\u00e3o avaliados por um painel de seis especialistas nomeados pelo Comit\u00ea Intergovernamental da Conven\u00e7\u00e3o, formados por 24 pa\u00edses, dentre os quais o Brasil.<\/p>\n<p>O Fundo da Diversidade Cultural disp\u00f5e atualmente de US$ 2.391.489 (dois milh\u00f5es, trezentos e um mil, quatrocentos e oitenta e nove d\u00f3lares). A Conven\u00e7\u00e3o integra, atualmente, 109 pa\u00edses, dos quais a maioria \u00e9 de pa\u00edses em desenvolvimento.<\/p>\n<p>No Brasil, os pedidos devem ser enviados at\u00e9 o dia 15 de junho deste ano, para a Divis\u00e3o de Assuntos Multilaterais Culturais (DAMC) &#8211; veja o endere\u00e7o abaixo.<\/p>\n<p>De acordo com decis\u00e3o do Comit\u00ea Intergovernamental da Conven\u00e7\u00e3o, a prioridade de utiliza\u00e7\u00e3o dos recursos do Fundo \u00e9 financiar projetos apresentados por pa\u00edses em desenvolvimento. Por este motivo, o Secret\u00e1rio da Identidade e da Diversidade Cultural do Minist\u00e9rio da Cultura, Am\u00e9rico C\u00f3rdula, avalia que projetos brasileiros n\u00e3o ter\u00e3o prioridade, j\u00e1 que o Brasil \u00e9 visto como um dos pa\u00edses em desenvolvimento em melhor situa\u00e7\u00e3o econ\u00f4mica, e existem poucos recursos. O Secret\u00e1rio explica que, para financiar programas e projetos de promo\u00e7\u00e3o e prote\u00e7\u00e3o da diversidade cultural brasileira, o Minist\u00e9rio da Cultura est\u00e1 propondo a cria\u00e7\u00e3o de um Fundo Setorial da Diversidade e Acesso, que faz parte da reforma da Lei de Incentivo &#8211; Procultura, atualmente em processo de tramita\u00e7\u00e3o no Congresso Nacional.<\/p>\n<p>Os formul\u00e1rios s\u00f3 poder\u00e3o ser preenchidos em franc\u00eas ou em ingl\u00eas. O endere\u00e7o para envio dos pedidos \u00e9:<\/p>\n<p>DAMC &#8211; Minist\u00e9rio das Rela\u00e7\u00f5es Exteriores<br \/>\nPal\u00e1cio Itamaraty &#8211; Esplanada dos Minist\u00e9rios &#8211; Bloco H<br \/>\nBras\u00edlia &#8211; DF &#8211; Brasil<br \/>\nCEP 70.170-900<\/p>\n<p>Mais informa\u00e7\u00f5es e\/ou esclarecimentos podem ser obtidos com o ponto focal da Conven\u00e7\u00e3o no Brasil, Giselle Dupin &#8211; Coordenadora de Fomento \u00e0 Identidade e Diversidade, pelo endere\u00e7o eletr\u00f4nico: giselle.dupin@cultura.gov.br, ou pelo telefone: (61) 2024 2368.<\/p>\n<p>_______________________<\/p>\n<p><strong>Fonte:<\/strong> <a href=\"http:\/\/www.google.com.br\/url?sa=t&amp;source=web&amp;ct=res&amp;cd=1&amp;ved=0CAYQFjAA&amp;url=http%3A%2F%2Fwww.cultura.gov.br%2Fsite%2F2010%2F04%2F12%2Ffundo-internacional-para-a-diversidade-cultural%2F&amp;ei=uvXGS9-ZDIb49AT3xJTgCg&amp;usg=AFQjCNEXvykmuFQyAEgY6SQ_k1XcZAE7Hw&amp;sig2=dAzEJd7THf1jrlef8kyJPg\">Minist\u00e9rio da Cultura<\/a><\/p>\n","protected":false},"excerpt":{"rendered":"<p>Poder\u00e3o ser financiados programa e projetos relativos \u00e0 implementa\u00e7\u00e3o de pol\u00edticas culturais e ao fortalecimento de infraestruturas institucionais correspondentes; ao fortalecimento das capacidades culturais; ao fortalecimento das ind\u00fastrias culturais existentes; \u00e0 cria\u00e7\u00e3o de novas ind\u00fastrias culturais; e \u00e0 prote\u00e7\u00e3o de express\u00f5es culturais comprovadamente em risco de extin\u00e7\u00e3o, conforme o artigo 8 da Conven\u00e7\u00e3o. Informa\u00e7\u00e3o \u00e9 do MINC e UNESCO.<\/p>\n","protected":false},"author":1,"featured_media":0,"comment_status":"open","ping_status":"open","sticky":false,"template":"","format":"standard","meta":{"site-container-style":"default","site-container-layout":"default","site-sidebar-layout":"default","disable-article-header":"default","disable-site-header":"default","disable-site-footer":"default","disable-content-area-spacing":"default","footnotes":""},"categories":[96,4],"tags":[],"class_list":["post-14938","post","type-post","status-publish","format-standard","hentry","category-editais","category-noticias"],"yoast_head":"<!-- This site is optimized with the Yoast SEO plugin v27.4 - https:\/\/yoast.com\/product\/yoast-seo-wordpress\/ -->\n<title>Fundo Internacional para a Diversidade Cultural -<\/title>\n<meta name=\"robots\" content=\"index, follow, max-snippet:-1, max-image-preview:large, max-video-preview:-1\" \/>\n<link rel=\"canonical\" href=\"https:\/\/inclusivenews.com.br\/?p=14938\" \/>\n<meta property=\"og:locale\" content=\"pt_PT\" \/>\n<meta property=\"og:type\" content=\"article\" \/>\n<meta property=\"og:title\" content=\"Fundo Internacional para a Diversidade Cultural -\" \/>\n<meta property=\"og:description\" content=\"Poder\u00e3o ser financiados programa e projetos relativos \u00e0 implementa\u00e7\u00e3o de pol\u00edticas culturais e ao fortalecimento de infraestruturas institucionais correspondentes; ao fortalecimento das capacidades culturais; ao fortalecimento das ind\u00fastrias culturais existentes; \u00e0 cria\u00e7\u00e3o de novas ind\u00fastrias culturais; e \u00e0 prote\u00e7\u00e3o de express\u00f5es culturais comprovadamente em risco de extin\u00e7\u00e3o, conforme o artigo 8 da Conven\u00e7\u00e3o. Informa\u00e7\u00e3o \u00e9 do MINC e UNESCO.\" \/>\n<meta property=\"og:url\" content=\"https:\/\/inclusivenews.com.br\/?p=14938\" \/>\n<meta property=\"article:publisher\" content=\"https:\/\/www.facebook.com\/agenciainclusive\/\" \/>\n<meta property=\"article:published_time\" content=\"2010-04-16T09:01:01+00:00\" \/>\n<meta property=\"og:image\" content=\"http:\/\/www.unesco.org\/fileadmin\/unesco\/images\/logo_en.gif\" \/>\n<meta name=\"author\" content=\"inclusivenews2024\" \/>\n<meta name=\"twitter:card\" content=\"summary_large_image\" \/>\n<meta name=\"twitter:label1\" content=\"Escrito por\" \/>\n\t<meta name=\"twitter:data1\" content=\"inclusivenews2024\" \/>\n\t<meta name=\"twitter:label2\" content=\"Tempo estimado de leitura\" \/>\n\t<meta name=\"twitter:data2\" content=\"2 minutos\" \/>\n<script type=\"application\/ld+json\" class=\"yoast-schema-graph\">{\"@context\":\"https:\\\/\\\/schema.org\",\"@graph\":[{\"@type\":\"Article\",\"@id\":\"https:\\\/\\\/inclusivenews.com.br\\\/?p=14938#article\",\"isPartOf\":{\"@id\":\"https:\\\/\\\/inclusivenews.com.br\\\/?p=14938\"},\"author\":{\"name\":\"inclusivenews2024\",\"@id\":\"https:\\\/\\\/inclusivenews.com.br\\\/#\\\/schema\\\/person\\\/ae4ec7087559b8692fb33b6fffd2273b\"},\"headline\":\"Fundo Internacional para a Diversidade Cultural\",\"datePublished\":\"2010-04-16T09:01:01+00:00\",\"mainEntityOfPage\":{\"@id\":\"https:\\\/\\\/inclusivenews.com.br\\\/?p=14938\"},\"wordCount\":475,\"commentCount\":0,\"publisher\":{\"@id\":\"https:\\\/\\\/inclusivenews.com.br\\\/#organization\"},\"image\":{\"@id\":\"https:\\\/\\\/inclusivenews.com.br\\\/?p=14938#primaryimage\"},\"thumbnailUrl\":\"http:\\\/\\\/www.unesco.org\\\/fileadmin\\\/unesco\\\/images\\\/logo_en.gif\",\"articleSection\":[\"Editais\",\"NOT\u00cdCIAS\"],\"inLanguage\":\"pt-PT\",\"potentialAction\":[{\"@type\":\"CommentAction\",\"name\":\"Comment\",\"target\":[\"https:\\\/\\\/inclusivenews.com.br\\\/?p=14938#respond\"]}]},{\"@type\":\"WebPage\",\"@id\":\"https:\\\/\\\/inclusivenews.com.br\\\/?p=14938\",\"url\":\"https:\\\/\\\/inclusivenews.com.br\\\/?p=14938\",\"name\":\"Fundo Internacional para a Diversidade Cultural -\",\"isPartOf\":{\"@id\":\"https:\\\/\\\/inclusivenews.com.br\\\/#website\"},\"primaryImageOfPage\":{\"@id\":\"https:\\\/\\\/inclusivenews.com.br\\\/?p=14938#primaryimage\"},\"image\":{\"@id\":\"https:\\\/\\\/inclusivenews.com.br\\\/?p=14938#primaryimage\"},\"thumbnailUrl\":\"http:\\\/\\\/www.unesco.org\\\/fileadmin\\\/unesco\\\/images\\\/logo_en.gif\",\"datePublished\":\"2010-04-16T09:01:01+00:00\",\"breadcrumb\":{\"@id\":\"https:\\\/\\\/inclusivenews.com.br\\\/?p=14938#breadcrumb\"},\"inLanguage\":\"pt-PT\",\"potentialAction\":[{\"@type\":\"ReadAction\",\"target\":[\"https:\\\/\\\/inclusivenews.com.br\\\/?p=14938\"]}]},{\"@type\":\"ImageObject\",\"inLanguage\":\"pt-PT\",\"@id\":\"https:\\\/\\\/inclusivenews.com.br\\\/?p=14938#primaryimage\",\"url\":\"http:\\\/\\\/www.unesco.org\\\/fileadmin\\\/unesco\\\/images\\\/logo_en.gif\",\"contentUrl\":\"http:\\\/\\\/www.unesco.org\\\/fileadmin\\\/unesco\\\/images\\\/logo_en.gif\"},{\"@type\":\"BreadcrumbList\",\"@id\":\"https:\\\/\\\/inclusivenews.com.br\\\/?p=14938#breadcrumb\",\"itemListElement\":[{\"@type\":\"ListItem\",\"position\":1,\"name\":\"In\u00edcio\",\"item\":\"https:\\\/\\\/inclusivenews.com.br\\\/\"},{\"@type\":\"ListItem\",\"position\":2,\"name\":\"Fundo Internacional para a Diversidade Cultural\"}]},{\"@type\":\"WebSite\",\"@id\":\"https:\\\/\\\/inclusivenews.com.br\\\/#website\",\"url\":\"https:\\\/\\\/inclusivenews.com.br\\\/\",\"name\":\"Inclusive News\",\"description\":\"Inclusive News\",\"publisher\":{\"@id\":\"https:\\\/\\\/inclusivenews.com.br\\\/#organization\"},\"potentialAction\":[{\"@type\":\"SearchAction\",\"target\":{\"@type\":\"EntryPoint\",\"urlTemplate\":\"https:\\\/\\\/inclusivenews.com.br\\\/?s={search_term_string}\"},\"query-input\":{\"@type\":\"PropertyValueSpecification\",\"valueRequired\":true,\"valueName\":\"search_term_string\"}}],\"inLanguage\":\"pt-PT\"},{\"@type\":\"Organization\",\"@id\":\"https:\\\/\\\/inclusivenews.com.br\\\/#organization\",\"name\":\"Inclusive - inclus\u00e3o e cidadania\",\"url\":\"https:\\\/\\\/inclusivenews.com.br\\\/\",\"logo\":{\"@type\":\"ImageObject\",\"inLanguage\":\"pt-PT\",\"@id\":\"https:\\\/\\\/inclusivenews.com.br\\\/#\\\/schema\\\/logo\\\/image\\\/\",\"url\":\"https:\\\/\\\/inclusivenews.com.br\\\/wp-content\\\/uploads\\\/2024\\\/03\\\/@grandesite.png\",\"contentUrl\":\"https:\\\/\\\/inclusivenews.com.br\\\/wp-content\\\/uploads\\\/2024\\\/03\\\/@grandesite.png\",\"width\":1080,\"height\":1080,\"caption\":\"Inclusive - inclus\u00e3o e cidadania\"},\"image\":{\"@id\":\"https:\\\/\\\/inclusivenews.com.br\\\/#\\\/schema\\\/logo\\\/image\\\/\"},\"sameAs\":[\"https:\\\/\\\/www.facebook.com\\\/agenciainclusive\\\/\",\"https:\\\/\\\/www.instagram.com\\\/newsinclusive\\\/\"]},{\"@type\":\"Person\",\"@id\":\"https:\\\/\\\/inclusivenews.com.br\\\/#\\\/schema\\\/person\\\/ae4ec7087559b8692fb33b6fffd2273b\",\"name\":\"inclusivenews2024\",\"image\":{\"@type\":\"ImageObject\",\"inLanguage\":\"pt-PT\",\"@id\":\"https:\\\/\\\/secure.gravatar.com\\\/avatar\\\/c5a7ef84c66fa914f55bc4f7ce26cfa275a3b9a1c5568b907bd184fb4dde7b40?s=96&d=mm&r=g\",\"url\":\"https:\\\/\\\/secure.gravatar.com\\\/avatar\\\/c5a7ef84c66fa914f55bc4f7ce26cfa275a3b9a1c5568b907bd184fb4dde7b40?s=96&d=mm&r=g\",\"contentUrl\":\"https:\\\/\\\/secure.gravatar.com\\\/avatar\\\/c5a7ef84c66fa914f55bc4f7ce26cfa275a3b9a1c5568b907bd184fb4dde7b40?s=96&d=mm&r=g\",\"caption\":\"inclusivenews2024\"},\"sameAs\":[\"https:\\\/\\\/inclusivenews.com.br\"],\"url\":\"https:\\\/\\\/inclusivenews.com.br\\\/?author=1\"}]}<\/script>\n<!-- \/ Yoast SEO plugin. -->","yoast_head_json":{"title":"Fundo Internacional para a Diversidade Cultural -","robots":{"index":"index","follow":"follow","max-snippet":"max-snippet:-1","max-image-preview":"max-image-preview:large","max-video-preview":"max-video-preview:-1"},"canonical":"https:\/\/inclusivenews.com.br\/?p=14938","og_locale":"pt_PT","og_type":"article","og_title":"Fundo Internacional para a Diversidade Cultural -","og_description":"Poder\u00e3o ser financiados programa e projetos relativos \u00e0 implementa\u00e7\u00e3o de pol\u00edticas culturais e ao fortalecimento de infraestruturas institucionais correspondentes; ao fortalecimento das capacidades culturais; ao fortalecimento das ind\u00fastrias culturais existentes; \u00e0 cria\u00e7\u00e3o de novas ind\u00fastrias culturais; e \u00e0 prote\u00e7\u00e3o de express\u00f5es culturais comprovadamente em risco de extin\u00e7\u00e3o, conforme o artigo 8 da Conven\u00e7\u00e3o. Informa\u00e7\u00e3o \u00e9 do MINC e UNESCO.","og_url":"https:\/\/inclusivenews.com.br\/?p=14938","article_publisher":"https:\/\/www.facebook.com\/agenciainclusive\/","article_published_time":"2010-04-16T09:01:01+00:00","og_image":[{"url":"http:\/\/www.unesco.org\/fileadmin\/unesco\/images\/logo_en.gif","type":"","width":"","height":""}],"author":"inclusivenews2024","twitter_card":"summary_large_image","twitter_misc":{"Escrito por":"inclusivenews2024","Tempo estimado de leitura":"2 minutos"},"schema":{"@context":"https:\/\/schema.org","@graph":[{"@type":"Article","@id":"https:\/\/inclusivenews.com.br\/?p=14938#article","isPartOf":{"@id":"https:\/\/inclusivenews.com.br\/?p=14938"},"author":{"name":"inclusivenews2024","@id":"https:\/\/inclusivenews.com.br\/#\/schema\/person\/ae4ec7087559b8692fb33b6fffd2273b"},"headline":"Fundo Internacional para a Diversidade Cultural","datePublished":"2010-04-16T09:01:01+00:00","mainEntityOfPage":{"@id":"https:\/\/inclusivenews.com.br\/?p=14938"},"wordCount":475,"commentCount":0,"publisher":{"@id":"https:\/\/inclusivenews.com.br\/#organization"},"image":{"@id":"https:\/\/inclusivenews.com.br\/?p=14938#primaryimage"},"thumbnailUrl":"http:\/\/www.unesco.org\/fileadmin\/unesco\/images\/logo_en.gif","articleSection":["Editais","NOT\u00cdCIAS"],"inLanguage":"pt-PT","potentialAction":[{"@type":"CommentAction","name":"Comment","target":["https:\/\/inclusivenews.com.br\/?p=14938#respond"]}]},{"@type":"WebPage","@id":"https:\/\/inclusivenews.com.br\/?p=14938","url":"https:\/\/inclusivenews.com.br\/?p=14938","name":"Fundo Internacional para a Diversidade Cultural -","isPartOf":{"@id":"https:\/\/inclusivenews.com.br\/#website"},"primaryImageOfPage":{"@id":"https:\/\/inclusivenews.com.br\/?p=14938#primaryimage"},"image":{"@id":"https:\/\/inclusivenews.com.br\/?p=14938#primaryimage"},"thumbnailUrl":"http:\/\/www.unesco.org\/fileadmin\/unesco\/images\/logo_en.gif","datePublished":"2010-04-16T09:01:01+00:00","breadcrumb":{"@id":"https:\/\/inclusivenews.com.br\/?p=14938#breadcrumb"},"inLanguage":"pt-PT","potentialAction":[{"@type":"ReadAction","target":["https:\/\/inclusivenews.com.br\/?p=14938"]}]},{"@type":"ImageObject","inLanguage":"pt-PT","@id":"https:\/\/inclusivenews.com.br\/?p=14938#primaryimage","url":"http:\/\/www.unesco.org\/fileadmin\/unesco\/images\/logo_en.gif","contentUrl":"http:\/\/www.unesco.org\/fileadmin\/unesco\/images\/logo_en.gif"},{"@type":"BreadcrumbList","@id":"https:\/\/inclusivenews.com.br\/?p=14938#breadcrumb","itemListElement":[{"@type":"ListItem","position":1,"name":"In\u00edcio","item":"https:\/\/inclusivenews.com.br\/"},{"@type":"ListItem","position":2,"name":"Fundo Internacional para a Diversidade Cultural"}]},{"@type":"WebSite","@id":"https:\/\/inclusivenews.com.br\/#website","url":"https:\/\/inclusivenews.com.br\/","name":"Inclusive News","description":"Inclusive News","publisher":{"@id":"https:\/\/inclusivenews.com.br\/#organization"},"potentialAction":[{"@type":"SearchAction","target":{"@type":"EntryPoint","urlTemplate":"https:\/\/inclusivenews.com.br\/?s={search_term_string}"},"query-input":{"@type":"PropertyValueSpecification","valueRequired":true,"valueName":"search_term_string"}}],"inLanguage":"pt-PT"},{"@type":"Organization","@id":"https:\/\/inclusivenews.com.br\/#organization","name":"Inclusive - inclus\u00e3o e cidadania","url":"https:\/\/inclusivenews.com.br\/","logo":{"@type":"ImageObject","inLanguage":"pt-PT","@id":"https:\/\/inclusivenews.com.br\/#\/schema\/logo\/image\/","url":"https:\/\/inclusivenews.com.br\/wp-content\/uploads\/2024\/03\/@grandesite.png","contentUrl":"https:\/\/inclusivenews.com.br\/wp-content\/uploads\/2024\/03\/@grandesite.png","width":1080,"height":1080,"caption":"Inclusive - inclus\u00e3o e cidadania"},"image":{"@id":"https:\/\/inclusivenews.com.br\/#\/schema\/logo\/image\/"},"sameAs":["https:\/\/www.facebook.com\/agenciainclusive\/","https:\/\/www.instagram.com\/newsinclusive\/"]},{"@type":"Person","@id":"https:\/\/inclusivenews.com.br\/#\/schema\/person\/ae4ec7087559b8692fb33b6fffd2273b","name":"inclusivenews2024","image":{"@type":"ImageObject","inLanguage":"pt-PT","@id":"https:\/\/secure.gravatar.com\/avatar\/c5a7ef84c66fa914f55bc4f7ce26cfa275a3b9a1c5568b907bd184fb4dde7b40?s=96&d=mm&r=g","url":"https:\/\/secure.gravatar.com\/avatar\/c5a7ef84c66fa914f55bc4f7ce26cfa275a3b9a1c5568b907bd184fb4dde7b40?s=96&d=mm&r=g","contentUrl":"https:\/\/secure.gravatar.com\/avatar\/c5a7ef84c66fa914f55bc4f7ce26cfa275a3b9a1c5568b907bd184fb4dde7b40?s=96&d=mm&r=g","caption":"inclusivenews2024"},"sameAs":["https:\/\/inclusivenews.com.br"],"url":"https:\/\/inclusivenews.com.br\/?author=1"}]}},"_links":{"self":[{"href":"https:\/\/inclusivenews.com.br\/index.php?rest_route=\/wp\/v2\/posts\/14938","targetHints":{"allow":["GET"]}}],"collection":[{"href":"https:\/\/inclusivenews.com.br\/index.php?rest_route=\/wp\/v2\/posts"}],"about":[{"href":"https:\/\/inclusivenews.com.br\/index.php?rest_route=\/wp\/v2\/types\/post"}],"author":[{"embeddable":true,"href":"https:\/\/inclusivenews.com.br\/index.php?rest_route=\/wp\/v2\/users\/1"}],"replies":[{"embeddable":true,"href":"https:\/\/inclusivenews.com.br\/index.php?rest_route=%2Fwp%2Fv2%2Fcomments&post=14938"}],"version-history":[{"count":0,"href":"https:\/\/inclusivenews.com.br\/index.php?rest_route=\/wp\/v2\/posts\/14938\/revisions"}],"wp:attachment":[{"href":"https:\/\/inclusivenews.com.br\/index.php?rest_route=%2Fwp%2Fv2%2Fmedia&parent=14938"}],"wp:term":[{"taxonomy":"category","embeddable":true,"href":"https:\/\/inclusivenews.com.br\/index.php?rest_route=%2Fwp%2Fv2%2Fcategories&post=14938"},{"taxonomy":"post_tag","embeddable":true,"href":"https:\/\/inclusivenews.com.br\/index.php?rest_route=%2Fwp%2Fv2%2Ftags&post=14938"}],"curies":[{"name":"wp","href":"https:\/\/api.w.org\/{rel}","templated":true}]}}