{"id":14956,"date":"2010-04-19T05:59:30","date_gmt":"2010-04-19T08:59:30","guid":{"rendered":"http:\/\/www.inclusive.org.br\/?p=14956"},"modified":"2010-04-19T05:59:30","modified_gmt":"2010-04-19T08:59:30","slug":"premio-empreendedor-social-recebe-inscricoes","status":"publish","type":"post","link":"https:\/\/inclusivenews.com.br\/?p=14956","title":{"rendered":"Pr\u00eamio Empreendedor Social recebe inscri\u00e7\u00f5es"},"content":{"rendered":"<figure style=\"width: 180px\" class=\"wp-caption alignleft\"><img loading=\"lazy\" decoding=\"async\" title=\"V\u00e1rias pessoas escrevendo vistas do alto\" src=\"http:\/\/www.rts.org.br\/noticias\/destaque-3\/imagens2009\/premio-empreendedor-social-recebe-inscricoes.jpg\" alt=\"\" width=\"180\" height=\"120\" \/><figcaption class=\"wp-caption-text\"> <\/figcaption><\/figure>\n<p>Promovido anualmente pela Funda\u00e7\u00e3o Schwab em 14 pa\u00edses (\u00c1frica do Sul, Alemanha, Austr\u00e1lia, Brasil, Chile, Filipinas, Fran\u00e7a, \u00cdndia, Indon\u00e9sia, Israel, Jap\u00e3o, Rep\u00fablica Tcheca, Su\u00ed\u00e7a e Venezuela) e em mais seis regi\u00f5es (pa\u00edses da \u00c1frica, da \u00c1frica do Norte e do Oriente M\u00e9dio, da Am\u00e9rica Central, da Am\u00e9rica Latina, da \u00c1sia Oriental e da Europa Central e do Leste), o concurso, em sua edi\u00e7\u00e3o brasileira, teve recorde mundial de inscritos nos \u00faltimos cinco anos. Nesse per\u00edodo, contabilizou 1.244 inscri\u00e7\u00f5es, mas apenas 37 empreendedores chegaram \u00e0 final. No ano passado, foram 251 candidatos e dez finalistas.<\/p>\n<p>Al\u00e9m de visibilidade na m\u00eddia, todos os finalistas ter\u00e3o seus perfis publicados pela Folha de S.Paulo (em um caderno especial em edi\u00e7\u00e3o nacional) e no site da Folha Online, e o vencedor far\u00e1 parte da rede mundial de Empreendedores Sociais de Destaque da Funda\u00e7\u00e3o Schwab.<\/p>\n<p>Entre os benef\u00edcios especiais a que ter\u00e1 direito, destacam-se servi\u00e7os de consultoria internacional gratuitos e bolsas de estudo para cursos de ensino executivo em institui\u00e7\u00f5es de primeira linha, como Harvard Business School, Insead e Universidade de Stanford.<\/p>\n<p>O vencedor tamb\u00e9m ser\u00e1 convidado a participar da reuni\u00e3o do F\u00f3rum Econ\u00f4mico Mundial para a Am\u00e9rica Latina, que em 2011 deve ser em S\u00e3o Paulo. Dependendo do perfil, poder\u00e1 ainda fazer parte da Reuni\u00e3o Anual do F\u00f3rum Econ\u00f4mico Mundial, em Davos, na Su\u00ed\u00e7a; da comunidade global de empreendedores sociais no Conselho da Agenda Global do F\u00f3rum Econ\u00f4mico Mundial; e da organiza\u00e7\u00e3o Jovens L\u00edderes Globais do F\u00f3rum Econ\u00f4mico Mundial.<\/p>\n<p>E receber\u00e1, gratuitamente, quatro sess\u00f5es de &#8220;coaching&#8221; (treinamento de gest\u00e3o estrat\u00e9gica) da consultoria sitawi, organiza\u00e7\u00e3o que oferece capital e aconselhamento para impacto social. Neste ano, todos os finalistas ter\u00e3o tamb\u00e9m acesso gratuito ao programa de forma\u00e7\u00e3o de empreendedores sociais da Artemisia e a um pacote de servi\u00e7os do The Hub.<\/p>\n<p>Em 2009, os vencedores do Pr\u00eamio Empreendedor Social foram o bi\u00f3logo Claudio Padua, 61, e sua mulher, a educadora ambiental Suzana Padua, 58, fundadores do Ip\u00ea (Instituto de Pesquisas Ecol\u00f3gicas), em Nazar\u00e9 Paulista (SP), terceira maior ONG ambiental do pa\u00eds, que inova na forma de integrar comunidades empobrecidas \u00e0 paisagem local, preservando-a.<\/p>\n<p>Nos anos anteriores, os ganhadores foram: Andr\u00e9 Albuquerque, da Terra Nova &#8211; Curitiba (PR), em 2008; Ti\u00e3o Rocha, do CPCD (Centro Popular de Cultura e Desenvolvimento) &#8211; Belo Horizonte (MG), em 2007; F\u00e1bio Bibancos, da Turma do Bem &#8211; S\u00e3o Paulo (SP), em 2006; e Eugenio Scannavino Netto, do Projeto Sa\u00fade e Alegria &#8211; Santar\u00e9m (PA), em 2005.<\/p>\n<p>A Funda\u00e7\u00e3o Schwab de Empreendedorismo Social \u00e9 uma organiza\u00e7\u00e3o independente e neutra, sem fins lucrativos, criada em 1998 por Klaus Schwab, mentor do F\u00f3rum Econ\u00f4mico Mundial, e sua mulher, Hilde, com o prop\u00f3sito de promover o empreendedorismo social como elemento de est\u00edmulo para a inova\u00e7\u00e3o e o progresso na sociedade.<\/p>\n<p>Presente em todos os continentes, a organiza\u00e7\u00e3o j\u00e1 selecionou para a sua rede 172 l\u00edderes sociais sendo 14 deles brasileiros e 6 eleitos em parceria com a Folha de S.Paulo- em 47 pa\u00edses. A funda\u00e7\u00e3o \u00e9 supervisionada legalmente pelo governo federal da Su\u00ed\u00e7a, sendo que sua sede fica em Cologny (Genebra).<\/p>\n<p>No Brasil, a Folha de S.Paulo \u00e9 parceira exclusiva da Funda\u00e7\u00e3o Schwab no Pr\u00eamio Empreendedor Social, que tem apoio estrat\u00e9gico da sitawi, organiza\u00e7\u00e3o que oferece capital e aconselhamento para impacto social. Outros apoiadores s\u00e3o a Artemisia Modelo de Neg\u00f3cios Sociais, a Ashoka Empreendedores Sociais, o Ceats-FIA (Centro de Empreendedorismo Social e Administra\u00e7\u00e3o em Terceiro Setor da Funda\u00e7\u00e3o Instituto de Administra\u00e7\u00e3o), a Folha Online, o Gife (Grupo de Institutos, Funda\u00e7\u00f5es e Empresas), o Iats (Instituto de Administra\u00e7\u00e3o para o Terceiro Setor), o Instituto Ethos de Responsabilidade Social, a P&amp;B Comunica\u00e7\u00e3o, a Sator, o The Hub Brasil e o UOL.<\/p>\n<p>Inscri\u00e7\u00f5es: somente pela internet, at\u00e9 15\/5, em <a href=\"http:\/\/www.folha.com.br\/empreendedorsocial\">www.folha.com.br\/empreendedorsocial<\/a>, onde tamb\u00e9m est\u00e1 o regulamento do concurso.<\/p>\n<p>Informa\u00e7\u00f5es: empreendedorsocial@grupofolha.com.br<\/p>\n<p>_________________________<\/p>\n<p><strong>Fonte:<\/strong> <a href=\"http:\/\/www.rts.org.br\/noticias\/destaque-3\/premio-empreendedor-social-recebe-inscricoes\">Folha de S\u00e3o Paulo\/RTS<\/a><\/p>\n","protected":false},"excerpt":{"rendered":"<p>Est\u00e3o abertas as inscri\u00e7\u00f5es para o Pr\u00eamio Empreendedor Social 2010. Fruto de uma parceria entre a Folha de S.Paulo e a Funda\u00e7\u00e3o Schwab, da Su\u00ed\u00e7a, o concurso tem como objetivo identificar e promover l\u00edderes sociais de todo o pa\u00eds que atuam de forma inovadora, sustent\u00e1vel e com forte impacto na sociedade ou em \u00e1reas como ambiente, educa\u00e7\u00e3o, inf\u00e2ncia e sa\u00fade.<\/p>\n","protected":false},"author":1,"featured_media":0,"comment_status":"open","ping_status":"open","sticky":false,"template":"","format":"standard","meta":{"site-container-style":"default","site-container-layout":"default","site-sidebar-layout":"default","disable-article-header":"default","disable-site-header":"default","disable-site-footer":"default","disable-content-area-spacing":"default","footnotes":""},"categories":[96,4],"tags":[],"class_list":["post-14956","post","type-post","status-publish","format-standard","hentry","category-editais","category-noticias"],"yoast_head":"<!-- This site is optimized with the Yoast SEO plugin v27.4 - https:\/\/yoast.com\/product\/yoast-seo-wordpress\/ -->\n<title>Pr\u00eamio Empreendedor Social recebe inscri\u00e7\u00f5es -<\/title>\n<meta name=\"robots\" content=\"index, follow, max-snippet:-1, max-image-preview:large, max-video-preview:-1\" \/>\n<link rel=\"canonical\" href=\"https:\/\/inclusivenews.com.br\/?p=14956\" \/>\n<meta property=\"og:locale\" content=\"pt_PT\" \/>\n<meta property=\"og:type\" content=\"article\" \/>\n<meta property=\"og:title\" content=\"Pr\u00eamio Empreendedor Social recebe inscri\u00e7\u00f5es -\" \/>\n<meta property=\"og:description\" content=\"Est\u00e3o abertas as inscri\u00e7\u00f5es para o Pr\u00eamio Empreendedor Social 2010. Fruto de uma parceria entre a Folha de S.Paulo e a Funda\u00e7\u00e3o Schwab, da Su\u00ed\u00e7a, o concurso tem como objetivo identificar e promover l\u00edderes sociais de todo o pa\u00eds que atuam de forma inovadora, sustent\u00e1vel e com forte impacto na sociedade ou em \u00e1reas como ambiente, educa\u00e7\u00e3o, inf\u00e2ncia e sa\u00fade.\" \/>\n<meta property=\"og:url\" content=\"https:\/\/inclusivenews.com.br\/?p=14956\" \/>\n<meta property=\"article:publisher\" content=\"https:\/\/www.facebook.com\/agenciainclusive\/\" \/>\n<meta property=\"article:published_time\" content=\"2010-04-19T08:59:30+00:00\" \/>\n<meta property=\"og:image\" content=\"http:\/\/www.rts.org.br\/noticias\/destaque-3\/imagens2009\/premio-empreendedor-social-recebe-inscricoes.jpg\" \/>\n<meta name=\"author\" content=\"inclusivenews2024\" \/>\n<meta name=\"twitter:card\" content=\"summary_large_image\" \/>\n<meta name=\"twitter:label1\" content=\"Escrito por\" \/>\n\t<meta name=\"twitter:data1\" content=\"inclusivenews2024\" \/>\n\t<meta name=\"twitter:label2\" content=\"Tempo estimado de leitura\" \/>\n\t<meta name=\"twitter:data2\" content=\"4 minutos\" \/>\n<script type=\"application\/ld+json\" class=\"yoast-schema-graph\">{\"@context\":\"https:\\\/\\\/schema.org\",\"@graph\":[{\"@type\":\"Article\",\"@id\":\"https:\\\/\\\/inclusivenews.com.br\\\/?p=14956#article\",\"isPartOf\":{\"@id\":\"https:\\\/\\\/inclusivenews.com.br\\\/?p=14956\"},\"author\":{\"name\":\"inclusivenews2024\",\"@id\":\"https:\\\/\\\/inclusivenews.com.br\\\/#\\\/schema\\\/person\\\/ae4ec7087559b8692fb33b6fffd2273b\"},\"headline\":\"Pr\u00eamio Empreendedor Social recebe inscri\u00e7\u00f5es\",\"datePublished\":\"2010-04-19T08:59:30+00:00\",\"mainEntityOfPage\":{\"@id\":\"https:\\\/\\\/inclusivenews.com.br\\\/?p=14956\"},\"wordCount\":714,\"commentCount\":0,\"publisher\":{\"@id\":\"https:\\\/\\\/inclusivenews.com.br\\\/#organization\"},\"image\":{\"@id\":\"https:\\\/\\\/inclusivenews.com.br\\\/?p=14956#primaryimage\"},\"thumbnailUrl\":\"http:\\\/\\\/www.rts.org.br\\\/noticias\\\/destaque-3\\\/imagens2009\\\/premio-empreendedor-social-recebe-inscricoes.jpg\",\"articleSection\":[\"Editais\",\"NOT\u00cdCIAS\"],\"inLanguage\":\"pt-PT\",\"potentialAction\":[{\"@type\":\"CommentAction\",\"name\":\"Comment\",\"target\":[\"https:\\\/\\\/inclusivenews.com.br\\\/?p=14956#respond\"]}]},{\"@type\":\"WebPage\",\"@id\":\"https:\\\/\\\/inclusivenews.com.br\\\/?p=14956\",\"url\":\"https:\\\/\\\/inclusivenews.com.br\\\/?p=14956\",\"name\":\"Pr\u00eamio Empreendedor Social recebe inscri\u00e7\u00f5es -\",\"isPartOf\":{\"@id\":\"https:\\\/\\\/inclusivenews.com.br\\\/#website\"},\"primaryImageOfPage\":{\"@id\":\"https:\\\/\\\/inclusivenews.com.br\\\/?p=14956#primaryimage\"},\"image\":{\"@id\":\"https:\\\/\\\/inclusivenews.com.br\\\/?p=14956#primaryimage\"},\"thumbnailUrl\":\"http:\\\/\\\/www.rts.org.br\\\/noticias\\\/destaque-3\\\/imagens2009\\\/premio-empreendedor-social-recebe-inscricoes.jpg\",\"datePublished\":\"2010-04-19T08:59:30+00:00\",\"breadcrumb\":{\"@id\":\"https:\\\/\\\/inclusivenews.com.br\\\/?p=14956#breadcrumb\"},\"inLanguage\":\"pt-PT\",\"potentialAction\":[{\"@type\":\"ReadAction\",\"target\":[\"https:\\\/\\\/inclusivenews.com.br\\\/?p=14956\"]}]},{\"@type\":\"ImageObject\",\"inLanguage\":\"pt-PT\",\"@id\":\"https:\\\/\\\/inclusivenews.com.br\\\/?p=14956#primaryimage\",\"url\":\"http:\\\/\\\/www.rts.org.br\\\/noticias\\\/destaque-3\\\/imagens2009\\\/premio-empreendedor-social-recebe-inscricoes.jpg\",\"contentUrl\":\"http:\\\/\\\/www.rts.org.br\\\/noticias\\\/destaque-3\\\/imagens2009\\\/premio-empreendedor-social-recebe-inscricoes.jpg\"},{\"@type\":\"BreadcrumbList\",\"@id\":\"https:\\\/\\\/inclusivenews.com.br\\\/?p=14956#breadcrumb\",\"itemListElement\":[{\"@type\":\"ListItem\",\"position\":1,\"name\":\"In\u00edcio\",\"item\":\"https:\\\/\\\/inclusivenews.com.br\\\/\"},{\"@type\":\"ListItem\",\"position\":2,\"name\":\"Pr\u00eamio Empreendedor Social recebe inscri\u00e7\u00f5es\"}]},{\"@type\":\"WebSite\",\"@id\":\"https:\\\/\\\/inclusivenews.com.br\\\/#website\",\"url\":\"https:\\\/\\\/inclusivenews.com.br\\\/\",\"name\":\"Inclusive News\",\"description\":\"Inclusive News\",\"publisher\":{\"@id\":\"https:\\\/\\\/inclusivenews.com.br\\\/#organization\"},\"potentialAction\":[{\"@type\":\"SearchAction\",\"target\":{\"@type\":\"EntryPoint\",\"urlTemplate\":\"https:\\\/\\\/inclusivenews.com.br\\\/?s={search_term_string}\"},\"query-input\":{\"@type\":\"PropertyValueSpecification\",\"valueRequired\":true,\"valueName\":\"search_term_string\"}}],\"inLanguage\":\"pt-PT\"},{\"@type\":\"Organization\",\"@id\":\"https:\\\/\\\/inclusivenews.com.br\\\/#organization\",\"name\":\"Inclusive - inclus\u00e3o e cidadania\",\"url\":\"https:\\\/\\\/inclusivenews.com.br\\\/\",\"logo\":{\"@type\":\"ImageObject\",\"inLanguage\":\"pt-PT\",\"@id\":\"https:\\\/\\\/inclusivenews.com.br\\\/#\\\/schema\\\/logo\\\/image\\\/\",\"url\":\"https:\\\/\\\/inclusivenews.com.br\\\/wp-content\\\/uploads\\\/2024\\\/03\\\/@grandesite.png\",\"contentUrl\":\"https:\\\/\\\/inclusivenews.com.br\\\/wp-content\\\/uploads\\\/2024\\\/03\\\/@grandesite.png\",\"width\":1080,\"height\":1080,\"caption\":\"Inclusive - inclus\u00e3o e cidadania\"},\"image\":{\"@id\":\"https:\\\/\\\/inclusivenews.com.br\\\/#\\\/schema\\\/logo\\\/image\\\/\"},\"sameAs\":[\"https:\\\/\\\/www.facebook.com\\\/agenciainclusive\\\/\",\"https:\\\/\\\/www.instagram.com\\\/newsinclusive\\\/\"]},{\"@type\":\"Person\",\"@id\":\"https:\\\/\\\/inclusivenews.com.br\\\/#\\\/schema\\\/person\\\/ae4ec7087559b8692fb33b6fffd2273b\",\"name\":\"inclusivenews2024\",\"image\":{\"@type\":\"ImageObject\",\"inLanguage\":\"pt-PT\",\"@id\":\"https:\\\/\\\/secure.gravatar.com\\\/avatar\\\/c5a7ef84c66fa914f55bc4f7ce26cfa275a3b9a1c5568b907bd184fb4dde7b40?s=96&d=mm&r=g\",\"url\":\"https:\\\/\\\/secure.gravatar.com\\\/avatar\\\/c5a7ef84c66fa914f55bc4f7ce26cfa275a3b9a1c5568b907bd184fb4dde7b40?s=96&d=mm&r=g\",\"contentUrl\":\"https:\\\/\\\/secure.gravatar.com\\\/avatar\\\/c5a7ef84c66fa914f55bc4f7ce26cfa275a3b9a1c5568b907bd184fb4dde7b40?s=96&d=mm&r=g\",\"caption\":\"inclusivenews2024\"},\"sameAs\":[\"https:\\\/\\\/inclusivenews.com.br\"],\"url\":\"https:\\\/\\\/inclusivenews.com.br\\\/?author=1\"}]}<\/script>\n<!-- \/ Yoast SEO plugin. -->","yoast_head_json":{"title":"Pr\u00eamio Empreendedor Social recebe inscri\u00e7\u00f5es -","robots":{"index":"index","follow":"follow","max-snippet":"max-snippet:-1","max-image-preview":"max-image-preview:large","max-video-preview":"max-video-preview:-1"},"canonical":"https:\/\/inclusivenews.com.br\/?p=14956","og_locale":"pt_PT","og_type":"article","og_title":"Pr\u00eamio Empreendedor Social recebe inscri\u00e7\u00f5es -","og_description":"Est\u00e3o abertas as inscri\u00e7\u00f5es para o Pr\u00eamio Empreendedor Social 2010. Fruto de uma parceria entre a Folha de S.Paulo e a Funda\u00e7\u00e3o Schwab, da Su\u00ed\u00e7a, o concurso tem como objetivo identificar e promover l\u00edderes sociais de todo o pa\u00eds que atuam de forma inovadora, sustent\u00e1vel e com forte impacto na sociedade ou em \u00e1reas como ambiente, educa\u00e7\u00e3o, inf\u00e2ncia e sa\u00fade.","og_url":"https:\/\/inclusivenews.com.br\/?p=14956","article_publisher":"https:\/\/www.facebook.com\/agenciainclusive\/","article_published_time":"2010-04-19T08:59:30+00:00","og_image":[{"url":"http:\/\/www.rts.org.br\/noticias\/destaque-3\/imagens2009\/premio-empreendedor-social-recebe-inscricoes.jpg","type":"","width":"","height":""}],"author":"inclusivenews2024","twitter_card":"summary_large_image","twitter_misc":{"Escrito por":"inclusivenews2024","Tempo estimado de leitura":"4 minutos"},"schema":{"@context":"https:\/\/schema.org","@graph":[{"@type":"Article","@id":"https:\/\/inclusivenews.com.br\/?p=14956#article","isPartOf":{"@id":"https:\/\/inclusivenews.com.br\/?p=14956"},"author":{"name":"inclusivenews2024","@id":"https:\/\/inclusivenews.com.br\/#\/schema\/person\/ae4ec7087559b8692fb33b6fffd2273b"},"headline":"Pr\u00eamio Empreendedor Social recebe inscri\u00e7\u00f5es","datePublished":"2010-04-19T08:59:30+00:00","mainEntityOfPage":{"@id":"https:\/\/inclusivenews.com.br\/?p=14956"},"wordCount":714,"commentCount":0,"publisher":{"@id":"https:\/\/inclusivenews.com.br\/#organization"},"image":{"@id":"https:\/\/inclusivenews.com.br\/?p=14956#primaryimage"},"thumbnailUrl":"http:\/\/www.rts.org.br\/noticias\/destaque-3\/imagens2009\/premio-empreendedor-social-recebe-inscricoes.jpg","articleSection":["Editais","NOT\u00cdCIAS"],"inLanguage":"pt-PT","potentialAction":[{"@type":"CommentAction","name":"Comment","target":["https:\/\/inclusivenews.com.br\/?p=14956#respond"]}]},{"@type":"WebPage","@id":"https:\/\/inclusivenews.com.br\/?p=14956","url":"https:\/\/inclusivenews.com.br\/?p=14956","name":"Pr\u00eamio Empreendedor Social recebe inscri\u00e7\u00f5es -","isPartOf":{"@id":"https:\/\/inclusivenews.com.br\/#website"},"primaryImageOfPage":{"@id":"https:\/\/inclusivenews.com.br\/?p=14956#primaryimage"},"image":{"@id":"https:\/\/inclusivenews.com.br\/?p=14956#primaryimage"},"thumbnailUrl":"http:\/\/www.rts.org.br\/noticias\/destaque-3\/imagens2009\/premio-empreendedor-social-recebe-inscricoes.jpg","datePublished":"2010-04-19T08:59:30+00:00","breadcrumb":{"@id":"https:\/\/inclusivenews.com.br\/?p=14956#breadcrumb"},"inLanguage":"pt-PT","potentialAction":[{"@type":"ReadAction","target":["https:\/\/inclusivenews.com.br\/?p=14956"]}]},{"@type":"ImageObject","inLanguage":"pt-PT","@id":"https:\/\/inclusivenews.com.br\/?p=14956#primaryimage","url":"http:\/\/www.rts.org.br\/noticias\/destaque-3\/imagens2009\/premio-empreendedor-social-recebe-inscricoes.jpg","contentUrl":"http:\/\/www.rts.org.br\/noticias\/destaque-3\/imagens2009\/premio-empreendedor-social-recebe-inscricoes.jpg"},{"@type":"BreadcrumbList","@id":"https:\/\/inclusivenews.com.br\/?p=14956#breadcrumb","itemListElement":[{"@type":"ListItem","position":1,"name":"In\u00edcio","item":"https:\/\/inclusivenews.com.br\/"},{"@type":"ListItem","position":2,"name":"Pr\u00eamio Empreendedor Social recebe inscri\u00e7\u00f5es"}]},{"@type":"WebSite","@id":"https:\/\/inclusivenews.com.br\/#website","url":"https:\/\/inclusivenews.com.br\/","name":"Inclusive News","description":"Inclusive News","publisher":{"@id":"https:\/\/inclusivenews.com.br\/#organization"},"potentialAction":[{"@type":"SearchAction","target":{"@type":"EntryPoint","urlTemplate":"https:\/\/inclusivenews.com.br\/?s={search_term_string}"},"query-input":{"@type":"PropertyValueSpecification","valueRequired":true,"valueName":"search_term_string"}}],"inLanguage":"pt-PT"},{"@type":"Organization","@id":"https:\/\/inclusivenews.com.br\/#organization","name":"Inclusive - inclus\u00e3o e cidadania","url":"https:\/\/inclusivenews.com.br\/","logo":{"@type":"ImageObject","inLanguage":"pt-PT","@id":"https:\/\/inclusivenews.com.br\/#\/schema\/logo\/image\/","url":"https:\/\/inclusivenews.com.br\/wp-content\/uploads\/2024\/03\/@grandesite.png","contentUrl":"https:\/\/inclusivenews.com.br\/wp-content\/uploads\/2024\/03\/@grandesite.png","width":1080,"height":1080,"caption":"Inclusive - inclus\u00e3o e cidadania"},"image":{"@id":"https:\/\/inclusivenews.com.br\/#\/schema\/logo\/image\/"},"sameAs":["https:\/\/www.facebook.com\/agenciainclusive\/","https:\/\/www.instagram.com\/newsinclusive\/"]},{"@type":"Person","@id":"https:\/\/inclusivenews.com.br\/#\/schema\/person\/ae4ec7087559b8692fb33b6fffd2273b","name":"inclusivenews2024","image":{"@type":"ImageObject","inLanguage":"pt-PT","@id":"https:\/\/secure.gravatar.com\/avatar\/c5a7ef84c66fa914f55bc4f7ce26cfa275a3b9a1c5568b907bd184fb4dde7b40?s=96&d=mm&r=g","url":"https:\/\/secure.gravatar.com\/avatar\/c5a7ef84c66fa914f55bc4f7ce26cfa275a3b9a1c5568b907bd184fb4dde7b40?s=96&d=mm&r=g","contentUrl":"https:\/\/secure.gravatar.com\/avatar\/c5a7ef84c66fa914f55bc4f7ce26cfa275a3b9a1c5568b907bd184fb4dde7b40?s=96&d=mm&r=g","caption":"inclusivenews2024"},"sameAs":["https:\/\/inclusivenews.com.br"],"url":"https:\/\/inclusivenews.com.br\/?author=1"}]}},"_links":{"self":[{"href":"https:\/\/inclusivenews.com.br\/index.php?rest_route=\/wp\/v2\/posts\/14956","targetHints":{"allow":["GET"]}}],"collection":[{"href":"https:\/\/inclusivenews.com.br\/index.php?rest_route=\/wp\/v2\/posts"}],"about":[{"href":"https:\/\/inclusivenews.com.br\/index.php?rest_route=\/wp\/v2\/types\/post"}],"author":[{"embeddable":true,"href":"https:\/\/inclusivenews.com.br\/index.php?rest_route=\/wp\/v2\/users\/1"}],"replies":[{"embeddable":true,"href":"https:\/\/inclusivenews.com.br\/index.php?rest_route=%2Fwp%2Fv2%2Fcomments&post=14956"}],"version-history":[{"count":0,"href":"https:\/\/inclusivenews.com.br\/index.php?rest_route=\/wp\/v2\/posts\/14956\/revisions"}],"wp:attachment":[{"href":"https:\/\/inclusivenews.com.br\/index.php?rest_route=%2Fwp%2Fv2%2Fmedia&parent=14956"}],"wp:term":[{"taxonomy":"category","embeddable":true,"href":"https:\/\/inclusivenews.com.br\/index.php?rest_route=%2Fwp%2Fv2%2Fcategories&post=14956"},{"taxonomy":"post_tag","embeddable":true,"href":"https:\/\/inclusivenews.com.br\/index.php?rest_route=%2Fwp%2Fv2%2Ftags&post=14956"}],"curies":[{"name":"wp","href":"https:\/\/api.w.org\/{rel}","templated":true}]}}