{"id":14958,"date":"2010-04-19T06:00:51","date_gmt":"2010-04-19T09:00:51","guid":{"rendered":"http:\/\/www.inclusive.org.br\/?p=14958"},"modified":"2010-04-19T06:00:51","modified_gmt":"2010-04-19T09:00:51","slug":"voce-nasceu-como-uma-copia-mas-vai-morrer-como-um-original","status":"publish","type":"post","link":"https:\/\/inclusivenews.com.br\/?p=14958","title":{"rendered":"Voc\u00ea nasceu como uma c\u00f3pia, mas vai morrer como um original"},"content":{"rendered":"<figure id=\"attachment_13621\" aria-describedby=\"caption-attachment-13621\" style=\"width: 200px\" class=\"wp-caption alignleft\"><a href=\"http:\/\/www.inclusivenews.com.br\/wp-content\/uploads\/2010\/01\/idosa-onibus.jpg\"><img loading=\"lazy\" decoding=\"async\" class=\"size-full wp-image-13621\" title=\"ESTATUTO DO IDOSO\" src=\"http:\/\/inclusivenews.com.br\/wp-content\/uploads\/2010\/01\/idosa-onibus.jpg\" alt=\"\" width=\"200\" height=\"305\" \/><\/a><figcaption id=\"caption-attachment-13621\" class=\"wp-caption-text\">Senhora idosa sobe em \u00f4nibus<\/figcaption><\/figure>\n<p>Diferen\u00e7as da idade<\/p>\n<p>Quanto mais velhos ficamos, mais nos tornamos diferentes.<br \/>\nEsta \u00e9 a conclus\u00e3o de um estudo de 20 anos, que acompanhou um grupo de pessoas entre os 70 e os 90 anos de idade.<\/p>\n<p>&#8220;As pessoas idosas s\u00e3o geralmente consideradas como um grupo bastante homog\u00eaneo &#8211; s\u00e3o consideradas doentes, solit\u00e1rias e incapazes de cuidar de si mesmas. Mas a verdade \u00e9 que as diferen\u00e7as entre as pessoas aumentam com a idade,&#8221; afirma Bo G Eriksson, da Universidade de Gotemburgo, na Su\u00e9cia.<\/p>\n<p>Preconceito de idade<\/p>\n<p>Em sua pesquisa, Eriksson estudou participantes do \u00fanico e extenso estudo chamado H70, que \u00e9 baseado em um grupo de indiv\u00edduos selecionados aleatoriamente, nascidos em 1901 e 1902, que foram acompanhados de perto durante suas vidas inteiras.<\/p>\n<p>O estudo de Eriksson focou o per\u00edodo entre dos 70 aos 90 anos de vida dessas pessoas. E descobriu que as pessoas se tornam cada vez mais diferentes \u00e0 medida que envelhecem.<\/p>\n<p>&#8220;A percep\u00e7\u00e3o das pessoas idosas como tendo interesses, valores e estilos de vida semelhantes pode levar \u00e0 discrimina\u00e7\u00e3o baseada na idade. No entanto, descobri que, conforme as pessoas envelhecem, esses estere\u00f3tipos se tornam cada mais falsos,&#8221; diz Eriksson.<\/p>\n<p>O pesquisador tamb\u00e9m estudou as diferen\u00e7as nas causas de morte com o aumento da idade, e novamente encontrou ind\u00edcios de poss\u00edveis discrimina\u00e7\u00f5es por idade.<\/p>\n<p>Fatores de diferencia\u00e7\u00e3o entre os idosos<\/p>\n<p>Ao explorar como as condi\u00e7\u00f5es sociais podem afetar a longevidade, o pesquisador encontrou quatro mecanismos em opera\u00e7\u00e3o, que distinguem inteiramente as pessoas idosas.<\/p>\n<p>Os dois primeiros dizem respeito \u00e0 cria\u00e7\u00e3o de fatos sociais. Exemplos de fatos sociais incluem promessas e acordos que refor\u00e7am a identidade dos indiv\u00edduos.<\/p>\n<p>O terceiro mecanismo refere-se a como uma pessoa constr\u00f3i e mant\u00e9m a autoestima ao conseguir responder com sucesso aos desafios.<\/p>\n<p>O quarto mecanismo consiste das conversas di\u00e1rias, que diminuem a ansiedade e oferecem apoio na tomada de decis\u00f5es di\u00e1rias, melhoram a aten\u00e7\u00e3o e funcionam como um exerc\u00edcio para o c\u00e9rebro e a mem\u00f3ria.<\/p>\n<p>&#8220;Tomados em conjunto, estes mecanismos tamb\u00e9m contribuem para o aumento da atividade cotidiana, que tem alguns efeitos f\u00edsicos ben\u00e9ficos,&#8221; diz Eriksson.<\/p>\n<p>Redes neurais artificiais<\/p>\n<p>O cientista aplicou dois m\u00e9todos diferentes para prever a longevidade das pessoas: um que os pesquisadores usam geralmente quando calculam probabilidades e um que \u00e9 baseado em redes neurais artificiais (RNA), que s\u00e3o comumente utilizadas em pesquisas sobre intelig\u00eancia artificial.<\/p>\n<p>Metodologicamente, o trabalho revelou que o m\u00e9todo RNA \u00e9 mais eficaz em situa\u00e7\u00f5es complexas, nos quais os m\u00e9todos tradicionais n\u00e3o funcionam.<\/p>\n<p>Refor\u00e7ando a diferencia\u00e7\u00e3o entre os idosos, a pesquisa mostrou que a probabilidade sozinha n\u00e3o \u00e9 capaz de estimar o tempo de vida do grupo de idosos simplesmente porque o grupo \u00e9 muito heterog\u00eaneo, formado a partir das in\u00fameras varia\u00e7\u00f5es dos fatores de diferencia\u00e7\u00e3o relatados acima.<\/p>\n<p>As redes neurais, por conseguirem lidar com dados mais complexos, d\u00e3o melhor resultado. Elas podem ser adequadas at\u00e9 mesmo na avalia\u00e7\u00e3o de resultados obtidos com os m\u00e9todos tradicionais de pesquisa.<\/p>\n<p>Sobre o estudo H70<\/p>\n<p>O estudo H70 \u00e9 um estudo de base populacional \u00fanico no mundo. Ele avaliou o envelhecimento usando dimens\u00f5es m\u00e9dicas e cognitivas.<\/p>\n<p>Cinco grupos diferentes de pessoas na faixa dos 70 anos de idade j\u00e1 foram avaliados at\u00e9 agora, revelando uma s\u00e9rie de tend\u00eancias na \u00e1rea da sa\u00fade mental e f\u00edsica.<\/p>\n<p>Al\u00e9m disso, alguns grupos foram seguidos longitudinalmente ao longo de tr\u00eas d\u00e9cadas. O estudo H70 \u00e9 coordenado por v\u00e1rios grupos de pesquisa da Universidade de Gotemburgo.<\/p>\n","protected":false},"excerpt":{"rendered":"<p>Quanto mais velhos ficamos, mais nos tornamos diferentes. Esta \u00e9 a conclus\u00e3o de um estudo de 20 anos, que acompanhou um grupo de pessoas entre os 70 e os 90 anos de idade. Informa\u00e7\u00e3o \u00e9 do Di\u00e1rio da Sa\u00fade.<\/p>\n","protected":false},"author":1,"featured_media":0,"comment_status":"open","ping_status":"open","sticky":false,"template":"","format":"standard","meta":{"site-container-style":"default","site-container-layout":"default","site-sidebar-layout":"default","disable-article-header":"default","disable-site-header":"default","disable-site-footer":"default","disable-content-area-spacing":"default","footnotes":""},"categories":[4,41],"tags":[66],"class_list":["post-14958","post","type-post","status-publish","format-standard","hentry","category-noticias","category-preconceito","tag-idosos"],"yoast_head":"<!-- This site is optimized with the Yoast SEO plugin v27.4 - https:\/\/yoast.com\/product\/yoast-seo-wordpress\/ -->\n<title>Voc\u00ea nasceu como uma c\u00f3pia, mas vai morrer como um original -<\/title>\n<meta name=\"robots\" content=\"index, follow, max-snippet:-1, max-image-preview:large, max-video-preview:-1\" \/>\n<link rel=\"canonical\" href=\"https:\/\/inclusivenews.com.br\/?p=14958\" \/>\n<meta property=\"og:locale\" content=\"pt_PT\" \/>\n<meta property=\"og:type\" content=\"article\" \/>\n<meta property=\"og:title\" content=\"Voc\u00ea nasceu como uma c\u00f3pia, mas vai morrer como um original -\" \/>\n<meta property=\"og:description\" content=\"Quanto mais velhos ficamos, mais nos tornamos diferentes. Esta \u00e9 a conclus\u00e3o de um estudo de 20 anos, que acompanhou um grupo de pessoas entre os 70 e os 90 anos de idade. Informa\u00e7\u00e3o \u00e9 do Di\u00e1rio da Sa\u00fade.\" \/>\n<meta property=\"og:url\" content=\"https:\/\/inclusivenews.com.br\/?p=14958\" \/>\n<meta property=\"article:publisher\" content=\"https:\/\/www.facebook.com\/agenciainclusive\/\" \/>\n<meta property=\"article:published_time\" content=\"2010-04-19T09:00:51+00:00\" \/>\n<meta property=\"og:image\" content=\"http:\/\/inclusivenews.com.br\/wp-content\/uploads\/2010\/01\/idosa-onibus.jpg\" \/>\n<meta name=\"author\" content=\"inclusivenews2024\" \/>\n<meta name=\"twitter:card\" content=\"summary_large_image\" \/>\n<meta name=\"twitter:label1\" content=\"Escrito por\" \/>\n\t<meta name=\"twitter:data1\" content=\"inclusivenews2024\" \/>\n\t<meta name=\"twitter:label2\" content=\"Tempo estimado de leitura\" \/>\n\t<meta name=\"twitter:data2\" content=\"3 minutos\" \/>\n<script type=\"application\/ld+json\" class=\"yoast-schema-graph\">{\"@context\":\"https:\\\/\\\/schema.org\",\"@graph\":[{\"@type\":\"Article\",\"@id\":\"https:\\\/\\\/inclusivenews.com.br\\\/?p=14958#article\",\"isPartOf\":{\"@id\":\"https:\\\/\\\/inclusivenews.com.br\\\/?p=14958\"},\"author\":{\"name\":\"inclusivenews2024\",\"@id\":\"https:\\\/\\\/inclusivenews.com.br\\\/#\\\/schema\\\/person\\\/ae4ec7087559b8692fb33b6fffd2273b\"},\"headline\":\"Voc\u00ea nasceu como uma c\u00f3pia, mas vai morrer como um original\",\"datePublished\":\"2010-04-19T09:00:51+00:00\",\"mainEntityOfPage\":{\"@id\":\"https:\\\/\\\/inclusivenews.com.br\\\/?p=14958\"},\"wordCount\":631,\"commentCount\":0,\"publisher\":{\"@id\":\"https:\\\/\\\/inclusivenews.com.br\\\/#organization\"},\"image\":{\"@id\":\"https:\\\/\\\/inclusivenews.com.br\\\/?p=14958#primaryimage\"},\"thumbnailUrl\":\"http:\\\/\\\/inclusivenews.com.br\\\/wp-content\\\/uploads\\\/2010\\\/01\\\/idosa-onibus.jpg\",\"keywords\":[\"Idosos\"],\"articleSection\":[\"NOT\u00cdCIAS\",\"Preconceito\"],\"inLanguage\":\"pt-PT\",\"potentialAction\":[{\"@type\":\"CommentAction\",\"name\":\"Comment\",\"target\":[\"https:\\\/\\\/inclusivenews.com.br\\\/?p=14958#respond\"]}]},{\"@type\":\"WebPage\",\"@id\":\"https:\\\/\\\/inclusivenews.com.br\\\/?p=14958\",\"url\":\"https:\\\/\\\/inclusivenews.com.br\\\/?p=14958\",\"name\":\"Voc\u00ea nasceu como uma c\u00f3pia, mas vai morrer como um original -\",\"isPartOf\":{\"@id\":\"https:\\\/\\\/inclusivenews.com.br\\\/#website\"},\"primaryImageOfPage\":{\"@id\":\"https:\\\/\\\/inclusivenews.com.br\\\/?p=14958#primaryimage\"},\"image\":{\"@id\":\"https:\\\/\\\/inclusivenews.com.br\\\/?p=14958#primaryimage\"},\"thumbnailUrl\":\"http:\\\/\\\/inclusivenews.com.br\\\/wp-content\\\/uploads\\\/2010\\\/01\\\/idosa-onibus.jpg\",\"datePublished\":\"2010-04-19T09:00:51+00:00\",\"breadcrumb\":{\"@id\":\"https:\\\/\\\/inclusivenews.com.br\\\/?p=14958#breadcrumb\"},\"inLanguage\":\"pt-PT\",\"potentialAction\":[{\"@type\":\"ReadAction\",\"target\":[\"https:\\\/\\\/inclusivenews.com.br\\\/?p=14958\"]}]},{\"@type\":\"ImageObject\",\"inLanguage\":\"pt-PT\",\"@id\":\"https:\\\/\\\/inclusivenews.com.br\\\/?p=14958#primaryimage\",\"url\":\"\",\"contentUrl\":\"\"},{\"@type\":\"BreadcrumbList\",\"@id\":\"https:\\\/\\\/inclusivenews.com.br\\\/?p=14958#breadcrumb\",\"itemListElement\":[{\"@type\":\"ListItem\",\"position\":1,\"name\":\"In\u00edcio\",\"item\":\"https:\\\/\\\/inclusivenews.com.br\\\/\"},{\"@type\":\"ListItem\",\"position\":2,\"name\":\"Voc\u00ea nasceu como uma c\u00f3pia, mas vai morrer como um original\"}]},{\"@type\":\"WebSite\",\"@id\":\"https:\\\/\\\/inclusivenews.com.br\\\/#website\",\"url\":\"https:\\\/\\\/inclusivenews.com.br\\\/\",\"name\":\"Inclusive News\",\"description\":\"Inclusive News\",\"publisher\":{\"@id\":\"https:\\\/\\\/inclusivenews.com.br\\\/#organization\"},\"potentialAction\":[{\"@type\":\"SearchAction\",\"target\":{\"@type\":\"EntryPoint\",\"urlTemplate\":\"https:\\\/\\\/inclusivenews.com.br\\\/?s={search_term_string}\"},\"query-input\":{\"@type\":\"PropertyValueSpecification\",\"valueRequired\":true,\"valueName\":\"search_term_string\"}}],\"inLanguage\":\"pt-PT\"},{\"@type\":\"Organization\",\"@id\":\"https:\\\/\\\/inclusivenews.com.br\\\/#organization\",\"name\":\"Inclusive - inclus\u00e3o e cidadania\",\"url\":\"https:\\\/\\\/inclusivenews.com.br\\\/\",\"logo\":{\"@type\":\"ImageObject\",\"inLanguage\":\"pt-PT\",\"@id\":\"https:\\\/\\\/inclusivenews.com.br\\\/#\\\/schema\\\/logo\\\/image\\\/\",\"url\":\"https:\\\/\\\/inclusivenews.com.br\\\/wp-content\\\/uploads\\\/2024\\\/03\\\/@grandesite.png\",\"contentUrl\":\"https:\\\/\\\/inclusivenews.com.br\\\/wp-content\\\/uploads\\\/2024\\\/03\\\/@grandesite.png\",\"width\":1080,\"height\":1080,\"caption\":\"Inclusive - inclus\u00e3o e cidadania\"},\"image\":{\"@id\":\"https:\\\/\\\/inclusivenews.com.br\\\/#\\\/schema\\\/logo\\\/image\\\/\"},\"sameAs\":[\"https:\\\/\\\/www.facebook.com\\\/agenciainclusive\\\/\",\"https:\\\/\\\/www.instagram.com\\\/newsinclusive\\\/\"]},{\"@type\":\"Person\",\"@id\":\"https:\\\/\\\/inclusivenews.com.br\\\/#\\\/schema\\\/person\\\/ae4ec7087559b8692fb33b6fffd2273b\",\"name\":\"inclusivenews2024\",\"image\":{\"@type\":\"ImageObject\",\"inLanguage\":\"pt-PT\",\"@id\":\"https:\\\/\\\/secure.gravatar.com\\\/avatar\\\/c5a7ef84c66fa914f55bc4f7ce26cfa275a3b9a1c5568b907bd184fb4dde7b40?s=96&d=mm&r=g\",\"url\":\"https:\\\/\\\/secure.gravatar.com\\\/avatar\\\/c5a7ef84c66fa914f55bc4f7ce26cfa275a3b9a1c5568b907bd184fb4dde7b40?s=96&d=mm&r=g\",\"contentUrl\":\"https:\\\/\\\/secure.gravatar.com\\\/avatar\\\/c5a7ef84c66fa914f55bc4f7ce26cfa275a3b9a1c5568b907bd184fb4dde7b40?s=96&d=mm&r=g\",\"caption\":\"inclusivenews2024\"},\"sameAs\":[\"https:\\\/\\\/inclusivenews.com.br\"],\"url\":\"https:\\\/\\\/inclusivenews.com.br\\\/?author=1\"}]}<\/script>\n<!-- \/ Yoast SEO plugin. -->","yoast_head_json":{"title":"Voc\u00ea nasceu como uma c\u00f3pia, mas vai morrer como um original -","robots":{"index":"index","follow":"follow","max-snippet":"max-snippet:-1","max-image-preview":"max-image-preview:large","max-video-preview":"max-video-preview:-1"},"canonical":"https:\/\/inclusivenews.com.br\/?p=14958","og_locale":"pt_PT","og_type":"article","og_title":"Voc\u00ea nasceu como uma c\u00f3pia, mas vai morrer como um original -","og_description":"Quanto mais velhos ficamos, mais nos tornamos diferentes. Esta \u00e9 a conclus\u00e3o de um estudo de 20 anos, que acompanhou um grupo de pessoas entre os 70 e os 90 anos de idade. Informa\u00e7\u00e3o \u00e9 do Di\u00e1rio da Sa\u00fade.","og_url":"https:\/\/inclusivenews.com.br\/?p=14958","article_publisher":"https:\/\/www.facebook.com\/agenciainclusive\/","article_published_time":"2010-04-19T09:00:51+00:00","og_image":[{"url":"http:\/\/inclusivenews.com.br\/wp-content\/uploads\/2010\/01\/idosa-onibus.jpg","type":"","width":"","height":""}],"author":"inclusivenews2024","twitter_card":"summary_large_image","twitter_misc":{"Escrito por":"inclusivenews2024","Tempo estimado de leitura":"3 minutos"},"schema":{"@context":"https:\/\/schema.org","@graph":[{"@type":"Article","@id":"https:\/\/inclusivenews.com.br\/?p=14958#article","isPartOf":{"@id":"https:\/\/inclusivenews.com.br\/?p=14958"},"author":{"name":"inclusivenews2024","@id":"https:\/\/inclusivenews.com.br\/#\/schema\/person\/ae4ec7087559b8692fb33b6fffd2273b"},"headline":"Voc\u00ea nasceu como uma c\u00f3pia, mas vai morrer como um original","datePublished":"2010-04-19T09:00:51+00:00","mainEntityOfPage":{"@id":"https:\/\/inclusivenews.com.br\/?p=14958"},"wordCount":631,"commentCount":0,"publisher":{"@id":"https:\/\/inclusivenews.com.br\/#organization"},"image":{"@id":"https:\/\/inclusivenews.com.br\/?p=14958#primaryimage"},"thumbnailUrl":"http:\/\/inclusivenews.com.br\/wp-content\/uploads\/2010\/01\/idosa-onibus.jpg","keywords":["Idosos"],"articleSection":["NOT\u00cdCIAS","Preconceito"],"inLanguage":"pt-PT","potentialAction":[{"@type":"CommentAction","name":"Comment","target":["https:\/\/inclusivenews.com.br\/?p=14958#respond"]}]},{"@type":"WebPage","@id":"https:\/\/inclusivenews.com.br\/?p=14958","url":"https:\/\/inclusivenews.com.br\/?p=14958","name":"Voc\u00ea nasceu como uma c\u00f3pia, mas vai morrer como um original -","isPartOf":{"@id":"https:\/\/inclusivenews.com.br\/#website"},"primaryImageOfPage":{"@id":"https:\/\/inclusivenews.com.br\/?p=14958#primaryimage"},"image":{"@id":"https:\/\/inclusivenews.com.br\/?p=14958#primaryimage"},"thumbnailUrl":"http:\/\/inclusivenews.com.br\/wp-content\/uploads\/2010\/01\/idosa-onibus.jpg","datePublished":"2010-04-19T09:00:51+00:00","breadcrumb":{"@id":"https:\/\/inclusivenews.com.br\/?p=14958#breadcrumb"},"inLanguage":"pt-PT","potentialAction":[{"@type":"ReadAction","target":["https:\/\/inclusivenews.com.br\/?p=14958"]}]},{"@type":"ImageObject","inLanguage":"pt-PT","@id":"https:\/\/inclusivenews.com.br\/?p=14958#primaryimage","url":"","contentUrl":""},{"@type":"BreadcrumbList","@id":"https:\/\/inclusivenews.com.br\/?p=14958#breadcrumb","itemListElement":[{"@type":"ListItem","position":1,"name":"In\u00edcio","item":"https:\/\/inclusivenews.com.br\/"},{"@type":"ListItem","position":2,"name":"Voc\u00ea nasceu como uma c\u00f3pia, mas vai morrer como um original"}]},{"@type":"WebSite","@id":"https:\/\/inclusivenews.com.br\/#website","url":"https:\/\/inclusivenews.com.br\/","name":"Inclusive News","description":"Inclusive News","publisher":{"@id":"https:\/\/inclusivenews.com.br\/#organization"},"potentialAction":[{"@type":"SearchAction","target":{"@type":"EntryPoint","urlTemplate":"https:\/\/inclusivenews.com.br\/?s={search_term_string}"},"query-input":{"@type":"PropertyValueSpecification","valueRequired":true,"valueName":"search_term_string"}}],"inLanguage":"pt-PT"},{"@type":"Organization","@id":"https:\/\/inclusivenews.com.br\/#organization","name":"Inclusive - inclus\u00e3o e cidadania","url":"https:\/\/inclusivenews.com.br\/","logo":{"@type":"ImageObject","inLanguage":"pt-PT","@id":"https:\/\/inclusivenews.com.br\/#\/schema\/logo\/image\/","url":"https:\/\/inclusivenews.com.br\/wp-content\/uploads\/2024\/03\/@grandesite.png","contentUrl":"https:\/\/inclusivenews.com.br\/wp-content\/uploads\/2024\/03\/@grandesite.png","width":1080,"height":1080,"caption":"Inclusive - inclus\u00e3o e cidadania"},"image":{"@id":"https:\/\/inclusivenews.com.br\/#\/schema\/logo\/image\/"},"sameAs":["https:\/\/www.facebook.com\/agenciainclusive\/","https:\/\/www.instagram.com\/newsinclusive\/"]},{"@type":"Person","@id":"https:\/\/inclusivenews.com.br\/#\/schema\/person\/ae4ec7087559b8692fb33b6fffd2273b","name":"inclusivenews2024","image":{"@type":"ImageObject","inLanguage":"pt-PT","@id":"https:\/\/secure.gravatar.com\/avatar\/c5a7ef84c66fa914f55bc4f7ce26cfa275a3b9a1c5568b907bd184fb4dde7b40?s=96&d=mm&r=g","url":"https:\/\/secure.gravatar.com\/avatar\/c5a7ef84c66fa914f55bc4f7ce26cfa275a3b9a1c5568b907bd184fb4dde7b40?s=96&d=mm&r=g","contentUrl":"https:\/\/secure.gravatar.com\/avatar\/c5a7ef84c66fa914f55bc4f7ce26cfa275a3b9a1c5568b907bd184fb4dde7b40?s=96&d=mm&r=g","caption":"inclusivenews2024"},"sameAs":["https:\/\/inclusivenews.com.br"],"url":"https:\/\/inclusivenews.com.br\/?author=1"}]}},"_links":{"self":[{"href":"https:\/\/inclusivenews.com.br\/index.php?rest_route=\/wp\/v2\/posts\/14958","targetHints":{"allow":["GET"]}}],"collection":[{"href":"https:\/\/inclusivenews.com.br\/index.php?rest_route=\/wp\/v2\/posts"}],"about":[{"href":"https:\/\/inclusivenews.com.br\/index.php?rest_route=\/wp\/v2\/types\/post"}],"author":[{"embeddable":true,"href":"https:\/\/inclusivenews.com.br\/index.php?rest_route=\/wp\/v2\/users\/1"}],"replies":[{"embeddable":true,"href":"https:\/\/inclusivenews.com.br\/index.php?rest_route=%2Fwp%2Fv2%2Fcomments&post=14958"}],"version-history":[{"count":0,"href":"https:\/\/inclusivenews.com.br\/index.php?rest_route=\/wp\/v2\/posts\/14958\/revisions"}],"wp:attachment":[{"href":"https:\/\/inclusivenews.com.br\/index.php?rest_route=%2Fwp%2Fv2%2Fmedia&parent=14958"}],"wp:term":[{"taxonomy":"category","embeddable":true,"href":"https:\/\/inclusivenews.com.br\/index.php?rest_route=%2Fwp%2Fv2%2Fcategories&post=14958"},{"taxonomy":"post_tag","embeddable":true,"href":"https:\/\/inclusivenews.com.br\/index.php?rest_route=%2Fwp%2Fv2%2Ftags&post=14958"}],"curies":[{"name":"wp","href":"https:\/\/api.w.org\/{rel}","templated":true}]}}