{"id":14978,"date":"2010-04-20T06:07:08","date_gmt":"2010-04-20T09:07:08","guid":{"rendered":"http:\/\/www.inclusive.org.br\/?p=14978"},"modified":"2010-04-20T06:07:08","modified_gmt":"2010-04-20T09:07:08","slug":"indigenas-do-parana-tem-educacao-intercultural-bilingue-e-de-qualidade","status":"publish","type":"post","link":"https:\/\/inclusivenews.com.br\/?p=14978","title":{"rendered":"Ind\u00edgenas do Paran\u00e1 t\u00eam educa\u00e7\u00e3o intercultural, bil\u00edngue e de qualidade"},"content":{"rendered":"<figure style=\"width: 308px\" class=\"wp-caption alignleft\"><img loading=\"lazy\" decoding=\"async\" title=\"Crian\u00e7as ind\u00edgenas utilizando computadores.\" src=\"http:\/\/www.futurovip.com\/link1\/jornal\/educacao_indigena.jpg\" alt=\"\" width=\"308\" height=\"215\" \/><figcaption class=\"wp-caption-text\"> <\/figcaption><\/figure>\n<p>Com a preocupa\u00e7\u00e3o de garantir o direito \u00e0 escolariza\u00e7\u00e3o aos povos  ind\u00edgenas, a Secretaria Estadual da Educa\u00e7\u00e3o (Seed) desenvolve a\u00e7\u00f5es que  ampliam e aprimoram a Educa\u00e7\u00e3o Escolar Ind\u00edgena, tornando o Paran\u00e1 um  dos Estados-refer\u00eancia nesta modalidade e um dos poucos que oferecem  atendimento escolar da educa\u00e7\u00e3o infantil at\u00e9 o Ensino M\u00e9dio nas escolas  ind\u00edgenas.<\/p>\n<p>A Seed oferece aos mais de 3 mil alunos ind\u00edgenas  matriculados nas 33 escolas ind\u00edgenas, uma educa\u00e7\u00e3o intercultural,  bil\u00edngue e diferenciada. Al\u00e9m disto, todos os demais alunos da rede  estadual devem ter acesso ao ensino da hist\u00f3ria e da cultura ind\u00edgena  nas escolas \u2013 de acordo com o estabelecido pela Lei Federal 11.645\/2008  que determina a obrigatoriedade no curr\u00edculo escolar.<\/p>\n<p>Al\u00e9m da  organiza\u00e7\u00e3o pedag\u00f3gica, a estrutura f\u00edsica das escolas tamb\u00e9m est\u00e1  recebendo aten\u00e7\u00e3o especial do Governo do Paran\u00e1. Nos \u00faltimos anos, houve  uma grande amplia\u00e7\u00e3o da infraestrutura das escolas ind\u00edgenas. Foram  mais de 40 interven\u00e7\u00f5es, entre reformas, unidades novas e melhorias do  espa\u00e7o escolar. Atualmente, est\u00e1 em fase de licita\u00e7\u00e3o o processo para a  constru\u00e7\u00e3o de mais 13 novas escolas nas terras ind\u00edgenas.<\/p>\n<p>\u201cAs  pol\u00edticas p\u00fablicas de inclus\u00e3o permitem n\u00e3o somente o respeito \u00e0  diversidade, mas tamb\u00e9m a afirma\u00e7\u00e3o da cultura do povo ind\u00edgena,  garantindo as especificidades socioculturais e ling\u00fc\u00edsticas de cada  grupo \u00e9tnico\u201d, afirma o chefe do Departamento da Diversidade (Dedi) da  Seed, Wagner Roberto do Amaral.<\/p>\n<p>De acordo com ele, os saberes  tradicionais e culturais t\u00eam que estar em permanente di\u00e1logo com os  saberes cient\u00edficos e escolares. \u201cNo cotidiano da cultura escolar no  Paran\u00e1, os povos ind\u00edgenas t\u00eam seus saberes reconhecidos e suas  especificidades respeitadas\u201d ressalta Amaral.<\/p>\n<p>Ele explica que a  estadualiza\u00e7\u00e3o das escolas ind\u00edgenas em 2008, com a oferta de Educa\u00e7\u00e3o  Infantil, Ensino Fundamental e M\u00e9dio e EJA, possibilitou a organiza\u00e7\u00e3o  diferenciada do calend\u00e1rio, dos espa\u00e7os e do curr\u00edculo no atendimento \u00e0  realidade destes povos, de forma a qualificar o trabalho pedag\u00f3gico e  intercultural.<\/p>\n<p>\u201cA id\u00e9ia \u00e9 expandir a reflex\u00e3o acerca da presen\u00e7a  destes povos em nossa sociedade, sua resist\u00eancia, suas identidades e  principalmente, a contribui\u00e7\u00e3o cultural e hist\u00f3rica constru\u00edda por  eles\u201d, explica Cristina Cremoneze, coordenadora de Educa\u00e7\u00e3o Escolar  Ind\u00edgena do Dedi.<\/p>\n<p>Outra a\u00e7\u00e3o que merece destaque \u00e9 amplia\u00e7\u00e3o do  quadro de funcion\u00e1rios ind\u00edgenas; professores, pedagogos e auxiliares de  servi\u00e7os gerais.<\/p>\n<p>Wagner do Amaral ressalta a import\u00e2ncia de  garantir as condi\u00e7\u00f5es de trabalho dos professores ind\u00edgenas com a  possibilidade de inseri-los na carreira. \u201cA forma\u00e7\u00e3o de professores  ind\u00edgenas para as escolas ind\u00edgenas e elabora\u00e7\u00e3o de curr\u00edculos e  materiais did\u00e1ticos que afirmem a cultura das diversas etnias fazem  parte da pol\u00edtica da Seed\u201d.<\/p>\n<p>NOVIDADE &#8211; Al\u00e9m dos cursos de  forma\u00e7\u00e3o de docentes para Guarani e Kaingang, t\u00e9cnico em agropecu\u00e1ria  integrado ao ensino m\u00e9dio e da contrata\u00e7\u00e3o de professores por PSS, a  Seed ofertar\u00e1 o curso de licenciatura intercultural.<\/p>\n<p>A forma\u00e7\u00e3o  continuada acontece a partir de agosto em regime de altern\u00e2ncia \u2013 no  Centro de Forma\u00e7\u00e3o Continuada de Faxinal do C\u00e9u e nas regi\u00f5es onde  habitam &#8211; em parceria com a Secretaria de Estado da Ci\u00eancia, Tecnologia e  Ensino Superior (Seti) e Universidade Estadual de Maring\u00e1 (UEM).<\/p>\n<p>Segundo  Wagner do Amaral, este curso vai suprir a necessidade de professor  habilitado no Ensino Fundamental e M\u00e9dio. \u201cNossa inten\u00e7\u00e3o \u00e9 formar  aproximadamente 80 professores, garantindo a expans\u00e3o do ensino m\u00e9dio  bil\u00edng\u00fce nas terras ind\u00edgenas\u201d.<\/p>\n<p>CONFER\u00caNCIA NACIONAL &#8211; Na I  Confer\u00eancia Nacional de Educa\u00e7\u00e3o Escolar Ind\u00edgena (CNEEI) em setembro do  ano passado em Bras\u00edlia, os participantes discutiram a afirma\u00e7\u00e3o  cultural, a autonomia dos povos ind\u00edgenas, pr\u00e1ticas pedag\u00f3gicas,  pol\u00edticas, gest\u00e3o e financiamento da educa\u00e7\u00e3o; participa\u00e7\u00e3o e controle  social; al\u00e9m de diretrizes para a educa\u00e7\u00e3o escolar ind\u00edgena.<\/p>\n<p>As  delibera\u00e7\u00f5es da CNEEI foram apresentadas na Confer\u00eancia Nacional de  Educa\u00e7\u00e3o (CONAE) neste ano em Bras\u00edlia.<\/p>\n<p>REALIDADE \u2013 O Brasil  possui 210 povos falantes de mais de 180 l\u00ednguas diferentes. O Paran\u00e1  tem uma popula\u00e7\u00e3o ind\u00edgena estimada em 13 mil pessoas, entre elas est\u00e3o  dois dos maiores povos ind\u00edgenas do Brasil; Kaingang e Guarani.<\/p>\n<p>O  Estado \u00e9 pioneiro na oferta de vagas suplementares nas Universidades  Publicas. Cada Universidade Estadual disponibiliza seis vagas e a  Universidade Federal (UFPR), dez.<\/p>\n<p>No in\u00edcio do ano passado,  totalizaram 76 alunos ind\u00edgenas nas universidades paranaenses e 15  formados.<\/p>\n<p>__________________________________________<\/p>\n<p><strong>Fonte:<\/strong> <a href=\"http:\/\/www.envolverde.com.br\/materia.php?cod=73161&amp;edt=8\">Envolverde\/Governo do Estado do Amazonas<\/a><\/p>\n","protected":false},"excerpt":{"rendered":"<p>\u201cA id\u00e9ia \u00e9 expandir a reflex\u00e3o acerca da presen\u00e7a destes povos em nossa sociedade, sua resist\u00eancia, suas identidades e principalmente, a contribui\u00e7\u00e3o cultural e hist\u00f3rica constru\u00edda por eles\u201d, explica Cristina Cremoneze, coordenadora de Educa\u00e7\u00e3o Escolar Ind\u00edgena do Dedi. Da Envolverde.<\/p>\n","protected":false},"author":1,"featured_media":0,"comment_status":"open","ping_status":"open","sticky":false,"template":"","format":"standard","meta":{"site-container-style":"default","site-container-layout":"default","site-sidebar-layout":"default","disable-article-header":"default","disable-site-header":"default","disable-site-footer":"default","disable-content-area-spacing":"default","footnotes":""},"categories":[4],"tags":[],"class_list":["post-14978","post","type-post","status-publish","format-standard","hentry","category-noticias"],"yoast_head":"<!-- This site is optimized with the Yoast SEO plugin v27.4 - https:\/\/yoast.com\/product\/yoast-seo-wordpress\/ -->\n<title>Ind\u00edgenas do Paran\u00e1 t\u00eam educa\u00e7\u00e3o intercultural, bil\u00edngue e de qualidade -<\/title>\n<meta name=\"robots\" content=\"index, follow, max-snippet:-1, max-image-preview:large, max-video-preview:-1\" \/>\n<link rel=\"canonical\" href=\"https:\/\/inclusivenews.com.br\/?p=14978\" \/>\n<meta property=\"og:locale\" content=\"pt_PT\" \/>\n<meta property=\"og:type\" content=\"article\" \/>\n<meta property=\"og:title\" content=\"Ind\u00edgenas do Paran\u00e1 t\u00eam educa\u00e7\u00e3o intercultural, bil\u00edngue e de qualidade -\" \/>\n<meta property=\"og:description\" content=\"\u201cA id\u00e9ia \u00e9 expandir a reflex\u00e3o acerca da presen\u00e7a destes povos em nossa sociedade, sua resist\u00eancia, suas identidades e principalmente, a contribui\u00e7\u00e3o cultural e hist\u00f3rica constru\u00edda por eles\u201d, explica Cristina Cremoneze, coordenadora de Educa\u00e7\u00e3o Escolar Ind\u00edgena do Dedi. Da Envolverde.\" \/>\n<meta property=\"og:url\" content=\"https:\/\/inclusivenews.com.br\/?p=14978\" \/>\n<meta property=\"article:publisher\" content=\"https:\/\/www.facebook.com\/agenciainclusive\/\" \/>\n<meta property=\"article:published_time\" content=\"2010-04-20T09:07:08+00:00\" \/>\n<meta property=\"og:image\" content=\"http:\/\/www.futurovip.com\/link1\/jornal\/educacao_indigena.jpg\" \/>\n<meta name=\"author\" content=\"inclusivenews2024\" \/>\n<meta name=\"twitter:card\" content=\"summary_large_image\" \/>\n<meta name=\"twitter:label1\" content=\"Escrito por\" \/>\n\t<meta name=\"twitter:data1\" content=\"inclusivenews2024\" \/>\n\t<meta name=\"twitter:label2\" content=\"Tempo estimado de leitura\" \/>\n\t<meta name=\"twitter:data2\" content=\"4 minutos\" \/>\n<script type=\"application\/ld+json\" class=\"yoast-schema-graph\">{\"@context\":\"https:\\\/\\\/schema.org\",\"@graph\":[{\"@type\":\"Article\",\"@id\":\"https:\\\/\\\/inclusivenews.com.br\\\/?p=14978#article\",\"isPartOf\":{\"@id\":\"https:\\\/\\\/inclusivenews.com.br\\\/?p=14978\"},\"author\":{\"name\":\"inclusivenews2024\",\"@id\":\"https:\\\/\\\/inclusivenews.com.br\\\/#\\\/schema\\\/person\\\/ae4ec7087559b8692fb33b6fffd2273b\"},\"headline\":\"Ind\u00edgenas do Paran\u00e1 t\u00eam educa\u00e7\u00e3o intercultural, bil\u00edngue e de qualidade\",\"datePublished\":\"2010-04-20T09:07:08+00:00\",\"mainEntityOfPage\":{\"@id\":\"https:\\\/\\\/inclusivenews.com.br\\\/?p=14978\"},\"wordCount\":810,\"commentCount\":1,\"publisher\":{\"@id\":\"https:\\\/\\\/inclusivenews.com.br\\\/#organization\"},\"image\":{\"@id\":\"https:\\\/\\\/inclusivenews.com.br\\\/?p=14978#primaryimage\"},\"thumbnailUrl\":\"http:\\\/\\\/www.futurovip.com\\\/link1\\\/jornal\\\/educacao_indigena.jpg\",\"articleSection\":[\"NOT\u00cdCIAS\"],\"inLanguage\":\"pt-PT\",\"potentialAction\":[{\"@type\":\"CommentAction\",\"name\":\"Comment\",\"target\":[\"https:\\\/\\\/inclusivenews.com.br\\\/?p=14978#respond\"]}]},{\"@type\":\"WebPage\",\"@id\":\"https:\\\/\\\/inclusivenews.com.br\\\/?p=14978\",\"url\":\"https:\\\/\\\/inclusivenews.com.br\\\/?p=14978\",\"name\":\"Ind\u00edgenas do Paran\u00e1 t\u00eam educa\u00e7\u00e3o intercultural, bil\u00edngue e de qualidade -\",\"isPartOf\":{\"@id\":\"https:\\\/\\\/inclusivenews.com.br\\\/#website\"},\"primaryImageOfPage\":{\"@id\":\"https:\\\/\\\/inclusivenews.com.br\\\/?p=14978#primaryimage\"},\"image\":{\"@id\":\"https:\\\/\\\/inclusivenews.com.br\\\/?p=14978#primaryimage\"},\"thumbnailUrl\":\"http:\\\/\\\/www.futurovip.com\\\/link1\\\/jornal\\\/educacao_indigena.jpg\",\"datePublished\":\"2010-04-20T09:07:08+00:00\",\"breadcrumb\":{\"@id\":\"https:\\\/\\\/inclusivenews.com.br\\\/?p=14978#breadcrumb\"},\"inLanguage\":\"pt-PT\",\"potentialAction\":[{\"@type\":\"ReadAction\",\"target\":[\"https:\\\/\\\/inclusivenews.com.br\\\/?p=14978\"]}]},{\"@type\":\"ImageObject\",\"inLanguage\":\"pt-PT\",\"@id\":\"https:\\\/\\\/inclusivenews.com.br\\\/?p=14978#primaryimage\",\"url\":\"http:\\\/\\\/www.futurovip.com\\\/link1\\\/jornal\\\/educacao_indigena.jpg\",\"contentUrl\":\"http:\\\/\\\/www.futurovip.com\\\/link1\\\/jornal\\\/educacao_indigena.jpg\"},{\"@type\":\"BreadcrumbList\",\"@id\":\"https:\\\/\\\/inclusivenews.com.br\\\/?p=14978#breadcrumb\",\"itemListElement\":[{\"@type\":\"ListItem\",\"position\":1,\"name\":\"In\u00edcio\",\"item\":\"https:\\\/\\\/inclusivenews.com.br\\\/\"},{\"@type\":\"ListItem\",\"position\":2,\"name\":\"Ind\u00edgenas do Paran\u00e1 t\u00eam educa\u00e7\u00e3o intercultural, bil\u00edngue e de qualidade\"}]},{\"@type\":\"WebSite\",\"@id\":\"https:\\\/\\\/inclusivenews.com.br\\\/#website\",\"url\":\"https:\\\/\\\/inclusivenews.com.br\\\/\",\"name\":\"Inclusive News\",\"description\":\"Inclusive News\",\"publisher\":{\"@id\":\"https:\\\/\\\/inclusivenews.com.br\\\/#organization\"},\"potentialAction\":[{\"@type\":\"SearchAction\",\"target\":{\"@type\":\"EntryPoint\",\"urlTemplate\":\"https:\\\/\\\/inclusivenews.com.br\\\/?s={search_term_string}\"},\"query-input\":{\"@type\":\"PropertyValueSpecification\",\"valueRequired\":true,\"valueName\":\"search_term_string\"}}],\"inLanguage\":\"pt-PT\"},{\"@type\":\"Organization\",\"@id\":\"https:\\\/\\\/inclusivenews.com.br\\\/#organization\",\"name\":\"Inclusive - inclus\u00e3o e cidadania\",\"url\":\"https:\\\/\\\/inclusivenews.com.br\\\/\",\"logo\":{\"@type\":\"ImageObject\",\"inLanguage\":\"pt-PT\",\"@id\":\"https:\\\/\\\/inclusivenews.com.br\\\/#\\\/schema\\\/logo\\\/image\\\/\",\"url\":\"https:\\\/\\\/inclusivenews.com.br\\\/wp-content\\\/uploads\\\/2024\\\/03\\\/@grandesite.png\",\"contentUrl\":\"https:\\\/\\\/inclusivenews.com.br\\\/wp-content\\\/uploads\\\/2024\\\/03\\\/@grandesite.png\",\"width\":1080,\"height\":1080,\"caption\":\"Inclusive - inclus\u00e3o e cidadania\"},\"image\":{\"@id\":\"https:\\\/\\\/inclusivenews.com.br\\\/#\\\/schema\\\/logo\\\/image\\\/\"},\"sameAs\":[\"https:\\\/\\\/www.facebook.com\\\/agenciainclusive\\\/\",\"https:\\\/\\\/www.instagram.com\\\/newsinclusive\\\/\"]},{\"@type\":\"Person\",\"@id\":\"https:\\\/\\\/inclusivenews.com.br\\\/#\\\/schema\\\/person\\\/ae4ec7087559b8692fb33b6fffd2273b\",\"name\":\"inclusivenews2024\",\"image\":{\"@type\":\"ImageObject\",\"inLanguage\":\"pt-PT\",\"@id\":\"https:\\\/\\\/secure.gravatar.com\\\/avatar\\\/c5a7ef84c66fa914f55bc4f7ce26cfa275a3b9a1c5568b907bd184fb4dde7b40?s=96&d=mm&r=g\",\"url\":\"https:\\\/\\\/secure.gravatar.com\\\/avatar\\\/c5a7ef84c66fa914f55bc4f7ce26cfa275a3b9a1c5568b907bd184fb4dde7b40?s=96&d=mm&r=g\",\"contentUrl\":\"https:\\\/\\\/secure.gravatar.com\\\/avatar\\\/c5a7ef84c66fa914f55bc4f7ce26cfa275a3b9a1c5568b907bd184fb4dde7b40?s=96&d=mm&r=g\",\"caption\":\"inclusivenews2024\"},\"sameAs\":[\"https:\\\/\\\/inclusivenews.com.br\"],\"url\":\"https:\\\/\\\/inclusivenews.com.br\\\/?author=1\"}]}<\/script>\n<!-- \/ Yoast SEO plugin. -->","yoast_head_json":{"title":"Ind\u00edgenas do Paran\u00e1 t\u00eam educa\u00e7\u00e3o intercultural, bil\u00edngue e de qualidade -","robots":{"index":"index","follow":"follow","max-snippet":"max-snippet:-1","max-image-preview":"max-image-preview:large","max-video-preview":"max-video-preview:-1"},"canonical":"https:\/\/inclusivenews.com.br\/?p=14978","og_locale":"pt_PT","og_type":"article","og_title":"Ind\u00edgenas do Paran\u00e1 t\u00eam educa\u00e7\u00e3o intercultural, bil\u00edngue e de qualidade -","og_description":"\u201cA id\u00e9ia \u00e9 expandir a reflex\u00e3o acerca da presen\u00e7a destes povos em nossa sociedade, sua resist\u00eancia, suas identidades e principalmente, a contribui\u00e7\u00e3o cultural e hist\u00f3rica constru\u00edda por eles\u201d, explica Cristina Cremoneze, coordenadora de Educa\u00e7\u00e3o Escolar Ind\u00edgena do Dedi. Da Envolverde.","og_url":"https:\/\/inclusivenews.com.br\/?p=14978","article_publisher":"https:\/\/www.facebook.com\/agenciainclusive\/","article_published_time":"2010-04-20T09:07:08+00:00","og_image":[{"url":"http:\/\/www.futurovip.com\/link1\/jornal\/educacao_indigena.jpg","type":"","width":"","height":""}],"author":"inclusivenews2024","twitter_card":"summary_large_image","twitter_misc":{"Escrito por":"inclusivenews2024","Tempo estimado de leitura":"4 minutos"},"schema":{"@context":"https:\/\/schema.org","@graph":[{"@type":"Article","@id":"https:\/\/inclusivenews.com.br\/?p=14978#article","isPartOf":{"@id":"https:\/\/inclusivenews.com.br\/?p=14978"},"author":{"name":"inclusivenews2024","@id":"https:\/\/inclusivenews.com.br\/#\/schema\/person\/ae4ec7087559b8692fb33b6fffd2273b"},"headline":"Ind\u00edgenas do Paran\u00e1 t\u00eam educa\u00e7\u00e3o intercultural, bil\u00edngue e de qualidade","datePublished":"2010-04-20T09:07:08+00:00","mainEntityOfPage":{"@id":"https:\/\/inclusivenews.com.br\/?p=14978"},"wordCount":810,"commentCount":1,"publisher":{"@id":"https:\/\/inclusivenews.com.br\/#organization"},"image":{"@id":"https:\/\/inclusivenews.com.br\/?p=14978#primaryimage"},"thumbnailUrl":"http:\/\/www.futurovip.com\/link1\/jornal\/educacao_indigena.jpg","articleSection":["NOT\u00cdCIAS"],"inLanguage":"pt-PT","potentialAction":[{"@type":"CommentAction","name":"Comment","target":["https:\/\/inclusivenews.com.br\/?p=14978#respond"]}]},{"@type":"WebPage","@id":"https:\/\/inclusivenews.com.br\/?p=14978","url":"https:\/\/inclusivenews.com.br\/?p=14978","name":"Ind\u00edgenas do Paran\u00e1 t\u00eam educa\u00e7\u00e3o intercultural, bil\u00edngue e de qualidade -","isPartOf":{"@id":"https:\/\/inclusivenews.com.br\/#website"},"primaryImageOfPage":{"@id":"https:\/\/inclusivenews.com.br\/?p=14978#primaryimage"},"image":{"@id":"https:\/\/inclusivenews.com.br\/?p=14978#primaryimage"},"thumbnailUrl":"http:\/\/www.futurovip.com\/link1\/jornal\/educacao_indigena.jpg","datePublished":"2010-04-20T09:07:08+00:00","breadcrumb":{"@id":"https:\/\/inclusivenews.com.br\/?p=14978#breadcrumb"},"inLanguage":"pt-PT","potentialAction":[{"@type":"ReadAction","target":["https:\/\/inclusivenews.com.br\/?p=14978"]}]},{"@type":"ImageObject","inLanguage":"pt-PT","@id":"https:\/\/inclusivenews.com.br\/?p=14978#primaryimage","url":"http:\/\/www.futurovip.com\/link1\/jornal\/educacao_indigena.jpg","contentUrl":"http:\/\/www.futurovip.com\/link1\/jornal\/educacao_indigena.jpg"},{"@type":"BreadcrumbList","@id":"https:\/\/inclusivenews.com.br\/?p=14978#breadcrumb","itemListElement":[{"@type":"ListItem","position":1,"name":"In\u00edcio","item":"https:\/\/inclusivenews.com.br\/"},{"@type":"ListItem","position":2,"name":"Ind\u00edgenas do Paran\u00e1 t\u00eam educa\u00e7\u00e3o intercultural, bil\u00edngue e de qualidade"}]},{"@type":"WebSite","@id":"https:\/\/inclusivenews.com.br\/#website","url":"https:\/\/inclusivenews.com.br\/","name":"Inclusive News","description":"Inclusive News","publisher":{"@id":"https:\/\/inclusivenews.com.br\/#organization"},"potentialAction":[{"@type":"SearchAction","target":{"@type":"EntryPoint","urlTemplate":"https:\/\/inclusivenews.com.br\/?s={search_term_string}"},"query-input":{"@type":"PropertyValueSpecification","valueRequired":true,"valueName":"search_term_string"}}],"inLanguage":"pt-PT"},{"@type":"Organization","@id":"https:\/\/inclusivenews.com.br\/#organization","name":"Inclusive - inclus\u00e3o e cidadania","url":"https:\/\/inclusivenews.com.br\/","logo":{"@type":"ImageObject","inLanguage":"pt-PT","@id":"https:\/\/inclusivenews.com.br\/#\/schema\/logo\/image\/","url":"https:\/\/inclusivenews.com.br\/wp-content\/uploads\/2024\/03\/@grandesite.png","contentUrl":"https:\/\/inclusivenews.com.br\/wp-content\/uploads\/2024\/03\/@grandesite.png","width":1080,"height":1080,"caption":"Inclusive - inclus\u00e3o e cidadania"},"image":{"@id":"https:\/\/inclusivenews.com.br\/#\/schema\/logo\/image\/"},"sameAs":["https:\/\/www.facebook.com\/agenciainclusive\/","https:\/\/www.instagram.com\/newsinclusive\/"]},{"@type":"Person","@id":"https:\/\/inclusivenews.com.br\/#\/schema\/person\/ae4ec7087559b8692fb33b6fffd2273b","name":"inclusivenews2024","image":{"@type":"ImageObject","inLanguage":"pt-PT","@id":"https:\/\/secure.gravatar.com\/avatar\/c5a7ef84c66fa914f55bc4f7ce26cfa275a3b9a1c5568b907bd184fb4dde7b40?s=96&d=mm&r=g","url":"https:\/\/secure.gravatar.com\/avatar\/c5a7ef84c66fa914f55bc4f7ce26cfa275a3b9a1c5568b907bd184fb4dde7b40?s=96&d=mm&r=g","contentUrl":"https:\/\/secure.gravatar.com\/avatar\/c5a7ef84c66fa914f55bc4f7ce26cfa275a3b9a1c5568b907bd184fb4dde7b40?s=96&d=mm&r=g","caption":"inclusivenews2024"},"sameAs":["https:\/\/inclusivenews.com.br"],"url":"https:\/\/inclusivenews.com.br\/?author=1"}]}},"_links":{"self":[{"href":"https:\/\/inclusivenews.com.br\/index.php?rest_route=\/wp\/v2\/posts\/14978","targetHints":{"allow":["GET"]}}],"collection":[{"href":"https:\/\/inclusivenews.com.br\/index.php?rest_route=\/wp\/v2\/posts"}],"about":[{"href":"https:\/\/inclusivenews.com.br\/index.php?rest_route=\/wp\/v2\/types\/post"}],"author":[{"embeddable":true,"href":"https:\/\/inclusivenews.com.br\/index.php?rest_route=\/wp\/v2\/users\/1"}],"replies":[{"embeddable":true,"href":"https:\/\/inclusivenews.com.br\/index.php?rest_route=%2Fwp%2Fv2%2Fcomments&post=14978"}],"version-history":[{"count":0,"href":"https:\/\/inclusivenews.com.br\/index.php?rest_route=\/wp\/v2\/posts\/14978\/revisions"}],"wp:attachment":[{"href":"https:\/\/inclusivenews.com.br\/index.php?rest_route=%2Fwp%2Fv2%2Fmedia&parent=14978"}],"wp:term":[{"taxonomy":"category","embeddable":true,"href":"https:\/\/inclusivenews.com.br\/index.php?rest_route=%2Fwp%2Fv2%2Fcategories&post=14978"},{"taxonomy":"post_tag","embeddable":true,"href":"https:\/\/inclusivenews.com.br\/index.php?rest_route=%2Fwp%2Fv2%2Ftags&post=14978"}],"curies":[{"name":"wp","href":"https:\/\/api.w.org\/{rel}","templated":true}]}}