{"id":14990,"date":"2010-04-21T08:31:26","date_gmt":"2010-04-21T11:31:26","guid":{"rendered":"http:\/\/www.inclusive.org.br\/?p=14990"},"modified":"2010-04-21T08:31:26","modified_gmt":"2010-04-21T11:31:26","slug":"inscricoes-abertas-para-o-10%c2%ba-premio-escola-voluntaria","status":"publish","type":"post","link":"https:\/\/inclusivenews.com.br\/?p=14990","title":{"rendered":"Inscri\u00e7\u00f5es abertas para o 10\u00ba Pr\u00eamio Escola Volunt\u00e1ria"},"content":{"rendered":"<figure id=\"attachment_14997\" aria-describedby=\"caption-attachment-14997\" style=\"width: 200px\" class=\"wp-caption alignleft\"><a href=\"http:\/\/www.inclusivenews.com.br\/wp-content\/uploads\/2010\/04\/escolavoluntaria.jpg\"><img loading=\"lazy\" decoding=\"async\" class=\"size-full wp-image-14997\" title=\"10\u00ba Pr\u00eamio Escola Volunt\u00e1ria\" src=\"http:\/\/inclusivenews.com.br\/wp-content\/uploads\/2010\/04\/escolavoluntaria.jpg\" alt=\"\" width=\"200\" height=\"153\" \/><\/a><figcaption id=\"caption-attachment-14997\" class=\"wp-caption-text\"> <\/figcaption><\/figure>\n<p><span>Para comemorar a 10\u00ba edi\u00e7\u00e3o, as escolas vencedoras receber\u00e3o pr\u00eamios em dinheiro que ajudar\u00e3o a suprir necessidades espec\u00edficas de cada projeto e um professor, escolhido entre as escolas finalistas, tamb\u00e9m ser\u00e1 premiado. O objetivo do Pr\u00eamio \u00e9 incentivar e reconhecer institui\u00e7\u00f5es de ensino respons\u00e1veis por projetos sociais que promovam o trabalho volunt\u00e1rio entre os seus alunos.<\/span><\/p>\n<p><span>Uma iniciativa da R\u00e1dio Bandeirantes e da Funda\u00e7\u00e3o Ita\u00fa Social, o Pr\u00eamio Escola Volunt\u00e1ria acredita que cidadania e educa\u00e7\u00e3o caminham sempre juntas. Desde 2001, mais de 5 mil escolas j\u00e1 mostraram que seus alunos, por meio de a\u00e7\u00f5es volunt\u00e1rias, s\u00e3o capazes de somar esfor\u00e7os e gerar mudan\u00e7as positivas nas comunidades.<\/span><\/p>\n<p><span>Qualquer escola, p\u00fablica ou particular, pode se inscrever desde que o projeto esteja em opera\u00e7\u00e3o pelo menos desde o come\u00e7o do ano letivo de 2010, e que dele participem alunos regularmente matriculados no 9\u00ba ano (ou 8\u00aa s\u00e9rie) do Ensino Fundamental ou em qualquer s\u00e9rie do Ensino M\u00e9dio. As inscri\u00e7\u00f5es podem ser feitas via internet no site <a class=\"moz-txt-link-abbreviated\" href=\"http:\/\/www.escolavoluntaria.com.br\">www.escolavoluntaria.com.br<\/a> ou ent\u00e3o pelo correio entre 19 de abril e 15 de julho. Caso a inscri\u00e7\u00e3o n\u00e3o seja feita pela internet, a escola dever\u00e1 enviar a ficha de inscri\u00e7\u00e3o devidamente preenchida para a Rua Radiantes, 13, CEP 05614-900, Morumbi, S\u00e3o Paulo, SP.<br \/>\n_____________________________<strong>Fonte:<\/strong> <a href=\"http:\/\/www.pautasocial.com.br\/pauta.asp?idPauta=30399\">Escola Volunt\u00e1ria\/Pauta Social<\/a><\/p>\n<p><\/span><\/p>\n","protected":false},"excerpt":{"rendered":"<p>O Pr\u00eamio Escola Volunt\u00e1ria abre hoje as inscri\u00e7\u00f5es para a sua 10\u00ba edi\u00e7\u00e3o e apresenta algumas novidades neste ano. Al\u00e9m dos estados de S\u00e3o Paulo, Rio de Janeiro, Paran\u00e1, Rio Grande do Sul, Minas Gerais e o Distrito Federal, as escolas da Bahia e de Santa Catarina tamb\u00e9m poder\u00e3o participar do Pr\u00eamio em 2010.<\/p>\n","protected":false},"author":1,"featured_media":0,"comment_status":"open","ping_status":"open","sticky":false,"template":"","format":"standard","meta":{"site-container-style":"default","site-container-layout":"default","site-sidebar-layout":"default","disable-article-header":"default","disable-site-header":"default","disable-site-footer":"default","disable-content-area-spacing":"default","footnotes":""},"categories":[6,4],"tags":[],"class_list":["post-14990","post","type-post","status-publish","format-standard","hentry","category-educacao","category-noticias"],"yoast_head":"<!-- This site is optimized with the Yoast SEO plugin v27.4 - https:\/\/yoast.com\/product\/yoast-seo-wordpress\/ -->\n<title>Inscri\u00e7\u00f5es abertas para o 10\u00ba Pr\u00eamio Escola Volunt\u00e1ria -<\/title>\n<meta name=\"robots\" content=\"index, follow, max-snippet:-1, max-image-preview:large, max-video-preview:-1\" \/>\n<link rel=\"canonical\" href=\"https:\/\/inclusivenews.com.br\/?p=14990\" \/>\n<meta property=\"og:locale\" content=\"pt_PT\" \/>\n<meta property=\"og:type\" content=\"article\" \/>\n<meta property=\"og:title\" content=\"Inscri\u00e7\u00f5es abertas para o 10\u00ba Pr\u00eamio Escola Volunt\u00e1ria -\" \/>\n<meta property=\"og:description\" content=\"O Pr\u00eamio Escola Volunt\u00e1ria abre hoje as inscri\u00e7\u00f5es para a sua 10\u00ba edi\u00e7\u00e3o e apresenta algumas novidades neste ano. Al\u00e9m dos estados de S\u00e3o Paulo, Rio de Janeiro, Paran\u00e1, Rio Grande do Sul, Minas Gerais e o Distrito Federal, as escolas da Bahia e de Santa Catarina tamb\u00e9m poder\u00e3o participar do Pr\u00eamio em 2010.\" \/>\n<meta property=\"og:url\" content=\"https:\/\/inclusivenews.com.br\/?p=14990\" \/>\n<meta property=\"article:publisher\" content=\"https:\/\/www.facebook.com\/agenciainclusive\/\" \/>\n<meta property=\"article:published_time\" content=\"2010-04-21T11:31:26+00:00\" \/>\n<meta property=\"og:image\" content=\"http:\/\/inclusivenews.com.br\/wp-content\/uploads\/2010\/04\/escolavoluntaria.jpg\" \/>\n<meta name=\"author\" content=\"inclusivenews2024\" \/>\n<meta name=\"twitter:card\" content=\"summary_large_image\" \/>\n<meta name=\"twitter:label1\" content=\"Escrito por\" \/>\n\t<meta name=\"twitter:data1\" content=\"inclusivenews2024\" \/>\n\t<meta name=\"twitter:label2\" content=\"Tempo estimado de leitura\" \/>\n\t<meta name=\"twitter:data2\" content=\"1 minuto\" \/>\n<script type=\"application\/ld+json\" class=\"yoast-schema-graph\">{\"@context\":\"https:\\\/\\\/schema.org\",\"@graph\":[{\"@type\":\"Article\",\"@id\":\"https:\\\/\\\/inclusivenews.com.br\\\/?p=14990#article\",\"isPartOf\":{\"@id\":\"https:\\\/\\\/inclusivenews.com.br\\\/?p=14990\"},\"author\":{\"name\":\"inclusivenews2024\",\"@id\":\"https:\\\/\\\/inclusivenews.com.br\\\/#\\\/schema\\\/person\\\/ae4ec7087559b8692fb33b6fffd2273b\"},\"headline\":\"Inscri\u00e7\u00f5es abertas para o 10\u00ba Pr\u00eamio Escola Volunt\u00e1ria\",\"datePublished\":\"2010-04-21T11:31:26+00:00\",\"mainEntityOfPage\":{\"@id\":\"https:\\\/\\\/inclusivenews.com.br\\\/?p=14990\"},\"wordCount\":254,\"commentCount\":0,\"publisher\":{\"@id\":\"https:\\\/\\\/inclusivenews.com.br\\\/#organization\"},\"image\":{\"@id\":\"https:\\\/\\\/inclusivenews.com.br\\\/?p=14990#primaryimage\"},\"thumbnailUrl\":\"http:\\\/\\\/inclusivenews.com.br\\\/wp-content\\\/uploads\\\/2010\\\/04\\\/escolavoluntaria.jpg\",\"articleSection\":[\"EDUCA\u00c7\u00c3O\",\"NOT\u00cdCIAS\"],\"inLanguage\":\"pt-PT\",\"potentialAction\":[{\"@type\":\"CommentAction\",\"name\":\"Comment\",\"target\":[\"https:\\\/\\\/inclusivenews.com.br\\\/?p=14990#respond\"]}]},{\"@type\":\"WebPage\",\"@id\":\"https:\\\/\\\/inclusivenews.com.br\\\/?p=14990\",\"url\":\"https:\\\/\\\/inclusivenews.com.br\\\/?p=14990\",\"name\":\"Inscri\u00e7\u00f5es abertas para o 10\u00ba Pr\u00eamio Escola Volunt\u00e1ria -\",\"isPartOf\":{\"@id\":\"https:\\\/\\\/inclusivenews.com.br\\\/#website\"},\"primaryImageOfPage\":{\"@id\":\"https:\\\/\\\/inclusivenews.com.br\\\/?p=14990#primaryimage\"},\"image\":{\"@id\":\"https:\\\/\\\/inclusivenews.com.br\\\/?p=14990#primaryimage\"},\"thumbnailUrl\":\"http:\\\/\\\/inclusivenews.com.br\\\/wp-content\\\/uploads\\\/2010\\\/04\\\/escolavoluntaria.jpg\",\"datePublished\":\"2010-04-21T11:31:26+00:00\",\"breadcrumb\":{\"@id\":\"https:\\\/\\\/inclusivenews.com.br\\\/?p=14990#breadcrumb\"},\"inLanguage\":\"pt-PT\",\"potentialAction\":[{\"@type\":\"ReadAction\",\"target\":[\"https:\\\/\\\/inclusivenews.com.br\\\/?p=14990\"]}]},{\"@type\":\"ImageObject\",\"inLanguage\":\"pt-PT\",\"@id\":\"https:\\\/\\\/inclusivenews.com.br\\\/?p=14990#primaryimage\",\"url\":\"\",\"contentUrl\":\"\"},{\"@type\":\"BreadcrumbList\",\"@id\":\"https:\\\/\\\/inclusivenews.com.br\\\/?p=14990#breadcrumb\",\"itemListElement\":[{\"@type\":\"ListItem\",\"position\":1,\"name\":\"In\u00edcio\",\"item\":\"https:\\\/\\\/inclusivenews.com.br\\\/\"},{\"@type\":\"ListItem\",\"position\":2,\"name\":\"Inscri\u00e7\u00f5es abertas para o 10\u00ba Pr\u00eamio Escola Volunt\u00e1ria\"}]},{\"@type\":\"WebSite\",\"@id\":\"https:\\\/\\\/inclusivenews.com.br\\\/#website\",\"url\":\"https:\\\/\\\/inclusivenews.com.br\\\/\",\"name\":\"Inclusive News\",\"description\":\"Inclusive News\",\"publisher\":{\"@id\":\"https:\\\/\\\/inclusivenews.com.br\\\/#organization\"},\"potentialAction\":[{\"@type\":\"SearchAction\",\"target\":{\"@type\":\"EntryPoint\",\"urlTemplate\":\"https:\\\/\\\/inclusivenews.com.br\\\/?s={search_term_string}\"},\"query-input\":{\"@type\":\"PropertyValueSpecification\",\"valueRequired\":true,\"valueName\":\"search_term_string\"}}],\"inLanguage\":\"pt-PT\"},{\"@type\":\"Organization\",\"@id\":\"https:\\\/\\\/inclusivenews.com.br\\\/#organization\",\"name\":\"Inclusive - inclus\u00e3o e cidadania\",\"url\":\"https:\\\/\\\/inclusivenews.com.br\\\/\",\"logo\":{\"@type\":\"ImageObject\",\"inLanguage\":\"pt-PT\",\"@id\":\"https:\\\/\\\/inclusivenews.com.br\\\/#\\\/schema\\\/logo\\\/image\\\/\",\"url\":\"https:\\\/\\\/inclusivenews.com.br\\\/wp-content\\\/uploads\\\/2024\\\/03\\\/@grandesite.png\",\"contentUrl\":\"https:\\\/\\\/inclusivenews.com.br\\\/wp-content\\\/uploads\\\/2024\\\/03\\\/@grandesite.png\",\"width\":1080,\"height\":1080,\"caption\":\"Inclusive - inclus\u00e3o e cidadania\"},\"image\":{\"@id\":\"https:\\\/\\\/inclusivenews.com.br\\\/#\\\/schema\\\/logo\\\/image\\\/\"},\"sameAs\":[\"https:\\\/\\\/www.facebook.com\\\/agenciainclusive\\\/\",\"https:\\\/\\\/www.instagram.com\\\/newsinclusive\\\/\"]},{\"@type\":\"Person\",\"@id\":\"https:\\\/\\\/inclusivenews.com.br\\\/#\\\/schema\\\/person\\\/ae4ec7087559b8692fb33b6fffd2273b\",\"name\":\"inclusivenews2024\",\"image\":{\"@type\":\"ImageObject\",\"inLanguage\":\"pt-PT\",\"@id\":\"https:\\\/\\\/secure.gravatar.com\\\/avatar\\\/c5a7ef84c66fa914f55bc4f7ce26cfa275a3b9a1c5568b907bd184fb4dde7b40?s=96&d=mm&r=g\",\"url\":\"https:\\\/\\\/secure.gravatar.com\\\/avatar\\\/c5a7ef84c66fa914f55bc4f7ce26cfa275a3b9a1c5568b907bd184fb4dde7b40?s=96&d=mm&r=g\",\"contentUrl\":\"https:\\\/\\\/secure.gravatar.com\\\/avatar\\\/c5a7ef84c66fa914f55bc4f7ce26cfa275a3b9a1c5568b907bd184fb4dde7b40?s=96&d=mm&r=g\",\"caption\":\"inclusivenews2024\"},\"sameAs\":[\"https:\\\/\\\/inclusivenews.com.br\"],\"url\":\"https:\\\/\\\/inclusivenews.com.br\\\/?author=1\"}]}<\/script>\n<!-- \/ Yoast SEO plugin. -->","yoast_head_json":{"title":"Inscri\u00e7\u00f5es abertas para o 10\u00ba Pr\u00eamio Escola Volunt\u00e1ria -","robots":{"index":"index","follow":"follow","max-snippet":"max-snippet:-1","max-image-preview":"max-image-preview:large","max-video-preview":"max-video-preview:-1"},"canonical":"https:\/\/inclusivenews.com.br\/?p=14990","og_locale":"pt_PT","og_type":"article","og_title":"Inscri\u00e7\u00f5es abertas para o 10\u00ba Pr\u00eamio Escola Volunt\u00e1ria -","og_description":"O Pr\u00eamio Escola Volunt\u00e1ria abre hoje as inscri\u00e7\u00f5es para a sua 10\u00ba edi\u00e7\u00e3o e apresenta algumas novidades neste ano. Al\u00e9m dos estados de S\u00e3o Paulo, Rio de Janeiro, Paran\u00e1, Rio Grande do Sul, Minas Gerais e o Distrito Federal, as escolas da Bahia e de Santa Catarina tamb\u00e9m poder\u00e3o participar do Pr\u00eamio em 2010.","og_url":"https:\/\/inclusivenews.com.br\/?p=14990","article_publisher":"https:\/\/www.facebook.com\/agenciainclusive\/","article_published_time":"2010-04-21T11:31:26+00:00","og_image":[{"url":"http:\/\/inclusivenews.com.br\/wp-content\/uploads\/2010\/04\/escolavoluntaria.jpg","type":"","width":"","height":""}],"author":"inclusivenews2024","twitter_card":"summary_large_image","twitter_misc":{"Escrito por":"inclusivenews2024","Tempo estimado de leitura":"1 minuto"},"schema":{"@context":"https:\/\/schema.org","@graph":[{"@type":"Article","@id":"https:\/\/inclusivenews.com.br\/?p=14990#article","isPartOf":{"@id":"https:\/\/inclusivenews.com.br\/?p=14990"},"author":{"name":"inclusivenews2024","@id":"https:\/\/inclusivenews.com.br\/#\/schema\/person\/ae4ec7087559b8692fb33b6fffd2273b"},"headline":"Inscri\u00e7\u00f5es abertas para o 10\u00ba Pr\u00eamio Escola Volunt\u00e1ria","datePublished":"2010-04-21T11:31:26+00:00","mainEntityOfPage":{"@id":"https:\/\/inclusivenews.com.br\/?p=14990"},"wordCount":254,"commentCount":0,"publisher":{"@id":"https:\/\/inclusivenews.com.br\/#organization"},"image":{"@id":"https:\/\/inclusivenews.com.br\/?p=14990#primaryimage"},"thumbnailUrl":"http:\/\/inclusivenews.com.br\/wp-content\/uploads\/2010\/04\/escolavoluntaria.jpg","articleSection":["EDUCA\u00c7\u00c3O","NOT\u00cdCIAS"],"inLanguage":"pt-PT","potentialAction":[{"@type":"CommentAction","name":"Comment","target":["https:\/\/inclusivenews.com.br\/?p=14990#respond"]}]},{"@type":"WebPage","@id":"https:\/\/inclusivenews.com.br\/?p=14990","url":"https:\/\/inclusivenews.com.br\/?p=14990","name":"Inscri\u00e7\u00f5es abertas para o 10\u00ba Pr\u00eamio Escola Volunt\u00e1ria -","isPartOf":{"@id":"https:\/\/inclusivenews.com.br\/#website"},"primaryImageOfPage":{"@id":"https:\/\/inclusivenews.com.br\/?p=14990#primaryimage"},"image":{"@id":"https:\/\/inclusivenews.com.br\/?p=14990#primaryimage"},"thumbnailUrl":"http:\/\/inclusivenews.com.br\/wp-content\/uploads\/2010\/04\/escolavoluntaria.jpg","datePublished":"2010-04-21T11:31:26+00:00","breadcrumb":{"@id":"https:\/\/inclusivenews.com.br\/?p=14990#breadcrumb"},"inLanguage":"pt-PT","potentialAction":[{"@type":"ReadAction","target":["https:\/\/inclusivenews.com.br\/?p=14990"]}]},{"@type":"ImageObject","inLanguage":"pt-PT","@id":"https:\/\/inclusivenews.com.br\/?p=14990#primaryimage","url":"","contentUrl":""},{"@type":"BreadcrumbList","@id":"https:\/\/inclusivenews.com.br\/?p=14990#breadcrumb","itemListElement":[{"@type":"ListItem","position":1,"name":"In\u00edcio","item":"https:\/\/inclusivenews.com.br\/"},{"@type":"ListItem","position":2,"name":"Inscri\u00e7\u00f5es abertas para o 10\u00ba Pr\u00eamio Escola Volunt\u00e1ria"}]},{"@type":"WebSite","@id":"https:\/\/inclusivenews.com.br\/#website","url":"https:\/\/inclusivenews.com.br\/","name":"Inclusive News","description":"Inclusive News","publisher":{"@id":"https:\/\/inclusivenews.com.br\/#organization"},"potentialAction":[{"@type":"SearchAction","target":{"@type":"EntryPoint","urlTemplate":"https:\/\/inclusivenews.com.br\/?s={search_term_string}"},"query-input":{"@type":"PropertyValueSpecification","valueRequired":true,"valueName":"search_term_string"}}],"inLanguage":"pt-PT"},{"@type":"Organization","@id":"https:\/\/inclusivenews.com.br\/#organization","name":"Inclusive - inclus\u00e3o e cidadania","url":"https:\/\/inclusivenews.com.br\/","logo":{"@type":"ImageObject","inLanguage":"pt-PT","@id":"https:\/\/inclusivenews.com.br\/#\/schema\/logo\/image\/","url":"https:\/\/inclusivenews.com.br\/wp-content\/uploads\/2024\/03\/@grandesite.png","contentUrl":"https:\/\/inclusivenews.com.br\/wp-content\/uploads\/2024\/03\/@grandesite.png","width":1080,"height":1080,"caption":"Inclusive - inclus\u00e3o e cidadania"},"image":{"@id":"https:\/\/inclusivenews.com.br\/#\/schema\/logo\/image\/"},"sameAs":["https:\/\/www.facebook.com\/agenciainclusive\/","https:\/\/www.instagram.com\/newsinclusive\/"]},{"@type":"Person","@id":"https:\/\/inclusivenews.com.br\/#\/schema\/person\/ae4ec7087559b8692fb33b6fffd2273b","name":"inclusivenews2024","image":{"@type":"ImageObject","inLanguage":"pt-PT","@id":"https:\/\/secure.gravatar.com\/avatar\/c5a7ef84c66fa914f55bc4f7ce26cfa275a3b9a1c5568b907bd184fb4dde7b40?s=96&d=mm&r=g","url":"https:\/\/secure.gravatar.com\/avatar\/c5a7ef84c66fa914f55bc4f7ce26cfa275a3b9a1c5568b907bd184fb4dde7b40?s=96&d=mm&r=g","contentUrl":"https:\/\/secure.gravatar.com\/avatar\/c5a7ef84c66fa914f55bc4f7ce26cfa275a3b9a1c5568b907bd184fb4dde7b40?s=96&d=mm&r=g","caption":"inclusivenews2024"},"sameAs":["https:\/\/inclusivenews.com.br"],"url":"https:\/\/inclusivenews.com.br\/?author=1"}]}},"_links":{"self":[{"href":"https:\/\/inclusivenews.com.br\/index.php?rest_route=\/wp\/v2\/posts\/14990","targetHints":{"allow":["GET"]}}],"collection":[{"href":"https:\/\/inclusivenews.com.br\/index.php?rest_route=\/wp\/v2\/posts"}],"about":[{"href":"https:\/\/inclusivenews.com.br\/index.php?rest_route=\/wp\/v2\/types\/post"}],"author":[{"embeddable":true,"href":"https:\/\/inclusivenews.com.br\/index.php?rest_route=\/wp\/v2\/users\/1"}],"replies":[{"embeddable":true,"href":"https:\/\/inclusivenews.com.br\/index.php?rest_route=%2Fwp%2Fv2%2Fcomments&post=14990"}],"version-history":[{"count":0,"href":"https:\/\/inclusivenews.com.br\/index.php?rest_route=\/wp\/v2\/posts\/14990\/revisions"}],"wp:attachment":[{"href":"https:\/\/inclusivenews.com.br\/index.php?rest_route=%2Fwp%2Fv2%2Fmedia&parent=14990"}],"wp:term":[{"taxonomy":"category","embeddable":true,"href":"https:\/\/inclusivenews.com.br\/index.php?rest_route=%2Fwp%2Fv2%2Fcategories&post=14990"},{"taxonomy":"post_tag","embeddable":true,"href":"https:\/\/inclusivenews.com.br\/index.php?rest_route=%2Fwp%2Fv2%2Ftags&post=14990"}],"curies":[{"name":"wp","href":"https:\/\/api.w.org\/{rel}","templated":true}]}}