{"id":15017,"date":"2010-04-23T05:59:02","date_gmt":"2010-04-23T08:59:02","guid":{"rendered":"http:\/\/www.inclusive.org.br\/?p=15017"},"modified":"2010-04-23T05:59:02","modified_gmt":"2010-04-23T08:59:02","slug":"corrupcao-na-educacao-e-saude-pode-ter-pena-ampliada","status":"publish","type":"post","link":"https:\/\/inclusivenews.com.br\/?p=15017","title":{"rendered":"Corrup\u00e7\u00e3o na educa\u00e7\u00e3o e sa\u00fade pode ter pena ampliada"},"content":{"rendered":"<figure style=\"width: 132px\" class=\"wp-caption alignleft\"><a class=\"moz-txt-link-freetext\" href=\"http:\/\/www.envolverde.com.br\/fotos_novas\/73215.jpg\"><img loading=\"lazy\" decoding=\"async\" title=\"Um homem visto da cintura para baixo carregando uma maleta de onde caem notas de dinheiro.\" src=\"http:\/\/www.envolverde.com.br\/fotos_novas\/73215.jpg\" alt=\"\" width=\"132\" height=\"176\" \/><\/a><figcaption class=\"wp-caption-text\"> <\/figcaption><\/figure>\n<p>Os crimes de corrup\u00e7\u00e3o praticados nas \u00e1reas da educa\u00e7\u00e3o e da sa\u00fade ter\u00e3o puni\u00e7\u00e3o ainda mais rigorosa &#8211; de quatro a 14 anos de reclus\u00e3o. Atualmente, o C\u00f3digo Penal (Lei 2.848\/40) prev\u00ea reclus\u00e3o de dois a 12 anos para crimes de corrup\u00e7\u00e3o ativa ou passiva. O aumento de pena est\u00e1 previsto em projeto de lei que est\u00e1 na pauta da Comiss\u00e3o de Constitui\u00e7\u00e3o, Justi\u00e7a e Cidadania (CCJ), que se re\u00fane nesta ter\u00e7a-feira (20).<\/p>\n<p>Segundo a Ag\u00eancia Senado, no texto original do projeto (PLS 35\/09), o senador Mozarildo Cavalcanti (PTB-RR) justifica o aumento de pena para casos de corrup\u00e7\u00e3o nas \u00e1reas de sa\u00fade e educa\u00e7\u00e3o informando haver desvio de 25% dos recursos repassados pelo Minist\u00e9rio da Sa\u00fade aos munic\u00edpios e de 81% do or\u00e7amento do Minist\u00e9rio da Educa\u00e7\u00e3o (MEC).<br \/>\n_____________________<\/p>\n<p><strong>Fonte:<\/strong> <a href=\"http:\/\/www.envolverde.com.br\/materia.php?cod=73215&amp;edt=8\">Envolverde\/Nota 10<\/a><\/p>\n","protected":false},"excerpt":{"rendered":"<p>Segundo a Ag\u00eancia Senado, no texto original do projeto (PLS 35\/09), o senador Mozarildo Cavalcanti (PTB-RR) justifica o aumento de pena para casos de corrup\u00e7\u00e3o nas \u00e1reas de sa\u00fade e educa\u00e7\u00e3o informando haver desvio de 25% dos recursos repassados pelo Minist\u00e9rio da Sa\u00fade aos munic\u00edpios e de 81% do or\u00e7amento do Minist\u00e9rio da Educa\u00e7\u00e3o (MEC).<\/p>\n","protected":false},"author":1,"featured_media":0,"comment_status":"open","ping_status":"open","sticky":false,"template":"","format":"standard","meta":{"site-container-style":"default","site-container-layout":"default","site-sidebar-layout":"default","disable-article-header":"default","disable-site-header":"default","disable-site-footer":"default","disable-content-area-spacing":"default","footnotes":""},"categories":[4],"tags":[],"class_list":["post-15017","post","type-post","status-publish","format-standard","hentry","category-noticias"],"yoast_head":"<!-- This site is optimized with the Yoast SEO plugin v27.4 - https:\/\/yoast.com\/product\/yoast-seo-wordpress\/ -->\n<title>Corrup\u00e7\u00e3o na educa\u00e7\u00e3o e sa\u00fade pode ter pena ampliada -<\/title>\n<meta name=\"robots\" content=\"index, follow, max-snippet:-1, max-image-preview:large, max-video-preview:-1\" \/>\n<link rel=\"canonical\" href=\"https:\/\/inclusivenews.com.br\/?p=15017\" \/>\n<meta property=\"og:locale\" content=\"pt_PT\" \/>\n<meta property=\"og:type\" content=\"article\" \/>\n<meta property=\"og:title\" content=\"Corrup\u00e7\u00e3o na educa\u00e7\u00e3o e sa\u00fade pode ter pena ampliada -\" \/>\n<meta property=\"og:description\" content=\"Segundo a Ag\u00eancia Senado, no texto original do projeto (PLS 35\/09), o senador Mozarildo Cavalcanti (PTB-RR) justifica o aumento de pena para casos de corrup\u00e7\u00e3o nas \u00e1reas de sa\u00fade e educa\u00e7\u00e3o informando haver desvio de 25% dos recursos repassados pelo Minist\u00e9rio da Sa\u00fade aos munic\u00edpios e de 81% do or\u00e7amento do Minist\u00e9rio da Educa\u00e7\u00e3o (MEC).\" \/>\n<meta property=\"og:url\" content=\"https:\/\/inclusivenews.com.br\/?p=15017\" \/>\n<meta property=\"article:publisher\" content=\"https:\/\/www.facebook.com\/agenciainclusive\/\" \/>\n<meta property=\"article:published_time\" content=\"2010-04-23T08:59:02+00:00\" \/>\n<meta property=\"og:image\" content=\"http:\/\/www.envolverde.com.br\/fotos_novas\/73215.jpg\" \/>\n<meta name=\"author\" content=\"inclusivenews2024\" \/>\n<meta name=\"twitter:card\" content=\"summary_large_image\" \/>\n<meta name=\"twitter:label1\" content=\"Escrito por\" \/>\n\t<meta name=\"twitter:data1\" content=\"inclusivenews2024\" \/>\n\t<meta name=\"twitter:label2\" content=\"Tempo estimado de leitura\" \/>\n\t<meta name=\"twitter:data2\" content=\"1 minuto\" \/>\n<script type=\"application\/ld+json\" class=\"yoast-schema-graph\">{\"@context\":\"https:\\\/\\\/schema.org\",\"@graph\":[{\"@type\":\"Article\",\"@id\":\"https:\\\/\\\/inclusivenews.com.br\\\/?p=15017#article\",\"isPartOf\":{\"@id\":\"https:\\\/\\\/inclusivenews.com.br\\\/?p=15017\"},\"author\":{\"name\":\"inclusivenews2024\",\"@id\":\"https:\\\/\\\/inclusivenews.com.br\\\/#\\\/schema\\\/person\\\/ae4ec7087559b8692fb33b6fffd2273b\"},\"headline\":\"Corrup\u00e7\u00e3o na educa\u00e7\u00e3o e sa\u00fade pode ter pena ampliada\",\"datePublished\":\"2010-04-23T08:59:02+00:00\",\"mainEntityOfPage\":{\"@id\":\"https:\\\/\\\/inclusivenews.com.br\\\/?p=15017\"},\"wordCount\":167,\"commentCount\":0,\"publisher\":{\"@id\":\"https:\\\/\\\/inclusivenews.com.br\\\/#organization\"},\"image\":{\"@id\":\"https:\\\/\\\/inclusivenews.com.br\\\/?p=15017#primaryimage\"},\"thumbnailUrl\":\"http:\\\/\\\/www.envolverde.com.br\\\/fotos_novas\\\/73215.jpg\",\"articleSection\":[\"NOT\u00cdCIAS\"],\"inLanguage\":\"pt-PT\",\"potentialAction\":[{\"@type\":\"CommentAction\",\"name\":\"Comment\",\"target\":[\"https:\\\/\\\/inclusivenews.com.br\\\/?p=15017#respond\"]}]},{\"@type\":\"WebPage\",\"@id\":\"https:\\\/\\\/inclusivenews.com.br\\\/?p=15017\",\"url\":\"https:\\\/\\\/inclusivenews.com.br\\\/?p=15017\",\"name\":\"Corrup\u00e7\u00e3o na educa\u00e7\u00e3o e sa\u00fade pode ter pena ampliada -\",\"isPartOf\":{\"@id\":\"https:\\\/\\\/inclusivenews.com.br\\\/#website\"},\"primaryImageOfPage\":{\"@id\":\"https:\\\/\\\/inclusivenews.com.br\\\/?p=15017#primaryimage\"},\"image\":{\"@id\":\"https:\\\/\\\/inclusivenews.com.br\\\/?p=15017#primaryimage\"},\"thumbnailUrl\":\"http:\\\/\\\/www.envolverde.com.br\\\/fotos_novas\\\/73215.jpg\",\"datePublished\":\"2010-04-23T08:59:02+00:00\",\"breadcrumb\":{\"@id\":\"https:\\\/\\\/inclusivenews.com.br\\\/?p=15017#breadcrumb\"},\"inLanguage\":\"pt-PT\",\"potentialAction\":[{\"@type\":\"ReadAction\",\"target\":[\"https:\\\/\\\/inclusivenews.com.br\\\/?p=15017\"]}]},{\"@type\":\"ImageObject\",\"inLanguage\":\"pt-PT\",\"@id\":\"https:\\\/\\\/inclusivenews.com.br\\\/?p=15017#primaryimage\",\"url\":\"http:\\\/\\\/www.envolverde.com.br\\\/fotos_novas\\\/73215.jpg\",\"contentUrl\":\"http:\\\/\\\/www.envolverde.com.br\\\/fotos_novas\\\/73215.jpg\"},{\"@type\":\"BreadcrumbList\",\"@id\":\"https:\\\/\\\/inclusivenews.com.br\\\/?p=15017#breadcrumb\",\"itemListElement\":[{\"@type\":\"ListItem\",\"position\":1,\"name\":\"In\u00edcio\",\"item\":\"https:\\\/\\\/inclusivenews.com.br\\\/\"},{\"@type\":\"ListItem\",\"position\":2,\"name\":\"Corrup\u00e7\u00e3o na educa\u00e7\u00e3o e sa\u00fade pode ter pena ampliada\"}]},{\"@type\":\"WebSite\",\"@id\":\"https:\\\/\\\/inclusivenews.com.br\\\/#website\",\"url\":\"https:\\\/\\\/inclusivenews.com.br\\\/\",\"name\":\"Inclusive News\",\"description\":\"Inclusive News\",\"publisher\":{\"@id\":\"https:\\\/\\\/inclusivenews.com.br\\\/#organization\"},\"potentialAction\":[{\"@type\":\"SearchAction\",\"target\":{\"@type\":\"EntryPoint\",\"urlTemplate\":\"https:\\\/\\\/inclusivenews.com.br\\\/?s={search_term_string}\"},\"query-input\":{\"@type\":\"PropertyValueSpecification\",\"valueRequired\":true,\"valueName\":\"search_term_string\"}}],\"inLanguage\":\"pt-PT\"},{\"@type\":\"Organization\",\"@id\":\"https:\\\/\\\/inclusivenews.com.br\\\/#organization\",\"name\":\"Inclusive - inclus\u00e3o e cidadania\",\"url\":\"https:\\\/\\\/inclusivenews.com.br\\\/\",\"logo\":{\"@type\":\"ImageObject\",\"inLanguage\":\"pt-PT\",\"@id\":\"https:\\\/\\\/inclusivenews.com.br\\\/#\\\/schema\\\/logo\\\/image\\\/\",\"url\":\"https:\\\/\\\/inclusivenews.com.br\\\/wp-content\\\/uploads\\\/2024\\\/03\\\/@grandesite.png\",\"contentUrl\":\"https:\\\/\\\/inclusivenews.com.br\\\/wp-content\\\/uploads\\\/2024\\\/03\\\/@grandesite.png\",\"width\":1080,\"height\":1080,\"caption\":\"Inclusive - inclus\u00e3o e cidadania\"},\"image\":{\"@id\":\"https:\\\/\\\/inclusivenews.com.br\\\/#\\\/schema\\\/logo\\\/image\\\/\"},\"sameAs\":[\"https:\\\/\\\/www.facebook.com\\\/agenciainclusive\\\/\",\"https:\\\/\\\/www.instagram.com\\\/newsinclusive\\\/\"]},{\"@type\":\"Person\",\"@id\":\"https:\\\/\\\/inclusivenews.com.br\\\/#\\\/schema\\\/person\\\/ae4ec7087559b8692fb33b6fffd2273b\",\"name\":\"inclusivenews2024\",\"image\":{\"@type\":\"ImageObject\",\"inLanguage\":\"pt-PT\",\"@id\":\"https:\\\/\\\/secure.gravatar.com\\\/avatar\\\/c5a7ef84c66fa914f55bc4f7ce26cfa275a3b9a1c5568b907bd184fb4dde7b40?s=96&d=mm&r=g\",\"url\":\"https:\\\/\\\/secure.gravatar.com\\\/avatar\\\/c5a7ef84c66fa914f55bc4f7ce26cfa275a3b9a1c5568b907bd184fb4dde7b40?s=96&d=mm&r=g\",\"contentUrl\":\"https:\\\/\\\/secure.gravatar.com\\\/avatar\\\/c5a7ef84c66fa914f55bc4f7ce26cfa275a3b9a1c5568b907bd184fb4dde7b40?s=96&d=mm&r=g\",\"caption\":\"inclusivenews2024\"},\"sameAs\":[\"https:\\\/\\\/inclusivenews.com.br\"],\"url\":\"https:\\\/\\\/inclusivenews.com.br\\\/?author=1\"}]}<\/script>\n<!-- \/ Yoast SEO plugin. -->","yoast_head_json":{"title":"Corrup\u00e7\u00e3o na educa\u00e7\u00e3o e sa\u00fade pode ter pena ampliada -","robots":{"index":"index","follow":"follow","max-snippet":"max-snippet:-1","max-image-preview":"max-image-preview:large","max-video-preview":"max-video-preview:-1"},"canonical":"https:\/\/inclusivenews.com.br\/?p=15017","og_locale":"pt_PT","og_type":"article","og_title":"Corrup\u00e7\u00e3o na educa\u00e7\u00e3o e sa\u00fade pode ter pena ampliada -","og_description":"Segundo a Ag\u00eancia Senado, no texto original do projeto (PLS 35\/09), o senador Mozarildo Cavalcanti (PTB-RR) justifica o aumento de pena para casos de corrup\u00e7\u00e3o nas \u00e1reas de sa\u00fade e educa\u00e7\u00e3o informando haver desvio de 25% dos recursos repassados pelo Minist\u00e9rio da Sa\u00fade aos munic\u00edpios e de 81% do or\u00e7amento do Minist\u00e9rio da Educa\u00e7\u00e3o (MEC).","og_url":"https:\/\/inclusivenews.com.br\/?p=15017","article_publisher":"https:\/\/www.facebook.com\/agenciainclusive\/","article_published_time":"2010-04-23T08:59:02+00:00","og_image":[{"url":"http:\/\/www.envolverde.com.br\/fotos_novas\/73215.jpg","type":"","width":"","height":""}],"author":"inclusivenews2024","twitter_card":"summary_large_image","twitter_misc":{"Escrito por":"inclusivenews2024","Tempo estimado de leitura":"1 minuto"},"schema":{"@context":"https:\/\/schema.org","@graph":[{"@type":"Article","@id":"https:\/\/inclusivenews.com.br\/?p=15017#article","isPartOf":{"@id":"https:\/\/inclusivenews.com.br\/?p=15017"},"author":{"name":"inclusivenews2024","@id":"https:\/\/inclusivenews.com.br\/#\/schema\/person\/ae4ec7087559b8692fb33b6fffd2273b"},"headline":"Corrup\u00e7\u00e3o na educa\u00e7\u00e3o e sa\u00fade pode ter pena ampliada","datePublished":"2010-04-23T08:59:02+00:00","mainEntityOfPage":{"@id":"https:\/\/inclusivenews.com.br\/?p=15017"},"wordCount":167,"commentCount":0,"publisher":{"@id":"https:\/\/inclusivenews.com.br\/#organization"},"image":{"@id":"https:\/\/inclusivenews.com.br\/?p=15017#primaryimage"},"thumbnailUrl":"http:\/\/www.envolverde.com.br\/fotos_novas\/73215.jpg","articleSection":["NOT\u00cdCIAS"],"inLanguage":"pt-PT","potentialAction":[{"@type":"CommentAction","name":"Comment","target":["https:\/\/inclusivenews.com.br\/?p=15017#respond"]}]},{"@type":"WebPage","@id":"https:\/\/inclusivenews.com.br\/?p=15017","url":"https:\/\/inclusivenews.com.br\/?p=15017","name":"Corrup\u00e7\u00e3o na educa\u00e7\u00e3o e sa\u00fade pode ter pena ampliada -","isPartOf":{"@id":"https:\/\/inclusivenews.com.br\/#website"},"primaryImageOfPage":{"@id":"https:\/\/inclusivenews.com.br\/?p=15017#primaryimage"},"image":{"@id":"https:\/\/inclusivenews.com.br\/?p=15017#primaryimage"},"thumbnailUrl":"http:\/\/www.envolverde.com.br\/fotos_novas\/73215.jpg","datePublished":"2010-04-23T08:59:02+00:00","breadcrumb":{"@id":"https:\/\/inclusivenews.com.br\/?p=15017#breadcrumb"},"inLanguage":"pt-PT","potentialAction":[{"@type":"ReadAction","target":["https:\/\/inclusivenews.com.br\/?p=15017"]}]},{"@type":"ImageObject","inLanguage":"pt-PT","@id":"https:\/\/inclusivenews.com.br\/?p=15017#primaryimage","url":"http:\/\/www.envolverde.com.br\/fotos_novas\/73215.jpg","contentUrl":"http:\/\/www.envolverde.com.br\/fotos_novas\/73215.jpg"},{"@type":"BreadcrumbList","@id":"https:\/\/inclusivenews.com.br\/?p=15017#breadcrumb","itemListElement":[{"@type":"ListItem","position":1,"name":"In\u00edcio","item":"https:\/\/inclusivenews.com.br\/"},{"@type":"ListItem","position":2,"name":"Corrup\u00e7\u00e3o na educa\u00e7\u00e3o e sa\u00fade pode ter pena ampliada"}]},{"@type":"WebSite","@id":"https:\/\/inclusivenews.com.br\/#website","url":"https:\/\/inclusivenews.com.br\/","name":"Inclusive News","description":"Inclusive News","publisher":{"@id":"https:\/\/inclusivenews.com.br\/#organization"},"potentialAction":[{"@type":"SearchAction","target":{"@type":"EntryPoint","urlTemplate":"https:\/\/inclusivenews.com.br\/?s={search_term_string}"},"query-input":{"@type":"PropertyValueSpecification","valueRequired":true,"valueName":"search_term_string"}}],"inLanguage":"pt-PT"},{"@type":"Organization","@id":"https:\/\/inclusivenews.com.br\/#organization","name":"Inclusive - inclus\u00e3o e cidadania","url":"https:\/\/inclusivenews.com.br\/","logo":{"@type":"ImageObject","inLanguage":"pt-PT","@id":"https:\/\/inclusivenews.com.br\/#\/schema\/logo\/image\/","url":"https:\/\/inclusivenews.com.br\/wp-content\/uploads\/2024\/03\/@grandesite.png","contentUrl":"https:\/\/inclusivenews.com.br\/wp-content\/uploads\/2024\/03\/@grandesite.png","width":1080,"height":1080,"caption":"Inclusive - inclus\u00e3o e cidadania"},"image":{"@id":"https:\/\/inclusivenews.com.br\/#\/schema\/logo\/image\/"},"sameAs":["https:\/\/www.facebook.com\/agenciainclusive\/","https:\/\/www.instagram.com\/newsinclusive\/"]},{"@type":"Person","@id":"https:\/\/inclusivenews.com.br\/#\/schema\/person\/ae4ec7087559b8692fb33b6fffd2273b","name":"inclusivenews2024","image":{"@type":"ImageObject","inLanguage":"pt-PT","@id":"https:\/\/secure.gravatar.com\/avatar\/c5a7ef84c66fa914f55bc4f7ce26cfa275a3b9a1c5568b907bd184fb4dde7b40?s=96&d=mm&r=g","url":"https:\/\/secure.gravatar.com\/avatar\/c5a7ef84c66fa914f55bc4f7ce26cfa275a3b9a1c5568b907bd184fb4dde7b40?s=96&d=mm&r=g","contentUrl":"https:\/\/secure.gravatar.com\/avatar\/c5a7ef84c66fa914f55bc4f7ce26cfa275a3b9a1c5568b907bd184fb4dde7b40?s=96&d=mm&r=g","caption":"inclusivenews2024"},"sameAs":["https:\/\/inclusivenews.com.br"],"url":"https:\/\/inclusivenews.com.br\/?author=1"}]}},"_links":{"self":[{"href":"https:\/\/inclusivenews.com.br\/index.php?rest_route=\/wp\/v2\/posts\/15017","targetHints":{"allow":["GET"]}}],"collection":[{"href":"https:\/\/inclusivenews.com.br\/index.php?rest_route=\/wp\/v2\/posts"}],"about":[{"href":"https:\/\/inclusivenews.com.br\/index.php?rest_route=\/wp\/v2\/types\/post"}],"author":[{"embeddable":true,"href":"https:\/\/inclusivenews.com.br\/index.php?rest_route=\/wp\/v2\/users\/1"}],"replies":[{"embeddable":true,"href":"https:\/\/inclusivenews.com.br\/index.php?rest_route=%2Fwp%2Fv2%2Fcomments&post=15017"}],"version-history":[{"count":0,"href":"https:\/\/inclusivenews.com.br\/index.php?rest_route=\/wp\/v2\/posts\/15017\/revisions"}],"wp:attachment":[{"href":"https:\/\/inclusivenews.com.br\/index.php?rest_route=%2Fwp%2Fv2%2Fmedia&parent=15017"}],"wp:term":[{"taxonomy":"category","embeddable":true,"href":"https:\/\/inclusivenews.com.br\/index.php?rest_route=%2Fwp%2Fv2%2Fcategories&post=15017"},{"taxonomy":"post_tag","embeddable":true,"href":"https:\/\/inclusivenews.com.br\/index.php?rest_route=%2Fwp%2Fv2%2Ftags&post=15017"}],"curies":[{"name":"wp","href":"https:\/\/api.w.org\/{rel}","templated":true}]}}