{"id":15054,"date":"2010-05-03T08:15:00","date_gmt":"2010-05-03T11:15:00","guid":{"rendered":"http:\/\/www.inclusive.org.br\/?p=15054"},"modified":"2010-05-03T08:15:00","modified_gmt":"2010-05-03T11:15:00","slug":"bullying-volta-ao-educaids","status":"publish","type":"post","link":"https:\/\/inclusivenews.com.br\/?p=15054","title":{"rendered":"Bullying volta ao Educaids"},"content":{"rendered":"<figure style=\"width: 177px\" class=\"wp-caption alignleft\"><img loading=\"lazy\" decoding=\"async\" title=\"APTA - Associa\u00e7\u00e3o para Preven\u00e7\u00e3o e Tratamento da AIDS\" src=\"http:\/\/www.apta.org.br\/img\/det-logo.gif\" alt=\"\" width=\"177\" height=\"74\" \/><figcaption class=\"wp-caption-text\"> <\/figcaption><\/figure>\n<p>A viol\u00eancia f\u00edsica e verbal de alunos contra alunos ou bullying \u2013 um tema discutido pela primeira vez, no Brasil, no 9.0 Educaids (2005) \u2013 volta ao plen\u00e1rio do 13.0 Encontro Nacional dos Educadores na Preven\u00e7\u00e3o das DST, Aids e demais vulnerabilidades da adolesc\u00eancia, que acontece no Centro de Conven\u00e7\u00f5es Rebou\u00e7as (Av. Rebou\u00e7as 600), de 2 a 5 de junho. As inscri\u00e7\u00f5es para o encontro e para os Pr\u00eamios Paulo Freire (Educa\u00e7\u00e3o) e Samuel Pessoa (Sa\u00fade) j\u00e1 est\u00e3o abertas (<a href=\"http:\/\/www.apta.org.br\">www.apta.org.br<\/a>).<\/p>\n<p>Para a organizadora do Educaids, a pedagoga e biom\u00e9dica Teresinha Reis Pinto, a diferen\u00e7a entre os primeiros estudos e as atuais estat\u00edsticas de bulyling nas escolas \u2013 divulgadas pela ONG Plan, CEATS e FIA, est\u00e1 na sua frequ\u00eancia e difus\u00e3o, que alcan\u00e7ou as redes sociais e se espalhou como uma pandemia entre os jovens. O tema vai ser abordado pelos dirigentes das ONGs APTA (Victor Amatucci, da USP) e Canto Jovem (Ildete Mendes de Souza), no painel Vulnerabilidade e Juventude (02\/06 -10 horas) e no painel Drogas, Bullying e Viol\u00eancia (04\/06 \u2013 8h30), com os especialistas  Ed\u00e9sio Tavares Miranda e Glaury Coelho.<\/p>\n<p>Tamb\u00e9m participam do 14.0 Educaids o m\u00fasico Jo\u00e3o Guilherme Estrella, que inspirou o filme Meu nome n\u00e3o \u00e9 Johnny, os ex-diretores do Programa Nacional de Aids, Pedro Chequer e Alexandre Granjeiro, os infectologistas Marinella Della Negra e Norma Rubini e Caio Rosenthal, os educadores Roberto da Silva (FEUSP), Francisca Pini (Instituto Paulo Freire) e Nilm\u00e1rio Miranda (Funda\u00e7\u00e3o Perseu Abramo), entre outras personalidades que participam do evento desde a sua cria\u00e7\u00e3o pelo ent\u00e3o secret\u00e1rio de Educa\u00e7\u00e3o do munic\u00edpio de S\u00e3o Paulo, Paulo Freire.<\/p>\n<p>Doen\u00e7as auto-imunes e HIV, HPV, vacinas, homofobia, drogas e viol\u00eancia nas escolas, al\u00e9m das defici\u00eancias auditiva, visual e f\u00edsica  e uma pesquisa in\u00e9dita sobre a realidade da escola Rural no Brasil, no \u00e2mbito da preven\u00e7\u00f5es, s\u00e3o outras atra\u00e7\u00f5es do Educaids. A agenda cultural do Educaids inclui a II Mostra de Cinema O vermelho da vida \u2013 no Cine Olido (Av S\u00e3o Jo\u00e3o, 473) e visitas monitoradas ao Museu da L\u00edngua<br \/>\nPortuguesa e \u00e0 Pinacoteca do Estado. Ao longo do Educaids, os participantes poder\u00e3o circular pela Feira do EDUCAIDS, um espa\u00e7o novo que trar\u00e1 um peda\u00e7o da rua 25 de mar\u00e7o para dentro do evento.<\/p>\n<p>Informa\u00e7\u00f5es (11) 34679389<br \/>\napta@apta.org.br<br \/>\nCom Teresinha Reis Pinto<\/p>\n","protected":false},"excerpt":{"rendered":"<p>A viol\u00eancia f\u00edsica e verbal de alunos contra alunos ou bullying \u2013 um tema discutido pela primeira vez, no Brasil, no 9.0 Educaids (2005) \u2013 volta ao plen\u00e1rio do 13.0 Encontro Nacional dos Educadores na Preven\u00e7\u00e3o das DST, Aids e demais vulnerabilidades da adolesc\u00eancia, que acontece no Centro de Conven\u00e7\u00f5es Rebou\u00e7as (Av. Rebou\u00e7as 600), de 2 a 5 de junho. As inscri\u00e7\u00f5es para o encontro e para os Pr\u00eamios Paulo Freire (Educa\u00e7\u00e3o) e Samuel Pessoa (Sa\u00fade) j\u00e1 est\u00e3o abertas (www.apta.org.br).<\/p>\n","protected":false},"author":1,"featured_media":0,"comment_status":"open","ping_status":"open","sticky":false,"template":"","format":"standard","meta":{"site-container-style":"default","site-container-layout":"default","site-sidebar-layout":"default","disable-article-header":"default","disable-site-header":"default","disable-site-footer":"default","disable-content-area-spacing":"default","footnotes":""},"categories":[12,4],"tags":[],"class_list":["post-15054","post","type-post","status-publish","format-standard","hentry","category-cursos-e-eventos","category-noticias"],"yoast_head":"<!-- This site is optimized with the Yoast SEO plugin v27.4 - https:\/\/yoast.com\/product\/yoast-seo-wordpress\/ -->\n<title>Bullying volta ao Educaids -<\/title>\n<meta name=\"robots\" content=\"index, follow, max-snippet:-1, max-image-preview:large, max-video-preview:-1\" \/>\n<link rel=\"canonical\" href=\"https:\/\/inclusivenews.com.br\/?p=15054\" \/>\n<meta property=\"og:locale\" content=\"pt_PT\" \/>\n<meta property=\"og:type\" content=\"article\" \/>\n<meta property=\"og:title\" content=\"Bullying volta ao Educaids -\" \/>\n<meta property=\"og:description\" content=\"A viol\u00eancia f\u00edsica e verbal de alunos contra alunos ou bullying \u2013 um tema discutido pela primeira vez, no Brasil, no 9.0 Educaids (2005) \u2013 volta ao plen\u00e1rio do 13.0 Encontro Nacional dos Educadores na Preven\u00e7\u00e3o das DST, Aids e demais vulnerabilidades da adolesc\u00eancia, que acontece no Centro de Conven\u00e7\u00f5es Rebou\u00e7as (Av. Rebou\u00e7as 600), de 2 a 5 de junho. As inscri\u00e7\u00f5es para o encontro e para os Pr\u00eamios Paulo Freire (Educa\u00e7\u00e3o) e Samuel Pessoa (Sa\u00fade) j\u00e1 est\u00e3o abertas (www.apta.org.br).\" \/>\n<meta property=\"og:url\" content=\"https:\/\/inclusivenews.com.br\/?p=15054\" \/>\n<meta property=\"article:publisher\" content=\"https:\/\/www.facebook.com\/agenciainclusive\/\" \/>\n<meta property=\"article:published_time\" content=\"2010-05-03T11:15:00+00:00\" \/>\n<meta property=\"og:image\" content=\"http:\/\/www.apta.org.br\/img\/det-logo.gif\" \/>\n<meta name=\"author\" content=\"inclusivenews2024\" \/>\n<meta name=\"twitter:card\" content=\"summary_large_image\" \/>\n<meta name=\"twitter:label1\" content=\"Escrito por\" \/>\n\t<meta name=\"twitter:data1\" content=\"inclusivenews2024\" \/>\n\t<meta name=\"twitter:label2\" content=\"Tempo estimado de leitura\" \/>\n\t<meta name=\"twitter:data2\" content=\"2 minutos\" \/>\n<script type=\"application\/ld+json\" class=\"yoast-schema-graph\">{\"@context\":\"https:\\\/\\\/schema.org\",\"@graph\":[{\"@type\":\"Article\",\"@id\":\"https:\\\/\\\/inclusivenews.com.br\\\/?p=15054#article\",\"isPartOf\":{\"@id\":\"https:\\\/\\\/inclusivenews.com.br\\\/?p=15054\"},\"author\":{\"name\":\"inclusivenews2024\",\"@id\":\"https:\\\/\\\/inclusivenews.com.br\\\/#\\\/schema\\\/person\\\/ae4ec7087559b8692fb33b6fffd2273b\"},\"headline\":\"Bullying volta ao Educaids\",\"datePublished\":\"2010-05-03T11:15:00+00:00\",\"mainEntityOfPage\":{\"@id\":\"https:\\\/\\\/inclusivenews.com.br\\\/?p=15054\"},\"wordCount\":423,\"commentCount\":0,\"publisher\":{\"@id\":\"https:\\\/\\\/inclusivenews.com.br\\\/#organization\"},\"image\":{\"@id\":\"https:\\\/\\\/inclusivenews.com.br\\\/?p=15054#primaryimage\"},\"thumbnailUrl\":\"http:\\\/\\\/www.apta.org.br\\\/img\\\/det-logo.gif\",\"articleSection\":[\"Cursos e eventos\",\"NOT\u00cdCIAS\"],\"inLanguage\":\"pt-PT\",\"potentialAction\":[{\"@type\":\"CommentAction\",\"name\":\"Comment\",\"target\":[\"https:\\\/\\\/inclusivenews.com.br\\\/?p=15054#respond\"]}]},{\"@type\":\"WebPage\",\"@id\":\"https:\\\/\\\/inclusivenews.com.br\\\/?p=15054\",\"url\":\"https:\\\/\\\/inclusivenews.com.br\\\/?p=15054\",\"name\":\"Bullying volta ao Educaids -\",\"isPartOf\":{\"@id\":\"https:\\\/\\\/inclusivenews.com.br\\\/#website\"},\"primaryImageOfPage\":{\"@id\":\"https:\\\/\\\/inclusivenews.com.br\\\/?p=15054#primaryimage\"},\"image\":{\"@id\":\"https:\\\/\\\/inclusivenews.com.br\\\/?p=15054#primaryimage\"},\"thumbnailUrl\":\"http:\\\/\\\/www.apta.org.br\\\/img\\\/det-logo.gif\",\"datePublished\":\"2010-05-03T11:15:00+00:00\",\"breadcrumb\":{\"@id\":\"https:\\\/\\\/inclusivenews.com.br\\\/?p=15054#breadcrumb\"},\"inLanguage\":\"pt-PT\",\"potentialAction\":[{\"@type\":\"ReadAction\",\"target\":[\"https:\\\/\\\/inclusivenews.com.br\\\/?p=15054\"]}]},{\"@type\":\"ImageObject\",\"inLanguage\":\"pt-PT\",\"@id\":\"https:\\\/\\\/inclusivenews.com.br\\\/?p=15054#primaryimage\",\"url\":\"http:\\\/\\\/www.apta.org.br\\\/img\\\/det-logo.gif\",\"contentUrl\":\"http:\\\/\\\/www.apta.org.br\\\/img\\\/det-logo.gif\"},{\"@type\":\"BreadcrumbList\",\"@id\":\"https:\\\/\\\/inclusivenews.com.br\\\/?p=15054#breadcrumb\",\"itemListElement\":[{\"@type\":\"ListItem\",\"position\":1,\"name\":\"In\u00edcio\",\"item\":\"https:\\\/\\\/inclusivenews.com.br\\\/\"},{\"@type\":\"ListItem\",\"position\":2,\"name\":\"Bullying volta ao Educaids\"}]},{\"@type\":\"WebSite\",\"@id\":\"https:\\\/\\\/inclusivenews.com.br\\\/#website\",\"url\":\"https:\\\/\\\/inclusivenews.com.br\\\/\",\"name\":\"Inclusive News\",\"description\":\"Inclusive News\",\"publisher\":{\"@id\":\"https:\\\/\\\/inclusivenews.com.br\\\/#organization\"},\"potentialAction\":[{\"@type\":\"SearchAction\",\"target\":{\"@type\":\"EntryPoint\",\"urlTemplate\":\"https:\\\/\\\/inclusivenews.com.br\\\/?s={search_term_string}\"},\"query-input\":{\"@type\":\"PropertyValueSpecification\",\"valueRequired\":true,\"valueName\":\"search_term_string\"}}],\"inLanguage\":\"pt-PT\"},{\"@type\":\"Organization\",\"@id\":\"https:\\\/\\\/inclusivenews.com.br\\\/#organization\",\"name\":\"Inclusive - inclus\u00e3o e cidadania\",\"url\":\"https:\\\/\\\/inclusivenews.com.br\\\/\",\"logo\":{\"@type\":\"ImageObject\",\"inLanguage\":\"pt-PT\",\"@id\":\"https:\\\/\\\/inclusivenews.com.br\\\/#\\\/schema\\\/logo\\\/image\\\/\",\"url\":\"https:\\\/\\\/inclusivenews.com.br\\\/wp-content\\\/uploads\\\/2024\\\/03\\\/@grandesite.png\",\"contentUrl\":\"https:\\\/\\\/inclusivenews.com.br\\\/wp-content\\\/uploads\\\/2024\\\/03\\\/@grandesite.png\",\"width\":1080,\"height\":1080,\"caption\":\"Inclusive - inclus\u00e3o e cidadania\"},\"image\":{\"@id\":\"https:\\\/\\\/inclusivenews.com.br\\\/#\\\/schema\\\/logo\\\/image\\\/\"},\"sameAs\":[\"https:\\\/\\\/www.facebook.com\\\/agenciainclusive\\\/\",\"https:\\\/\\\/www.instagram.com\\\/newsinclusive\\\/\"]},{\"@type\":\"Person\",\"@id\":\"https:\\\/\\\/inclusivenews.com.br\\\/#\\\/schema\\\/person\\\/ae4ec7087559b8692fb33b6fffd2273b\",\"name\":\"inclusivenews2024\",\"image\":{\"@type\":\"ImageObject\",\"inLanguage\":\"pt-PT\",\"@id\":\"https:\\\/\\\/secure.gravatar.com\\\/avatar\\\/c5a7ef84c66fa914f55bc4f7ce26cfa275a3b9a1c5568b907bd184fb4dde7b40?s=96&d=mm&r=g\",\"url\":\"https:\\\/\\\/secure.gravatar.com\\\/avatar\\\/c5a7ef84c66fa914f55bc4f7ce26cfa275a3b9a1c5568b907bd184fb4dde7b40?s=96&d=mm&r=g\",\"contentUrl\":\"https:\\\/\\\/secure.gravatar.com\\\/avatar\\\/c5a7ef84c66fa914f55bc4f7ce26cfa275a3b9a1c5568b907bd184fb4dde7b40?s=96&d=mm&r=g\",\"caption\":\"inclusivenews2024\"},\"sameAs\":[\"https:\\\/\\\/inclusivenews.com.br\"],\"url\":\"https:\\\/\\\/inclusivenews.com.br\\\/?author=1\"}]}<\/script>\n<!-- \/ Yoast SEO plugin. -->","yoast_head_json":{"title":"Bullying volta ao Educaids -","robots":{"index":"index","follow":"follow","max-snippet":"max-snippet:-1","max-image-preview":"max-image-preview:large","max-video-preview":"max-video-preview:-1"},"canonical":"https:\/\/inclusivenews.com.br\/?p=15054","og_locale":"pt_PT","og_type":"article","og_title":"Bullying volta ao Educaids -","og_description":"A viol\u00eancia f\u00edsica e verbal de alunos contra alunos ou bullying \u2013 um tema discutido pela primeira vez, no Brasil, no 9.0 Educaids (2005) \u2013 volta ao plen\u00e1rio do 13.0 Encontro Nacional dos Educadores na Preven\u00e7\u00e3o das DST, Aids e demais vulnerabilidades da adolesc\u00eancia, que acontece no Centro de Conven\u00e7\u00f5es Rebou\u00e7as (Av. Rebou\u00e7as 600), de 2 a 5 de junho. As inscri\u00e7\u00f5es para o encontro e para os Pr\u00eamios Paulo Freire (Educa\u00e7\u00e3o) e Samuel Pessoa (Sa\u00fade) j\u00e1 est\u00e3o abertas (www.apta.org.br).","og_url":"https:\/\/inclusivenews.com.br\/?p=15054","article_publisher":"https:\/\/www.facebook.com\/agenciainclusive\/","article_published_time":"2010-05-03T11:15:00+00:00","og_image":[{"url":"http:\/\/www.apta.org.br\/img\/det-logo.gif","type":"","width":"","height":""}],"author":"inclusivenews2024","twitter_card":"summary_large_image","twitter_misc":{"Escrito por":"inclusivenews2024","Tempo estimado de leitura":"2 minutos"},"schema":{"@context":"https:\/\/schema.org","@graph":[{"@type":"Article","@id":"https:\/\/inclusivenews.com.br\/?p=15054#article","isPartOf":{"@id":"https:\/\/inclusivenews.com.br\/?p=15054"},"author":{"name":"inclusivenews2024","@id":"https:\/\/inclusivenews.com.br\/#\/schema\/person\/ae4ec7087559b8692fb33b6fffd2273b"},"headline":"Bullying volta ao Educaids","datePublished":"2010-05-03T11:15:00+00:00","mainEntityOfPage":{"@id":"https:\/\/inclusivenews.com.br\/?p=15054"},"wordCount":423,"commentCount":0,"publisher":{"@id":"https:\/\/inclusivenews.com.br\/#organization"},"image":{"@id":"https:\/\/inclusivenews.com.br\/?p=15054#primaryimage"},"thumbnailUrl":"http:\/\/www.apta.org.br\/img\/det-logo.gif","articleSection":["Cursos e eventos","NOT\u00cdCIAS"],"inLanguage":"pt-PT","potentialAction":[{"@type":"CommentAction","name":"Comment","target":["https:\/\/inclusivenews.com.br\/?p=15054#respond"]}]},{"@type":"WebPage","@id":"https:\/\/inclusivenews.com.br\/?p=15054","url":"https:\/\/inclusivenews.com.br\/?p=15054","name":"Bullying volta ao Educaids -","isPartOf":{"@id":"https:\/\/inclusivenews.com.br\/#website"},"primaryImageOfPage":{"@id":"https:\/\/inclusivenews.com.br\/?p=15054#primaryimage"},"image":{"@id":"https:\/\/inclusivenews.com.br\/?p=15054#primaryimage"},"thumbnailUrl":"http:\/\/www.apta.org.br\/img\/det-logo.gif","datePublished":"2010-05-03T11:15:00+00:00","breadcrumb":{"@id":"https:\/\/inclusivenews.com.br\/?p=15054#breadcrumb"},"inLanguage":"pt-PT","potentialAction":[{"@type":"ReadAction","target":["https:\/\/inclusivenews.com.br\/?p=15054"]}]},{"@type":"ImageObject","inLanguage":"pt-PT","@id":"https:\/\/inclusivenews.com.br\/?p=15054#primaryimage","url":"http:\/\/www.apta.org.br\/img\/det-logo.gif","contentUrl":"http:\/\/www.apta.org.br\/img\/det-logo.gif"},{"@type":"BreadcrumbList","@id":"https:\/\/inclusivenews.com.br\/?p=15054#breadcrumb","itemListElement":[{"@type":"ListItem","position":1,"name":"In\u00edcio","item":"https:\/\/inclusivenews.com.br\/"},{"@type":"ListItem","position":2,"name":"Bullying volta ao Educaids"}]},{"@type":"WebSite","@id":"https:\/\/inclusivenews.com.br\/#website","url":"https:\/\/inclusivenews.com.br\/","name":"Inclusive News","description":"Inclusive News","publisher":{"@id":"https:\/\/inclusivenews.com.br\/#organization"},"potentialAction":[{"@type":"SearchAction","target":{"@type":"EntryPoint","urlTemplate":"https:\/\/inclusivenews.com.br\/?s={search_term_string}"},"query-input":{"@type":"PropertyValueSpecification","valueRequired":true,"valueName":"search_term_string"}}],"inLanguage":"pt-PT"},{"@type":"Organization","@id":"https:\/\/inclusivenews.com.br\/#organization","name":"Inclusive - inclus\u00e3o e cidadania","url":"https:\/\/inclusivenews.com.br\/","logo":{"@type":"ImageObject","inLanguage":"pt-PT","@id":"https:\/\/inclusivenews.com.br\/#\/schema\/logo\/image\/","url":"https:\/\/inclusivenews.com.br\/wp-content\/uploads\/2024\/03\/@grandesite.png","contentUrl":"https:\/\/inclusivenews.com.br\/wp-content\/uploads\/2024\/03\/@grandesite.png","width":1080,"height":1080,"caption":"Inclusive - inclus\u00e3o e cidadania"},"image":{"@id":"https:\/\/inclusivenews.com.br\/#\/schema\/logo\/image\/"},"sameAs":["https:\/\/www.facebook.com\/agenciainclusive\/","https:\/\/www.instagram.com\/newsinclusive\/"]},{"@type":"Person","@id":"https:\/\/inclusivenews.com.br\/#\/schema\/person\/ae4ec7087559b8692fb33b6fffd2273b","name":"inclusivenews2024","image":{"@type":"ImageObject","inLanguage":"pt-PT","@id":"https:\/\/secure.gravatar.com\/avatar\/c5a7ef84c66fa914f55bc4f7ce26cfa275a3b9a1c5568b907bd184fb4dde7b40?s=96&d=mm&r=g","url":"https:\/\/secure.gravatar.com\/avatar\/c5a7ef84c66fa914f55bc4f7ce26cfa275a3b9a1c5568b907bd184fb4dde7b40?s=96&d=mm&r=g","contentUrl":"https:\/\/secure.gravatar.com\/avatar\/c5a7ef84c66fa914f55bc4f7ce26cfa275a3b9a1c5568b907bd184fb4dde7b40?s=96&d=mm&r=g","caption":"inclusivenews2024"},"sameAs":["https:\/\/inclusivenews.com.br"],"url":"https:\/\/inclusivenews.com.br\/?author=1"}]}},"_links":{"self":[{"href":"https:\/\/inclusivenews.com.br\/index.php?rest_route=\/wp\/v2\/posts\/15054","targetHints":{"allow":["GET"]}}],"collection":[{"href":"https:\/\/inclusivenews.com.br\/index.php?rest_route=\/wp\/v2\/posts"}],"about":[{"href":"https:\/\/inclusivenews.com.br\/index.php?rest_route=\/wp\/v2\/types\/post"}],"author":[{"embeddable":true,"href":"https:\/\/inclusivenews.com.br\/index.php?rest_route=\/wp\/v2\/users\/1"}],"replies":[{"embeddable":true,"href":"https:\/\/inclusivenews.com.br\/index.php?rest_route=%2Fwp%2Fv2%2Fcomments&post=15054"}],"version-history":[{"count":0,"href":"https:\/\/inclusivenews.com.br\/index.php?rest_route=\/wp\/v2\/posts\/15054\/revisions"}],"wp:attachment":[{"href":"https:\/\/inclusivenews.com.br\/index.php?rest_route=%2Fwp%2Fv2%2Fmedia&parent=15054"}],"wp:term":[{"taxonomy":"category","embeddable":true,"href":"https:\/\/inclusivenews.com.br\/index.php?rest_route=%2Fwp%2Fv2%2Fcategories&post=15054"},{"taxonomy":"post_tag","embeddable":true,"href":"https:\/\/inclusivenews.com.br\/index.php?rest_route=%2Fwp%2Fv2%2Ftags&post=15054"}],"curies":[{"name":"wp","href":"https:\/\/api.w.org\/{rel}","templated":true}]}}