{"id":15064,"date":"2010-04-28T05:50:11","date_gmt":"2010-04-28T08:50:11","guid":{"rendered":"http:\/\/www.inclusive.org.br\/?p=15064"},"modified":"2010-04-28T05:50:11","modified_gmt":"2010-04-28T08:50:11","slug":"ultimos-dias-para-se-inscrever-no-concurso-moda-inclusiva","status":"publish","type":"post","link":"https:\/\/inclusivenews.com.br\/?p=15064","title":{"rendered":"\u00daltimos dias para se inscrever no Concurso Moda Inclusiva"},"content":{"rendered":"<figure id=\"attachment_15065\" aria-describedby=\"caption-attachment-15065\" style=\"width: 191px\" class=\"wp-caption alignleft\"><a href=\"http:\/\/www.inclusivenews.com.br\/wp-content\/uploads\/2010\/04\/modainclusiva.gif\"><img loading=\"lazy\" decoding=\"async\" class=\"size-medium wp-image-15065\" title=\"Folder do concurso (sem descri\u00e7\u00e3o fornecida)\" src=\"http:\/\/inclusivenews.com.br\/wp-content\/uploads\/2010\/04\/modainclusiva-212x300.gif\" alt=\"\" width=\"191\" height=\"270\" \/><\/a><figcaption id=\"caption-attachment-15065\" class=\"wp-caption-text\"> <\/figcaption><\/figure>\n<p>At\u00e9 o dia <strong>30 de abri<\/strong><strong>l<\/strong>, a Secretaria de Estado dos Direitos da Pessoa com Defici\u00eancia recebe inscri\u00e7\u00f5es de estudantes de todo o Estado para o 2\u00ba Concurso Moda Inclusiva, com o objetivo de contribuir para uma sociedade mais justa e inclusiva na qual todos tenham acesso igualit\u00e1rio aos produtos, bens e servi\u00e7os dispon\u00edveis.<\/p>\n<p>Confira o edital do Concurso no site: www.pessoacomdeficiencia.sp.gov.br\/usr\/share\/documents\/regulamento_moda_inclusiva2.doc<\/p>\n<p>Apoiado pela Vicunha T\u00eaxtil, Pense Moda, Rede Globo, Museu da L\u00edngua Portuguesa, Vax Barcelona e Rede Lucy Montoro, o Concurso Moda Inclusiva convida os estudantes a apresentarem propostas de vestu\u00e1rio que atendam \u00e0s necessidades das pessoas com defici\u00eancia, al\u00e9m de promover a discuss\u00e3o nesse setor sobre a necessidade de se pensar e fazer moda respeitando a diversidade. As premia\u00e7\u00f5es incluem est\u00e1gio remunerado na empresa Vicunha T\u00eaxtil.<\/p>\n<p>O Brasil tem, hoje, cerca de 30 milh\u00f5es de pessoas com defici\u00eancia. Somente no Estado de S\u00e3o Paulo, esse contingente ultrapassa 5 milh\u00f5es de pessoas com algum tipo de defici\u00eancia. H\u00e1 um mercado potencial enorme de produtos e servi\u00e7os que atendam as demandas especificas desse segmento.<\/p>\n<p>O Concurso<\/p>\n<p>Para concorrer, os participantes dever\u00e3o enviar um &#8220;look&#8221; (croqui e ficha t\u00e9cnica) para a sede da Secretaria (Av. Auro Soares de Moura Andrade, 564, port\u00e3o 10, Barra Funda &#8211; S\u00e3o Paulo &#8211; SP &#8211; CEP: 01156.001). Tamb\u00e9m \u00e9 necess\u00e1rio baixar a ficha de inscri\u00e7\u00e3o no site http:\/\/www.pessoacomdeficiencia.sp.gov.br\/usr\/share\/documents\/Inscricao_2_Moda_Inclusiva.doc e envi\u00e1-la para dauler@sp.gov.br.<\/p>\n<p>Os 20 melhores trabalhos inscritos ser\u00e3o apoiados com tecido para a confec\u00e7\u00e3o das roupas, que participar\u00e3o do desfile final em 07 de junho, no Museu da L\u00edngua Portuguesa. Nesse dia, o j\u00fari, composto por nove profissionais e especialistas do mercado, escolher\u00e1 os tr\u00eas melhores looks, que ser\u00e3o os vencedores do Concurso Moda Inclusiva.<\/p>\n<p>AGENDA<\/p>\n<p><strong>Concurso Moda Inclusiva<\/p>\n<p>Inscri\u00e7\u00f5es para o concurso: at\u00e9 30\/04\/2010<br \/>\nEntrega dos trabalhos: at\u00e9 05\/05\/2010<br \/>\nDivulga\u00e7\u00e3o dos 20 finalistas selecionados: 07\/05\/2010<br \/>\nRealiza\u00e7\u00e3o do desfile: 07\/06\/2010<\/strong><\/p>\n<p><strong>__________________________________________<\/strong><\/p>\n<p><strong>Fonte: <\/strong><a href=\"http:\/\/www.pessoacomdeficiencia.sp.gov.br\/sis\/lenoticia.php?id=564\">Secretaria dos Direitos da Pessoa Com Defici\u00eancia\/SP <\/a><\/p>\n","protected":false},"excerpt":{"rendered":"<p>Secretaria de Estado dos Direitos da Pessoa com Defici\u00eancia convida estudantes de todo o Estado de S\u00e3o Paulo para empregar talento e criatividade na produ\u00e7\u00e3o de roupas para pessoas com defici\u00eancia.<\/p>\n","protected":false},"author":1,"featured_media":0,"comment_status":"open","ping_status":"open","sticky":false,"template":"","format":"standard","meta":{"site-container-style":"default","site-container-layout":"default","site-sidebar-layout":"default","disable-article-header":"default","disable-site-header":"default","disable-site-footer":"default","disable-content-area-spacing":"default","footnotes":""},"categories":[12],"tags":[],"class_list":["post-15064","post","type-post","status-publish","format-standard","hentry","category-cursos-e-eventos"],"yoast_head":"<!-- This site is optimized with the Yoast SEO plugin v27.4 - https:\/\/yoast.com\/product\/yoast-seo-wordpress\/ -->\n<title>\u00daltimos dias para se inscrever no Concurso Moda Inclusiva -<\/title>\n<meta name=\"robots\" content=\"index, follow, max-snippet:-1, max-image-preview:large, max-video-preview:-1\" \/>\n<link rel=\"canonical\" href=\"https:\/\/inclusivenews.com.br\/?p=15064\" \/>\n<meta property=\"og:locale\" content=\"pt_PT\" \/>\n<meta property=\"og:type\" content=\"article\" \/>\n<meta property=\"og:title\" content=\"\u00daltimos dias para se inscrever no Concurso Moda Inclusiva -\" \/>\n<meta property=\"og:description\" content=\"Secretaria de Estado dos Direitos da Pessoa com Defici\u00eancia convida estudantes de todo o Estado de S\u00e3o Paulo para empregar talento e criatividade na produ\u00e7\u00e3o de roupas para pessoas com defici\u00eancia.\" \/>\n<meta property=\"og:url\" content=\"https:\/\/inclusivenews.com.br\/?p=15064\" \/>\n<meta property=\"article:publisher\" content=\"https:\/\/www.facebook.com\/agenciainclusive\/\" \/>\n<meta property=\"article:published_time\" content=\"2010-04-28T08:50:11+00:00\" \/>\n<meta property=\"og:image\" content=\"http:\/\/inclusivenews.com.br\/wp-content\/uploads\/2010\/04\/modainclusiva-212x300.gif\" \/>\n<meta name=\"author\" content=\"inclusivenews2024\" \/>\n<meta name=\"twitter:card\" content=\"summary_large_image\" \/>\n<meta name=\"twitter:label1\" content=\"Escrito por\" \/>\n\t<meta name=\"twitter:data1\" content=\"inclusivenews2024\" \/>\n\t<meta name=\"twitter:label2\" content=\"Tempo estimado de leitura\" \/>\n\t<meta name=\"twitter:data2\" content=\"2 minutos\" \/>\n<script type=\"application\/ld+json\" class=\"yoast-schema-graph\">{\"@context\":\"https:\\\/\\\/schema.org\",\"@graph\":[{\"@type\":\"Article\",\"@id\":\"https:\\\/\\\/inclusivenews.com.br\\\/?p=15064#article\",\"isPartOf\":{\"@id\":\"https:\\\/\\\/inclusivenews.com.br\\\/?p=15064\"},\"author\":{\"name\":\"inclusivenews2024\",\"@id\":\"https:\\\/\\\/inclusivenews.com.br\\\/#\\\/schema\\\/person\\\/ae4ec7087559b8692fb33b6fffd2273b\"},\"headline\":\"\u00daltimos dias para se inscrever no Concurso Moda Inclusiva\",\"datePublished\":\"2010-04-28T08:50:11+00:00\",\"mainEntityOfPage\":{\"@id\":\"https:\\\/\\\/inclusivenews.com.br\\\/?p=15064\"},\"wordCount\":382,\"commentCount\":7,\"publisher\":{\"@id\":\"https:\\\/\\\/inclusivenews.com.br\\\/#organization\"},\"image\":{\"@id\":\"https:\\\/\\\/inclusivenews.com.br\\\/?p=15064#primaryimage\"},\"thumbnailUrl\":\"http:\\\/\\\/inclusivenews.com.br\\\/wp-content\\\/uploads\\\/2010\\\/04\\\/modainclusiva-212x300.gif\",\"articleSection\":[\"Cursos e eventos\"],\"inLanguage\":\"pt-PT\",\"potentialAction\":[{\"@type\":\"CommentAction\",\"name\":\"Comment\",\"target\":[\"https:\\\/\\\/inclusivenews.com.br\\\/?p=15064#respond\"]}]},{\"@type\":\"WebPage\",\"@id\":\"https:\\\/\\\/inclusivenews.com.br\\\/?p=15064\",\"url\":\"https:\\\/\\\/inclusivenews.com.br\\\/?p=15064\",\"name\":\"\u00daltimos dias para se inscrever no Concurso Moda Inclusiva -\",\"isPartOf\":{\"@id\":\"https:\\\/\\\/inclusivenews.com.br\\\/#website\"},\"primaryImageOfPage\":{\"@id\":\"https:\\\/\\\/inclusivenews.com.br\\\/?p=15064#primaryimage\"},\"image\":{\"@id\":\"https:\\\/\\\/inclusivenews.com.br\\\/?p=15064#primaryimage\"},\"thumbnailUrl\":\"http:\\\/\\\/inclusivenews.com.br\\\/wp-content\\\/uploads\\\/2010\\\/04\\\/modainclusiva-212x300.gif\",\"datePublished\":\"2010-04-28T08:50:11+00:00\",\"breadcrumb\":{\"@id\":\"https:\\\/\\\/inclusivenews.com.br\\\/?p=15064#breadcrumb\"},\"inLanguage\":\"pt-PT\",\"potentialAction\":[{\"@type\":\"ReadAction\",\"target\":[\"https:\\\/\\\/inclusivenews.com.br\\\/?p=15064\"]}]},{\"@type\":\"ImageObject\",\"inLanguage\":\"pt-PT\",\"@id\":\"https:\\\/\\\/inclusivenews.com.br\\\/?p=15064#primaryimage\",\"url\":\"\",\"contentUrl\":\"\"},{\"@type\":\"BreadcrumbList\",\"@id\":\"https:\\\/\\\/inclusivenews.com.br\\\/?p=15064#breadcrumb\",\"itemListElement\":[{\"@type\":\"ListItem\",\"position\":1,\"name\":\"In\u00edcio\",\"item\":\"https:\\\/\\\/inclusivenews.com.br\\\/\"},{\"@type\":\"ListItem\",\"position\":2,\"name\":\"\u00daltimos dias para se inscrever no Concurso Moda Inclusiva\"}]},{\"@type\":\"WebSite\",\"@id\":\"https:\\\/\\\/inclusivenews.com.br\\\/#website\",\"url\":\"https:\\\/\\\/inclusivenews.com.br\\\/\",\"name\":\"Inclusive News\",\"description\":\"Inclusive News\",\"publisher\":{\"@id\":\"https:\\\/\\\/inclusivenews.com.br\\\/#organization\"},\"potentialAction\":[{\"@type\":\"SearchAction\",\"target\":{\"@type\":\"EntryPoint\",\"urlTemplate\":\"https:\\\/\\\/inclusivenews.com.br\\\/?s={search_term_string}\"},\"query-input\":{\"@type\":\"PropertyValueSpecification\",\"valueRequired\":true,\"valueName\":\"search_term_string\"}}],\"inLanguage\":\"pt-PT\"},{\"@type\":\"Organization\",\"@id\":\"https:\\\/\\\/inclusivenews.com.br\\\/#organization\",\"name\":\"Inclusive - inclus\u00e3o e cidadania\",\"url\":\"https:\\\/\\\/inclusivenews.com.br\\\/\",\"logo\":{\"@type\":\"ImageObject\",\"inLanguage\":\"pt-PT\",\"@id\":\"https:\\\/\\\/inclusivenews.com.br\\\/#\\\/schema\\\/logo\\\/image\\\/\",\"url\":\"https:\\\/\\\/inclusivenews.com.br\\\/wp-content\\\/uploads\\\/2024\\\/03\\\/@grandesite.png\",\"contentUrl\":\"https:\\\/\\\/inclusivenews.com.br\\\/wp-content\\\/uploads\\\/2024\\\/03\\\/@grandesite.png\",\"width\":1080,\"height\":1080,\"caption\":\"Inclusive - inclus\u00e3o e cidadania\"},\"image\":{\"@id\":\"https:\\\/\\\/inclusivenews.com.br\\\/#\\\/schema\\\/logo\\\/image\\\/\"},\"sameAs\":[\"https:\\\/\\\/www.facebook.com\\\/agenciainclusive\\\/\",\"https:\\\/\\\/www.instagram.com\\\/newsinclusive\\\/\"]},{\"@type\":\"Person\",\"@id\":\"https:\\\/\\\/inclusivenews.com.br\\\/#\\\/schema\\\/person\\\/ae4ec7087559b8692fb33b6fffd2273b\",\"name\":\"inclusivenews2024\",\"image\":{\"@type\":\"ImageObject\",\"inLanguage\":\"pt-PT\",\"@id\":\"https:\\\/\\\/secure.gravatar.com\\\/avatar\\\/c5a7ef84c66fa914f55bc4f7ce26cfa275a3b9a1c5568b907bd184fb4dde7b40?s=96&d=mm&r=g\",\"url\":\"https:\\\/\\\/secure.gravatar.com\\\/avatar\\\/c5a7ef84c66fa914f55bc4f7ce26cfa275a3b9a1c5568b907bd184fb4dde7b40?s=96&d=mm&r=g\",\"contentUrl\":\"https:\\\/\\\/secure.gravatar.com\\\/avatar\\\/c5a7ef84c66fa914f55bc4f7ce26cfa275a3b9a1c5568b907bd184fb4dde7b40?s=96&d=mm&r=g\",\"caption\":\"inclusivenews2024\"},\"sameAs\":[\"https:\\\/\\\/inclusivenews.com.br\"],\"url\":\"https:\\\/\\\/inclusivenews.com.br\\\/?author=1\"}]}<\/script>\n<!-- \/ Yoast SEO plugin. -->","yoast_head_json":{"title":"\u00daltimos dias para se inscrever no Concurso Moda Inclusiva -","robots":{"index":"index","follow":"follow","max-snippet":"max-snippet:-1","max-image-preview":"max-image-preview:large","max-video-preview":"max-video-preview:-1"},"canonical":"https:\/\/inclusivenews.com.br\/?p=15064","og_locale":"pt_PT","og_type":"article","og_title":"\u00daltimos dias para se inscrever no Concurso Moda Inclusiva -","og_description":"Secretaria de Estado dos Direitos da Pessoa com Defici\u00eancia convida estudantes de todo o Estado de S\u00e3o Paulo para empregar talento e criatividade na produ\u00e7\u00e3o de roupas para pessoas com defici\u00eancia.","og_url":"https:\/\/inclusivenews.com.br\/?p=15064","article_publisher":"https:\/\/www.facebook.com\/agenciainclusive\/","article_published_time":"2010-04-28T08:50:11+00:00","og_image":[{"url":"http:\/\/inclusivenews.com.br\/wp-content\/uploads\/2010\/04\/modainclusiva-212x300.gif","type":"","width":"","height":""}],"author":"inclusivenews2024","twitter_card":"summary_large_image","twitter_misc":{"Escrito por":"inclusivenews2024","Tempo estimado de leitura":"2 minutos"},"schema":{"@context":"https:\/\/schema.org","@graph":[{"@type":"Article","@id":"https:\/\/inclusivenews.com.br\/?p=15064#article","isPartOf":{"@id":"https:\/\/inclusivenews.com.br\/?p=15064"},"author":{"name":"inclusivenews2024","@id":"https:\/\/inclusivenews.com.br\/#\/schema\/person\/ae4ec7087559b8692fb33b6fffd2273b"},"headline":"\u00daltimos dias para se inscrever no Concurso Moda Inclusiva","datePublished":"2010-04-28T08:50:11+00:00","mainEntityOfPage":{"@id":"https:\/\/inclusivenews.com.br\/?p=15064"},"wordCount":382,"commentCount":7,"publisher":{"@id":"https:\/\/inclusivenews.com.br\/#organization"},"image":{"@id":"https:\/\/inclusivenews.com.br\/?p=15064#primaryimage"},"thumbnailUrl":"http:\/\/inclusivenews.com.br\/wp-content\/uploads\/2010\/04\/modainclusiva-212x300.gif","articleSection":["Cursos e eventos"],"inLanguage":"pt-PT","potentialAction":[{"@type":"CommentAction","name":"Comment","target":["https:\/\/inclusivenews.com.br\/?p=15064#respond"]}]},{"@type":"WebPage","@id":"https:\/\/inclusivenews.com.br\/?p=15064","url":"https:\/\/inclusivenews.com.br\/?p=15064","name":"\u00daltimos dias para se inscrever no Concurso Moda Inclusiva -","isPartOf":{"@id":"https:\/\/inclusivenews.com.br\/#website"},"primaryImageOfPage":{"@id":"https:\/\/inclusivenews.com.br\/?p=15064#primaryimage"},"image":{"@id":"https:\/\/inclusivenews.com.br\/?p=15064#primaryimage"},"thumbnailUrl":"http:\/\/inclusivenews.com.br\/wp-content\/uploads\/2010\/04\/modainclusiva-212x300.gif","datePublished":"2010-04-28T08:50:11+00:00","breadcrumb":{"@id":"https:\/\/inclusivenews.com.br\/?p=15064#breadcrumb"},"inLanguage":"pt-PT","potentialAction":[{"@type":"ReadAction","target":["https:\/\/inclusivenews.com.br\/?p=15064"]}]},{"@type":"ImageObject","inLanguage":"pt-PT","@id":"https:\/\/inclusivenews.com.br\/?p=15064#primaryimage","url":"","contentUrl":""},{"@type":"BreadcrumbList","@id":"https:\/\/inclusivenews.com.br\/?p=15064#breadcrumb","itemListElement":[{"@type":"ListItem","position":1,"name":"In\u00edcio","item":"https:\/\/inclusivenews.com.br\/"},{"@type":"ListItem","position":2,"name":"\u00daltimos dias para se inscrever no Concurso Moda Inclusiva"}]},{"@type":"WebSite","@id":"https:\/\/inclusivenews.com.br\/#website","url":"https:\/\/inclusivenews.com.br\/","name":"Inclusive News","description":"Inclusive News","publisher":{"@id":"https:\/\/inclusivenews.com.br\/#organization"},"potentialAction":[{"@type":"SearchAction","target":{"@type":"EntryPoint","urlTemplate":"https:\/\/inclusivenews.com.br\/?s={search_term_string}"},"query-input":{"@type":"PropertyValueSpecification","valueRequired":true,"valueName":"search_term_string"}}],"inLanguage":"pt-PT"},{"@type":"Organization","@id":"https:\/\/inclusivenews.com.br\/#organization","name":"Inclusive - inclus\u00e3o e cidadania","url":"https:\/\/inclusivenews.com.br\/","logo":{"@type":"ImageObject","inLanguage":"pt-PT","@id":"https:\/\/inclusivenews.com.br\/#\/schema\/logo\/image\/","url":"https:\/\/inclusivenews.com.br\/wp-content\/uploads\/2024\/03\/@grandesite.png","contentUrl":"https:\/\/inclusivenews.com.br\/wp-content\/uploads\/2024\/03\/@grandesite.png","width":1080,"height":1080,"caption":"Inclusive - inclus\u00e3o e cidadania"},"image":{"@id":"https:\/\/inclusivenews.com.br\/#\/schema\/logo\/image\/"},"sameAs":["https:\/\/www.facebook.com\/agenciainclusive\/","https:\/\/www.instagram.com\/newsinclusive\/"]},{"@type":"Person","@id":"https:\/\/inclusivenews.com.br\/#\/schema\/person\/ae4ec7087559b8692fb33b6fffd2273b","name":"inclusivenews2024","image":{"@type":"ImageObject","inLanguage":"pt-PT","@id":"https:\/\/secure.gravatar.com\/avatar\/c5a7ef84c66fa914f55bc4f7ce26cfa275a3b9a1c5568b907bd184fb4dde7b40?s=96&d=mm&r=g","url":"https:\/\/secure.gravatar.com\/avatar\/c5a7ef84c66fa914f55bc4f7ce26cfa275a3b9a1c5568b907bd184fb4dde7b40?s=96&d=mm&r=g","contentUrl":"https:\/\/secure.gravatar.com\/avatar\/c5a7ef84c66fa914f55bc4f7ce26cfa275a3b9a1c5568b907bd184fb4dde7b40?s=96&d=mm&r=g","caption":"inclusivenews2024"},"sameAs":["https:\/\/inclusivenews.com.br"],"url":"https:\/\/inclusivenews.com.br\/?author=1"}]}},"_links":{"self":[{"href":"https:\/\/inclusivenews.com.br\/index.php?rest_route=\/wp\/v2\/posts\/15064","targetHints":{"allow":["GET"]}}],"collection":[{"href":"https:\/\/inclusivenews.com.br\/index.php?rest_route=\/wp\/v2\/posts"}],"about":[{"href":"https:\/\/inclusivenews.com.br\/index.php?rest_route=\/wp\/v2\/types\/post"}],"author":[{"embeddable":true,"href":"https:\/\/inclusivenews.com.br\/index.php?rest_route=\/wp\/v2\/users\/1"}],"replies":[{"embeddable":true,"href":"https:\/\/inclusivenews.com.br\/index.php?rest_route=%2Fwp%2Fv2%2Fcomments&post=15064"}],"version-history":[{"count":0,"href":"https:\/\/inclusivenews.com.br\/index.php?rest_route=\/wp\/v2\/posts\/15064\/revisions"}],"wp:attachment":[{"href":"https:\/\/inclusivenews.com.br\/index.php?rest_route=%2Fwp%2Fv2%2Fmedia&parent=15064"}],"wp:term":[{"taxonomy":"category","embeddable":true,"href":"https:\/\/inclusivenews.com.br\/index.php?rest_route=%2Fwp%2Fv2%2Fcategories&post=15064"},{"taxonomy":"post_tag","embeddable":true,"href":"https:\/\/inclusivenews.com.br\/index.php?rest_route=%2Fwp%2Fv2%2Ftags&post=15064"}],"curies":[{"name":"wp","href":"https:\/\/api.w.org\/{rel}","templated":true}]}}