{"id":15073,"date":"2010-04-29T05:59:16","date_gmt":"2010-04-29T08:59:16","guid":{"rendered":"http:\/\/www.inclusive.org.br\/?p=15073"},"modified":"2010-04-29T05:59:16","modified_gmt":"2010-04-29T08:59:16","slug":"juris-in-vox","status":"publish","type":"post","link":"https:\/\/inclusivenews.com.br\/?p=15073","title":{"rendered":"J\u00faris in vox"},"content":{"rendered":"<figure id=\"attachment_13241\" aria-describedby=\"caption-attachment-13241\" style=\"width: 188px\" class=\"wp-caption alignleft\"><a href=\"http:\/\/www.inclusivenews.com.br\/wp-content\/uploads\/2010\/01\/justica.jpg\"><img loading=\"lazy\" decoding=\"async\" class=\"size-full wp-image-13241 \" title=\"Imagem de uma balan\u00e7a representando a justi\u00e7a\" src=\"http:\/\/inclusivenews.com.br\/wp-content\/uploads\/2010\/01\/justica.jpg\" alt=\"\" width=\"188\" height=\"188\" \/><\/a><figcaption id=\"caption-attachment-13241\" class=\"wp-caption-text\"> <\/figcaption><\/figure>\n<p>O Tribunal de Justi\u00e7a do Distrito Federal e Territ\u00f3rios (TJDFT) lan\u00e7ou, na quinta-feira (08\/04), o projeto Jurisprud\u00eancia em Voz (J\u00faris in Vox) que converte textos doutrin\u00e1rios e jurisprud\u00eancia, que normalmente s\u00e3o publicados no formato escrito, para o formato de voz eletr\u00f4nica de alta qualidade. O objetivo \u00e9 facilitar o acesso de pessoas com defici\u00eancia, principalmente visuais, e outros interessados nos conte\u00fados informativos de jurisprud\u00eancia do TJDFT.<\/p>\n<p>Na abertura do evento, o vice-presidente do TJDFT, desembargador Rom\u00e3o C\u00edcero Oliveira, ressaltou o empenho do tribunal em acompanhar novas tecnologias e garante que o J\u00faris in Vox vai beneficiar n\u00e3o s\u00f3 as pessoas com defici\u00eancia, mas a popula\u00e7\u00e3o de modo geral.<\/p>\n<p>Segundo o desembargador, a instala\u00e7\u00e3o do projeto s\u00f3 foi poss\u00edvel gra\u00e7as aos servidores, que se debru\u00e7aram sobre o tema. &#8220;Registro aqui o nome das pessoas que tiveram o trabalho mais duro: Ricardo de Jesus Ribeiro, Silvino C\u00e9sar Silveira, M\u00e1rcia Luz, Jo\u00e3o Batista da Silva, Alexandre Lacerda e Roberto Becker&#8221;. Por fim, agradeceu ao Secret\u00e1rio de Jurisprud\u00eancia e Biblioteca e ao Subsecret\u00e1rio de Doutrina e Jurisprud\u00eancia, mentores intelectuais do projeto.<\/p>\n<p>Na sequ\u00eancia, o Subsecret\u00e1rio de Jurisprud\u00eancia e Biblioteca, Jorge Althoff, fez a apresenta\u00e7\u00e3o do Projeto. Segundo ele, a convers\u00e3o de textos jurisprudenciais em voz n\u00e3o demanda nenhum aparato diferente. A pessoa poder\u00e1 acessar diretamente na p\u00e1gina do TJDFT ou gravar em m\u00eddias como Ipods e outros tocadores de m\u00fasica. &#8220;Um grande n\u00famero de textos poder\u00e1 ser convertido em voz de uma s\u00f3 vez&#8221;, assegurou. Existe ainda a possibilidade de outros setores do tribunal utilizarem o recurso, como a assessoria de comunica\u00e7\u00e3o social, que poder\u00e1 converter os textos das mat\u00e9rias em \u00e1udio, assegurou.<\/p>\n<p>Ao final da apresenta\u00e7\u00e3o, a plateia foi surpreendida com um gentil agradecimento realizado pela Raquel, voz sint\u00e9tica do Juris in Vox: &#8220;Gostaria de agradecer aos desembargadores N\u00edvio Gon\u00e7alves e Rom\u00e3o Oliveira, os maiores incentivadores do projeto, pelo empenho na concretiza\u00e7\u00e3o dessa iniciativa, al\u00e9m dos meus sinceros agradecimentos ao Secret\u00e1rio de Justi\u00e7a e Jurisprud\u00eancia, Bruno Queiroga&#8221;. Raquel ressaltou ainda a import\u00e2ncia do projeto para a sociedade: &#8220;Com a implanta\u00e7\u00e3o do Juris in Vox, o Tribunal de Justi\u00e7a do DF refor\u00e7a sua posi\u00e7\u00e3o de vanguarda no Judici\u00e1rio Brasileiro. Sem contar com a melhoria da acessibilidade \u00e0 p\u00e1gina do TJDFT aos portadores de necessidades especiais&#8221;, concluiu.<\/p>\n<p>O evento contou com a presen\u00e7a do vice-presidente do TJDFT, desembargador Rom\u00e3o C\u00edcero Oliveira, o Corregedor da Justi\u00e7a do DF, desembargador Getulio Pinheiro, o Secret\u00e1rio de Jurisprud\u00eancia e Biblioteca, Bruno Queiroga, o Subsecret\u00e1rio de Doutrina e Jurisprud\u00eancia, Jorge Althoff, o Juiz Auxiliar da Presid\u00eancia, James Oliveira, o Secret\u00e1rio-Geral da OAB\/DF, Lincoln de Oliveira, al\u00e9m de outras importantes autoridades.<\/p>\n<p>Saiba mais sobre Raquel<\/p>\n<p>A voz (Raquel) que narra os Informativos de Jurisprud\u00eancia \u00e9 de alta qualidade, suave, pausada e com timbre pr\u00f3ximo \u00e0 voz humana. Para minimizar as distor\u00e7\u00f5es, os t\u00e9cnicos da Jurisprud\u00eancia est\u00e3o fazendo as adapta\u00e7\u00f5es necess\u00e1rias com a ajuda de um fil\u00f3logo (profissional que estuda a l\u00edngua em toda sua amplitude: escrita e falada) e de um engenheiro, ambos pertencentes \u00e0 empresa brasileira que comercializa o software americano.<\/p>\n<p>______________<\/p>\n<p><strong>Fonte:<\/strong> <a href=\"http:\/\/www.google.com.br\/url?sa=t&amp;source=web&amp;ct=res&amp;cd=1&amp;ved=0CAYQFjAA&amp;url=http%3A%2F%2Fwww.jusbrasil.com.br%2Fnoticias%2F2146669%2Flancamento-do-juris-in-vox-atrai-cerca-de-100-autoridades-ao-salao-nobre-do-tjdft&amp;ei=AiHYS8uqLILu8wSBlISgBw&amp;usg=AFQjCNH_PE3Dzy2TB683PdDwJM-hhWdugQ&amp;sig2=dbj-lOOGKk-k_TPs-woC7Q\">Jus Brasil<\/a><\/p>\n","protected":false},"excerpt":{"rendered":"<p>Tribunal lan\u00e7a o projeto &#8220;J\u00faris in Vox&#8221; que converte textos doutrin\u00e1rios e jurisprud\u00eancia, que normalmente s\u00e3o publicados no formato escrito, para o formato de voz eletr\u00f4nica de alta qualidade. Do Jus Brasil.<\/p>\n","protected":false},"author":1,"featured_media":0,"comment_status":"open","ping_status":"open","sticky":false,"template":"","format":"standard","meta":{"site-container-style":"default","site-container-layout":"default","site-sidebar-layout":"default","disable-article-header":"default","disable-site-header":"default","disable-site-footer":"default","disable-content-area-spacing":"default","footnotes":""},"categories":[44,38,48,4],"tags":[],"class_list":["post-15073","post","type-post","status-publish","format-standard","hentry","category-acessibilidade","category-deficiencia","category-inclusao","category-noticias"],"yoast_head":"<!-- This site is optimized with the Yoast SEO plugin v27.4 - https:\/\/yoast.com\/product\/yoast-seo-wordpress\/ -->\n<title>J\u00faris in vox -<\/title>\n<meta name=\"robots\" content=\"index, follow, max-snippet:-1, max-image-preview:large, max-video-preview:-1\" \/>\n<link rel=\"canonical\" href=\"https:\/\/inclusivenews.com.br\/?p=15073\" \/>\n<meta property=\"og:locale\" content=\"pt_PT\" \/>\n<meta property=\"og:type\" content=\"article\" \/>\n<meta property=\"og:title\" content=\"J\u00faris in vox -\" \/>\n<meta property=\"og:description\" content=\"Tribunal lan\u00e7a o projeto &quot;J\u00faris in Vox&quot; que converte textos doutrin\u00e1rios e jurisprud\u00eancia, que normalmente s\u00e3o publicados no formato escrito, para o formato de voz eletr\u00f4nica de alta qualidade. Do Jus Brasil.\" \/>\n<meta property=\"og:url\" content=\"https:\/\/inclusivenews.com.br\/?p=15073\" \/>\n<meta property=\"article:publisher\" content=\"https:\/\/www.facebook.com\/agenciainclusive\/\" \/>\n<meta property=\"article:published_time\" content=\"2010-04-29T08:59:16+00:00\" \/>\n<meta property=\"og:image\" content=\"http:\/\/inclusivenews.com.br\/wp-content\/uploads\/2010\/01\/justica.jpg\" \/>\n<meta name=\"author\" content=\"inclusivenews2024\" \/>\n<meta name=\"twitter:card\" content=\"summary_large_image\" \/>\n<meta name=\"twitter:label1\" content=\"Escrito por\" \/>\n\t<meta name=\"twitter:data1\" content=\"inclusivenews2024\" \/>\n\t<meta name=\"twitter:label2\" content=\"Tempo estimado de leitura\" \/>\n\t<meta name=\"twitter:data2\" content=\"3 minutos\" \/>\n<script type=\"application\/ld+json\" class=\"yoast-schema-graph\">{\"@context\":\"https:\\\/\\\/schema.org\",\"@graph\":[{\"@type\":\"Article\",\"@id\":\"https:\\\/\\\/inclusivenews.com.br\\\/?p=15073#article\",\"isPartOf\":{\"@id\":\"https:\\\/\\\/inclusivenews.com.br\\\/?p=15073\"},\"author\":{\"name\":\"inclusivenews2024\",\"@id\":\"https:\\\/\\\/inclusivenews.com.br\\\/#\\\/schema\\\/person\\\/ae4ec7087559b8692fb33b6fffd2273b\"},\"headline\":\"J\u00faris in vox\",\"datePublished\":\"2010-04-29T08:59:16+00:00\",\"mainEntityOfPage\":{\"@id\":\"https:\\\/\\\/inclusivenews.com.br\\\/?p=15073\"},\"wordCount\":590,\"commentCount\":0,\"publisher\":{\"@id\":\"https:\\\/\\\/inclusivenews.com.br\\\/#organization\"},\"image\":{\"@id\":\"https:\\\/\\\/inclusivenews.com.br\\\/?p=15073#primaryimage\"},\"thumbnailUrl\":\"http:\\\/\\\/inclusivenews.com.br\\\/wp-content\\\/uploads\\\/2010\\\/01\\\/justica.jpg\",\"articleSection\":[\"ACESSIBILIDADE\",\"Defici\u00eancia\",\"INCLUS\u00c3O SOCIAL\",\"NOT\u00cdCIAS\"],\"inLanguage\":\"pt-PT\",\"potentialAction\":[{\"@type\":\"CommentAction\",\"name\":\"Comment\",\"target\":[\"https:\\\/\\\/inclusivenews.com.br\\\/?p=15073#respond\"]}]},{\"@type\":\"WebPage\",\"@id\":\"https:\\\/\\\/inclusivenews.com.br\\\/?p=15073\",\"url\":\"https:\\\/\\\/inclusivenews.com.br\\\/?p=15073\",\"name\":\"J\u00faris in vox -\",\"isPartOf\":{\"@id\":\"https:\\\/\\\/inclusivenews.com.br\\\/#website\"},\"primaryImageOfPage\":{\"@id\":\"https:\\\/\\\/inclusivenews.com.br\\\/?p=15073#primaryimage\"},\"image\":{\"@id\":\"https:\\\/\\\/inclusivenews.com.br\\\/?p=15073#primaryimage\"},\"thumbnailUrl\":\"http:\\\/\\\/inclusivenews.com.br\\\/wp-content\\\/uploads\\\/2010\\\/01\\\/justica.jpg\",\"datePublished\":\"2010-04-29T08:59:16+00:00\",\"breadcrumb\":{\"@id\":\"https:\\\/\\\/inclusivenews.com.br\\\/?p=15073#breadcrumb\"},\"inLanguage\":\"pt-PT\",\"potentialAction\":[{\"@type\":\"ReadAction\",\"target\":[\"https:\\\/\\\/inclusivenews.com.br\\\/?p=15073\"]}]},{\"@type\":\"ImageObject\",\"inLanguage\":\"pt-PT\",\"@id\":\"https:\\\/\\\/inclusivenews.com.br\\\/?p=15073#primaryimage\",\"url\":\"\",\"contentUrl\":\"\"},{\"@type\":\"BreadcrumbList\",\"@id\":\"https:\\\/\\\/inclusivenews.com.br\\\/?p=15073#breadcrumb\",\"itemListElement\":[{\"@type\":\"ListItem\",\"position\":1,\"name\":\"In\u00edcio\",\"item\":\"https:\\\/\\\/inclusivenews.com.br\\\/\"},{\"@type\":\"ListItem\",\"position\":2,\"name\":\"J\u00faris in vox\"}]},{\"@type\":\"WebSite\",\"@id\":\"https:\\\/\\\/inclusivenews.com.br\\\/#website\",\"url\":\"https:\\\/\\\/inclusivenews.com.br\\\/\",\"name\":\"Inclusive News\",\"description\":\"Inclusive News\",\"publisher\":{\"@id\":\"https:\\\/\\\/inclusivenews.com.br\\\/#organization\"},\"potentialAction\":[{\"@type\":\"SearchAction\",\"target\":{\"@type\":\"EntryPoint\",\"urlTemplate\":\"https:\\\/\\\/inclusivenews.com.br\\\/?s={search_term_string}\"},\"query-input\":{\"@type\":\"PropertyValueSpecification\",\"valueRequired\":true,\"valueName\":\"search_term_string\"}}],\"inLanguage\":\"pt-PT\"},{\"@type\":\"Organization\",\"@id\":\"https:\\\/\\\/inclusivenews.com.br\\\/#organization\",\"name\":\"Inclusive - inclus\u00e3o e cidadania\",\"url\":\"https:\\\/\\\/inclusivenews.com.br\\\/\",\"logo\":{\"@type\":\"ImageObject\",\"inLanguage\":\"pt-PT\",\"@id\":\"https:\\\/\\\/inclusivenews.com.br\\\/#\\\/schema\\\/logo\\\/image\\\/\",\"url\":\"https:\\\/\\\/inclusivenews.com.br\\\/wp-content\\\/uploads\\\/2024\\\/03\\\/@grandesite.png\",\"contentUrl\":\"https:\\\/\\\/inclusivenews.com.br\\\/wp-content\\\/uploads\\\/2024\\\/03\\\/@grandesite.png\",\"width\":1080,\"height\":1080,\"caption\":\"Inclusive - inclus\u00e3o e cidadania\"},\"image\":{\"@id\":\"https:\\\/\\\/inclusivenews.com.br\\\/#\\\/schema\\\/logo\\\/image\\\/\"},\"sameAs\":[\"https:\\\/\\\/www.facebook.com\\\/agenciainclusive\\\/\",\"https:\\\/\\\/www.instagram.com\\\/newsinclusive\\\/\"]},{\"@type\":\"Person\",\"@id\":\"https:\\\/\\\/inclusivenews.com.br\\\/#\\\/schema\\\/person\\\/ae4ec7087559b8692fb33b6fffd2273b\",\"name\":\"inclusivenews2024\",\"image\":{\"@type\":\"ImageObject\",\"inLanguage\":\"pt-PT\",\"@id\":\"https:\\\/\\\/secure.gravatar.com\\\/avatar\\\/c5a7ef84c66fa914f55bc4f7ce26cfa275a3b9a1c5568b907bd184fb4dde7b40?s=96&d=mm&r=g\",\"url\":\"https:\\\/\\\/secure.gravatar.com\\\/avatar\\\/c5a7ef84c66fa914f55bc4f7ce26cfa275a3b9a1c5568b907bd184fb4dde7b40?s=96&d=mm&r=g\",\"contentUrl\":\"https:\\\/\\\/secure.gravatar.com\\\/avatar\\\/c5a7ef84c66fa914f55bc4f7ce26cfa275a3b9a1c5568b907bd184fb4dde7b40?s=96&d=mm&r=g\",\"caption\":\"inclusivenews2024\"},\"sameAs\":[\"https:\\\/\\\/inclusivenews.com.br\"],\"url\":\"https:\\\/\\\/inclusivenews.com.br\\\/?author=1\"}]}<\/script>\n<!-- \/ Yoast SEO plugin. -->","yoast_head_json":{"title":"J\u00faris in vox -","robots":{"index":"index","follow":"follow","max-snippet":"max-snippet:-1","max-image-preview":"max-image-preview:large","max-video-preview":"max-video-preview:-1"},"canonical":"https:\/\/inclusivenews.com.br\/?p=15073","og_locale":"pt_PT","og_type":"article","og_title":"J\u00faris in vox -","og_description":"Tribunal lan\u00e7a o projeto \"J\u00faris in Vox\" que converte textos doutrin\u00e1rios e jurisprud\u00eancia, que normalmente s\u00e3o publicados no formato escrito, para o formato de voz eletr\u00f4nica de alta qualidade. Do Jus Brasil.","og_url":"https:\/\/inclusivenews.com.br\/?p=15073","article_publisher":"https:\/\/www.facebook.com\/agenciainclusive\/","article_published_time":"2010-04-29T08:59:16+00:00","og_image":[{"url":"http:\/\/inclusivenews.com.br\/wp-content\/uploads\/2010\/01\/justica.jpg","type":"","width":"","height":""}],"author":"inclusivenews2024","twitter_card":"summary_large_image","twitter_misc":{"Escrito por":"inclusivenews2024","Tempo estimado de leitura":"3 minutos"},"schema":{"@context":"https:\/\/schema.org","@graph":[{"@type":"Article","@id":"https:\/\/inclusivenews.com.br\/?p=15073#article","isPartOf":{"@id":"https:\/\/inclusivenews.com.br\/?p=15073"},"author":{"name":"inclusivenews2024","@id":"https:\/\/inclusivenews.com.br\/#\/schema\/person\/ae4ec7087559b8692fb33b6fffd2273b"},"headline":"J\u00faris in vox","datePublished":"2010-04-29T08:59:16+00:00","mainEntityOfPage":{"@id":"https:\/\/inclusivenews.com.br\/?p=15073"},"wordCount":590,"commentCount":0,"publisher":{"@id":"https:\/\/inclusivenews.com.br\/#organization"},"image":{"@id":"https:\/\/inclusivenews.com.br\/?p=15073#primaryimage"},"thumbnailUrl":"http:\/\/inclusivenews.com.br\/wp-content\/uploads\/2010\/01\/justica.jpg","articleSection":["ACESSIBILIDADE","Defici\u00eancia","INCLUS\u00c3O SOCIAL","NOT\u00cdCIAS"],"inLanguage":"pt-PT","potentialAction":[{"@type":"CommentAction","name":"Comment","target":["https:\/\/inclusivenews.com.br\/?p=15073#respond"]}]},{"@type":"WebPage","@id":"https:\/\/inclusivenews.com.br\/?p=15073","url":"https:\/\/inclusivenews.com.br\/?p=15073","name":"J\u00faris in vox -","isPartOf":{"@id":"https:\/\/inclusivenews.com.br\/#website"},"primaryImageOfPage":{"@id":"https:\/\/inclusivenews.com.br\/?p=15073#primaryimage"},"image":{"@id":"https:\/\/inclusivenews.com.br\/?p=15073#primaryimage"},"thumbnailUrl":"http:\/\/inclusivenews.com.br\/wp-content\/uploads\/2010\/01\/justica.jpg","datePublished":"2010-04-29T08:59:16+00:00","breadcrumb":{"@id":"https:\/\/inclusivenews.com.br\/?p=15073#breadcrumb"},"inLanguage":"pt-PT","potentialAction":[{"@type":"ReadAction","target":["https:\/\/inclusivenews.com.br\/?p=15073"]}]},{"@type":"ImageObject","inLanguage":"pt-PT","@id":"https:\/\/inclusivenews.com.br\/?p=15073#primaryimage","url":"","contentUrl":""},{"@type":"BreadcrumbList","@id":"https:\/\/inclusivenews.com.br\/?p=15073#breadcrumb","itemListElement":[{"@type":"ListItem","position":1,"name":"In\u00edcio","item":"https:\/\/inclusivenews.com.br\/"},{"@type":"ListItem","position":2,"name":"J\u00faris in vox"}]},{"@type":"WebSite","@id":"https:\/\/inclusivenews.com.br\/#website","url":"https:\/\/inclusivenews.com.br\/","name":"Inclusive News","description":"Inclusive News","publisher":{"@id":"https:\/\/inclusivenews.com.br\/#organization"},"potentialAction":[{"@type":"SearchAction","target":{"@type":"EntryPoint","urlTemplate":"https:\/\/inclusivenews.com.br\/?s={search_term_string}"},"query-input":{"@type":"PropertyValueSpecification","valueRequired":true,"valueName":"search_term_string"}}],"inLanguage":"pt-PT"},{"@type":"Organization","@id":"https:\/\/inclusivenews.com.br\/#organization","name":"Inclusive - inclus\u00e3o e cidadania","url":"https:\/\/inclusivenews.com.br\/","logo":{"@type":"ImageObject","inLanguage":"pt-PT","@id":"https:\/\/inclusivenews.com.br\/#\/schema\/logo\/image\/","url":"https:\/\/inclusivenews.com.br\/wp-content\/uploads\/2024\/03\/@grandesite.png","contentUrl":"https:\/\/inclusivenews.com.br\/wp-content\/uploads\/2024\/03\/@grandesite.png","width":1080,"height":1080,"caption":"Inclusive - inclus\u00e3o e cidadania"},"image":{"@id":"https:\/\/inclusivenews.com.br\/#\/schema\/logo\/image\/"},"sameAs":["https:\/\/www.facebook.com\/agenciainclusive\/","https:\/\/www.instagram.com\/newsinclusive\/"]},{"@type":"Person","@id":"https:\/\/inclusivenews.com.br\/#\/schema\/person\/ae4ec7087559b8692fb33b6fffd2273b","name":"inclusivenews2024","image":{"@type":"ImageObject","inLanguage":"pt-PT","@id":"https:\/\/secure.gravatar.com\/avatar\/c5a7ef84c66fa914f55bc4f7ce26cfa275a3b9a1c5568b907bd184fb4dde7b40?s=96&d=mm&r=g","url":"https:\/\/secure.gravatar.com\/avatar\/c5a7ef84c66fa914f55bc4f7ce26cfa275a3b9a1c5568b907bd184fb4dde7b40?s=96&d=mm&r=g","contentUrl":"https:\/\/secure.gravatar.com\/avatar\/c5a7ef84c66fa914f55bc4f7ce26cfa275a3b9a1c5568b907bd184fb4dde7b40?s=96&d=mm&r=g","caption":"inclusivenews2024"},"sameAs":["https:\/\/inclusivenews.com.br"],"url":"https:\/\/inclusivenews.com.br\/?author=1"}]}},"_links":{"self":[{"href":"https:\/\/inclusivenews.com.br\/index.php?rest_route=\/wp\/v2\/posts\/15073","targetHints":{"allow":["GET"]}}],"collection":[{"href":"https:\/\/inclusivenews.com.br\/index.php?rest_route=\/wp\/v2\/posts"}],"about":[{"href":"https:\/\/inclusivenews.com.br\/index.php?rest_route=\/wp\/v2\/types\/post"}],"author":[{"embeddable":true,"href":"https:\/\/inclusivenews.com.br\/index.php?rest_route=\/wp\/v2\/users\/1"}],"replies":[{"embeddable":true,"href":"https:\/\/inclusivenews.com.br\/index.php?rest_route=%2Fwp%2Fv2%2Fcomments&post=15073"}],"version-history":[{"count":0,"href":"https:\/\/inclusivenews.com.br\/index.php?rest_route=\/wp\/v2\/posts\/15073\/revisions"}],"wp:attachment":[{"href":"https:\/\/inclusivenews.com.br\/index.php?rest_route=%2Fwp%2Fv2%2Fmedia&parent=15073"}],"wp:term":[{"taxonomy":"category","embeddable":true,"href":"https:\/\/inclusivenews.com.br\/index.php?rest_route=%2Fwp%2Fv2%2Fcategories&post=15073"},{"taxonomy":"post_tag","embeddable":true,"href":"https:\/\/inclusivenews.com.br\/index.php?rest_route=%2Fwp%2Fv2%2Ftags&post=15073"}],"curies":[{"name":"wp","href":"https:\/\/api.w.org\/{rel}","templated":true}]}}