{"id":15077,"date":"2010-04-28T09:24:24","date_gmt":"2010-04-28T12:24:24","guid":{"rendered":"http:\/\/www.inclusive.org.br\/?p=15077"},"modified":"2010-04-28T09:24:24","modified_gmt":"2010-04-28T12:24:24","slug":"stj-mantem-adocao-por-casal-de-lesbicas","status":"publish","type":"post","link":"https:\/\/inclusivenews.com.br\/?p=15077","title":{"rendered":"STJ mant\u00e9m ado\u00e7\u00e3o por casal de l\u00e9sbicas"},"content":{"rendered":"<figure style=\"width: 200px\" class=\"wp-caption alignleft\"><img loading=\"lazy\" decoding=\"async\" title=\"Crian\u00e7a sentada no ch\u00e3o segurando um cartaz dizendo &quot;Eu quero uma fam\u00edlia&quot;\" src=\"http:\/\/www.patoshoje.com.br\/novosite\/jurispopolis\/wp-content\/uploads\/2009\/11\/adocao.jpg\" alt=\"\" width=\"200\" height=\"243\" \/><figcaption class=\"wp-caption-text\"> <\/figcaption><\/figure>\n<p>O Superior Tribunal de Justi\u00e7a (STJ) manteve nesta ter\u00e7a-feira (27) o registro de ado\u00e7\u00e3o de duas crian\u00e7as por um casal de l\u00e9sbicas da cidade de Bag\u00e9 (RS). A ado\u00e7\u00e3o era contestada pelo Minist\u00e9rio P\u00fablico Federal do Rio Grande do Sul, que pedia a anula\u00e7\u00e3o do registro. A decis\u00e3o do STJ cria um precedente jur\u00eddico que permitir\u00e1 aos casais homossexuais abandonar a pr\u00e1tica usada atualmente de ado\u00e7\u00e3o individual para evitar problemas legais.<\/p>\n<p>Segundo a assessoria do STJ, o Minist\u00e9rio P\u00fablico do Rio Grande do Sul ainda pode recorrer ao Superior Tribunal Federal (STF) caso haja argumento constitucional.<\/p>\n<p>A ado\u00e7\u00e3o pelo casal homossexual ga\u00facho foi autorizada em 2006 pelo Tribunal de Justi\u00e7a do Rio Grande do Sul. O relator do caso no STJ, ministro Luiz Felipe Salom\u00e3o, afirmou que h\u00e1 oito anos as crian\u00e7as moram com as duas mulheres, que vivem juntas desde 1998. Ele lembrou que as duas crian\u00e7as estudam em escola particular e que a pr\u00f3pria assistente social que acompanhou o caso recomendou a ado\u00e7\u00e3o.<\/p>\n<p>\u201cSe n\u00e3o for dada a ado\u00e7\u00e3o, as crian\u00e7as n\u00e3o ter\u00e3o direito a plano de sa\u00fade, heran\u00e7a e em caso de separa\u00e7\u00e3o ou morte podem ficar desamparadas\u201d, disse o ministro.<\/p>\n<p>Os demais ministros da 4\u00aa Vara do STJ concordaram com o voto do relator. O presidente da sess\u00e3o, ministro Jo\u00e3o Ot\u00e1vio de Noronha, ressaltou que o fato de a rela\u00e7\u00e3o ser homoafetiva n\u00e3o influencia na op\u00e7\u00e3o sexual dos adotados e, ainda, que a ado\u00e7\u00e3o vai permitir \u00e0s crian\u00e7as melhor amparo e qualidade de vida. \u201cVem toda essa quest\u00e3o moral e vamos deixar as crian\u00e7as no abrigo onde sofrem viol\u00eancia?\u201d, indagou Noronha ao plen\u00e1rio.<\/p>\n<p>__________________<\/p>\n<p><strong>Fonte:<\/strong> <a href=\"http:\/\/www.gazetadopovo.com.br\/vidaecidadania\/conteudo.phtml?tl=1&amp;id=996919&amp;tit=STJ-mantem-adocao-por-casal-de-lesbicas\">Gazeta do Povo<\/a><\/p>\n","protected":false},"excerpt":{"rendered":"<p>Crian\u00e7as moram h\u00e1 oito anos com o casal em Bag\u00e9, no Rio Grande do Sul. Assistente social que acompanhou o caso recomendou a ado\u00e7\u00e3o. Da Gazeta do Povo<\/p>\n","protected":false},"author":1,"featured_media":0,"comment_status":"open","ping_status":"open","sticky":false,"template":"","format":"standard","meta":{"site-container-style":"default","site-container-layout":"default","site-sidebar-layout":"default","disable-article-header":"default","disable-site-header":"default","disable-site-footer":"default","disable-content-area-spacing":"default","footnotes":""},"categories":[4],"tags":[],"class_list":["post-15077","post","type-post","status-publish","format-standard","hentry","category-noticias"],"yoast_head":"<!-- This site is optimized with the Yoast SEO plugin v27.4 - https:\/\/yoast.com\/product\/yoast-seo-wordpress\/ -->\n<title>STJ mant\u00e9m ado\u00e7\u00e3o por casal de l\u00e9sbicas -<\/title>\n<meta name=\"robots\" content=\"index, follow, max-snippet:-1, max-image-preview:large, max-video-preview:-1\" \/>\n<link rel=\"canonical\" href=\"https:\/\/inclusivenews.com.br\/?p=15077\" \/>\n<meta property=\"og:locale\" content=\"pt_PT\" \/>\n<meta property=\"og:type\" content=\"article\" \/>\n<meta property=\"og:title\" content=\"STJ mant\u00e9m ado\u00e7\u00e3o por casal de l\u00e9sbicas -\" \/>\n<meta property=\"og:description\" content=\"Crian\u00e7as moram h\u00e1 oito anos com o casal em Bag\u00e9, no Rio Grande do Sul. Assistente social que acompanhou o caso recomendou a ado\u00e7\u00e3o. Da Gazeta do Povo\" \/>\n<meta property=\"og:url\" content=\"https:\/\/inclusivenews.com.br\/?p=15077\" \/>\n<meta property=\"article:publisher\" content=\"https:\/\/www.facebook.com\/agenciainclusive\/\" \/>\n<meta property=\"article:published_time\" content=\"2010-04-28T12:24:24+00:00\" \/>\n<meta property=\"og:image\" content=\"http:\/\/www.patoshoje.com.br\/novosite\/jurispopolis\/wp-content\/uploads\/2009\/11\/adocao.jpg\" \/>\n<meta name=\"author\" content=\"inclusivenews2024\" \/>\n<meta name=\"twitter:card\" content=\"summary_large_image\" \/>\n<meta name=\"twitter:label1\" content=\"Escrito por\" \/>\n\t<meta name=\"twitter:data1\" content=\"inclusivenews2024\" \/>\n\t<meta name=\"twitter:label2\" content=\"Tempo estimado de leitura\" \/>\n\t<meta name=\"twitter:data2\" content=\"2 minutos\" \/>\n<script type=\"application\/ld+json\" class=\"yoast-schema-graph\">{\"@context\":\"https:\\\/\\\/schema.org\",\"@graph\":[{\"@type\":\"Article\",\"@id\":\"https:\\\/\\\/inclusivenews.com.br\\\/?p=15077#article\",\"isPartOf\":{\"@id\":\"https:\\\/\\\/inclusivenews.com.br\\\/?p=15077\"},\"author\":{\"name\":\"inclusivenews2024\",\"@id\":\"https:\\\/\\\/inclusivenews.com.br\\\/#\\\/schema\\\/person\\\/ae4ec7087559b8692fb33b6fffd2273b\"},\"headline\":\"STJ mant\u00e9m ado\u00e7\u00e3o por casal de l\u00e9sbicas\",\"datePublished\":\"2010-04-28T12:24:24+00:00\",\"mainEntityOfPage\":{\"@id\":\"https:\\\/\\\/inclusivenews.com.br\\\/?p=15077\"},\"wordCount\":327,\"commentCount\":0,\"publisher\":{\"@id\":\"https:\\\/\\\/inclusivenews.com.br\\\/#organization\"},\"image\":{\"@id\":\"https:\\\/\\\/inclusivenews.com.br\\\/?p=15077#primaryimage\"},\"thumbnailUrl\":\"http:\\\/\\\/www.patoshoje.com.br\\\/novosite\\\/jurispopolis\\\/wp-content\\\/uploads\\\/2009\\\/11\\\/adocao.jpg\",\"articleSection\":[\"NOT\u00cdCIAS\"],\"inLanguage\":\"pt-PT\",\"potentialAction\":[{\"@type\":\"CommentAction\",\"name\":\"Comment\",\"target\":[\"https:\\\/\\\/inclusivenews.com.br\\\/?p=15077#respond\"]}]},{\"@type\":\"WebPage\",\"@id\":\"https:\\\/\\\/inclusivenews.com.br\\\/?p=15077\",\"url\":\"https:\\\/\\\/inclusivenews.com.br\\\/?p=15077\",\"name\":\"STJ mant\u00e9m ado\u00e7\u00e3o por casal de l\u00e9sbicas -\",\"isPartOf\":{\"@id\":\"https:\\\/\\\/inclusivenews.com.br\\\/#website\"},\"primaryImageOfPage\":{\"@id\":\"https:\\\/\\\/inclusivenews.com.br\\\/?p=15077#primaryimage\"},\"image\":{\"@id\":\"https:\\\/\\\/inclusivenews.com.br\\\/?p=15077#primaryimage\"},\"thumbnailUrl\":\"http:\\\/\\\/www.patoshoje.com.br\\\/novosite\\\/jurispopolis\\\/wp-content\\\/uploads\\\/2009\\\/11\\\/adocao.jpg\",\"datePublished\":\"2010-04-28T12:24:24+00:00\",\"breadcrumb\":{\"@id\":\"https:\\\/\\\/inclusivenews.com.br\\\/?p=15077#breadcrumb\"},\"inLanguage\":\"pt-PT\",\"potentialAction\":[{\"@type\":\"ReadAction\",\"target\":[\"https:\\\/\\\/inclusivenews.com.br\\\/?p=15077\"]}]},{\"@type\":\"ImageObject\",\"inLanguage\":\"pt-PT\",\"@id\":\"https:\\\/\\\/inclusivenews.com.br\\\/?p=15077#primaryimage\",\"url\":\"http:\\\/\\\/www.patoshoje.com.br\\\/novosite\\\/jurispopolis\\\/wp-content\\\/uploads\\\/2009\\\/11\\\/adocao.jpg\",\"contentUrl\":\"http:\\\/\\\/www.patoshoje.com.br\\\/novosite\\\/jurispopolis\\\/wp-content\\\/uploads\\\/2009\\\/11\\\/adocao.jpg\"},{\"@type\":\"BreadcrumbList\",\"@id\":\"https:\\\/\\\/inclusivenews.com.br\\\/?p=15077#breadcrumb\",\"itemListElement\":[{\"@type\":\"ListItem\",\"position\":1,\"name\":\"In\u00edcio\",\"item\":\"https:\\\/\\\/inclusivenews.com.br\\\/\"},{\"@type\":\"ListItem\",\"position\":2,\"name\":\"STJ mant\u00e9m ado\u00e7\u00e3o por casal de l\u00e9sbicas\"}]},{\"@type\":\"WebSite\",\"@id\":\"https:\\\/\\\/inclusivenews.com.br\\\/#website\",\"url\":\"https:\\\/\\\/inclusivenews.com.br\\\/\",\"name\":\"Inclusive News\",\"description\":\"Inclusive News\",\"publisher\":{\"@id\":\"https:\\\/\\\/inclusivenews.com.br\\\/#organization\"},\"potentialAction\":[{\"@type\":\"SearchAction\",\"target\":{\"@type\":\"EntryPoint\",\"urlTemplate\":\"https:\\\/\\\/inclusivenews.com.br\\\/?s={search_term_string}\"},\"query-input\":{\"@type\":\"PropertyValueSpecification\",\"valueRequired\":true,\"valueName\":\"search_term_string\"}}],\"inLanguage\":\"pt-PT\"},{\"@type\":\"Organization\",\"@id\":\"https:\\\/\\\/inclusivenews.com.br\\\/#organization\",\"name\":\"Inclusive - inclus\u00e3o e cidadania\",\"url\":\"https:\\\/\\\/inclusivenews.com.br\\\/\",\"logo\":{\"@type\":\"ImageObject\",\"inLanguage\":\"pt-PT\",\"@id\":\"https:\\\/\\\/inclusivenews.com.br\\\/#\\\/schema\\\/logo\\\/image\\\/\",\"url\":\"https:\\\/\\\/inclusivenews.com.br\\\/wp-content\\\/uploads\\\/2024\\\/03\\\/@grandesite.png\",\"contentUrl\":\"https:\\\/\\\/inclusivenews.com.br\\\/wp-content\\\/uploads\\\/2024\\\/03\\\/@grandesite.png\",\"width\":1080,\"height\":1080,\"caption\":\"Inclusive - inclus\u00e3o e cidadania\"},\"image\":{\"@id\":\"https:\\\/\\\/inclusivenews.com.br\\\/#\\\/schema\\\/logo\\\/image\\\/\"},\"sameAs\":[\"https:\\\/\\\/www.facebook.com\\\/agenciainclusive\\\/\",\"https:\\\/\\\/www.instagram.com\\\/newsinclusive\\\/\"]},{\"@type\":\"Person\",\"@id\":\"https:\\\/\\\/inclusivenews.com.br\\\/#\\\/schema\\\/person\\\/ae4ec7087559b8692fb33b6fffd2273b\",\"name\":\"inclusivenews2024\",\"image\":{\"@type\":\"ImageObject\",\"inLanguage\":\"pt-PT\",\"@id\":\"https:\\\/\\\/secure.gravatar.com\\\/avatar\\\/c5a7ef84c66fa914f55bc4f7ce26cfa275a3b9a1c5568b907bd184fb4dde7b40?s=96&d=mm&r=g\",\"url\":\"https:\\\/\\\/secure.gravatar.com\\\/avatar\\\/c5a7ef84c66fa914f55bc4f7ce26cfa275a3b9a1c5568b907bd184fb4dde7b40?s=96&d=mm&r=g\",\"contentUrl\":\"https:\\\/\\\/secure.gravatar.com\\\/avatar\\\/c5a7ef84c66fa914f55bc4f7ce26cfa275a3b9a1c5568b907bd184fb4dde7b40?s=96&d=mm&r=g\",\"caption\":\"inclusivenews2024\"},\"sameAs\":[\"https:\\\/\\\/inclusivenews.com.br\"],\"url\":\"https:\\\/\\\/inclusivenews.com.br\\\/?author=1\"}]}<\/script>\n<!-- \/ Yoast SEO plugin. -->","yoast_head_json":{"title":"STJ mant\u00e9m ado\u00e7\u00e3o por casal de l\u00e9sbicas -","robots":{"index":"index","follow":"follow","max-snippet":"max-snippet:-1","max-image-preview":"max-image-preview:large","max-video-preview":"max-video-preview:-1"},"canonical":"https:\/\/inclusivenews.com.br\/?p=15077","og_locale":"pt_PT","og_type":"article","og_title":"STJ mant\u00e9m ado\u00e7\u00e3o por casal de l\u00e9sbicas -","og_description":"Crian\u00e7as moram h\u00e1 oito anos com o casal em Bag\u00e9, no Rio Grande do Sul. Assistente social que acompanhou o caso recomendou a ado\u00e7\u00e3o. Da Gazeta do Povo","og_url":"https:\/\/inclusivenews.com.br\/?p=15077","article_publisher":"https:\/\/www.facebook.com\/agenciainclusive\/","article_published_time":"2010-04-28T12:24:24+00:00","og_image":[{"url":"http:\/\/www.patoshoje.com.br\/novosite\/jurispopolis\/wp-content\/uploads\/2009\/11\/adocao.jpg","type":"","width":"","height":""}],"author":"inclusivenews2024","twitter_card":"summary_large_image","twitter_misc":{"Escrito por":"inclusivenews2024","Tempo estimado de leitura":"2 minutos"},"schema":{"@context":"https:\/\/schema.org","@graph":[{"@type":"Article","@id":"https:\/\/inclusivenews.com.br\/?p=15077#article","isPartOf":{"@id":"https:\/\/inclusivenews.com.br\/?p=15077"},"author":{"name":"inclusivenews2024","@id":"https:\/\/inclusivenews.com.br\/#\/schema\/person\/ae4ec7087559b8692fb33b6fffd2273b"},"headline":"STJ mant\u00e9m ado\u00e7\u00e3o por casal de l\u00e9sbicas","datePublished":"2010-04-28T12:24:24+00:00","mainEntityOfPage":{"@id":"https:\/\/inclusivenews.com.br\/?p=15077"},"wordCount":327,"commentCount":0,"publisher":{"@id":"https:\/\/inclusivenews.com.br\/#organization"},"image":{"@id":"https:\/\/inclusivenews.com.br\/?p=15077#primaryimage"},"thumbnailUrl":"http:\/\/www.patoshoje.com.br\/novosite\/jurispopolis\/wp-content\/uploads\/2009\/11\/adocao.jpg","articleSection":["NOT\u00cdCIAS"],"inLanguage":"pt-PT","potentialAction":[{"@type":"CommentAction","name":"Comment","target":["https:\/\/inclusivenews.com.br\/?p=15077#respond"]}]},{"@type":"WebPage","@id":"https:\/\/inclusivenews.com.br\/?p=15077","url":"https:\/\/inclusivenews.com.br\/?p=15077","name":"STJ mant\u00e9m ado\u00e7\u00e3o por casal de l\u00e9sbicas -","isPartOf":{"@id":"https:\/\/inclusivenews.com.br\/#website"},"primaryImageOfPage":{"@id":"https:\/\/inclusivenews.com.br\/?p=15077#primaryimage"},"image":{"@id":"https:\/\/inclusivenews.com.br\/?p=15077#primaryimage"},"thumbnailUrl":"http:\/\/www.patoshoje.com.br\/novosite\/jurispopolis\/wp-content\/uploads\/2009\/11\/adocao.jpg","datePublished":"2010-04-28T12:24:24+00:00","breadcrumb":{"@id":"https:\/\/inclusivenews.com.br\/?p=15077#breadcrumb"},"inLanguage":"pt-PT","potentialAction":[{"@type":"ReadAction","target":["https:\/\/inclusivenews.com.br\/?p=15077"]}]},{"@type":"ImageObject","inLanguage":"pt-PT","@id":"https:\/\/inclusivenews.com.br\/?p=15077#primaryimage","url":"http:\/\/www.patoshoje.com.br\/novosite\/jurispopolis\/wp-content\/uploads\/2009\/11\/adocao.jpg","contentUrl":"http:\/\/www.patoshoje.com.br\/novosite\/jurispopolis\/wp-content\/uploads\/2009\/11\/adocao.jpg"},{"@type":"BreadcrumbList","@id":"https:\/\/inclusivenews.com.br\/?p=15077#breadcrumb","itemListElement":[{"@type":"ListItem","position":1,"name":"In\u00edcio","item":"https:\/\/inclusivenews.com.br\/"},{"@type":"ListItem","position":2,"name":"STJ mant\u00e9m ado\u00e7\u00e3o por casal de l\u00e9sbicas"}]},{"@type":"WebSite","@id":"https:\/\/inclusivenews.com.br\/#website","url":"https:\/\/inclusivenews.com.br\/","name":"Inclusive News","description":"Inclusive News","publisher":{"@id":"https:\/\/inclusivenews.com.br\/#organization"},"potentialAction":[{"@type":"SearchAction","target":{"@type":"EntryPoint","urlTemplate":"https:\/\/inclusivenews.com.br\/?s={search_term_string}"},"query-input":{"@type":"PropertyValueSpecification","valueRequired":true,"valueName":"search_term_string"}}],"inLanguage":"pt-PT"},{"@type":"Organization","@id":"https:\/\/inclusivenews.com.br\/#organization","name":"Inclusive - inclus\u00e3o e cidadania","url":"https:\/\/inclusivenews.com.br\/","logo":{"@type":"ImageObject","inLanguage":"pt-PT","@id":"https:\/\/inclusivenews.com.br\/#\/schema\/logo\/image\/","url":"https:\/\/inclusivenews.com.br\/wp-content\/uploads\/2024\/03\/@grandesite.png","contentUrl":"https:\/\/inclusivenews.com.br\/wp-content\/uploads\/2024\/03\/@grandesite.png","width":1080,"height":1080,"caption":"Inclusive - inclus\u00e3o e cidadania"},"image":{"@id":"https:\/\/inclusivenews.com.br\/#\/schema\/logo\/image\/"},"sameAs":["https:\/\/www.facebook.com\/agenciainclusive\/","https:\/\/www.instagram.com\/newsinclusive\/"]},{"@type":"Person","@id":"https:\/\/inclusivenews.com.br\/#\/schema\/person\/ae4ec7087559b8692fb33b6fffd2273b","name":"inclusivenews2024","image":{"@type":"ImageObject","inLanguage":"pt-PT","@id":"https:\/\/secure.gravatar.com\/avatar\/c5a7ef84c66fa914f55bc4f7ce26cfa275a3b9a1c5568b907bd184fb4dde7b40?s=96&d=mm&r=g","url":"https:\/\/secure.gravatar.com\/avatar\/c5a7ef84c66fa914f55bc4f7ce26cfa275a3b9a1c5568b907bd184fb4dde7b40?s=96&d=mm&r=g","contentUrl":"https:\/\/secure.gravatar.com\/avatar\/c5a7ef84c66fa914f55bc4f7ce26cfa275a3b9a1c5568b907bd184fb4dde7b40?s=96&d=mm&r=g","caption":"inclusivenews2024"},"sameAs":["https:\/\/inclusivenews.com.br"],"url":"https:\/\/inclusivenews.com.br\/?author=1"}]}},"_links":{"self":[{"href":"https:\/\/inclusivenews.com.br\/index.php?rest_route=\/wp\/v2\/posts\/15077","targetHints":{"allow":["GET"]}}],"collection":[{"href":"https:\/\/inclusivenews.com.br\/index.php?rest_route=\/wp\/v2\/posts"}],"about":[{"href":"https:\/\/inclusivenews.com.br\/index.php?rest_route=\/wp\/v2\/types\/post"}],"author":[{"embeddable":true,"href":"https:\/\/inclusivenews.com.br\/index.php?rest_route=\/wp\/v2\/users\/1"}],"replies":[{"embeddable":true,"href":"https:\/\/inclusivenews.com.br\/index.php?rest_route=%2Fwp%2Fv2%2Fcomments&post=15077"}],"version-history":[{"count":0,"href":"https:\/\/inclusivenews.com.br\/index.php?rest_route=\/wp\/v2\/posts\/15077\/revisions"}],"wp:attachment":[{"href":"https:\/\/inclusivenews.com.br\/index.php?rest_route=%2Fwp%2Fv2%2Fmedia&parent=15077"}],"wp:term":[{"taxonomy":"category","embeddable":true,"href":"https:\/\/inclusivenews.com.br\/index.php?rest_route=%2Fwp%2Fv2%2Fcategories&post=15077"},{"taxonomy":"post_tag","embeddable":true,"href":"https:\/\/inclusivenews.com.br\/index.php?rest_route=%2Fwp%2Fv2%2Ftags&post=15077"}],"curies":[{"name":"wp","href":"https:\/\/api.w.org\/{rel}","templated":true}]}}