{"id":15083,"date":"2010-04-30T06:01:47","date_gmt":"2010-04-30T09:01:47","guid":{"rendered":"http:\/\/www.inclusive.org.br\/?p=15083"},"modified":"2010-04-30T06:01:47","modified_gmt":"2010-04-30T09:01:47","slug":"unesco-avalia-impacto-das-tecnologias-de-informacao-na-educacao","status":"publish","type":"post","link":"https:\/\/inclusivenews.com.br\/?p=15083","title":{"rendered":"Unesco avalia impacto das tecnologias de informa\u00e7\u00e3o na educa\u00e7\u00e3o"},"content":{"rendered":"<figure style=\"width: 175px\" class=\"wp-caption alignleft\"><a class=\"moz-txt-link-freetext\" href=\"http:\/\/downloads.unmultimedia.org\/cms\/radio\/content\/uploads\/2008\/01\/full\/computer08a.jpg\"><img loading=\"lazy\" decoding=\"async\" title=\"Alunos utilizando computadores na escola.\" src=\"http:\/\/downloads.unmultimedia.org\/cms\/radio\/content\/uploads\/2008\/01\/full\/computer08a.jpg\" alt=\"\" width=\"175\" height=\"150\" \/><\/a><figcaption class=\"wp-caption-text\"> <\/figcaption><\/figure>\n<p><strong>Leda Letra, da R\u00e1dio ONU em Nova York<\/strong><\/p>\n<p>O escrit\u00f3rio para Am\u00e9rica Latina e Caribe da Organiza\u00e7\u00e3o das Na\u00e7\u00f5es Unidas para Educa\u00e7\u00e3o, Ci\u00eancia e Cultura, Unesco, realiza em Bras\u00edlia uma confer\u00eancia internacional sobre educa\u00e7\u00e3o.<\/p>\n<p>Com o tema &#8220;O Impacto das Tecnologias da Informa\u00e7\u00e3o e Comunica\u00e7\u00e3o na Educa\u00e7\u00e3o&#8221;, o evento de dois dias analisa como o uso de computadores, internet e celulares pode melhorar a qualidade do ensino no mundo.<\/p>\n<p><strong>Investimentos <\/strong><\/p>\n<p>Especialistas do Brasil, Espanha, Chile e Uruguai, entre outros pa\u00edses, discutem tamb\u00e9m a forma\u00e7\u00e3o continuada de professores e o impacto das Tecnologias de Informa\u00e7\u00e3o e Comunica\u00e7\u00e3o, TICs, na educa\u00e7\u00e3o.<\/p>\n<p>Segundo o coordenador de informa\u00e7\u00e3o da Unesco no Brasil, os governos da Am\u00e9rica Latina investem mais de US$ 1 bilh\u00e3o por ano, quase R$ 2 bilh\u00f5es, em tecnologias de informa\u00e7\u00e3o para o ensino.<\/p>\n<p>Guilherme Canela disse \u00e0 R\u00e1dio ONU, de Bras\u00edlia, que a confer\u00eancia avalia os resultados desse investimento.<\/p>\n<p>&#8220;Se o resultado for positivo, significa que o investimento est\u00e1 sendo bem feito. Se n\u00e3o for, alguns aspectos desse investimento s\u00e3o importantes, outros podem ser reestruturados, n\u00f3s temos que mudar e transformar as pol\u00edticas. Mas para isso, \u00e9 preciso ter boas estrat\u00e9gias de avalia\u00e7\u00e3o de impacto para tomar essas decis\u00f5es&#8221;, afirmou.<\/p>\n<p><strong>Transmiss\u00e3o <\/strong><\/p>\n<p>O coordenador de informa\u00e7\u00e3o da Unesco no Brasil, Guilherme Canela, destaca que a confer\u00eancia, que termina nesta quarta-feira, \u00e9 transmitida simultaneamente pela internet.<\/p>\n<p>O endere\u00e7o \u00e9: groups.comminit.com\/ict4education\/pt-br\/<br \/>\n__________________<\/p>\n<p><strong>Fonte: <\/strong><a href=\"http:\/\/www.unmultimedia.org\/radio\/portuguese\/detail\/179335.html\">UN Multimedia<\/a><\/p>\n","protected":false},"excerpt":{"rendered":"<p>Evento de dois dias em Bras\u00edlia re\u00fane especialistas de v\u00e1rios pa\u00edses para discutir forma\u00e7\u00e3o continuada de professores e avaliar o reflexo da TI no ensino. Da R\u00e1dio ONU.<\/p>\n","protected":false},"author":1,"featured_media":0,"comment_status":"open","ping_status":"open","sticky":false,"template":"","format":"standard","meta":{"site-container-style":"default","site-container-layout":"default","site-sidebar-layout":"default","disable-article-header":"default","disable-site-header":"default","disable-site-footer":"default","disable-content-area-spacing":"default","footnotes":""},"categories":[6,4],"tags":[],"class_list":["post-15083","post","type-post","status-publish","format-standard","hentry","category-educacao","category-noticias"],"yoast_head":"<!-- This site is optimized with the Yoast SEO plugin v27.4 - https:\/\/yoast.com\/product\/yoast-seo-wordpress\/ -->\n<title>Unesco avalia impacto das tecnologias de informa\u00e7\u00e3o na educa\u00e7\u00e3o -<\/title>\n<meta name=\"robots\" content=\"index, follow, max-snippet:-1, max-image-preview:large, max-video-preview:-1\" \/>\n<link rel=\"canonical\" href=\"https:\/\/inclusivenews.com.br\/?p=15083\" \/>\n<meta property=\"og:locale\" content=\"pt_PT\" \/>\n<meta property=\"og:type\" content=\"article\" \/>\n<meta property=\"og:title\" content=\"Unesco avalia impacto das tecnologias de informa\u00e7\u00e3o na educa\u00e7\u00e3o -\" \/>\n<meta property=\"og:description\" content=\"Evento de dois dias em Bras\u00edlia re\u00fane especialistas de v\u00e1rios pa\u00edses para discutir forma\u00e7\u00e3o continuada de professores e avaliar o reflexo da TI no ensino. Da R\u00e1dio ONU.\" \/>\n<meta property=\"og:url\" content=\"https:\/\/inclusivenews.com.br\/?p=15083\" \/>\n<meta property=\"article:publisher\" content=\"https:\/\/www.facebook.com\/agenciainclusive\/\" \/>\n<meta property=\"article:published_time\" content=\"2010-04-30T09:01:47+00:00\" \/>\n<meta property=\"og:image\" content=\"http:\/\/downloads.unmultimedia.org\/cms\/radio\/content\/uploads\/2008\/01\/full\/computer08a.jpg\" \/>\n<meta name=\"author\" content=\"inclusivenews2024\" \/>\n<meta name=\"twitter:card\" content=\"summary_large_image\" \/>\n<meta name=\"twitter:label1\" content=\"Escrito por\" \/>\n\t<meta name=\"twitter:data1\" content=\"inclusivenews2024\" \/>\n\t<meta name=\"twitter:label2\" content=\"Tempo estimado de leitura\" \/>\n\t<meta name=\"twitter:data2\" content=\"1 minuto\" \/>\n<script type=\"application\/ld+json\" class=\"yoast-schema-graph\">{\"@context\":\"https:\\\/\\\/schema.org\",\"@graph\":[{\"@type\":\"Article\",\"@id\":\"https:\\\/\\\/inclusivenews.com.br\\\/?p=15083#article\",\"isPartOf\":{\"@id\":\"https:\\\/\\\/inclusivenews.com.br\\\/?p=15083\"},\"author\":{\"name\":\"inclusivenews2024\",\"@id\":\"https:\\\/\\\/inclusivenews.com.br\\\/#\\\/schema\\\/person\\\/ae4ec7087559b8692fb33b6fffd2273b\"},\"headline\":\"Unesco avalia impacto das tecnologias de informa\u00e7\u00e3o na educa\u00e7\u00e3o\",\"datePublished\":\"2010-04-30T09:01:47+00:00\",\"mainEntityOfPage\":{\"@id\":\"https:\\\/\\\/inclusivenews.com.br\\\/?p=15083\"},\"wordCount\":285,\"commentCount\":0,\"publisher\":{\"@id\":\"https:\\\/\\\/inclusivenews.com.br\\\/#organization\"},\"image\":{\"@id\":\"https:\\\/\\\/inclusivenews.com.br\\\/?p=15083#primaryimage\"},\"thumbnailUrl\":\"http:\\\/\\\/downloads.unmultimedia.org\\\/cms\\\/radio\\\/content\\\/uploads\\\/2008\\\/01\\\/full\\\/computer08a.jpg\",\"articleSection\":[\"EDUCA\u00c7\u00c3O\",\"NOT\u00cdCIAS\"],\"inLanguage\":\"pt-PT\",\"potentialAction\":[{\"@type\":\"CommentAction\",\"name\":\"Comment\",\"target\":[\"https:\\\/\\\/inclusivenews.com.br\\\/?p=15083#respond\"]}]},{\"@type\":\"WebPage\",\"@id\":\"https:\\\/\\\/inclusivenews.com.br\\\/?p=15083\",\"url\":\"https:\\\/\\\/inclusivenews.com.br\\\/?p=15083\",\"name\":\"Unesco avalia impacto das tecnologias de informa\u00e7\u00e3o na educa\u00e7\u00e3o -\",\"isPartOf\":{\"@id\":\"https:\\\/\\\/inclusivenews.com.br\\\/#website\"},\"primaryImageOfPage\":{\"@id\":\"https:\\\/\\\/inclusivenews.com.br\\\/?p=15083#primaryimage\"},\"image\":{\"@id\":\"https:\\\/\\\/inclusivenews.com.br\\\/?p=15083#primaryimage\"},\"thumbnailUrl\":\"http:\\\/\\\/downloads.unmultimedia.org\\\/cms\\\/radio\\\/content\\\/uploads\\\/2008\\\/01\\\/full\\\/computer08a.jpg\",\"datePublished\":\"2010-04-30T09:01:47+00:00\",\"breadcrumb\":{\"@id\":\"https:\\\/\\\/inclusivenews.com.br\\\/?p=15083#breadcrumb\"},\"inLanguage\":\"pt-PT\",\"potentialAction\":[{\"@type\":\"ReadAction\",\"target\":[\"https:\\\/\\\/inclusivenews.com.br\\\/?p=15083\"]}]},{\"@type\":\"ImageObject\",\"inLanguage\":\"pt-PT\",\"@id\":\"https:\\\/\\\/inclusivenews.com.br\\\/?p=15083#primaryimage\",\"url\":\"http:\\\/\\\/downloads.unmultimedia.org\\\/cms\\\/radio\\\/content\\\/uploads\\\/2008\\\/01\\\/full\\\/computer08a.jpg\",\"contentUrl\":\"http:\\\/\\\/downloads.unmultimedia.org\\\/cms\\\/radio\\\/content\\\/uploads\\\/2008\\\/01\\\/full\\\/computer08a.jpg\"},{\"@type\":\"BreadcrumbList\",\"@id\":\"https:\\\/\\\/inclusivenews.com.br\\\/?p=15083#breadcrumb\",\"itemListElement\":[{\"@type\":\"ListItem\",\"position\":1,\"name\":\"In\u00edcio\",\"item\":\"https:\\\/\\\/inclusivenews.com.br\\\/\"},{\"@type\":\"ListItem\",\"position\":2,\"name\":\"Unesco avalia impacto das tecnologias de informa\u00e7\u00e3o na educa\u00e7\u00e3o\"}]},{\"@type\":\"WebSite\",\"@id\":\"https:\\\/\\\/inclusivenews.com.br\\\/#website\",\"url\":\"https:\\\/\\\/inclusivenews.com.br\\\/\",\"name\":\"Inclusive News\",\"description\":\"Inclusive News\",\"publisher\":{\"@id\":\"https:\\\/\\\/inclusivenews.com.br\\\/#organization\"},\"potentialAction\":[{\"@type\":\"SearchAction\",\"target\":{\"@type\":\"EntryPoint\",\"urlTemplate\":\"https:\\\/\\\/inclusivenews.com.br\\\/?s={search_term_string}\"},\"query-input\":{\"@type\":\"PropertyValueSpecification\",\"valueRequired\":true,\"valueName\":\"search_term_string\"}}],\"inLanguage\":\"pt-PT\"},{\"@type\":\"Organization\",\"@id\":\"https:\\\/\\\/inclusivenews.com.br\\\/#organization\",\"name\":\"Inclusive - inclus\u00e3o e cidadania\",\"url\":\"https:\\\/\\\/inclusivenews.com.br\\\/\",\"logo\":{\"@type\":\"ImageObject\",\"inLanguage\":\"pt-PT\",\"@id\":\"https:\\\/\\\/inclusivenews.com.br\\\/#\\\/schema\\\/logo\\\/image\\\/\",\"url\":\"https:\\\/\\\/inclusivenews.com.br\\\/wp-content\\\/uploads\\\/2024\\\/03\\\/@grandesite.png\",\"contentUrl\":\"https:\\\/\\\/inclusivenews.com.br\\\/wp-content\\\/uploads\\\/2024\\\/03\\\/@grandesite.png\",\"width\":1080,\"height\":1080,\"caption\":\"Inclusive - inclus\u00e3o e cidadania\"},\"image\":{\"@id\":\"https:\\\/\\\/inclusivenews.com.br\\\/#\\\/schema\\\/logo\\\/image\\\/\"},\"sameAs\":[\"https:\\\/\\\/www.facebook.com\\\/agenciainclusive\\\/\",\"https:\\\/\\\/www.instagram.com\\\/newsinclusive\\\/\"]},{\"@type\":\"Person\",\"@id\":\"https:\\\/\\\/inclusivenews.com.br\\\/#\\\/schema\\\/person\\\/ae4ec7087559b8692fb33b6fffd2273b\",\"name\":\"inclusivenews2024\",\"image\":{\"@type\":\"ImageObject\",\"inLanguage\":\"pt-PT\",\"@id\":\"https:\\\/\\\/secure.gravatar.com\\\/avatar\\\/c5a7ef84c66fa914f55bc4f7ce26cfa275a3b9a1c5568b907bd184fb4dde7b40?s=96&d=mm&r=g\",\"url\":\"https:\\\/\\\/secure.gravatar.com\\\/avatar\\\/c5a7ef84c66fa914f55bc4f7ce26cfa275a3b9a1c5568b907bd184fb4dde7b40?s=96&d=mm&r=g\",\"contentUrl\":\"https:\\\/\\\/secure.gravatar.com\\\/avatar\\\/c5a7ef84c66fa914f55bc4f7ce26cfa275a3b9a1c5568b907bd184fb4dde7b40?s=96&d=mm&r=g\",\"caption\":\"inclusivenews2024\"},\"sameAs\":[\"https:\\\/\\\/inclusivenews.com.br\"],\"url\":\"https:\\\/\\\/inclusivenews.com.br\\\/?author=1\"}]}<\/script>\n<!-- \/ Yoast SEO plugin. -->","yoast_head_json":{"title":"Unesco avalia impacto das tecnologias de informa\u00e7\u00e3o na educa\u00e7\u00e3o -","robots":{"index":"index","follow":"follow","max-snippet":"max-snippet:-1","max-image-preview":"max-image-preview:large","max-video-preview":"max-video-preview:-1"},"canonical":"https:\/\/inclusivenews.com.br\/?p=15083","og_locale":"pt_PT","og_type":"article","og_title":"Unesco avalia impacto das tecnologias de informa\u00e7\u00e3o na educa\u00e7\u00e3o -","og_description":"Evento de dois dias em Bras\u00edlia re\u00fane especialistas de v\u00e1rios pa\u00edses para discutir forma\u00e7\u00e3o continuada de professores e avaliar o reflexo da TI no ensino. Da R\u00e1dio ONU.","og_url":"https:\/\/inclusivenews.com.br\/?p=15083","article_publisher":"https:\/\/www.facebook.com\/agenciainclusive\/","article_published_time":"2010-04-30T09:01:47+00:00","og_image":[{"url":"http:\/\/downloads.unmultimedia.org\/cms\/radio\/content\/uploads\/2008\/01\/full\/computer08a.jpg","type":"","width":"","height":""}],"author":"inclusivenews2024","twitter_card":"summary_large_image","twitter_misc":{"Escrito por":"inclusivenews2024","Tempo estimado de leitura":"1 minuto"},"schema":{"@context":"https:\/\/schema.org","@graph":[{"@type":"Article","@id":"https:\/\/inclusivenews.com.br\/?p=15083#article","isPartOf":{"@id":"https:\/\/inclusivenews.com.br\/?p=15083"},"author":{"name":"inclusivenews2024","@id":"https:\/\/inclusivenews.com.br\/#\/schema\/person\/ae4ec7087559b8692fb33b6fffd2273b"},"headline":"Unesco avalia impacto das tecnologias de informa\u00e7\u00e3o na educa\u00e7\u00e3o","datePublished":"2010-04-30T09:01:47+00:00","mainEntityOfPage":{"@id":"https:\/\/inclusivenews.com.br\/?p=15083"},"wordCount":285,"commentCount":0,"publisher":{"@id":"https:\/\/inclusivenews.com.br\/#organization"},"image":{"@id":"https:\/\/inclusivenews.com.br\/?p=15083#primaryimage"},"thumbnailUrl":"http:\/\/downloads.unmultimedia.org\/cms\/radio\/content\/uploads\/2008\/01\/full\/computer08a.jpg","articleSection":["EDUCA\u00c7\u00c3O","NOT\u00cdCIAS"],"inLanguage":"pt-PT","potentialAction":[{"@type":"CommentAction","name":"Comment","target":["https:\/\/inclusivenews.com.br\/?p=15083#respond"]}]},{"@type":"WebPage","@id":"https:\/\/inclusivenews.com.br\/?p=15083","url":"https:\/\/inclusivenews.com.br\/?p=15083","name":"Unesco avalia impacto das tecnologias de informa\u00e7\u00e3o na educa\u00e7\u00e3o -","isPartOf":{"@id":"https:\/\/inclusivenews.com.br\/#website"},"primaryImageOfPage":{"@id":"https:\/\/inclusivenews.com.br\/?p=15083#primaryimage"},"image":{"@id":"https:\/\/inclusivenews.com.br\/?p=15083#primaryimage"},"thumbnailUrl":"http:\/\/downloads.unmultimedia.org\/cms\/radio\/content\/uploads\/2008\/01\/full\/computer08a.jpg","datePublished":"2010-04-30T09:01:47+00:00","breadcrumb":{"@id":"https:\/\/inclusivenews.com.br\/?p=15083#breadcrumb"},"inLanguage":"pt-PT","potentialAction":[{"@type":"ReadAction","target":["https:\/\/inclusivenews.com.br\/?p=15083"]}]},{"@type":"ImageObject","inLanguage":"pt-PT","@id":"https:\/\/inclusivenews.com.br\/?p=15083#primaryimage","url":"http:\/\/downloads.unmultimedia.org\/cms\/radio\/content\/uploads\/2008\/01\/full\/computer08a.jpg","contentUrl":"http:\/\/downloads.unmultimedia.org\/cms\/radio\/content\/uploads\/2008\/01\/full\/computer08a.jpg"},{"@type":"BreadcrumbList","@id":"https:\/\/inclusivenews.com.br\/?p=15083#breadcrumb","itemListElement":[{"@type":"ListItem","position":1,"name":"In\u00edcio","item":"https:\/\/inclusivenews.com.br\/"},{"@type":"ListItem","position":2,"name":"Unesco avalia impacto das tecnologias de informa\u00e7\u00e3o na educa\u00e7\u00e3o"}]},{"@type":"WebSite","@id":"https:\/\/inclusivenews.com.br\/#website","url":"https:\/\/inclusivenews.com.br\/","name":"Inclusive News","description":"Inclusive News","publisher":{"@id":"https:\/\/inclusivenews.com.br\/#organization"},"potentialAction":[{"@type":"SearchAction","target":{"@type":"EntryPoint","urlTemplate":"https:\/\/inclusivenews.com.br\/?s={search_term_string}"},"query-input":{"@type":"PropertyValueSpecification","valueRequired":true,"valueName":"search_term_string"}}],"inLanguage":"pt-PT"},{"@type":"Organization","@id":"https:\/\/inclusivenews.com.br\/#organization","name":"Inclusive - inclus\u00e3o e cidadania","url":"https:\/\/inclusivenews.com.br\/","logo":{"@type":"ImageObject","inLanguage":"pt-PT","@id":"https:\/\/inclusivenews.com.br\/#\/schema\/logo\/image\/","url":"https:\/\/inclusivenews.com.br\/wp-content\/uploads\/2024\/03\/@grandesite.png","contentUrl":"https:\/\/inclusivenews.com.br\/wp-content\/uploads\/2024\/03\/@grandesite.png","width":1080,"height":1080,"caption":"Inclusive - inclus\u00e3o e cidadania"},"image":{"@id":"https:\/\/inclusivenews.com.br\/#\/schema\/logo\/image\/"},"sameAs":["https:\/\/www.facebook.com\/agenciainclusive\/","https:\/\/www.instagram.com\/newsinclusive\/"]},{"@type":"Person","@id":"https:\/\/inclusivenews.com.br\/#\/schema\/person\/ae4ec7087559b8692fb33b6fffd2273b","name":"inclusivenews2024","image":{"@type":"ImageObject","inLanguage":"pt-PT","@id":"https:\/\/secure.gravatar.com\/avatar\/c5a7ef84c66fa914f55bc4f7ce26cfa275a3b9a1c5568b907bd184fb4dde7b40?s=96&d=mm&r=g","url":"https:\/\/secure.gravatar.com\/avatar\/c5a7ef84c66fa914f55bc4f7ce26cfa275a3b9a1c5568b907bd184fb4dde7b40?s=96&d=mm&r=g","contentUrl":"https:\/\/secure.gravatar.com\/avatar\/c5a7ef84c66fa914f55bc4f7ce26cfa275a3b9a1c5568b907bd184fb4dde7b40?s=96&d=mm&r=g","caption":"inclusivenews2024"},"sameAs":["https:\/\/inclusivenews.com.br"],"url":"https:\/\/inclusivenews.com.br\/?author=1"}]}},"_links":{"self":[{"href":"https:\/\/inclusivenews.com.br\/index.php?rest_route=\/wp\/v2\/posts\/15083","targetHints":{"allow":["GET"]}}],"collection":[{"href":"https:\/\/inclusivenews.com.br\/index.php?rest_route=\/wp\/v2\/posts"}],"about":[{"href":"https:\/\/inclusivenews.com.br\/index.php?rest_route=\/wp\/v2\/types\/post"}],"author":[{"embeddable":true,"href":"https:\/\/inclusivenews.com.br\/index.php?rest_route=\/wp\/v2\/users\/1"}],"replies":[{"embeddable":true,"href":"https:\/\/inclusivenews.com.br\/index.php?rest_route=%2Fwp%2Fv2%2Fcomments&post=15083"}],"version-history":[{"count":0,"href":"https:\/\/inclusivenews.com.br\/index.php?rest_route=\/wp\/v2\/posts\/15083\/revisions"}],"wp:attachment":[{"href":"https:\/\/inclusivenews.com.br\/index.php?rest_route=%2Fwp%2Fv2%2Fmedia&parent=15083"}],"wp:term":[{"taxonomy":"category","embeddable":true,"href":"https:\/\/inclusivenews.com.br\/index.php?rest_route=%2Fwp%2Fv2%2Fcategories&post=15083"},{"taxonomy":"post_tag","embeddable":true,"href":"https:\/\/inclusivenews.com.br\/index.php?rest_route=%2Fwp%2Fv2%2Ftags&post=15083"}],"curies":[{"name":"wp","href":"https:\/\/api.w.org\/{rel}","templated":true}]}}