{"id":15084,"date":"2010-04-29T05:49:22","date_gmt":"2010-04-29T08:49:22","guid":{"rendered":"http:\/\/www.inclusive.org.br\/?p=15084"},"modified":"2010-04-29T05:49:22","modified_gmt":"2010-04-29T08:49:22","slug":"ministerio-lanca-livros-para-gestores-das-grandes-cidades","status":"publish","type":"post","link":"https:\/\/inclusivenews.com.br\/?p=15084","title":{"rendered":"Minist\u00e9rio lan\u00e7a livros para gestores das grandes cidades"},"content":{"rendered":"<figure id=\"attachment_13906\" aria-describedby=\"caption-attachment-13906\" style=\"width: 170px\" class=\"wp-caption alignleft\"><a href=\"http:\/\/www.inclusivenews.com.br\/wp-content\/uploads\/2010\/02\/livros4.jpg\"><img loading=\"lazy\" decoding=\"async\" class=\"size-medium wp-image-13906  \" title=\"livros4\" src=\"http:\/\/inclusivenews.com.br\/wp-content\/uploads\/2010\/02\/livros4-265x300.jpg\" alt=\"\" width=\"170\" height=\"192\" \/><\/a><figcaption id=\"caption-attachment-13906\" class=\"wp-caption-text\">Ilustra\u00e7\u00e3o de livros empilhados<\/figcaption><\/figure>\n<p>As publica\u00e7\u00f5es Intera\u00e7\u00e3o escola-fam\u00edlia \u2013 subs\u00eddios para pr\u00e1ticas escolares e A crian\u00e7a de seis anos, a linguagem escrita e o ensino fundamental de nove anos foram lan\u00e7adas na segunda-feira, 26, durante a 11\u00aa reuni\u00e3o do Grupo de Trabalho das Grandes Cidades, que termina nesta <strong>quarta-feira, 28<\/strong>, no Cost\u00e3o do Santinho, em Florian\u00f3polis.<\/p>\n<p>Para a secret\u00e1ria de educa\u00e7\u00e3o b\u00e1sica do Minist\u00e9rio da Educa\u00e7\u00e3o, Maria do Pilar Lacerda, que participou do lan\u00e7amento dos livros, \u201cas publica\u00e7\u00f5es s\u00e3o muito estrat\u00e9gicas para os gestores de educa\u00e7\u00e3o\u201d. A primeira delas \u00e9 um estudo da Organiza\u00e7\u00e3o das Na\u00e7\u00f5es Unidas para Educa\u00e7\u00e3o, Ci\u00eancia e Cultura (Unesco), que al\u00e9m de oferecer ferramentas metodol\u00f3gicas para a elabora\u00e7\u00e3o de projetos e a\u00e7\u00f5es que promovam a intera\u00e7\u00e3o entre escola e fam\u00edlia, tamb\u00e9m identificou o que as escolas e sistemas de ensino brasileiros t\u00eam feito para permitir essa aproxima\u00e7\u00e3o e que resultados foram obtidos.<\/p>\n<p>Segundo Jane Margareth Castro, que junto com Marilza Regattieri assina a organiza\u00e7\u00e3o da obra, o envolvimento dos pais com a escola \u00e9 at\u00e9 mais decisivo para um bom resultado da aprendizagem do que a situa\u00e7\u00e3o s\u00f3cio-econ\u00f4mica do aluno. Os gestores que participam do Grupo de Trabalho das Grandes Cidades receberam exemplares do livro publicado pela Unesco e pela Secretaria de Educa\u00e7\u00e3o B\u00e1sica (SEB) do MEC.<\/p>\n<p>J\u00e1 A crian\u00e7a de seis anos, a<em> linguagem escrita<\/em> e o <em>ensino fundamental de nove anos<\/em>, organizado pelo Centro de Alfabetiza\u00e7\u00e3o, Leitura e Escrita (Ceale), da Universidade Federal de Minas Gerais (UFMG), e publicado pela SEB, objetiva orientar os professores dos tr\u00eas primeiros anos do ensino fundamental de nove anos. Oferece informa\u00e7\u00f5es pedag\u00f3gicas sobre o processo de alfabetiza\u00e7\u00e3o e letramento, com enfoque na dimens\u00e3o da linguagem escrita.<\/p>\n<p>De acordo com a professora Sara Mour\u00e3o Monteiro, do Ceale, que fez uma detalhada apresenta\u00e7\u00e3o do livro, \u00e9 preciso dar conta de v\u00e1rias dimens\u00f5es durante o processo de alfabetiza\u00e7\u00e3o e letramento, mas a passagem da educa\u00e7\u00e3o infantil para o ensino fundamental de nove anos, que oficializa o ingresso da crian\u00e7a de seis anos de idade no primeiro ano do fundamental, requer um planejamento pedag\u00f3gico diferenciado na abordagem da linguagem escrita e isso \u00e9 um desafio que a escola e o sistema de ensino enfrentar\u00e3o. O livro j\u00e1 foi distribu\u00eddo para todas as escolas p\u00fablicas de ensino fundamental.<\/p>\n<p>Maria Pereira Filha<br \/>\n__________<\/p>\n<p><strong>Fonte:<\/strong> <a href=\"http:\/\/portal.mec.gov.br\/index.php?option=com_content&amp;view=article&amp;id=15364:ministerio-lanca-livros-para-gestores-das-grandes-cidades&amp;catid=211&amp;Itemid=86\">MEC<\/a><\/p>\n","protected":false},"excerpt":{"rendered":"<p>Para a secret\u00e1ria de educa\u00e7\u00e3o b\u00e1sica do Minist\u00e9rio da Educa\u00e7\u00e3o, Maria do Pilar Lacerda, que participou do lan\u00e7amento dos livros, \u201cas publica\u00e7\u00f5es s\u00e3o muito estrat\u00e9gicas para os gestores de educa\u00e7\u00e3o\u201d. A primeira delas \u00e9 um estudo da Organiza\u00e7\u00e3o das Na\u00e7\u00f5es Unidas para Educa\u00e7\u00e3o, Ci\u00eancia e Cultura (Unesco), que al\u00e9m de oferecer ferramentas metodol\u00f3gicas para a elabora\u00e7\u00e3o de projetos e a\u00e7\u00f5es que promovam a intera\u00e7\u00e3o entre escola e fam\u00edlia, tamb\u00e9m identificou o que as escolas e sistemas de ensino brasileiros t\u00eam feito para permitir essa aproxima\u00e7\u00e3o e que resultados foram obtidos. Informa\u00e7\u00e3o vem do MEC.<\/p>\n","protected":false},"author":1,"featured_media":0,"comment_status":"open","ping_status":"open","sticky":false,"template":"","format":"standard","meta":{"site-container-style":"default","site-container-layout":"default","site-sidebar-layout":"default","disable-article-header":"default","disable-site-header":"default","disable-site-footer":"default","disable-content-area-spacing":"default","footnotes":""},"categories":[6,4],"tags":[],"class_list":["post-15084","post","type-post","status-publish","format-standard","hentry","category-educacao","category-noticias"],"yoast_head":"<!-- This site is optimized with the Yoast SEO plugin v27.4 - https:\/\/yoast.com\/product\/yoast-seo-wordpress\/ -->\n<title>Minist\u00e9rio lan\u00e7a livros para gestores das grandes cidades -<\/title>\n<meta name=\"robots\" content=\"index, follow, max-snippet:-1, max-image-preview:large, max-video-preview:-1\" \/>\n<link rel=\"canonical\" href=\"https:\/\/inclusivenews.com.br\/?p=15084\" \/>\n<meta property=\"og:locale\" content=\"pt_PT\" \/>\n<meta property=\"og:type\" content=\"article\" \/>\n<meta property=\"og:title\" content=\"Minist\u00e9rio lan\u00e7a livros para gestores das grandes cidades -\" \/>\n<meta property=\"og:description\" content=\"Para a secret\u00e1ria de educa\u00e7\u00e3o b\u00e1sica do Minist\u00e9rio da Educa\u00e7\u00e3o, Maria do Pilar Lacerda, que participou do lan\u00e7amento dos livros, \u201cas publica\u00e7\u00f5es s\u00e3o muito estrat\u00e9gicas para os gestores de educa\u00e7\u00e3o\u201d. A primeira delas \u00e9 um estudo da Organiza\u00e7\u00e3o das Na\u00e7\u00f5es Unidas para Educa\u00e7\u00e3o, Ci\u00eancia e Cultura (Unesco), que al\u00e9m de oferecer ferramentas metodol\u00f3gicas para a elabora\u00e7\u00e3o de projetos e a\u00e7\u00f5es que promovam a intera\u00e7\u00e3o entre escola e fam\u00edlia, tamb\u00e9m identificou o que as escolas e sistemas de ensino brasileiros t\u00eam feito para permitir essa aproxima\u00e7\u00e3o e que resultados foram obtidos. Informa\u00e7\u00e3o vem do MEC.\" \/>\n<meta property=\"og:url\" content=\"https:\/\/inclusivenews.com.br\/?p=15084\" \/>\n<meta property=\"article:publisher\" content=\"https:\/\/www.facebook.com\/agenciainclusive\/\" \/>\n<meta property=\"article:published_time\" content=\"2010-04-29T08:49:22+00:00\" \/>\n<meta property=\"og:image\" content=\"http:\/\/inclusivenews.com.br\/wp-content\/uploads\/2010\/02\/livros4-265x300.jpg\" \/>\n<meta name=\"author\" content=\"inclusivenews2024\" \/>\n<meta name=\"twitter:card\" content=\"summary_large_image\" \/>\n<meta name=\"twitter:label1\" content=\"Escrito por\" \/>\n\t<meta name=\"twitter:data1\" content=\"inclusivenews2024\" \/>\n\t<meta name=\"twitter:label2\" content=\"Tempo estimado de leitura\" \/>\n\t<meta name=\"twitter:data2\" content=\"2 minutos\" \/>\n<script type=\"application\/ld+json\" class=\"yoast-schema-graph\">{\"@context\":\"https:\\\/\\\/schema.org\",\"@graph\":[{\"@type\":\"Article\",\"@id\":\"https:\\\/\\\/inclusivenews.com.br\\\/?p=15084#article\",\"isPartOf\":{\"@id\":\"https:\\\/\\\/inclusivenews.com.br\\\/?p=15084\"},\"author\":{\"name\":\"inclusivenews2024\",\"@id\":\"https:\\\/\\\/inclusivenews.com.br\\\/#\\\/schema\\\/person\\\/ae4ec7087559b8692fb33b6fffd2273b\"},\"headline\":\"Minist\u00e9rio lan\u00e7a livros para gestores das grandes cidades\",\"datePublished\":\"2010-04-29T08:49:22+00:00\",\"mainEntityOfPage\":{\"@id\":\"https:\\\/\\\/inclusivenews.com.br\\\/?p=15084\"},\"wordCount\":448,\"commentCount\":0,\"publisher\":{\"@id\":\"https:\\\/\\\/inclusivenews.com.br\\\/#organization\"},\"image\":{\"@id\":\"https:\\\/\\\/inclusivenews.com.br\\\/?p=15084#primaryimage\"},\"thumbnailUrl\":\"http:\\\/\\\/inclusivenews.com.br\\\/wp-content\\\/uploads\\\/2010\\\/02\\\/livros4-265x300.jpg\",\"articleSection\":[\"EDUCA\u00c7\u00c3O\",\"NOT\u00cdCIAS\"],\"inLanguage\":\"pt-PT\",\"potentialAction\":[{\"@type\":\"CommentAction\",\"name\":\"Comment\",\"target\":[\"https:\\\/\\\/inclusivenews.com.br\\\/?p=15084#respond\"]}]},{\"@type\":\"WebPage\",\"@id\":\"https:\\\/\\\/inclusivenews.com.br\\\/?p=15084\",\"url\":\"https:\\\/\\\/inclusivenews.com.br\\\/?p=15084\",\"name\":\"Minist\u00e9rio lan\u00e7a livros para gestores das grandes cidades -\",\"isPartOf\":{\"@id\":\"https:\\\/\\\/inclusivenews.com.br\\\/#website\"},\"primaryImageOfPage\":{\"@id\":\"https:\\\/\\\/inclusivenews.com.br\\\/?p=15084#primaryimage\"},\"image\":{\"@id\":\"https:\\\/\\\/inclusivenews.com.br\\\/?p=15084#primaryimage\"},\"thumbnailUrl\":\"http:\\\/\\\/inclusivenews.com.br\\\/wp-content\\\/uploads\\\/2010\\\/02\\\/livros4-265x300.jpg\",\"datePublished\":\"2010-04-29T08:49:22+00:00\",\"breadcrumb\":{\"@id\":\"https:\\\/\\\/inclusivenews.com.br\\\/?p=15084#breadcrumb\"},\"inLanguage\":\"pt-PT\",\"potentialAction\":[{\"@type\":\"ReadAction\",\"target\":[\"https:\\\/\\\/inclusivenews.com.br\\\/?p=15084\"]}]},{\"@type\":\"ImageObject\",\"inLanguage\":\"pt-PT\",\"@id\":\"https:\\\/\\\/inclusivenews.com.br\\\/?p=15084#primaryimage\",\"url\":\"\",\"contentUrl\":\"\"},{\"@type\":\"BreadcrumbList\",\"@id\":\"https:\\\/\\\/inclusivenews.com.br\\\/?p=15084#breadcrumb\",\"itemListElement\":[{\"@type\":\"ListItem\",\"position\":1,\"name\":\"In\u00edcio\",\"item\":\"https:\\\/\\\/inclusivenews.com.br\\\/\"},{\"@type\":\"ListItem\",\"position\":2,\"name\":\"Minist\u00e9rio lan\u00e7a livros para gestores das grandes cidades\"}]},{\"@type\":\"WebSite\",\"@id\":\"https:\\\/\\\/inclusivenews.com.br\\\/#website\",\"url\":\"https:\\\/\\\/inclusivenews.com.br\\\/\",\"name\":\"Inclusive News\",\"description\":\"Inclusive News\",\"publisher\":{\"@id\":\"https:\\\/\\\/inclusivenews.com.br\\\/#organization\"},\"potentialAction\":[{\"@type\":\"SearchAction\",\"target\":{\"@type\":\"EntryPoint\",\"urlTemplate\":\"https:\\\/\\\/inclusivenews.com.br\\\/?s={search_term_string}\"},\"query-input\":{\"@type\":\"PropertyValueSpecification\",\"valueRequired\":true,\"valueName\":\"search_term_string\"}}],\"inLanguage\":\"pt-PT\"},{\"@type\":\"Organization\",\"@id\":\"https:\\\/\\\/inclusivenews.com.br\\\/#organization\",\"name\":\"Inclusive - inclus\u00e3o e cidadania\",\"url\":\"https:\\\/\\\/inclusivenews.com.br\\\/\",\"logo\":{\"@type\":\"ImageObject\",\"inLanguage\":\"pt-PT\",\"@id\":\"https:\\\/\\\/inclusivenews.com.br\\\/#\\\/schema\\\/logo\\\/image\\\/\",\"url\":\"https:\\\/\\\/inclusivenews.com.br\\\/wp-content\\\/uploads\\\/2024\\\/03\\\/@grandesite.png\",\"contentUrl\":\"https:\\\/\\\/inclusivenews.com.br\\\/wp-content\\\/uploads\\\/2024\\\/03\\\/@grandesite.png\",\"width\":1080,\"height\":1080,\"caption\":\"Inclusive - inclus\u00e3o e cidadania\"},\"image\":{\"@id\":\"https:\\\/\\\/inclusivenews.com.br\\\/#\\\/schema\\\/logo\\\/image\\\/\"},\"sameAs\":[\"https:\\\/\\\/www.facebook.com\\\/agenciainclusive\\\/\",\"https:\\\/\\\/www.instagram.com\\\/newsinclusive\\\/\"]},{\"@type\":\"Person\",\"@id\":\"https:\\\/\\\/inclusivenews.com.br\\\/#\\\/schema\\\/person\\\/ae4ec7087559b8692fb33b6fffd2273b\",\"name\":\"inclusivenews2024\",\"image\":{\"@type\":\"ImageObject\",\"inLanguage\":\"pt-PT\",\"@id\":\"https:\\\/\\\/secure.gravatar.com\\\/avatar\\\/c5a7ef84c66fa914f55bc4f7ce26cfa275a3b9a1c5568b907bd184fb4dde7b40?s=96&d=mm&r=g\",\"url\":\"https:\\\/\\\/secure.gravatar.com\\\/avatar\\\/c5a7ef84c66fa914f55bc4f7ce26cfa275a3b9a1c5568b907bd184fb4dde7b40?s=96&d=mm&r=g\",\"contentUrl\":\"https:\\\/\\\/secure.gravatar.com\\\/avatar\\\/c5a7ef84c66fa914f55bc4f7ce26cfa275a3b9a1c5568b907bd184fb4dde7b40?s=96&d=mm&r=g\",\"caption\":\"inclusivenews2024\"},\"sameAs\":[\"https:\\\/\\\/inclusivenews.com.br\"],\"url\":\"https:\\\/\\\/inclusivenews.com.br\\\/?author=1\"}]}<\/script>\n<!-- \/ Yoast SEO plugin. -->","yoast_head_json":{"title":"Minist\u00e9rio lan\u00e7a livros para gestores das grandes cidades -","robots":{"index":"index","follow":"follow","max-snippet":"max-snippet:-1","max-image-preview":"max-image-preview:large","max-video-preview":"max-video-preview:-1"},"canonical":"https:\/\/inclusivenews.com.br\/?p=15084","og_locale":"pt_PT","og_type":"article","og_title":"Minist\u00e9rio lan\u00e7a livros para gestores das grandes cidades -","og_description":"Para a secret\u00e1ria de educa\u00e7\u00e3o b\u00e1sica do Minist\u00e9rio da Educa\u00e7\u00e3o, Maria do Pilar Lacerda, que participou do lan\u00e7amento dos livros, \u201cas publica\u00e7\u00f5es s\u00e3o muito estrat\u00e9gicas para os gestores de educa\u00e7\u00e3o\u201d. A primeira delas \u00e9 um estudo da Organiza\u00e7\u00e3o das Na\u00e7\u00f5es Unidas para Educa\u00e7\u00e3o, Ci\u00eancia e Cultura (Unesco), que al\u00e9m de oferecer ferramentas metodol\u00f3gicas para a elabora\u00e7\u00e3o de projetos e a\u00e7\u00f5es que promovam a intera\u00e7\u00e3o entre escola e fam\u00edlia, tamb\u00e9m identificou o que as escolas e sistemas de ensino brasileiros t\u00eam feito para permitir essa aproxima\u00e7\u00e3o e que resultados foram obtidos. Informa\u00e7\u00e3o vem do MEC.","og_url":"https:\/\/inclusivenews.com.br\/?p=15084","article_publisher":"https:\/\/www.facebook.com\/agenciainclusive\/","article_published_time":"2010-04-29T08:49:22+00:00","og_image":[{"url":"http:\/\/inclusivenews.com.br\/wp-content\/uploads\/2010\/02\/livros4-265x300.jpg","type":"","width":"","height":""}],"author":"inclusivenews2024","twitter_card":"summary_large_image","twitter_misc":{"Escrito por":"inclusivenews2024","Tempo estimado de leitura":"2 minutos"},"schema":{"@context":"https:\/\/schema.org","@graph":[{"@type":"Article","@id":"https:\/\/inclusivenews.com.br\/?p=15084#article","isPartOf":{"@id":"https:\/\/inclusivenews.com.br\/?p=15084"},"author":{"name":"inclusivenews2024","@id":"https:\/\/inclusivenews.com.br\/#\/schema\/person\/ae4ec7087559b8692fb33b6fffd2273b"},"headline":"Minist\u00e9rio lan\u00e7a livros para gestores das grandes cidades","datePublished":"2010-04-29T08:49:22+00:00","mainEntityOfPage":{"@id":"https:\/\/inclusivenews.com.br\/?p=15084"},"wordCount":448,"commentCount":0,"publisher":{"@id":"https:\/\/inclusivenews.com.br\/#organization"},"image":{"@id":"https:\/\/inclusivenews.com.br\/?p=15084#primaryimage"},"thumbnailUrl":"http:\/\/inclusivenews.com.br\/wp-content\/uploads\/2010\/02\/livros4-265x300.jpg","articleSection":["EDUCA\u00c7\u00c3O","NOT\u00cdCIAS"],"inLanguage":"pt-PT","potentialAction":[{"@type":"CommentAction","name":"Comment","target":["https:\/\/inclusivenews.com.br\/?p=15084#respond"]}]},{"@type":"WebPage","@id":"https:\/\/inclusivenews.com.br\/?p=15084","url":"https:\/\/inclusivenews.com.br\/?p=15084","name":"Minist\u00e9rio lan\u00e7a livros para gestores das grandes cidades -","isPartOf":{"@id":"https:\/\/inclusivenews.com.br\/#website"},"primaryImageOfPage":{"@id":"https:\/\/inclusivenews.com.br\/?p=15084#primaryimage"},"image":{"@id":"https:\/\/inclusivenews.com.br\/?p=15084#primaryimage"},"thumbnailUrl":"http:\/\/inclusivenews.com.br\/wp-content\/uploads\/2010\/02\/livros4-265x300.jpg","datePublished":"2010-04-29T08:49:22+00:00","breadcrumb":{"@id":"https:\/\/inclusivenews.com.br\/?p=15084#breadcrumb"},"inLanguage":"pt-PT","potentialAction":[{"@type":"ReadAction","target":["https:\/\/inclusivenews.com.br\/?p=15084"]}]},{"@type":"ImageObject","inLanguage":"pt-PT","@id":"https:\/\/inclusivenews.com.br\/?p=15084#primaryimage","url":"","contentUrl":""},{"@type":"BreadcrumbList","@id":"https:\/\/inclusivenews.com.br\/?p=15084#breadcrumb","itemListElement":[{"@type":"ListItem","position":1,"name":"In\u00edcio","item":"https:\/\/inclusivenews.com.br\/"},{"@type":"ListItem","position":2,"name":"Minist\u00e9rio lan\u00e7a livros para gestores das grandes cidades"}]},{"@type":"WebSite","@id":"https:\/\/inclusivenews.com.br\/#website","url":"https:\/\/inclusivenews.com.br\/","name":"Inclusive News","description":"Inclusive News","publisher":{"@id":"https:\/\/inclusivenews.com.br\/#organization"},"potentialAction":[{"@type":"SearchAction","target":{"@type":"EntryPoint","urlTemplate":"https:\/\/inclusivenews.com.br\/?s={search_term_string}"},"query-input":{"@type":"PropertyValueSpecification","valueRequired":true,"valueName":"search_term_string"}}],"inLanguage":"pt-PT"},{"@type":"Organization","@id":"https:\/\/inclusivenews.com.br\/#organization","name":"Inclusive - inclus\u00e3o e cidadania","url":"https:\/\/inclusivenews.com.br\/","logo":{"@type":"ImageObject","inLanguage":"pt-PT","@id":"https:\/\/inclusivenews.com.br\/#\/schema\/logo\/image\/","url":"https:\/\/inclusivenews.com.br\/wp-content\/uploads\/2024\/03\/@grandesite.png","contentUrl":"https:\/\/inclusivenews.com.br\/wp-content\/uploads\/2024\/03\/@grandesite.png","width":1080,"height":1080,"caption":"Inclusive - inclus\u00e3o e cidadania"},"image":{"@id":"https:\/\/inclusivenews.com.br\/#\/schema\/logo\/image\/"},"sameAs":["https:\/\/www.facebook.com\/agenciainclusive\/","https:\/\/www.instagram.com\/newsinclusive\/"]},{"@type":"Person","@id":"https:\/\/inclusivenews.com.br\/#\/schema\/person\/ae4ec7087559b8692fb33b6fffd2273b","name":"inclusivenews2024","image":{"@type":"ImageObject","inLanguage":"pt-PT","@id":"https:\/\/secure.gravatar.com\/avatar\/c5a7ef84c66fa914f55bc4f7ce26cfa275a3b9a1c5568b907bd184fb4dde7b40?s=96&d=mm&r=g","url":"https:\/\/secure.gravatar.com\/avatar\/c5a7ef84c66fa914f55bc4f7ce26cfa275a3b9a1c5568b907bd184fb4dde7b40?s=96&d=mm&r=g","contentUrl":"https:\/\/secure.gravatar.com\/avatar\/c5a7ef84c66fa914f55bc4f7ce26cfa275a3b9a1c5568b907bd184fb4dde7b40?s=96&d=mm&r=g","caption":"inclusivenews2024"},"sameAs":["https:\/\/inclusivenews.com.br"],"url":"https:\/\/inclusivenews.com.br\/?author=1"}]}},"_links":{"self":[{"href":"https:\/\/inclusivenews.com.br\/index.php?rest_route=\/wp\/v2\/posts\/15084","targetHints":{"allow":["GET"]}}],"collection":[{"href":"https:\/\/inclusivenews.com.br\/index.php?rest_route=\/wp\/v2\/posts"}],"about":[{"href":"https:\/\/inclusivenews.com.br\/index.php?rest_route=\/wp\/v2\/types\/post"}],"author":[{"embeddable":true,"href":"https:\/\/inclusivenews.com.br\/index.php?rest_route=\/wp\/v2\/users\/1"}],"replies":[{"embeddable":true,"href":"https:\/\/inclusivenews.com.br\/index.php?rest_route=%2Fwp%2Fv2%2Fcomments&post=15084"}],"version-history":[{"count":0,"href":"https:\/\/inclusivenews.com.br\/index.php?rest_route=\/wp\/v2\/posts\/15084\/revisions"}],"wp:attachment":[{"href":"https:\/\/inclusivenews.com.br\/index.php?rest_route=%2Fwp%2Fv2%2Fmedia&parent=15084"}],"wp:term":[{"taxonomy":"category","embeddable":true,"href":"https:\/\/inclusivenews.com.br\/index.php?rest_route=%2Fwp%2Fv2%2Fcategories&post=15084"},{"taxonomy":"post_tag","embeddable":true,"href":"https:\/\/inclusivenews.com.br\/index.php?rest_route=%2Fwp%2Fv2%2Ftags&post=15084"}],"curies":[{"name":"wp","href":"https:\/\/api.w.org\/{rel}","templated":true}]}}