{"id":15086,"date":"2010-04-28T15:38:23","date_gmt":"2010-04-28T18:38:23","guid":{"rendered":"http:\/\/www.inclusive.org.br\/?p=15086"},"modified":"2010-04-28T15:38:23","modified_gmt":"2010-04-28T18:38:23","slug":"seminario-estadual-de-lesbicas-e-mulheres-bissexuais-rj","status":"publish","type":"post","link":"https:\/\/inclusivenews.com.br\/?p=15086","title":{"rendered":"Semin\u00e1rio Estadual de L\u00e9sbicas e Mulheres Bissexuais &#8211; RJ"},"content":{"rendered":"<figure id=\"attachment_13222\" aria-describedby=\"caption-attachment-13222\" style=\"width: 400px\" class=\"wp-caption alignleft\"><a href=\"http:\/\/www.inclusivenews.com.br\/wp-content\/uploads\/2009\/12\/bandeira-gay1.jpg\"><img loading=\"lazy\" decoding=\"async\" class=\"size-full wp-image-13222\" title=\"bandeira-gay\" src=\"http:\/\/inclusivenews.com.br\/wp-content\/uploads\/2009\/12\/bandeira-gay1.jpg\" alt=\"\" width=\"400\" height=\"284\" \/><\/a><figcaption id=\"caption-attachment-13222\" class=\"wp-caption-text\">Bandeira de arco-iris, simbolo do movimento gay<\/figcaption><\/figure>\n<p>A Secretaria de Estado de Assist\u00eancia Social e Direitos Humanos atrav\u00e9s da Superintend\u00eancia de Direitos Individuais, Coletivos e Difusos em parceria com o F\u00f3rum de L\u00e9sbicas e Mulheres Bissexuais do Estado do Rio de Janeiro realizam o Semin\u00e1rio Estadual de L\u00e9sbicas e Mulheres Bissexuais que se realizar\u00e1 nos dias 30 de abril e 1\u00ba de maio de 2010 no Hotel Golden Park com o tema \u201cUnindo Esfor\u00e7os, Ampliando Conquistas: Pol\u00edticas P\u00fablicas para L\u00e9sbicas e Mulheres Bissexuais\u201d.<\/p>\n<p>O objetivo do semin\u00e1rio \u00e9 construir pol\u00edticas p\u00fablicas voltadas para l\u00e9sbicas e mulheres bissexuais. Temas como seguran\u00e7a p\u00fablica, pol\u00edcias, sistema penitenci\u00e1rio, legisla\u00e7\u00e3o, educa\u00e7\u00e3o, informa\u00e7\u00e3o, pesquisa, sa\u00fade, meio ambiente, assist\u00eancia social, trabalho, renda, cultura, turismo, esporte e lazer tamb\u00e9m ser\u00e3o debatidos no encontro.<\/p>\n<p>\u201cO p\u00fablico alvo deste semin\u00e1rio s\u00e3o l\u00e9sbicas e mulheres bissexuais, bem como gestoras e gestores p\u00fablicos do Rio, e todas as pessoas interessadas no tema. Em breve, lan\u00e7aremos o programa Rio sem Homofobia que com certeza abarcar\u00e1 v\u00e1rias das diretrizes tra\u00e7adas neste semin\u00e1rio. \u00c9 o poder p\u00fablico unindo-se \u00e0 sociedade civil organizada a fim de atuar de forma estrat\u00e9gica nas suas a\u00e7\u00f5es\u201d, explica o Superintendente de Direitos Individuais, Coletivos e Difusos, Cl\u00e1udio Nascimento.<\/p>\n<p>Para a membro do F\u00f3rum Estadual de L\u00e9sbicas e Mulheres Bissexuais e coordenadora do Grupo de Mulheres Felipa de Sousa, Maria F\u00e1tima Silva \u201co semin\u00e1rio \u00e9 uma grande oportunidade de aproxima\u00e7\u00e3o, discuss\u00e3o e abertura de di\u00e1logo com gestores p\u00fablicos, pois visa \u00e0 constru\u00e7\u00e3o de pol\u00edticas p\u00fablicas para o nosso segmento\u201d. E complementou: \u201c\u00e9 um grande avan\u00e7o para o fortalecimento de nosso Movimento\u201d.<\/p>\n<p>O in\u00edcio do Semin\u00e1rio ser\u00e1 no dia 30 de abril de 2010 \u00e0s 18 horas, no Hotel Golden Park com uma oficina espec\u00edfica para gestoras e gestores P\u00fablicos do Estado e as discuss\u00f5es ocorrer\u00e3o ao longo do dia 1\u00ba de maio das 09 \u00e0s 18 horas com a participa\u00e7\u00e3o das L\u00e9sbicas e Mulheres Bissexuais prioritariamente.<\/p>\n<p><strong>Servi\u00e7o<\/strong><\/p>\n<p>SEMIN\u00c1RIO ESTADUAL DE L\u00c9SBICAS E MULHERES BISSEXUAIS<\/p>\n<p>Data: 30 de abril e 1\u00ba de maio de 2010<\/p>\n<p>Local: Hotel Golden Park (Rua do Russel, 374 &#8211; Gl\u00f3ria)<\/p>\n<p>Hor\u00e1rio: 30 de abril de 2010 \u00e0s 18 horas | 1\u00ba de maio das 09 \u00e0s 18 horas<\/p>\n<p>Entrada Franca<\/p>\n<p><strong>Informa\u00e7\u00f5es para a imprensa:<\/strong><\/p>\n<p>M\u00e1rcia Vilella | Diego Cotta<\/p>\n<p>Tels: 21 2284 2475 | 2234 9621 | 8158 9692<\/p>\n","protected":false},"excerpt":{"rendered":"<p>A Secretaria de Estado de Assist\u00eancia Social e Direitos Humanos atrav\u00e9s da Superintend\u00eancia de Direitos Individuais, Coletivos e Difusos em parceria com o F\u00f3rum de L\u00e9sbicas e Mulheres Bissexuais do Estado do Rio de Janeiro realizam o Semin\u00e1rio Estadual de L\u00e9sbicas e Mulheres Bissexuais que se realizar\u00e1 nos dias 30 de abril e 1\u00ba de maio de 2010 no Hotel Golden Park com o tema \u201cUnindo Esfor\u00e7os, Ampliando Conquistas: Pol\u00edticas P\u00fablicas para L\u00e9sbicas e Mulheres Bissexuais\u201d.<\/p>\n","protected":false},"author":1,"featured_media":0,"comment_status":"open","ping_status":"open","sticky":false,"template":"","format":"standard","meta":{"site-container-style":"default","site-container-layout":"default","site-sidebar-layout":"default","disable-article-header":"default","disable-site-header":"default","disable-site-footer":"default","disable-content-area-spacing":"default","footnotes":""},"categories":[12,40,48,4,49,41],"tags":[],"class_list":["post-15086","post","type-post","status-publish","format-standard","hentry","category-cursos-e-eventos","category-diversidade","category-inclusao","category-noticias","category-politicas-publicas","category-preconceito"],"yoast_head":"<!-- This site is optimized with the Yoast SEO plugin v27.4 - https:\/\/yoast.com\/product\/yoast-seo-wordpress\/ -->\n<title>Semin\u00e1rio Estadual de L\u00e9sbicas e Mulheres Bissexuais - RJ -<\/title>\n<meta name=\"robots\" content=\"index, follow, max-snippet:-1, max-image-preview:large, max-video-preview:-1\" \/>\n<link rel=\"canonical\" href=\"https:\/\/inclusivenews.com.br\/?p=15086\" \/>\n<meta property=\"og:locale\" content=\"pt_PT\" \/>\n<meta property=\"og:type\" content=\"article\" \/>\n<meta property=\"og:title\" content=\"Semin\u00e1rio Estadual de L\u00e9sbicas e Mulheres Bissexuais - RJ -\" \/>\n<meta property=\"og:description\" content=\"A Secretaria de Estado de Assist\u00eancia Social e Direitos Humanos atrav\u00e9s da Superintend\u00eancia de Direitos Individuais, Coletivos e Difusos em parceria com o F\u00f3rum de L\u00e9sbicas e Mulheres Bissexuais do Estado do Rio de Janeiro realizam o Semin\u00e1rio Estadual de L\u00e9sbicas e Mulheres Bissexuais que se realizar\u00e1 nos dias 30 de abril e 1\u00ba de maio de 2010 no Hotel Golden Park com o tema \u201cUnindo Esfor\u00e7os, Ampliando Conquistas: Pol\u00edticas P\u00fablicas para L\u00e9sbicas e Mulheres Bissexuais\u201d.\" \/>\n<meta property=\"og:url\" content=\"https:\/\/inclusivenews.com.br\/?p=15086\" \/>\n<meta property=\"article:publisher\" content=\"https:\/\/www.facebook.com\/agenciainclusive\/\" \/>\n<meta property=\"article:published_time\" content=\"2010-04-28T18:38:23+00:00\" \/>\n<meta property=\"og:image\" content=\"http:\/\/inclusivenews.com.br\/wp-content\/uploads\/2009\/12\/bandeira-gay1.jpg\" \/>\n<meta name=\"author\" content=\"inclusivenews2024\" \/>\n<meta name=\"twitter:card\" content=\"summary_large_image\" \/>\n<meta name=\"twitter:label1\" content=\"Escrito por\" \/>\n\t<meta name=\"twitter:data1\" content=\"inclusivenews2024\" \/>\n\t<meta name=\"twitter:label2\" content=\"Tempo estimado de leitura\" \/>\n\t<meta name=\"twitter:data2\" content=\"2 minutos\" \/>\n<script type=\"application\/ld+json\" class=\"yoast-schema-graph\">{\"@context\":\"https:\\\/\\\/schema.org\",\"@graph\":[{\"@type\":\"Article\",\"@id\":\"https:\\\/\\\/inclusivenews.com.br\\\/?p=15086#article\",\"isPartOf\":{\"@id\":\"https:\\\/\\\/inclusivenews.com.br\\\/?p=15086\"},\"author\":{\"name\":\"inclusivenews2024\",\"@id\":\"https:\\\/\\\/inclusivenews.com.br\\\/#\\\/schema\\\/person\\\/ae4ec7087559b8692fb33b6fffd2273b\"},\"headline\":\"Semin\u00e1rio Estadual de L\u00e9sbicas e Mulheres Bissexuais &#8211; RJ\",\"datePublished\":\"2010-04-28T18:38:23+00:00\",\"mainEntityOfPage\":{\"@id\":\"https:\\\/\\\/inclusivenews.com.br\\\/?p=15086\"},\"wordCount\":431,\"commentCount\":0,\"publisher\":{\"@id\":\"https:\\\/\\\/inclusivenews.com.br\\\/#organization\"},\"image\":{\"@id\":\"https:\\\/\\\/inclusivenews.com.br\\\/?p=15086#primaryimage\"},\"thumbnailUrl\":\"http:\\\/\\\/inclusivenews.com.br\\\/wp-content\\\/uploads\\\/2009\\\/12\\\/bandeira-gay1.jpg\",\"articleSection\":[\"Cursos e eventos\",\"Diversidade\",\"INCLUS\u00c3O SOCIAL\",\"NOT\u00cdCIAS\",\"Pol\u00edticas p\u00fablicas\",\"Preconceito\"],\"inLanguage\":\"pt-PT\",\"potentialAction\":[{\"@type\":\"CommentAction\",\"name\":\"Comment\",\"target\":[\"https:\\\/\\\/inclusivenews.com.br\\\/?p=15086#respond\"]}]},{\"@type\":\"WebPage\",\"@id\":\"https:\\\/\\\/inclusivenews.com.br\\\/?p=15086\",\"url\":\"https:\\\/\\\/inclusivenews.com.br\\\/?p=15086\",\"name\":\"Semin\u00e1rio Estadual de L\u00e9sbicas e Mulheres Bissexuais - RJ -\",\"isPartOf\":{\"@id\":\"https:\\\/\\\/inclusivenews.com.br\\\/#website\"},\"primaryImageOfPage\":{\"@id\":\"https:\\\/\\\/inclusivenews.com.br\\\/?p=15086#primaryimage\"},\"image\":{\"@id\":\"https:\\\/\\\/inclusivenews.com.br\\\/?p=15086#primaryimage\"},\"thumbnailUrl\":\"http:\\\/\\\/inclusivenews.com.br\\\/wp-content\\\/uploads\\\/2009\\\/12\\\/bandeira-gay1.jpg\",\"datePublished\":\"2010-04-28T18:38:23+00:00\",\"breadcrumb\":{\"@id\":\"https:\\\/\\\/inclusivenews.com.br\\\/?p=15086#breadcrumb\"},\"inLanguage\":\"pt-PT\",\"potentialAction\":[{\"@type\":\"ReadAction\",\"target\":[\"https:\\\/\\\/inclusivenews.com.br\\\/?p=15086\"]}]},{\"@type\":\"ImageObject\",\"inLanguage\":\"pt-PT\",\"@id\":\"https:\\\/\\\/inclusivenews.com.br\\\/?p=15086#primaryimage\",\"url\":\"\",\"contentUrl\":\"\"},{\"@type\":\"BreadcrumbList\",\"@id\":\"https:\\\/\\\/inclusivenews.com.br\\\/?p=15086#breadcrumb\",\"itemListElement\":[{\"@type\":\"ListItem\",\"position\":1,\"name\":\"In\u00edcio\",\"item\":\"https:\\\/\\\/inclusivenews.com.br\\\/\"},{\"@type\":\"ListItem\",\"position\":2,\"name\":\"Semin\u00e1rio Estadual de L\u00e9sbicas e Mulheres Bissexuais &#8211; RJ\"}]},{\"@type\":\"WebSite\",\"@id\":\"https:\\\/\\\/inclusivenews.com.br\\\/#website\",\"url\":\"https:\\\/\\\/inclusivenews.com.br\\\/\",\"name\":\"Inclusive News\",\"description\":\"Inclusive News\",\"publisher\":{\"@id\":\"https:\\\/\\\/inclusivenews.com.br\\\/#organization\"},\"potentialAction\":[{\"@type\":\"SearchAction\",\"target\":{\"@type\":\"EntryPoint\",\"urlTemplate\":\"https:\\\/\\\/inclusivenews.com.br\\\/?s={search_term_string}\"},\"query-input\":{\"@type\":\"PropertyValueSpecification\",\"valueRequired\":true,\"valueName\":\"search_term_string\"}}],\"inLanguage\":\"pt-PT\"},{\"@type\":\"Organization\",\"@id\":\"https:\\\/\\\/inclusivenews.com.br\\\/#organization\",\"name\":\"Inclusive - inclus\u00e3o e cidadania\",\"url\":\"https:\\\/\\\/inclusivenews.com.br\\\/\",\"logo\":{\"@type\":\"ImageObject\",\"inLanguage\":\"pt-PT\",\"@id\":\"https:\\\/\\\/inclusivenews.com.br\\\/#\\\/schema\\\/logo\\\/image\\\/\",\"url\":\"https:\\\/\\\/inclusivenews.com.br\\\/wp-content\\\/uploads\\\/2024\\\/03\\\/@grandesite.png\",\"contentUrl\":\"https:\\\/\\\/inclusivenews.com.br\\\/wp-content\\\/uploads\\\/2024\\\/03\\\/@grandesite.png\",\"width\":1080,\"height\":1080,\"caption\":\"Inclusive - inclus\u00e3o e cidadania\"},\"image\":{\"@id\":\"https:\\\/\\\/inclusivenews.com.br\\\/#\\\/schema\\\/logo\\\/image\\\/\"},\"sameAs\":[\"https:\\\/\\\/www.facebook.com\\\/agenciainclusive\\\/\",\"https:\\\/\\\/www.instagram.com\\\/newsinclusive\\\/\"]},{\"@type\":\"Person\",\"@id\":\"https:\\\/\\\/inclusivenews.com.br\\\/#\\\/schema\\\/person\\\/ae4ec7087559b8692fb33b6fffd2273b\",\"name\":\"inclusivenews2024\",\"image\":{\"@type\":\"ImageObject\",\"inLanguage\":\"pt-PT\",\"@id\":\"https:\\\/\\\/secure.gravatar.com\\\/avatar\\\/c5a7ef84c66fa914f55bc4f7ce26cfa275a3b9a1c5568b907bd184fb4dde7b40?s=96&d=mm&r=g\",\"url\":\"https:\\\/\\\/secure.gravatar.com\\\/avatar\\\/c5a7ef84c66fa914f55bc4f7ce26cfa275a3b9a1c5568b907bd184fb4dde7b40?s=96&d=mm&r=g\",\"contentUrl\":\"https:\\\/\\\/secure.gravatar.com\\\/avatar\\\/c5a7ef84c66fa914f55bc4f7ce26cfa275a3b9a1c5568b907bd184fb4dde7b40?s=96&d=mm&r=g\",\"caption\":\"inclusivenews2024\"},\"sameAs\":[\"https:\\\/\\\/inclusivenews.com.br\"],\"url\":\"https:\\\/\\\/inclusivenews.com.br\\\/?author=1\"}]}<\/script>\n<!-- \/ Yoast SEO plugin. -->","yoast_head_json":{"title":"Semin\u00e1rio Estadual de L\u00e9sbicas e Mulheres Bissexuais - RJ -","robots":{"index":"index","follow":"follow","max-snippet":"max-snippet:-1","max-image-preview":"max-image-preview:large","max-video-preview":"max-video-preview:-1"},"canonical":"https:\/\/inclusivenews.com.br\/?p=15086","og_locale":"pt_PT","og_type":"article","og_title":"Semin\u00e1rio Estadual de L\u00e9sbicas e Mulheres Bissexuais - RJ -","og_description":"A Secretaria de Estado de Assist\u00eancia Social e Direitos Humanos atrav\u00e9s da Superintend\u00eancia de Direitos Individuais, Coletivos e Difusos em parceria com o F\u00f3rum de L\u00e9sbicas e Mulheres Bissexuais do Estado do Rio de Janeiro realizam o Semin\u00e1rio Estadual de L\u00e9sbicas e Mulheres Bissexuais que se realizar\u00e1 nos dias 30 de abril e 1\u00ba de maio de 2010 no Hotel Golden Park com o tema \u201cUnindo Esfor\u00e7os, Ampliando Conquistas: Pol\u00edticas P\u00fablicas para L\u00e9sbicas e Mulheres Bissexuais\u201d.","og_url":"https:\/\/inclusivenews.com.br\/?p=15086","article_publisher":"https:\/\/www.facebook.com\/agenciainclusive\/","article_published_time":"2010-04-28T18:38:23+00:00","og_image":[{"url":"http:\/\/inclusivenews.com.br\/wp-content\/uploads\/2009\/12\/bandeira-gay1.jpg","type":"","width":"","height":""}],"author":"inclusivenews2024","twitter_card":"summary_large_image","twitter_misc":{"Escrito por":"inclusivenews2024","Tempo estimado de leitura":"2 minutos"},"schema":{"@context":"https:\/\/schema.org","@graph":[{"@type":"Article","@id":"https:\/\/inclusivenews.com.br\/?p=15086#article","isPartOf":{"@id":"https:\/\/inclusivenews.com.br\/?p=15086"},"author":{"name":"inclusivenews2024","@id":"https:\/\/inclusivenews.com.br\/#\/schema\/person\/ae4ec7087559b8692fb33b6fffd2273b"},"headline":"Semin\u00e1rio Estadual de L\u00e9sbicas e Mulheres Bissexuais &#8211; RJ","datePublished":"2010-04-28T18:38:23+00:00","mainEntityOfPage":{"@id":"https:\/\/inclusivenews.com.br\/?p=15086"},"wordCount":431,"commentCount":0,"publisher":{"@id":"https:\/\/inclusivenews.com.br\/#organization"},"image":{"@id":"https:\/\/inclusivenews.com.br\/?p=15086#primaryimage"},"thumbnailUrl":"http:\/\/inclusivenews.com.br\/wp-content\/uploads\/2009\/12\/bandeira-gay1.jpg","articleSection":["Cursos e eventos","Diversidade","INCLUS\u00c3O SOCIAL","NOT\u00cdCIAS","Pol\u00edticas p\u00fablicas","Preconceito"],"inLanguage":"pt-PT","potentialAction":[{"@type":"CommentAction","name":"Comment","target":["https:\/\/inclusivenews.com.br\/?p=15086#respond"]}]},{"@type":"WebPage","@id":"https:\/\/inclusivenews.com.br\/?p=15086","url":"https:\/\/inclusivenews.com.br\/?p=15086","name":"Semin\u00e1rio Estadual de L\u00e9sbicas e Mulheres Bissexuais - RJ -","isPartOf":{"@id":"https:\/\/inclusivenews.com.br\/#website"},"primaryImageOfPage":{"@id":"https:\/\/inclusivenews.com.br\/?p=15086#primaryimage"},"image":{"@id":"https:\/\/inclusivenews.com.br\/?p=15086#primaryimage"},"thumbnailUrl":"http:\/\/inclusivenews.com.br\/wp-content\/uploads\/2009\/12\/bandeira-gay1.jpg","datePublished":"2010-04-28T18:38:23+00:00","breadcrumb":{"@id":"https:\/\/inclusivenews.com.br\/?p=15086#breadcrumb"},"inLanguage":"pt-PT","potentialAction":[{"@type":"ReadAction","target":["https:\/\/inclusivenews.com.br\/?p=15086"]}]},{"@type":"ImageObject","inLanguage":"pt-PT","@id":"https:\/\/inclusivenews.com.br\/?p=15086#primaryimage","url":"","contentUrl":""},{"@type":"BreadcrumbList","@id":"https:\/\/inclusivenews.com.br\/?p=15086#breadcrumb","itemListElement":[{"@type":"ListItem","position":1,"name":"In\u00edcio","item":"https:\/\/inclusivenews.com.br\/"},{"@type":"ListItem","position":2,"name":"Semin\u00e1rio Estadual de L\u00e9sbicas e Mulheres Bissexuais &#8211; RJ"}]},{"@type":"WebSite","@id":"https:\/\/inclusivenews.com.br\/#website","url":"https:\/\/inclusivenews.com.br\/","name":"Inclusive News","description":"Inclusive News","publisher":{"@id":"https:\/\/inclusivenews.com.br\/#organization"},"potentialAction":[{"@type":"SearchAction","target":{"@type":"EntryPoint","urlTemplate":"https:\/\/inclusivenews.com.br\/?s={search_term_string}"},"query-input":{"@type":"PropertyValueSpecification","valueRequired":true,"valueName":"search_term_string"}}],"inLanguage":"pt-PT"},{"@type":"Organization","@id":"https:\/\/inclusivenews.com.br\/#organization","name":"Inclusive - inclus\u00e3o e cidadania","url":"https:\/\/inclusivenews.com.br\/","logo":{"@type":"ImageObject","inLanguage":"pt-PT","@id":"https:\/\/inclusivenews.com.br\/#\/schema\/logo\/image\/","url":"https:\/\/inclusivenews.com.br\/wp-content\/uploads\/2024\/03\/@grandesite.png","contentUrl":"https:\/\/inclusivenews.com.br\/wp-content\/uploads\/2024\/03\/@grandesite.png","width":1080,"height":1080,"caption":"Inclusive - inclus\u00e3o e cidadania"},"image":{"@id":"https:\/\/inclusivenews.com.br\/#\/schema\/logo\/image\/"},"sameAs":["https:\/\/www.facebook.com\/agenciainclusive\/","https:\/\/www.instagram.com\/newsinclusive\/"]},{"@type":"Person","@id":"https:\/\/inclusivenews.com.br\/#\/schema\/person\/ae4ec7087559b8692fb33b6fffd2273b","name":"inclusivenews2024","image":{"@type":"ImageObject","inLanguage":"pt-PT","@id":"https:\/\/secure.gravatar.com\/avatar\/c5a7ef84c66fa914f55bc4f7ce26cfa275a3b9a1c5568b907bd184fb4dde7b40?s=96&d=mm&r=g","url":"https:\/\/secure.gravatar.com\/avatar\/c5a7ef84c66fa914f55bc4f7ce26cfa275a3b9a1c5568b907bd184fb4dde7b40?s=96&d=mm&r=g","contentUrl":"https:\/\/secure.gravatar.com\/avatar\/c5a7ef84c66fa914f55bc4f7ce26cfa275a3b9a1c5568b907bd184fb4dde7b40?s=96&d=mm&r=g","caption":"inclusivenews2024"},"sameAs":["https:\/\/inclusivenews.com.br"],"url":"https:\/\/inclusivenews.com.br\/?author=1"}]}},"_links":{"self":[{"href":"https:\/\/inclusivenews.com.br\/index.php?rest_route=\/wp\/v2\/posts\/15086","targetHints":{"allow":["GET"]}}],"collection":[{"href":"https:\/\/inclusivenews.com.br\/index.php?rest_route=\/wp\/v2\/posts"}],"about":[{"href":"https:\/\/inclusivenews.com.br\/index.php?rest_route=\/wp\/v2\/types\/post"}],"author":[{"embeddable":true,"href":"https:\/\/inclusivenews.com.br\/index.php?rest_route=\/wp\/v2\/users\/1"}],"replies":[{"embeddable":true,"href":"https:\/\/inclusivenews.com.br\/index.php?rest_route=%2Fwp%2Fv2%2Fcomments&post=15086"}],"version-history":[{"count":0,"href":"https:\/\/inclusivenews.com.br\/index.php?rest_route=\/wp\/v2\/posts\/15086\/revisions"}],"wp:attachment":[{"href":"https:\/\/inclusivenews.com.br\/index.php?rest_route=%2Fwp%2Fv2%2Fmedia&parent=15086"}],"wp:term":[{"taxonomy":"category","embeddable":true,"href":"https:\/\/inclusivenews.com.br\/index.php?rest_route=%2Fwp%2Fv2%2Fcategories&post=15086"},{"taxonomy":"post_tag","embeddable":true,"href":"https:\/\/inclusivenews.com.br\/index.php?rest_route=%2Fwp%2Fv2%2Ftags&post=15086"}],"curies":[{"name":"wp","href":"https:\/\/api.w.org\/{rel}","templated":true}]}}