{"id":15091,"date":"2010-04-30T06:00:03","date_gmt":"2010-04-30T09:00:03","guid":{"rendered":"http:\/\/www.inclusive.org.br\/?p=15091"},"modified":"2010-04-30T06:00:03","modified_gmt":"2010-04-30T09:00:03","slug":"acessibilidade-na-plataforma-dos-centros-urbanos","status":"publish","type":"post","link":"https:\/\/inclusivenews.com.br\/?p=15091","title":{"rendered":"Acessibilidade na Plataforma dos Centros Urbanos"},"content":{"rendered":"<figure style=\"width: 125px\" class=\"wp-caption alignleft\"><img loading=\"lazy\" decoding=\"async\" title=\"Plataforma dos Centros Urbanos, a imagem de um homem salta sobre o desenho de arranha-c\u00e9us.\" src=\"http:\/\/www.unicef.org\/brazil\/pt\/br_pcu_logo.gif\" alt=\"\" width=\"125\" height=\"226\" \/><figcaption class=\"wp-caption-text\"> <\/figcaption><\/figure>\n<p>Como parte da Plataforma dos Centros Urbanos, iniciativa desenvolvida pelo UNICEF nas cidades de S\u00e3o Paulo, Itaquaquecetuba e Rio de Janeiro, as comunidades participantes realizaram um diagn\u00f3stico que aponta os principais desafios enfrentados pela garantia dos direitos de suas crian\u00e7as e seus adolescentes. A partir do diagn\u00f3stico, puderam definir suas prioridades. Para 38% das comunidades, uma das prioridades \u00e9 ampliar a acessibilidade para meninos e meninas com defici\u00eancia.<\/p>\n<p>Para aprofundar o debate sobre o tema, o Grupo Articulador Jardim Vera Cruz, da zona sul de S\u00e3o Paulo, vai promover o F\u00f3rum de Acessibilidade, no pr\u00f3ximo dia 15 de maio. O evento acontecer\u00e1 das 9h \u00e0s 14h, no CEU Vila do Sol e contar\u00e1 com a presen\u00e7a da vereadora Mara Gabrili, que far\u00e1 palestra com o tema \u201cDerrubando barreiras para uma cidade melhor para todos\u201d. Mais informa\u00e7\u00f5es podem ser obtidas pelo telefone (11) 5896-3322.<\/p>\n<p>Entre as metas municipais da Plataforma dos Centros Urbanos, est\u00e1 a amplia\u00e7\u00e3o do acesso \u00e0 escola regular de crian\u00e7as e adolescentes com defici\u00eancia.<\/p>\n<p>Plataforma dos Centros Urbanos \u2013 A Plataforma dos Centros Urbanos \u00e9 uma iniciativa do UNICEF, que articula diversos setores da sociedade com o objetivo de garantir os direitos de cada crian\u00e7a e cada adolescente do Brasil, especialmente daqueles que vivem nas comunidades populares das grandes cidades.<\/p>\n<p>A Plataforma est\u00e1 sendo implementada em tr\u00eas munic\u00edpios \u2013 S\u00e3o Paulo, Itaquaquecetuba e Rio de Janeiro \u2013, com a participa\u00e7\u00e3o de 126 comunidades. Nessas localidades, os resultados serviram de base para a an\u00e1lise da realidade em F\u00f3runs Comunit\u00e1rios, quando foram definidas metas priorit\u00e1rias para melhorar as condi\u00e7\u00f5es de vida das crian\u00e7as e dos adolescentes. As prioridades estabelecidas subsidiam, agora, a elabora\u00e7\u00e3o de Planos de A\u00e7\u00e3o. Em 2011, uma nova consulta ser\u00e1 realizada para medir os avan\u00e7os. As comunidades que avan\u00e7arem no cumprimento das metas receber\u00e3o um reconhecimento do UNICEF.<\/p>\n<p>A Plataforma dos Centros Urbanos \u00e9 realizada em parceria com Kimberly-Clark Brasil, MSC Cruzeiros, Funda\u00e7\u00e3o Ita\u00fa Social, BT, British Airways e Projeto Seguran\u00e7a Humana. Em S\u00e3o Paulo, a iniciativa recebe tamb\u00e9m apoio da Secretaria Municipal do Trabalho e da Funda\u00e7\u00e3o Bradesco.<\/p>\n<p>_____________<\/p>\n<p><strong>Fonte:<\/strong> <a href=\"http:\/\/www.unicef.org\/brazil\/pt\/media_17703.htm\">UNICEF<\/a><\/p>\n","protected":false},"excerpt":{"rendered":"<p>Acessibilidade \u00e9 prioridade para 38% das comunidades participantes da Plataforma dos Centros Urbanos em S\u00e3o Paulo. A Plataforma dos Centros Urbanos \u00e9 uma iniciativa do UNICEF, que articula diversos setores da sociedade com o objetivo de garantir os direitos de cada crian\u00e7a e cada adolescente do Brasil, especialmente daqueles que vivem nas comunidades populares das grandes cidades. Da Unicef.<\/p>\n","protected":false},"author":1,"featured_media":0,"comment_status":"open","ping_status":"open","sticky":false,"template":"","format":"standard","meta":{"site-container-style":"default","site-container-layout":"default","site-sidebar-layout":"default","disable-article-header":"default","disable-site-header":"default","disable-site-footer":"default","disable-content-area-spacing":"default","footnotes":""},"categories":[44,4],"tags":[],"class_list":["post-15091","post","type-post","status-publish","format-standard","hentry","category-acessibilidade","category-noticias"],"yoast_head":"<!-- This site is optimized with the Yoast SEO plugin v27.4 - https:\/\/yoast.com\/product\/yoast-seo-wordpress\/ -->\n<title>Acessibilidade na Plataforma dos Centros Urbanos -<\/title>\n<meta name=\"robots\" content=\"index, follow, max-snippet:-1, max-image-preview:large, max-video-preview:-1\" \/>\n<link rel=\"canonical\" href=\"https:\/\/inclusivenews.com.br\/?p=15091\" \/>\n<meta property=\"og:locale\" content=\"pt_PT\" \/>\n<meta property=\"og:type\" content=\"article\" \/>\n<meta property=\"og:title\" content=\"Acessibilidade na Plataforma dos Centros Urbanos -\" \/>\n<meta property=\"og:description\" content=\"Acessibilidade \u00e9 prioridade para 38% das comunidades participantes da Plataforma dos Centros Urbanos em S\u00e3o Paulo. A Plataforma dos Centros Urbanos \u00e9 uma iniciativa do UNICEF, que articula diversos setores da sociedade com o objetivo de garantir os direitos de cada crian\u00e7a e cada adolescente do Brasil, especialmente daqueles que vivem nas comunidades populares das grandes cidades. Da Unicef.\" \/>\n<meta property=\"og:url\" content=\"https:\/\/inclusivenews.com.br\/?p=15091\" \/>\n<meta property=\"article:publisher\" content=\"https:\/\/www.facebook.com\/agenciainclusive\/\" \/>\n<meta property=\"article:published_time\" content=\"2010-04-30T09:00:03+00:00\" \/>\n<meta property=\"og:image\" content=\"http:\/\/www.unicef.org\/brazil\/pt\/br_pcu_logo.gif\" \/>\n<meta name=\"author\" content=\"inclusivenews2024\" \/>\n<meta name=\"twitter:card\" content=\"summary_large_image\" \/>\n<meta name=\"twitter:label1\" content=\"Escrito por\" \/>\n\t<meta name=\"twitter:data1\" content=\"inclusivenews2024\" \/>\n\t<meta name=\"twitter:label2\" content=\"Tempo estimado de leitura\" \/>\n\t<meta name=\"twitter:data2\" content=\"2 minutos\" \/>\n<script type=\"application\/ld+json\" class=\"yoast-schema-graph\">{\"@context\":\"https:\\\/\\\/schema.org\",\"@graph\":[{\"@type\":\"Article\",\"@id\":\"https:\\\/\\\/inclusivenews.com.br\\\/?p=15091#article\",\"isPartOf\":{\"@id\":\"https:\\\/\\\/inclusivenews.com.br\\\/?p=15091\"},\"author\":{\"name\":\"inclusivenews2024\",\"@id\":\"https:\\\/\\\/inclusivenews.com.br\\\/#\\\/schema\\\/person\\\/ae4ec7087559b8692fb33b6fffd2273b\"},\"headline\":\"Acessibilidade na Plataforma dos Centros Urbanos\",\"datePublished\":\"2010-04-30T09:00:03+00:00\",\"mainEntityOfPage\":{\"@id\":\"https:\\\/\\\/inclusivenews.com.br\\\/?p=15091\"},\"wordCount\":379,\"commentCount\":0,\"publisher\":{\"@id\":\"https:\\\/\\\/inclusivenews.com.br\\\/#organization\"},\"image\":{\"@id\":\"https:\\\/\\\/inclusivenews.com.br\\\/?p=15091#primaryimage\"},\"thumbnailUrl\":\"http:\\\/\\\/www.unicef.org\\\/brazil\\\/pt\\\/br_pcu_logo.gif\",\"articleSection\":[\"ACESSIBILIDADE\",\"NOT\u00cdCIAS\"],\"inLanguage\":\"pt-PT\",\"potentialAction\":[{\"@type\":\"CommentAction\",\"name\":\"Comment\",\"target\":[\"https:\\\/\\\/inclusivenews.com.br\\\/?p=15091#respond\"]}]},{\"@type\":\"WebPage\",\"@id\":\"https:\\\/\\\/inclusivenews.com.br\\\/?p=15091\",\"url\":\"https:\\\/\\\/inclusivenews.com.br\\\/?p=15091\",\"name\":\"Acessibilidade na Plataforma dos Centros Urbanos -\",\"isPartOf\":{\"@id\":\"https:\\\/\\\/inclusivenews.com.br\\\/#website\"},\"primaryImageOfPage\":{\"@id\":\"https:\\\/\\\/inclusivenews.com.br\\\/?p=15091#primaryimage\"},\"image\":{\"@id\":\"https:\\\/\\\/inclusivenews.com.br\\\/?p=15091#primaryimage\"},\"thumbnailUrl\":\"http:\\\/\\\/www.unicef.org\\\/brazil\\\/pt\\\/br_pcu_logo.gif\",\"datePublished\":\"2010-04-30T09:00:03+00:00\",\"breadcrumb\":{\"@id\":\"https:\\\/\\\/inclusivenews.com.br\\\/?p=15091#breadcrumb\"},\"inLanguage\":\"pt-PT\",\"potentialAction\":[{\"@type\":\"ReadAction\",\"target\":[\"https:\\\/\\\/inclusivenews.com.br\\\/?p=15091\"]}]},{\"@type\":\"ImageObject\",\"inLanguage\":\"pt-PT\",\"@id\":\"https:\\\/\\\/inclusivenews.com.br\\\/?p=15091#primaryimage\",\"url\":\"http:\\\/\\\/www.unicef.org\\\/brazil\\\/pt\\\/br_pcu_logo.gif\",\"contentUrl\":\"http:\\\/\\\/www.unicef.org\\\/brazil\\\/pt\\\/br_pcu_logo.gif\"},{\"@type\":\"BreadcrumbList\",\"@id\":\"https:\\\/\\\/inclusivenews.com.br\\\/?p=15091#breadcrumb\",\"itemListElement\":[{\"@type\":\"ListItem\",\"position\":1,\"name\":\"In\u00edcio\",\"item\":\"https:\\\/\\\/inclusivenews.com.br\\\/\"},{\"@type\":\"ListItem\",\"position\":2,\"name\":\"Acessibilidade na Plataforma dos Centros Urbanos\"}]},{\"@type\":\"WebSite\",\"@id\":\"https:\\\/\\\/inclusivenews.com.br\\\/#website\",\"url\":\"https:\\\/\\\/inclusivenews.com.br\\\/\",\"name\":\"Inclusive News\",\"description\":\"Inclusive News\",\"publisher\":{\"@id\":\"https:\\\/\\\/inclusivenews.com.br\\\/#organization\"},\"potentialAction\":[{\"@type\":\"SearchAction\",\"target\":{\"@type\":\"EntryPoint\",\"urlTemplate\":\"https:\\\/\\\/inclusivenews.com.br\\\/?s={search_term_string}\"},\"query-input\":{\"@type\":\"PropertyValueSpecification\",\"valueRequired\":true,\"valueName\":\"search_term_string\"}}],\"inLanguage\":\"pt-PT\"},{\"@type\":\"Organization\",\"@id\":\"https:\\\/\\\/inclusivenews.com.br\\\/#organization\",\"name\":\"Inclusive - inclus\u00e3o e cidadania\",\"url\":\"https:\\\/\\\/inclusivenews.com.br\\\/\",\"logo\":{\"@type\":\"ImageObject\",\"inLanguage\":\"pt-PT\",\"@id\":\"https:\\\/\\\/inclusivenews.com.br\\\/#\\\/schema\\\/logo\\\/image\\\/\",\"url\":\"https:\\\/\\\/inclusivenews.com.br\\\/wp-content\\\/uploads\\\/2024\\\/03\\\/@grandesite.png\",\"contentUrl\":\"https:\\\/\\\/inclusivenews.com.br\\\/wp-content\\\/uploads\\\/2024\\\/03\\\/@grandesite.png\",\"width\":1080,\"height\":1080,\"caption\":\"Inclusive - inclus\u00e3o e cidadania\"},\"image\":{\"@id\":\"https:\\\/\\\/inclusivenews.com.br\\\/#\\\/schema\\\/logo\\\/image\\\/\"},\"sameAs\":[\"https:\\\/\\\/www.facebook.com\\\/agenciainclusive\\\/\",\"https:\\\/\\\/www.instagram.com\\\/newsinclusive\\\/\"]},{\"@type\":\"Person\",\"@id\":\"https:\\\/\\\/inclusivenews.com.br\\\/#\\\/schema\\\/person\\\/ae4ec7087559b8692fb33b6fffd2273b\",\"name\":\"inclusivenews2024\",\"image\":{\"@type\":\"ImageObject\",\"inLanguage\":\"pt-PT\",\"@id\":\"https:\\\/\\\/secure.gravatar.com\\\/avatar\\\/c5a7ef84c66fa914f55bc4f7ce26cfa275a3b9a1c5568b907bd184fb4dde7b40?s=96&d=mm&r=g\",\"url\":\"https:\\\/\\\/secure.gravatar.com\\\/avatar\\\/c5a7ef84c66fa914f55bc4f7ce26cfa275a3b9a1c5568b907bd184fb4dde7b40?s=96&d=mm&r=g\",\"contentUrl\":\"https:\\\/\\\/secure.gravatar.com\\\/avatar\\\/c5a7ef84c66fa914f55bc4f7ce26cfa275a3b9a1c5568b907bd184fb4dde7b40?s=96&d=mm&r=g\",\"caption\":\"inclusivenews2024\"},\"sameAs\":[\"https:\\\/\\\/inclusivenews.com.br\"],\"url\":\"https:\\\/\\\/inclusivenews.com.br\\\/?author=1\"}]}<\/script>\n<!-- \/ Yoast SEO plugin. -->","yoast_head_json":{"title":"Acessibilidade na Plataforma dos Centros Urbanos -","robots":{"index":"index","follow":"follow","max-snippet":"max-snippet:-1","max-image-preview":"max-image-preview:large","max-video-preview":"max-video-preview:-1"},"canonical":"https:\/\/inclusivenews.com.br\/?p=15091","og_locale":"pt_PT","og_type":"article","og_title":"Acessibilidade na Plataforma dos Centros Urbanos -","og_description":"Acessibilidade \u00e9 prioridade para 38% das comunidades participantes da Plataforma dos Centros Urbanos em S\u00e3o Paulo. A Plataforma dos Centros Urbanos \u00e9 uma iniciativa do UNICEF, que articula diversos setores da sociedade com o objetivo de garantir os direitos de cada crian\u00e7a e cada adolescente do Brasil, especialmente daqueles que vivem nas comunidades populares das grandes cidades. Da Unicef.","og_url":"https:\/\/inclusivenews.com.br\/?p=15091","article_publisher":"https:\/\/www.facebook.com\/agenciainclusive\/","article_published_time":"2010-04-30T09:00:03+00:00","og_image":[{"url":"http:\/\/www.unicef.org\/brazil\/pt\/br_pcu_logo.gif","type":"","width":"","height":""}],"author":"inclusivenews2024","twitter_card":"summary_large_image","twitter_misc":{"Escrito por":"inclusivenews2024","Tempo estimado de leitura":"2 minutos"},"schema":{"@context":"https:\/\/schema.org","@graph":[{"@type":"Article","@id":"https:\/\/inclusivenews.com.br\/?p=15091#article","isPartOf":{"@id":"https:\/\/inclusivenews.com.br\/?p=15091"},"author":{"name":"inclusivenews2024","@id":"https:\/\/inclusivenews.com.br\/#\/schema\/person\/ae4ec7087559b8692fb33b6fffd2273b"},"headline":"Acessibilidade na Plataforma dos Centros Urbanos","datePublished":"2010-04-30T09:00:03+00:00","mainEntityOfPage":{"@id":"https:\/\/inclusivenews.com.br\/?p=15091"},"wordCount":379,"commentCount":0,"publisher":{"@id":"https:\/\/inclusivenews.com.br\/#organization"},"image":{"@id":"https:\/\/inclusivenews.com.br\/?p=15091#primaryimage"},"thumbnailUrl":"http:\/\/www.unicef.org\/brazil\/pt\/br_pcu_logo.gif","articleSection":["ACESSIBILIDADE","NOT\u00cdCIAS"],"inLanguage":"pt-PT","potentialAction":[{"@type":"CommentAction","name":"Comment","target":["https:\/\/inclusivenews.com.br\/?p=15091#respond"]}]},{"@type":"WebPage","@id":"https:\/\/inclusivenews.com.br\/?p=15091","url":"https:\/\/inclusivenews.com.br\/?p=15091","name":"Acessibilidade na Plataforma dos Centros Urbanos -","isPartOf":{"@id":"https:\/\/inclusivenews.com.br\/#website"},"primaryImageOfPage":{"@id":"https:\/\/inclusivenews.com.br\/?p=15091#primaryimage"},"image":{"@id":"https:\/\/inclusivenews.com.br\/?p=15091#primaryimage"},"thumbnailUrl":"http:\/\/www.unicef.org\/brazil\/pt\/br_pcu_logo.gif","datePublished":"2010-04-30T09:00:03+00:00","breadcrumb":{"@id":"https:\/\/inclusivenews.com.br\/?p=15091#breadcrumb"},"inLanguage":"pt-PT","potentialAction":[{"@type":"ReadAction","target":["https:\/\/inclusivenews.com.br\/?p=15091"]}]},{"@type":"ImageObject","inLanguage":"pt-PT","@id":"https:\/\/inclusivenews.com.br\/?p=15091#primaryimage","url":"http:\/\/www.unicef.org\/brazil\/pt\/br_pcu_logo.gif","contentUrl":"http:\/\/www.unicef.org\/brazil\/pt\/br_pcu_logo.gif"},{"@type":"BreadcrumbList","@id":"https:\/\/inclusivenews.com.br\/?p=15091#breadcrumb","itemListElement":[{"@type":"ListItem","position":1,"name":"In\u00edcio","item":"https:\/\/inclusivenews.com.br\/"},{"@type":"ListItem","position":2,"name":"Acessibilidade na Plataforma dos Centros Urbanos"}]},{"@type":"WebSite","@id":"https:\/\/inclusivenews.com.br\/#website","url":"https:\/\/inclusivenews.com.br\/","name":"Inclusive News","description":"Inclusive News","publisher":{"@id":"https:\/\/inclusivenews.com.br\/#organization"},"potentialAction":[{"@type":"SearchAction","target":{"@type":"EntryPoint","urlTemplate":"https:\/\/inclusivenews.com.br\/?s={search_term_string}"},"query-input":{"@type":"PropertyValueSpecification","valueRequired":true,"valueName":"search_term_string"}}],"inLanguage":"pt-PT"},{"@type":"Organization","@id":"https:\/\/inclusivenews.com.br\/#organization","name":"Inclusive - inclus\u00e3o e cidadania","url":"https:\/\/inclusivenews.com.br\/","logo":{"@type":"ImageObject","inLanguage":"pt-PT","@id":"https:\/\/inclusivenews.com.br\/#\/schema\/logo\/image\/","url":"https:\/\/inclusivenews.com.br\/wp-content\/uploads\/2024\/03\/@grandesite.png","contentUrl":"https:\/\/inclusivenews.com.br\/wp-content\/uploads\/2024\/03\/@grandesite.png","width":1080,"height":1080,"caption":"Inclusive - inclus\u00e3o e cidadania"},"image":{"@id":"https:\/\/inclusivenews.com.br\/#\/schema\/logo\/image\/"},"sameAs":["https:\/\/www.facebook.com\/agenciainclusive\/","https:\/\/www.instagram.com\/newsinclusive\/"]},{"@type":"Person","@id":"https:\/\/inclusivenews.com.br\/#\/schema\/person\/ae4ec7087559b8692fb33b6fffd2273b","name":"inclusivenews2024","image":{"@type":"ImageObject","inLanguage":"pt-PT","@id":"https:\/\/secure.gravatar.com\/avatar\/c5a7ef84c66fa914f55bc4f7ce26cfa275a3b9a1c5568b907bd184fb4dde7b40?s=96&d=mm&r=g","url":"https:\/\/secure.gravatar.com\/avatar\/c5a7ef84c66fa914f55bc4f7ce26cfa275a3b9a1c5568b907bd184fb4dde7b40?s=96&d=mm&r=g","contentUrl":"https:\/\/secure.gravatar.com\/avatar\/c5a7ef84c66fa914f55bc4f7ce26cfa275a3b9a1c5568b907bd184fb4dde7b40?s=96&d=mm&r=g","caption":"inclusivenews2024"},"sameAs":["https:\/\/inclusivenews.com.br"],"url":"https:\/\/inclusivenews.com.br\/?author=1"}]}},"_links":{"self":[{"href":"https:\/\/inclusivenews.com.br\/index.php?rest_route=\/wp\/v2\/posts\/15091","targetHints":{"allow":["GET"]}}],"collection":[{"href":"https:\/\/inclusivenews.com.br\/index.php?rest_route=\/wp\/v2\/posts"}],"about":[{"href":"https:\/\/inclusivenews.com.br\/index.php?rest_route=\/wp\/v2\/types\/post"}],"author":[{"embeddable":true,"href":"https:\/\/inclusivenews.com.br\/index.php?rest_route=\/wp\/v2\/users\/1"}],"replies":[{"embeddable":true,"href":"https:\/\/inclusivenews.com.br\/index.php?rest_route=%2Fwp%2Fv2%2Fcomments&post=15091"}],"version-history":[{"count":0,"href":"https:\/\/inclusivenews.com.br\/index.php?rest_route=\/wp\/v2\/posts\/15091\/revisions"}],"wp:attachment":[{"href":"https:\/\/inclusivenews.com.br\/index.php?rest_route=%2Fwp%2Fv2%2Fmedia&parent=15091"}],"wp:term":[{"taxonomy":"category","embeddable":true,"href":"https:\/\/inclusivenews.com.br\/index.php?rest_route=%2Fwp%2Fv2%2Fcategories&post=15091"},{"taxonomy":"post_tag","embeddable":true,"href":"https:\/\/inclusivenews.com.br\/index.php?rest_route=%2Fwp%2Fv2%2Ftags&post=15091"}],"curies":[{"name":"wp","href":"https:\/\/api.w.org\/{rel}","templated":true}]}}