{"id":15092,"date":"2010-04-30T06:15:22","date_gmt":"2010-04-30T09:15:22","guid":{"rendered":"http:\/\/www.inclusive.org.br\/?p=15092"},"modified":"2010-04-30T06:15:22","modified_gmt":"2010-04-30T09:15:22","slug":"a-desumanidade-nas-prisoes-brasileiras","status":"publish","type":"post","link":"https:\/\/inclusivenews.com.br\/?p=15092","title":{"rendered":"A desumanidade nas pris\u00f5es brasileiras"},"content":{"rendered":"<figure id=\"attachment_15004\" aria-describedby=\"caption-attachment-15004\" style=\"width: 200px\" class=\"wp-caption alignleft\"><a href=\"http:\/\/www.inclusivenews.com.br\/wp-content\/uploads\/2010\/04\/helio.jpg\"><img loading=\"lazy\" decoding=\"async\" class=\"size-full wp-image-15004\" title=\"Inclusive - fotografia de H\u00e9lio Bicudo\" src=\"http:\/\/inclusivenews.com.br\/wp-content\/uploads\/2010\/04\/helio.jpg\" alt=\"\" width=\"200\" height=\"202\" \/><\/a><figcaption id=\"caption-attachment-15004\" class=\"wp-caption-text\"> <\/figcaption><\/figure>\n<p><strong>Por H\u00e9lio Bicudo<\/strong><\/p>\n<p><em><a href=\"http:\/\/twitter.com\/Heliobicudo\">http:\/\/twitter.com\/Heliobicudo<\/a><br \/>\n<a href=\"http:\/\/pt-br.facebook.com\/people\/Helio-Bicudo\/100000805737553\">http:\/\/pt-br.facebook.com\/people\/Helio-Bicudo\/100000805737553<\/a><\/em><strong> <\/strong><\/p>\n<p>Uma quest\u00e3o que sempre volta \u00e0 tona nos debates, mesmo porque nunca foi objeto de maior aten\u00e7\u00e3o por parte do poder p\u00fablico, refere-se \u00e0 desumanidade no tratamento do preso, com completo descaso pelos seus direitos como pessoa humana.<\/p>\n<p>Na verdade, a Justi\u00e7a penal imp\u00f5e ao condenado duas penas, uma que poder-se-ia qualificar de virtual, ditada pelo juiz em sua senten\u00e7a, e outra, real, a ser cumprida em nossas penitenci\u00e1rias, onde a superlota\u00e7\u00e3o, a corrup\u00e7\u00e3o e a viol\u00eancia se sobrep\u00f5em a qualquer iniciativa que objetive a reeduca\u00e7\u00e3o do detento, que deveria ser a meta de qualquer sistema prisional digno desse nome.<\/p>\n<p>As coisas, nesse plano, v\u00e3o sendo levadas sem o conhecimento, e at\u00e9 com o consentimento da sociedade dos bons, quando, vez por outra, cai, por assim dizer, a cortina, a desvendar em sua nudez toda a mis\u00e9ria na vida dos presidi\u00e1rios.<\/p>\n<p>\u00c9 o que acabou acontecendo nos pres\u00eddios do Estado do Esp\u00edrito Santo,e sem d\u00favida est\u00e1 acontecendo em S\u00e3o Paulo e em outros estados da Federa\u00e7\u00e3o, onde a crueldade de tratamento alcan\u00e7a dimens\u00f5es dif\u00edceis de imaginar, sem que se adotem medidas, a n\u00e3o ser as repressivas contra os que tentam se rebelar.<\/p>\n<p>Realmente, uma pris\u00e3o que abrigue mais de poucas centenas de detentos \u00e9 ingovern\u00e1vel, pois a dire\u00e7\u00e3o perde o contato com eles. Tal contato, entretanto, deveria ser permanente, desde que um diretor de pris\u00e3o n\u00e3o pode ser apenas um burocrata encerrado em seu gabinete e afogado num mar de pap\u00e9is, mas deve estar presente no quotidiano da pris\u00e3o, pois tem, perante o preso, um papel importante a desempenhar na sua reeduca\u00e7\u00e3o.<\/p>\n<p>N\u00e3o h\u00e1 muito tempo, o diretor de uma penitenci\u00e1ria do Estado era rigorosamente selecionado, tendo em vista n\u00e3o somente seus conhecimentos das ci\u00eancias penais e penitenci\u00e1rias, mas, sobretudo, sua probidade e respeito pela pessoa humana. N\u00e3o se deixava permanecer em seu gabinete, mas se constitu\u00eda em inst\u00e2ncia de concilia\u00e7\u00e3o, convivendo com a popula\u00e7\u00e3o carcer\u00e1ria para sentir seus problemas e mediar conflitos entre funcion\u00e1rios e presos, no sentido de melhor solucion\u00e1-los, para proporcionar perspectivas de real esperan\u00e7a no porvir.<\/p>\n<p>Certa feita, ao se discutir o problema da viol\u00eancia e da corrup\u00e7\u00e3o nas pris\u00f5es brasileiras perante a Corte Interamericana de Direitos Humanos, esclareceu-se, para surpresa de seus ju\u00edzes, que as nossas penitenci\u00e1rias n\u00e3o possu\u00edam refeit\u00f3rios; que os presos faziam suas refei\u00e7\u00f5es nas celas, sem talheres, ingerindo comida de p\u00e9ssima qualidade, mais pr\u00f3pria para animais do que para seres humanos.<\/p>\n<p>Note-se que os presos n\u00e3o trabalham. Ocupam-se, quando muito, em montar pequenos objetos de uso dom\u00e9stico, como prendedores de roupa, ou arma\u00e7\u00f5es de guarda-chuvas. Costuram tamb\u00e9m bolas de futebol. Nada que se lhes traga perspectivas de trabalho com remunera\u00e7\u00e3o adequada. Em liberdade, s\u00e3o abandonados \u00e0 pr\u00f3pria mis\u00e9ria. Isto, sem que se cuide de revisar a legisla\u00e7\u00e3o penal como um todo, afim de que n\u00e3o seja como \u00e9, essencialmente repressiva.<\/p>\n<p>Precisar\u00edamos, primeiro, considerar a pena de pris\u00e3o como medida extrema, estimulando-se o uso da pena em servi\u00e7os \u00e0 comunidade e, depois, por um fim \u00e0s grandes penitenci\u00e1rias que abrigam mais de mil detentos, imposs\u00edvel de ser bem administradas e cuja dire\u00e7\u00e3o passa \u00e0s fac\u00e7\u00f5es criminosas que nascem, justamente, por falta de uma dire\u00e7\u00e3o atenta aos problemas do presidi\u00e1rio.<\/p>\n<p>E que n\u00e3o se distanciem o juiz, o promotor e o defensor durante o cumprimento da pena, hoje entregue, com exclusividade, a \u00f3rg\u00e3os do Poder Executivo, com total ignor\u00e2ncia, por parte daqueles, sobre o que acontece no real cumprimento da pena.<\/p>\n<p>Se estamos, nesse plano do tratamento do preso, em paz na maioria dos Estados, n\u00e3o se trata de uma paz com esperan\u00e7a, mas de uma paz imposta pela viol\u00eancia, pela crueldade e pela corrup\u00e7\u00e3o, que acabar\u00e1 por explodir, hoje ou amanh\u00e3, como j\u00e1 aconteceu, em sangrentas rebeli\u00f5es.<\/p>\n<p>\u00c9 esperar, para ver.<\/p>\n<p>_______________________________<\/p>\n<p><strong>Fonte:<\/strong><a href=\"http:\/\/helio-bicudo.blogspot.com\/2010\/04\/desumanidade-nas-prisoes-brasileiras.html\"> O Autor\/Blog Direitos Humanos<\/a><\/p>\n","protected":false},"excerpt":{"rendered":"<p>Uma quest\u00e3o que sempre volta \u00e0 tona nos debates, mesmo porque nunca foi objeto de maior aten\u00e7\u00e3o por parte do poder p\u00fablico, refere-se \u00e0 desumanidade no tratamento do preso, com completo descaso pelos seus direitos como pessoa humana. Por H\u00e9lio Bicudo.<\/p>\n","protected":false},"author":1,"featured_media":0,"comment_status":"open","ping_status":"open","sticky":false,"template":"","format":"standard","meta":{"site-container-style":"default","site-container-layout":"default","site-sidebar-layout":"default","disable-article-header":"default","disable-site-header":"default","disable-site-footer":"default","disable-content-area-spacing":"default","footnotes":""},"categories":[36,11,8],"tags":[],"class_list":["post-15092","post","type-post","status-publish","format-standard","hentry","category-colunas-especiais","category-direitos-humanos","category-textos-e-artigos"],"yoast_head":"<!-- This site is optimized with the Yoast SEO plugin v27.4 - https:\/\/yoast.com\/product\/yoast-seo-wordpress\/ -->\n<title>A desumanidade nas pris\u00f5es brasileiras -<\/title>\n<meta name=\"robots\" content=\"index, follow, max-snippet:-1, max-image-preview:large, max-video-preview:-1\" \/>\n<link rel=\"canonical\" href=\"https:\/\/inclusivenews.com.br\/?p=15092\" \/>\n<meta property=\"og:locale\" content=\"pt_PT\" \/>\n<meta property=\"og:type\" content=\"article\" \/>\n<meta property=\"og:title\" content=\"A desumanidade nas pris\u00f5es brasileiras -\" \/>\n<meta property=\"og:description\" content=\"Uma quest\u00e3o que sempre volta \u00e0 tona nos debates, mesmo porque nunca foi objeto de maior aten\u00e7\u00e3o por parte do poder p\u00fablico, refere-se \u00e0 desumanidade no tratamento do preso, com completo descaso pelos seus direitos como pessoa humana. Por H\u00e9lio Bicudo.\" \/>\n<meta property=\"og:url\" content=\"https:\/\/inclusivenews.com.br\/?p=15092\" \/>\n<meta property=\"article:publisher\" content=\"https:\/\/www.facebook.com\/agenciainclusive\/\" \/>\n<meta property=\"article:published_time\" content=\"2010-04-30T09:15:22+00:00\" \/>\n<meta property=\"og:image\" content=\"http:\/\/inclusivenews.com.br\/wp-content\/uploads\/2010\/04\/helio.jpg\" \/>\n<meta name=\"author\" content=\"inclusivenews2024\" \/>\n<meta name=\"twitter:card\" content=\"summary_large_image\" \/>\n<meta name=\"twitter:label1\" content=\"Escrito por\" \/>\n\t<meta name=\"twitter:data1\" content=\"inclusivenews2024\" \/>\n\t<meta name=\"twitter:label2\" content=\"Tempo estimado de leitura\" \/>\n\t<meta name=\"twitter:data2\" content=\"4 minutos\" \/>\n<script type=\"application\/ld+json\" class=\"yoast-schema-graph\">{\"@context\":\"https:\\\/\\\/schema.org\",\"@graph\":[{\"@type\":\"Article\",\"@id\":\"https:\\\/\\\/inclusivenews.com.br\\\/?p=15092#article\",\"isPartOf\":{\"@id\":\"https:\\\/\\\/inclusivenews.com.br\\\/?p=15092\"},\"author\":{\"name\":\"inclusivenews2024\",\"@id\":\"https:\\\/\\\/inclusivenews.com.br\\\/#\\\/schema\\\/person\\\/ae4ec7087559b8692fb33b6fffd2273b\"},\"headline\":\"A desumanidade nas pris\u00f5es brasileiras\",\"datePublished\":\"2010-04-30T09:15:22+00:00\",\"mainEntityOfPage\":{\"@id\":\"https:\\\/\\\/inclusivenews.com.br\\\/?p=15092\"},\"wordCount\":729,\"commentCount\":0,\"publisher\":{\"@id\":\"https:\\\/\\\/inclusivenews.com.br\\\/#organization\"},\"image\":{\"@id\":\"https:\\\/\\\/inclusivenews.com.br\\\/?p=15092#primaryimage\"},\"thumbnailUrl\":\"http:\\\/\\\/inclusivenews.com.br\\\/wp-content\\\/uploads\\\/2010\\\/04\\\/helio.jpg\",\"articleSection\":[\"Colunas especiais\",\"DIREITOS HUMANOS\",\"OPINI\u00c3O\"],\"inLanguage\":\"pt-PT\",\"potentialAction\":[{\"@type\":\"CommentAction\",\"name\":\"Comment\",\"target\":[\"https:\\\/\\\/inclusivenews.com.br\\\/?p=15092#respond\"]}]},{\"@type\":\"WebPage\",\"@id\":\"https:\\\/\\\/inclusivenews.com.br\\\/?p=15092\",\"url\":\"https:\\\/\\\/inclusivenews.com.br\\\/?p=15092\",\"name\":\"A desumanidade nas pris\u00f5es brasileiras -\",\"isPartOf\":{\"@id\":\"https:\\\/\\\/inclusivenews.com.br\\\/#website\"},\"primaryImageOfPage\":{\"@id\":\"https:\\\/\\\/inclusivenews.com.br\\\/?p=15092#primaryimage\"},\"image\":{\"@id\":\"https:\\\/\\\/inclusivenews.com.br\\\/?p=15092#primaryimage\"},\"thumbnailUrl\":\"http:\\\/\\\/inclusivenews.com.br\\\/wp-content\\\/uploads\\\/2010\\\/04\\\/helio.jpg\",\"datePublished\":\"2010-04-30T09:15:22+00:00\",\"breadcrumb\":{\"@id\":\"https:\\\/\\\/inclusivenews.com.br\\\/?p=15092#breadcrumb\"},\"inLanguage\":\"pt-PT\",\"potentialAction\":[{\"@type\":\"ReadAction\",\"target\":[\"https:\\\/\\\/inclusivenews.com.br\\\/?p=15092\"]}]},{\"@type\":\"ImageObject\",\"inLanguage\":\"pt-PT\",\"@id\":\"https:\\\/\\\/inclusivenews.com.br\\\/?p=15092#primaryimage\",\"url\":\"\",\"contentUrl\":\"\"},{\"@type\":\"BreadcrumbList\",\"@id\":\"https:\\\/\\\/inclusivenews.com.br\\\/?p=15092#breadcrumb\",\"itemListElement\":[{\"@type\":\"ListItem\",\"position\":1,\"name\":\"In\u00edcio\",\"item\":\"https:\\\/\\\/inclusivenews.com.br\\\/\"},{\"@type\":\"ListItem\",\"position\":2,\"name\":\"A desumanidade nas pris\u00f5es brasileiras\"}]},{\"@type\":\"WebSite\",\"@id\":\"https:\\\/\\\/inclusivenews.com.br\\\/#website\",\"url\":\"https:\\\/\\\/inclusivenews.com.br\\\/\",\"name\":\"Inclusive News\",\"description\":\"Inclusive News\",\"publisher\":{\"@id\":\"https:\\\/\\\/inclusivenews.com.br\\\/#organization\"},\"potentialAction\":[{\"@type\":\"SearchAction\",\"target\":{\"@type\":\"EntryPoint\",\"urlTemplate\":\"https:\\\/\\\/inclusivenews.com.br\\\/?s={search_term_string}\"},\"query-input\":{\"@type\":\"PropertyValueSpecification\",\"valueRequired\":true,\"valueName\":\"search_term_string\"}}],\"inLanguage\":\"pt-PT\"},{\"@type\":\"Organization\",\"@id\":\"https:\\\/\\\/inclusivenews.com.br\\\/#organization\",\"name\":\"Inclusive - inclus\u00e3o e cidadania\",\"url\":\"https:\\\/\\\/inclusivenews.com.br\\\/\",\"logo\":{\"@type\":\"ImageObject\",\"inLanguage\":\"pt-PT\",\"@id\":\"https:\\\/\\\/inclusivenews.com.br\\\/#\\\/schema\\\/logo\\\/image\\\/\",\"url\":\"https:\\\/\\\/inclusivenews.com.br\\\/wp-content\\\/uploads\\\/2024\\\/03\\\/@grandesite.png\",\"contentUrl\":\"https:\\\/\\\/inclusivenews.com.br\\\/wp-content\\\/uploads\\\/2024\\\/03\\\/@grandesite.png\",\"width\":1080,\"height\":1080,\"caption\":\"Inclusive - inclus\u00e3o e cidadania\"},\"image\":{\"@id\":\"https:\\\/\\\/inclusivenews.com.br\\\/#\\\/schema\\\/logo\\\/image\\\/\"},\"sameAs\":[\"https:\\\/\\\/www.facebook.com\\\/agenciainclusive\\\/\",\"https:\\\/\\\/www.instagram.com\\\/newsinclusive\\\/\"]},{\"@type\":\"Person\",\"@id\":\"https:\\\/\\\/inclusivenews.com.br\\\/#\\\/schema\\\/person\\\/ae4ec7087559b8692fb33b6fffd2273b\",\"name\":\"inclusivenews2024\",\"image\":{\"@type\":\"ImageObject\",\"inLanguage\":\"pt-PT\",\"@id\":\"https:\\\/\\\/secure.gravatar.com\\\/avatar\\\/c5a7ef84c66fa914f55bc4f7ce26cfa275a3b9a1c5568b907bd184fb4dde7b40?s=96&d=mm&r=g\",\"url\":\"https:\\\/\\\/secure.gravatar.com\\\/avatar\\\/c5a7ef84c66fa914f55bc4f7ce26cfa275a3b9a1c5568b907bd184fb4dde7b40?s=96&d=mm&r=g\",\"contentUrl\":\"https:\\\/\\\/secure.gravatar.com\\\/avatar\\\/c5a7ef84c66fa914f55bc4f7ce26cfa275a3b9a1c5568b907bd184fb4dde7b40?s=96&d=mm&r=g\",\"caption\":\"inclusivenews2024\"},\"sameAs\":[\"https:\\\/\\\/inclusivenews.com.br\"],\"url\":\"https:\\\/\\\/inclusivenews.com.br\\\/?author=1\"}]}<\/script>\n<!-- \/ Yoast SEO plugin. -->","yoast_head_json":{"title":"A desumanidade nas pris\u00f5es brasileiras -","robots":{"index":"index","follow":"follow","max-snippet":"max-snippet:-1","max-image-preview":"max-image-preview:large","max-video-preview":"max-video-preview:-1"},"canonical":"https:\/\/inclusivenews.com.br\/?p=15092","og_locale":"pt_PT","og_type":"article","og_title":"A desumanidade nas pris\u00f5es brasileiras -","og_description":"Uma quest\u00e3o que sempre volta \u00e0 tona nos debates, mesmo porque nunca foi objeto de maior aten\u00e7\u00e3o por parte do poder p\u00fablico, refere-se \u00e0 desumanidade no tratamento do preso, com completo descaso pelos seus direitos como pessoa humana. Por H\u00e9lio Bicudo.","og_url":"https:\/\/inclusivenews.com.br\/?p=15092","article_publisher":"https:\/\/www.facebook.com\/agenciainclusive\/","article_published_time":"2010-04-30T09:15:22+00:00","og_image":[{"url":"http:\/\/inclusivenews.com.br\/wp-content\/uploads\/2010\/04\/helio.jpg","type":"","width":"","height":""}],"author":"inclusivenews2024","twitter_card":"summary_large_image","twitter_misc":{"Escrito por":"inclusivenews2024","Tempo estimado de leitura":"4 minutos"},"schema":{"@context":"https:\/\/schema.org","@graph":[{"@type":"Article","@id":"https:\/\/inclusivenews.com.br\/?p=15092#article","isPartOf":{"@id":"https:\/\/inclusivenews.com.br\/?p=15092"},"author":{"name":"inclusivenews2024","@id":"https:\/\/inclusivenews.com.br\/#\/schema\/person\/ae4ec7087559b8692fb33b6fffd2273b"},"headline":"A desumanidade nas pris\u00f5es brasileiras","datePublished":"2010-04-30T09:15:22+00:00","mainEntityOfPage":{"@id":"https:\/\/inclusivenews.com.br\/?p=15092"},"wordCount":729,"commentCount":0,"publisher":{"@id":"https:\/\/inclusivenews.com.br\/#organization"},"image":{"@id":"https:\/\/inclusivenews.com.br\/?p=15092#primaryimage"},"thumbnailUrl":"http:\/\/inclusivenews.com.br\/wp-content\/uploads\/2010\/04\/helio.jpg","articleSection":["Colunas especiais","DIREITOS HUMANOS","OPINI\u00c3O"],"inLanguage":"pt-PT","potentialAction":[{"@type":"CommentAction","name":"Comment","target":["https:\/\/inclusivenews.com.br\/?p=15092#respond"]}]},{"@type":"WebPage","@id":"https:\/\/inclusivenews.com.br\/?p=15092","url":"https:\/\/inclusivenews.com.br\/?p=15092","name":"A desumanidade nas pris\u00f5es brasileiras -","isPartOf":{"@id":"https:\/\/inclusivenews.com.br\/#website"},"primaryImageOfPage":{"@id":"https:\/\/inclusivenews.com.br\/?p=15092#primaryimage"},"image":{"@id":"https:\/\/inclusivenews.com.br\/?p=15092#primaryimage"},"thumbnailUrl":"http:\/\/inclusivenews.com.br\/wp-content\/uploads\/2010\/04\/helio.jpg","datePublished":"2010-04-30T09:15:22+00:00","breadcrumb":{"@id":"https:\/\/inclusivenews.com.br\/?p=15092#breadcrumb"},"inLanguage":"pt-PT","potentialAction":[{"@type":"ReadAction","target":["https:\/\/inclusivenews.com.br\/?p=15092"]}]},{"@type":"ImageObject","inLanguage":"pt-PT","@id":"https:\/\/inclusivenews.com.br\/?p=15092#primaryimage","url":"","contentUrl":""},{"@type":"BreadcrumbList","@id":"https:\/\/inclusivenews.com.br\/?p=15092#breadcrumb","itemListElement":[{"@type":"ListItem","position":1,"name":"In\u00edcio","item":"https:\/\/inclusivenews.com.br\/"},{"@type":"ListItem","position":2,"name":"A desumanidade nas pris\u00f5es brasileiras"}]},{"@type":"WebSite","@id":"https:\/\/inclusivenews.com.br\/#website","url":"https:\/\/inclusivenews.com.br\/","name":"Inclusive News","description":"Inclusive News","publisher":{"@id":"https:\/\/inclusivenews.com.br\/#organization"},"potentialAction":[{"@type":"SearchAction","target":{"@type":"EntryPoint","urlTemplate":"https:\/\/inclusivenews.com.br\/?s={search_term_string}"},"query-input":{"@type":"PropertyValueSpecification","valueRequired":true,"valueName":"search_term_string"}}],"inLanguage":"pt-PT"},{"@type":"Organization","@id":"https:\/\/inclusivenews.com.br\/#organization","name":"Inclusive - inclus\u00e3o e cidadania","url":"https:\/\/inclusivenews.com.br\/","logo":{"@type":"ImageObject","inLanguage":"pt-PT","@id":"https:\/\/inclusivenews.com.br\/#\/schema\/logo\/image\/","url":"https:\/\/inclusivenews.com.br\/wp-content\/uploads\/2024\/03\/@grandesite.png","contentUrl":"https:\/\/inclusivenews.com.br\/wp-content\/uploads\/2024\/03\/@grandesite.png","width":1080,"height":1080,"caption":"Inclusive - inclus\u00e3o e cidadania"},"image":{"@id":"https:\/\/inclusivenews.com.br\/#\/schema\/logo\/image\/"},"sameAs":["https:\/\/www.facebook.com\/agenciainclusive\/","https:\/\/www.instagram.com\/newsinclusive\/"]},{"@type":"Person","@id":"https:\/\/inclusivenews.com.br\/#\/schema\/person\/ae4ec7087559b8692fb33b6fffd2273b","name":"inclusivenews2024","image":{"@type":"ImageObject","inLanguage":"pt-PT","@id":"https:\/\/secure.gravatar.com\/avatar\/c5a7ef84c66fa914f55bc4f7ce26cfa275a3b9a1c5568b907bd184fb4dde7b40?s=96&d=mm&r=g","url":"https:\/\/secure.gravatar.com\/avatar\/c5a7ef84c66fa914f55bc4f7ce26cfa275a3b9a1c5568b907bd184fb4dde7b40?s=96&d=mm&r=g","contentUrl":"https:\/\/secure.gravatar.com\/avatar\/c5a7ef84c66fa914f55bc4f7ce26cfa275a3b9a1c5568b907bd184fb4dde7b40?s=96&d=mm&r=g","caption":"inclusivenews2024"},"sameAs":["https:\/\/inclusivenews.com.br"],"url":"https:\/\/inclusivenews.com.br\/?author=1"}]}},"_links":{"self":[{"href":"https:\/\/inclusivenews.com.br\/index.php?rest_route=\/wp\/v2\/posts\/15092","targetHints":{"allow":["GET"]}}],"collection":[{"href":"https:\/\/inclusivenews.com.br\/index.php?rest_route=\/wp\/v2\/posts"}],"about":[{"href":"https:\/\/inclusivenews.com.br\/index.php?rest_route=\/wp\/v2\/types\/post"}],"author":[{"embeddable":true,"href":"https:\/\/inclusivenews.com.br\/index.php?rest_route=\/wp\/v2\/users\/1"}],"replies":[{"embeddable":true,"href":"https:\/\/inclusivenews.com.br\/index.php?rest_route=%2Fwp%2Fv2%2Fcomments&post=15092"}],"version-history":[{"count":0,"href":"https:\/\/inclusivenews.com.br\/index.php?rest_route=\/wp\/v2\/posts\/15092\/revisions"}],"wp:attachment":[{"href":"https:\/\/inclusivenews.com.br\/index.php?rest_route=%2Fwp%2Fv2%2Fmedia&parent=15092"}],"wp:term":[{"taxonomy":"category","embeddable":true,"href":"https:\/\/inclusivenews.com.br\/index.php?rest_route=%2Fwp%2Fv2%2Fcategories&post=15092"},{"taxonomy":"post_tag","embeddable":true,"href":"https:\/\/inclusivenews.com.br\/index.php?rest_route=%2Fwp%2Fv2%2Ftags&post=15092"}],"curies":[{"name":"wp","href":"https:\/\/api.w.org\/{rel}","templated":true}]}}