{"id":15094,"date":"2010-04-30T06:16:15","date_gmt":"2010-04-30T09:16:15","guid":{"rendered":"http:\/\/www.inclusive.org.br\/?p=15094"},"modified":"2010-04-30T06:16:15","modified_gmt":"2010-04-30T09:16:15","slug":"cooperifa-quilombo-do-seculo-xxi","status":"publish","type":"post","link":"https:\/\/inclusivenews.com.br\/?p=15094","title":{"rendered":"COOPERIFA: quilombo do S\u00e9culo XXI"},"content":{"rendered":"<div class=\"highslide-caption\"><strong>Por Paula Farias e Angelina Miranda<\/strong><span style=\"color: #ff6600;\"><strong> <\/strong><\/span><\/div>\n<div class=\"content-styles\">\n<p style=\"text-align: justify;\"><strong>Na Rua Bartolomeu Gomes, 797 na Ch\u00e1cara Santana Zona Sul de S\u00e3o Paulo<\/strong>, a lua brilhava no c\u00e9u estrelado, era noite de jogo do campeonato paulista e o povo da periferia mais uma vez preferiu se reunir para fazer arte, recitar poesias, em mais um sarau da <strong>COOPERIFA<\/strong>, idealizado pelo poeta Sergio Vaz.<\/p>\n<p style=\"text-align: justify;\">H\u00e1 nove anos em que todas as quartas feiras \u00e1s 21h, no bar do <strong>Z\u00e9 Batid\u00e3o<\/strong> esses poetas, se re\u00fanem, a televis\u00e3o \u00e9 desligada e a aliena\u00e7\u00e3o \u00e9 superada. Pelas poesias, que s\u00e3o recitadas pelas mais diversas pessoas: donas de casa, motoboys, ambulantes, estudantes, crian\u00e7as, desempregados, rappers, homens, mulheres, novos e velhos. Sem distin\u00e7\u00e3o, unidos pelo sentimento de se manifestar atrav\u00e9s da poesia.<\/p>\n<p style=\"text-align: justify;\">A diversidade n\u00e3o est\u00e1 somente nas pessoas que participam do sarau, mas tamb\u00e9m nos poemas: amor, sexo, exclus\u00e3o social, injusti\u00e7as, criticas, saudades da inf\u00e2ncia e algumas homenagens, cada um se expressa livremente. Na <strong>COOPERIFA <\/strong>n\u00e3o h\u00e1 palco, ningu\u00e9m fica mais alto que outro, \u00e9 uma forma de igualdade e o sil\u00eancio \u00e9 uma prece na hora do recital, todos atentos a cada palavra pronunciada, a cada gesto. O poeta vai at\u00e9 o microfone e recita n\u00e3o s\u00f3 com a voz, mas com a alma, h\u00e1 toda uma interpreta\u00e7\u00e3o das palavras, a emo\u00e7\u00e3o sempre a flor da pele, causando arrepio a quem assistir e depois a explos\u00e3o de aplausos \u00e9 o reconhecimento pelo talento.<\/p>\n<p style=\"text-align: justify;\">A <strong>COOPERIFA <\/strong>j\u00e1 se tornou um movimento cultural da periferia, um novo quilombo, um espa\u00e7o voltado para a comunidade que desperta curiosidade de quem ainda n\u00e3o conhece foi o que aconteceu com a Dida 36, que mora no interior de S\u00e3o Paulo, conheceu o sarau atrav\u00e9s de uma amiga que j\u00e1 participava: \u201cFiquei impressionada, toda a comunidade participa, surpreendente ver todas essas pessoas reunidas, em uma quarta feira a noite, fazendo poesia, isso desperta a curiosidade, a cultura perif\u00e9rica est\u00e1 se organizando despertando\u2026\u201dcomenta Dida, com uma n\u00edtida express\u00e3o de encantamento por tudo que esta vivendo esta noite.<\/p>\n<p style=\"text-align: justify;\">As transforma\u00e7\u00f5es que a <strong>COOPERIFA <\/strong>vem fazendo ao longo desses nove anos de exist\u00eancia impressionam, o resgate da auto-estima de tantas pessoas que vivem entre becos e vielas, que encontraram no sarau uma esperan\u00e7a, uma mudan\u00e7a de vida.<\/p>\n<figure id=\"attachment_5108\" aria-describedby=\"caption-attachment-5108\" style=\"width: 300px\" class=\"wp-caption alignright\"><a class=\"highslide\" href=\"http:\/\/www.rapnacional.com.br\/2010\/wp-content\/uploads\/2010\/04\/esa.jpg\"><img loading=\"lazy\" decoding=\"async\" class=\"size-medium wp-image-5108 \" src=\"http:\/\/www.rapnacional.com.br\/2010\/wp-content\/uploads\/2010\/04\/esa-300x225.jpg\" alt=\"\" width=\"300\" height=\"225\" \/><\/a><figcaption id=\"caption-attachment-5108\" class=\"wp-caption-text\"> <\/figcaption><\/figure>\n<p style=\"text-align: justify;\"><span style=\"font-family: Times New Roman;\"><span style=\"font-size: small;\"> <\/span><\/span>Foi justamente o que aconteceu com o Jairo,40 taxista, que participa do projeto h\u00e1 oito anos\u201d fui estimulado a escrever desde que conheci a <strong>COOPERIFA<\/strong>, tinha vontade antes mas n\u00e3o me achava capaz, e agora percebi que posso sim , n\u00e3o importar o fato de morar na periferia, e isto me despertou esta vontade de mudar, minha vida se divide entre antes e depois de conhecer a <strong>COOPERIFA<\/strong>, atualmente tenho um grupo de Rap Periafricania ,e trabalho como educador social na Funda\u00e7\u00e3o Casa, na unidade da Vila Maria,levando arte, poesia , rap e cultura para os menores\u2026relata Jairo.<\/p>\n<p style=\"text-align: justify;\">A <strong>COOPERIFA<\/strong> traz a comunidade para o movimento para ouvir uma poesia, assistir o cinema da laje, mas infelizmente algumas pessoas ainda est\u00e3o presas a aliena\u00e7\u00e3o, televis\u00e3o mesmo morando ao lado do projeto. Boa partes das pessoas que conhecem a <strong>COOPERIFA <\/strong>acabam se identificando e permanecendo no projeto. No come\u00e7o eram vinte pessoas, hoje s\u00e3o trezentas. Aqui a arte \u00e9 falada, sentida. \u00c9 o palco dos artistas sem palco. Isso transformou minha vida\u2026 Conclui Jairo, com um brilho no olhar de quem realmente sentiu a mudan\u00e7a atrav\u00e9s da cultura perif\u00e9rica.<\/p>\n<p style=\"text-align: justify;\">A <strong>COOPERIFA<\/strong> vem mostrando ao longo dos anos, que militar \u00e9 uma das principais formas para transformar a realidade da periferia.<\/p>\n<p style=\"text-align: justify;\">A periferia n\u00e3o pode ficar esperando o poder publico fazer algo, o conhecimento, a informa\u00e7\u00e3o, s\u00e3o elementos fundamentais nas mudan\u00e7as, e j\u00e1 que isso muitas vezes \u00e9 negado para as comunidades carentes, ent\u00e3o somente criando movimentos alternativos \u00e9 q as transforma\u00e7\u00f5es almejadas ser\u00e3o alcan\u00e7adas.<\/p>\n<p style=\"text-align: justify;\">A<strong> COOPERIFA<\/strong> cria novos eventos a cada ano, como o que acontece no Dia Internacional da Mulher, \u00e9 uma manifesta\u00e7\u00e3o batizada de Ajoelha\u00e7o, os homens se ajoelham e pedem perd\u00e3o para as mulheres pelas faltas cometidas ao longo da hist\u00f3ria. Em 2007 criaram o Poesia No Ar, foram trezentas bexigas com poesias dentro que foram lan\u00e7adas as 23h no c\u00e9u de S\u00e3o Paulo, uma conseq\u00fc\u00eancia marcante foi a visita de uma moradora do bairro de Pinheiros que recebeu uma bexiga e foi visitar a <strong>COOPERIFA<\/strong>.<\/p>\n<figure id=\"attachment_5074\" aria-describedby=\"caption-attachment-5074\" style=\"width: 300px\" class=\"wp-caption alignleft\"><a class=\"highslide\" href=\"http:\/\/www.rapnacional.com.br\/2010\/wp-content\/uploads\/2010\/04\/SARAU.jpg\"><img loading=\"lazy\" decoding=\"async\" class=\"size-medium wp-image-5074 \" src=\"http:\/\/www.rapnacional.com.br\/2010\/wp-content\/uploads\/2010\/04\/SARAU-300x225.jpg\" alt=\"\" width=\"300\" height=\"225\" \/><\/a><figcaption id=\"caption-attachment-5074\" class=\"wp-caption-text\"> <\/figcaption><\/figure>\n<p style=\"text-align: justify;\"><strong>COOPERIFA<\/strong> \u00e9 um movimento Antropof\u00e1gico. Baseado no importante evento art\u00edstico de 1922 no Brasil .Criou-se ent\u00e3o a Semana de Arte da Periferia ,contou com a participa\u00e7\u00e3o de artistas de variados segmentos e foi de visitada por pessoas de varias regi\u00f5es de S\u00e3o Paulo.<\/p>\n<p style=\"text-align: justify;\">Esta semana marcou a vida de muitas pessoas que nunca tinham sequer assistido uma pe\u00e7a de teatro, ou qualquer outro evento art\u00edstico.<\/p>\n<p style=\"text-align: justify;\">A periferia esta aprendendo a produzir seu pr\u00f3prio conhecimento, talentos antes escondidos est\u00e3o florescendo, no campo da arte de escrever<\/p>\n<p style=\"text-align: justify;\"><strong>COOPERIFA<\/strong> \u00e9 o Quilombo Vivo, \u00e9 o espa\u00e7o acolhedor, transformando a concep\u00e7\u00e3o das pessoas, e mostrando o quanto elas s\u00e3o capazes de produzir arte independentemente do lugar onde elas vivem. Fugir da periferia n\u00e3o \u00e9 a solu\u00e7\u00e3o transform\u00e1-la em um lugar melhor para se viver, \u00e9 o objetivo deste movimento social perif\u00e9rico.<\/p>\n<p style=\"text-align: justify;\"><span style=\"font-family: Times New Roman;\"><span style=\"font-size: small;\"> <\/span><\/span><\/p>\n<p style=\"text-align: justify;\"><span style=\"color: #ff6600;\"><strong>Um Homem de Palavras<\/strong><\/span><\/p>\n<p style=\"text-align: justify;\"><strong>Poeta formado na faculdade da vida onde os m\u00e9todos de avalia\u00e7\u00f5es s\u00e3o severos, e n\u00e3o perdoam os fracos<\/strong>.<\/p>\n<figure id=\"attachment_5076\" aria-describedby=\"caption-attachment-5076\" style=\"width: 300px\" class=\"wp-caption alignright\"><a class=\"highslide\" href=\"http:\/\/www.rapnacional.com.br\/2010\/wp-content\/uploads\/2010\/04\/poeta.jpg\"><img loading=\"lazy\" decoding=\"async\" class=\"size-medium wp-image-5076 \" src=\"http:\/\/www.rapnacional.com.br\/2010\/wp-content\/uploads\/2010\/04\/poeta-300x210.jpg\" alt=\"\" width=\"300\" height=\"210\" \/><\/a><figcaption id=\"caption-attachment-5076\" class=\"wp-caption-text\"> <\/figcaption><\/figure>\n<p style=\"text-align: justify;\">S\u00e9rgio Vaz 46 cresceu no bairro de piraporinha, Zona Sul de S\u00e3o Paulo. Como a maioria das crian\u00e7as que ali viviam, teve uma inf\u00e2ncia dif\u00edcil, mas cheia de sonhos, que mudaram, mas se realizaram.<\/p>\n<p style=\"text-align: justify;\">Um garoto que mesmo sem saber que iria mudar o seu mundo e o de outras pessoas n\u00e3o parava de ler quando crian\u00e7a, enquanto seus colegas jogavam bola.<\/p>\n<p style=\"text-align: justify;\">Esta sede pelo conhecimento mudou sua vida e o impulsionou com a parceria de amigos a criar um dos projetos mais consolidados dentro da periferia. O poeta Vaz formou-se na faculdade da vida onde os m\u00e9todos de avalia\u00e7\u00f5es s\u00e3o severos, e n\u00e3o perdoam os fracos. N\u00e3o \u00e9 muito de falar, mas diz muito com olhar.<\/p>\n<p style=\"text-align: justify;\">Sujeito simples que mesmo conhecido por causa da COOPERIFA n\u00e3o mudou seu modo de ser, um agitador social dando continuidade ao crescimento da periferia e semeando transforma\u00e7\u00f5es na comunidade.<\/p>\n<p style=\"text-align: justify;\">Destemido desde o principio encontrou v\u00e1rios obst\u00e1culos, que n\u00e3o o impediram de ser o senhor dos seus sonhos e seguir o seu caminho.<\/p>\n<p style=\"text-align: justify;\">A coragem e o altru\u00edsmo o levaram a conquistar seus objetivos ao seu lado, somente companheiros de verdade. Tem consci\u00eancia dos seus atos e n\u00e3o tolera boatos.<\/p>\n<p style=\"text-align: justify;\"><strong>Portal Rap Nacional: No come\u00e7o quando voc\u00ea fazia seus encontros informais com os amigos nos bares de Tabo\u00e3o da Serra, imaginava que de um inicio t\u00e3o sutil surgiria uma nova forma de fazer poesia?S\u00e9rgio Vaz &#8211; Pra ser sincero, n\u00e3o. Quer\u00edamos um espa\u00e7o para recitar nossas poesias, mas a\u00ed\u2026<\/p>\n<p><\/strong><\/p>\n<p style=\"text-align: justify;\"><strong>PRN: Porque um bar?S\u00e9rgio Vaz &#8211; O bar \u00e9 o lugar onde as pessoas se re\u00fanem depois do trabalho, \u00e9 onde as pessoas se re\u00fanem depois dos jogos da v\u00e1rzea, \u00e9 onde rola o samba, onde rola a reuni\u00e3o de sociedade amigos de bairro, enfim, o bar \u00e9 o \u00fanico espa\u00e7o p\u00fablico em que os moradores n\u00e3o precisam fazer of\u00edcio para freq\u00fcentar.<\/p>\n<p><\/strong><\/p>\n<p style=\"text-align: justify;\"><strong>PRN: <\/strong><strong>Alguns bares da periferia s\u00e3o tachados como locais prop\u00edcios a viol\u00eancia e as drogas. Como foi criar um projeto educativo e cidad\u00e3o em um local que talvez passe esta imagem? Houve alguma rejei\u00e7\u00e3o por parte dos moradores?S\u00e9rgio Vaz &#8211; N\u00e3o sei se a palavra rejei\u00e7\u00e3o \u00e9 ideal, mas certo estranhamento referente aquele bando de malucos recitando poesia tenho certeza que sim. Afinal de contas, durante muito tempo a palavra cultura e literatura n\u00e3o freq\u00fcentavam o nosso vocabul\u00e1rio, as nossas casas. Por isso tem coisas que demoram um tempo para serem assimiladas.<\/p>\n<p><\/strong><\/p>\n<p>Mas tamb\u00e9m foi uma troca, a comunidade n\u00e3o sabia que tinha poetas, e muitos poetas n\u00e3o sabiam que tinham comunidade.<\/p>\n<p style=\"text-align: justify;\"><strong>PRN: <\/strong><strong>Desde o come\u00e7o do projeto at\u00e9 hoje quais foram as mudan\u00e7as ocorridas na periferia?<\/strong><\/p>\n<p><strong>S\u00e9rgio Vaz &#8211;<\/strong> Existem quase 50 saraus acontecendo em S\u00e3o Paulo, um melhor que o outro, todos com caracter\u00edsticas diferentes. Existe uma cena muito forte acontecendo na periferia de Sampa, e que tem feito que n\u00f3s nos auto-afirmassem n\u00e3o s\u00f3 como artistas, mas tamb\u00e9m como cidad\u00e3os. E o que \u00e9 melhor, cidad\u00e3os cr\u00edticos.<\/p>\n<p style=\"text-align: justify;\"><strong>PRN: <\/strong><strong>Como \u00e9 divulgar um projeto que nasceu enraizado no solo da periferia nos ve\u00edculos de comunica\u00e7\u00e3o que j\u00e1 tem uma trajet\u00f3ria elitista, como a \u00c9poca e Folha de S\u00e3o Paulo? Como se d\u00e1 essa rela\u00e7\u00e3o?S\u00e9rgio Vaz \u2013 Nunca gostei que ningu\u00e9m falasse por mim. Ningu\u00e9m coloca palavras na minha boca. Sou senhor dos meus atos. Sou ativista cultural, mas tamb\u00e9m sou artista. N\u00e3o admito patrulha. Desde que seja com respeito, dignidade e sem exotismo, adoro ver a cara preta da favela nos meios de comunica\u00e7\u00e3o.<\/p>\n<p><\/strong><\/p>\n<p>N\u00e3o existe uma rela\u00e7\u00e3o pr\u00e9-estabelecida, fazemos um evento, o jornalista liga e diz se pode fazer a mat\u00e9ria sendo do nosso jeito pode fazer. Caso contr\u00e1rio n\u00e3o faz como j\u00e1 aconteceram v\u00e1rias vezes.<\/p>\n<p>N\u00e3o somos inocentes, sabemos dos riscos e o quanto \u00e9 perigoso. N\u00f3s produzimos not\u00edcias positivas com muita freq\u00fc\u00eancia, n\u00e3o tem como a m\u00eddia nos esconder.<strong><\/p>\n<p><\/strong><\/p>\n<p style=\"text-align: justify;\"><strong>PRN: <\/strong><strong>Receberam criticas devido \u00e0s apari\u00e7\u00f5es na m\u00eddia?S\u00e9rgio Vaz \u2013 A gente recebe muitas cr\u00edticas por isso. Umas com raz\u00e3o, outras nem tanto. Agora, tamb\u00e9m tem aquela coisa, \u00e9 muito f\u00e1cil a pessoa recusar um convite que n\u00e3o foi feito para ela. N\u00e3o \u00e9 mesmo n\u00e3o?<\/p>\n<p><\/strong><\/p>\n<p>H\u00e1 um efeito colateral, cada vez que a gente aparece na m\u00eddia dizendo que montamos um Centro Cultural num boteco, duas c\u00e9lulas culturais s\u00e3o fundadas nas regi\u00f5es mais distantes do pa\u00eds.<\/p>\n<p>Quem n\u00e3o quiser ir \u00e0 m\u00eddia tem que ser respeitado tamb\u00e9m, \u00e9 uma postura que admiro, e digo isso com muita sinceridade. Da hora mesmo.<\/p>\n<p style=\"text-align: justify;\"><strong>PRN: <\/strong><strong>O sarau foi gerando outras atividades culturais como cinema na laje e poesia no ar, qual o pr\u00f3ximo passo?<\/strong><\/p>\n<p><strong>S\u00e9rgio Vaz &#8211;<\/strong> O Nosso espa\u00e7o cultural. Estamos tentando alugar um galp\u00e3o.<\/p>\n<p style=\"text-align: center;\"><span style=\"color: #ff6600;\"><strong>Trailer do filme \u201d Poesia no ar\u201d <\/strong><\/span><\/p>\n<p style=\"text-align: center;\"><object classid=\"clsid:d27cdb6e-ae6d-11cf-96b8-444553540000\" width=\"530\" height=\"344\" codebase=\"http:\/\/download.macromedia.com\/pub\/shockwave\/cabs\/flash\/swflash.cab#version=6,0,40,0\"><param name=\"allowfullscreen\" value=\"true\" \/><param name=\"data\" value=\"http:\/\/www.youtube.com\/v\/SQz0TNfPE48&amp;fs=1&amp;rel=0&amp;hd=1&amp;showinfo=0\" \/><param name=\"src\" value=\"http:\/\/www.youtube.com\/v\/SQz0TNfPE48&amp;fs=1&amp;rel=0&amp;hd=1&amp;showinfo=0\" \/><embed type=\"application\/x-shockwave-flash\" width=\"530\" height=\"344\" src=\"http:\/\/www.youtube.com\/v\/SQz0TNfPE48&amp;fs=1&amp;rel=0&amp;hd=1&amp;showinfo=0\" data=\"http:\/\/www.youtube.com\/v\/SQz0TNfPE48&amp;fs=1&amp;rel=0&amp;hd=1&amp;showinfo=0\" allowfullscreen=\"true\"><\/embed><\/object><\/p>\n<p style=\"text-align: center;\"><span style=\"color: #ff6600;\"><strong>Mais que um comerciante<\/strong><\/span><\/p>\n<p style=\"text-align: center;\"><strong>Para Z\u00e9 batid\u00e3o todas as quartas s\u00e3o importantes, os versos sempre s\u00e3o emocionantes.<\/strong><\/p>\n<figure id=\"attachment_5079\" aria-describedby=\"caption-attachment-5079\" style=\"width: 300px\" class=\"wp-caption alignleft\"><a class=\"highslide\" href=\"http:\/\/www.rapnacional.com.br\/2010\/wp-content\/uploads\/2010\/04\/ZE-BATID\u00c3O1.jpg\"><img loading=\"lazy\" decoding=\"async\" class=\"size-medium wp-image-5079 \" src=\"http:\/\/www.rapnacional.com.br\/2010\/wp-content\/uploads\/2010\/04\/ZE-BATID\u00c3O1-300x225.jpg\" alt=\"\" width=\"300\" height=\"225\" \/><\/a><figcaption id=\"caption-attachment-5079\" class=\"wp-caption-text\"> <\/figcaption><\/figure>\n<p style=\"text-align: justify;\">T\u00e3o importante quanto o projeto e os que ajudaram a cri\u00e1-lo, \u00e9 o homem que cedeu o local para que ele acontecesse. A escolha aconteceu pela hist\u00f3ria do lugar, que foi cen\u00e1rio de parte da juventude de S\u00e9rgio Vaz. Z\u00e9 batid\u00e3o amigo do poeta h\u00e1 mais de 20 anos sempre acreditou em seu talento, desde o lan\u00e7amento de seu primeiro livro 1988 Subindo a ladeira mora \u00e0 noite.<\/p>\n<p style=\"text-align: justify;\">Z\u00e9 batid\u00e3o homem de origem humilde desde crian\u00e7a teve que aprender a fazer duras escolhas, entre ir a escola e se alimentar, op\u00e7\u00f5es dadas pelos patr\u00f5es de uma fazenda em que trabalhava.<\/p>\n<p style=\"text-align: justify;\">Mesmo com as dificuldades conseguiu montar seu bar e criar seus seis filhos. Um deles poeta e escritor, no estado de Minas Gerais.<\/p>\n<p style=\"text-align: justify;\">Na cozinha preparando as por\u00e7\u00f5es de petiscos seu Z\u00e9 est\u00e1 sempre atento no que \u00e9 recitado no microfone pelos poetas. Sempre gostou de poesias principalmente das que s\u00e3o feitas pela comunidade, para a comunidade: \u201cH\u00e1 uma grande mudan\u00e7a desde que o projeto come\u00e7ou a ser feito no meu bar, o conhecimento do povo cresceu e agora podemos mostrar que a periferia tem sim o seu lado bom, sem contar a clientela, aumentou dez vezes mais.\u201d Comenta risonho.<\/p>\n<p style=\"text-align: justify;\">Todas as quartas-feiras para seu Z\u00e9 s\u00e3o emocionantes, a cada semana chegam pessoas novas e possivelmente novas mudan\u00e7as em suas vidas. Lembra-se com entusiasmo da Semana do Livro, quando participantes da <strong>COOPERIFA<\/strong> sa\u00edram distribuindo dois mil livros para a comunidade.<\/p>\n<p style=\"text-align: justify;\">Este admirador da poesia \u00e9 a prova de que a sabedoria n\u00e3o \u00e9 comprovada atrav\u00e9s de um diploma, sem saber ler e escrever tem muito a ensinar.<\/p>\n<p style=\"text-align: justify;\"><span style=\"font-size: small; font-family: Times New Roman;\"> <\/span><\/p>\n<p style=\"text-align: center;\"><span style=\"color: #ff6600;\"><strong>Nascente da Evolu\u00e7\u00e3o<\/strong><\/span><\/p>\n<p style=\"text-align: center;\">Poema de Angelina Miranda<\/p>\n<p style=\"text-align: center;\">www.angelinamiranda.blogspot.com<\/p>\n<figure id=\"attachment_5082\" aria-describedby=\"caption-attachment-5082\" style=\"width: 300px\" class=\"wp-caption aligncenter\"><a class=\"highslide\" href=\"http:\/\/www.rapnacional.com.br\/2010\/wp-content\/uploads\/2010\/04\/sarau_da_cooperifa_26_03_09_018.jpg\"><img loading=\"lazy\" decoding=\"async\" class=\"size-medium wp-image-5082 \" src=\"http:\/\/www.rapnacional.com.br\/2010\/wp-content\/uploads\/2010\/04\/sarau_da_cooperifa_26_03_09_018-300x225.jpg\" alt=\"\" width=\"300\" height=\"225\" \/><\/a><figcaption id=\"caption-attachment-5082\" class=\"wp-caption-text\"> <\/figcaption><\/figure>\n<p style=\"text-align: center;\">Lugar de lutas e hist\u00f3rias templo de gl\u00f3ria<\/p>\n<p style=\"text-align: center;\">Almas esquecidas mas aqui encontram vit\u00f3ria.<\/p>\n<p style=\"text-align: center;\">Casa acolhedora onde h\u00e1 respeito sorriso nos l\u00e1bios<\/p>\n<p style=\"text-align: center;\">E esperan\u00e7a no peito casa de adora\u00e7\u00e3o<\/p>\n<p style=\"text-align: center;\">Cujas palavra nunca s\u00e3o ditas em v\u00e3o<\/p>\n<p style=\"text-align: center;\">Vejo nos olhos do irm\u00e3o versos que saem do cora\u00e7\u00e3o.<\/p>\n<p style=\"text-align: center;\">Vejo a diversidade ent\u00e3o branco, ruiva, mulata e neg\u00e3o<\/p>\n<p style=\"text-align: center;\">Tendo a mesma ambi\u00e7\u00e3o nada somos sem educa\u00e7\u00e3o<\/p>\n<p style=\"text-align: center;\">Ser pobre n\u00e3o \u00e9 vergonha n\u00e3o vamos tirar disso uma li\u00e7\u00e3o.<\/p>\n<p style=\"text-align: center;\">Explorados de dia desabafam a noite.<\/p>\n<p style=\"text-align: center;\">Relatam a agonia chega de a\u00e7oite.<\/p>\n<p style=\"text-align: center;\">No bar do Z\u00e9 batid\u00e3o n\u00e3o existe solid\u00e3o.<\/p>\n<p style=\"text-align: center;\">Saem versos bonitos baseados na opress\u00e3o.<\/p>\n<p style=\"text-align: center;\">Vamos sempre questionar\u00a0 e a luta continuar<\/p>\n<p style=\"text-align: center;\">N\u00e3o apenas reclamar levantar e batalhar<\/p>\n<p style=\"text-align: center;\">Encontrei o meu lugar aqui quero ficar<\/p>\n<p style=\"text-align: center;\">As quartas me emocionar\u00a0e ver a comunidade mudar<\/p>\n<p style=\"text-align: left;\">______________________<\/p>\n<p style=\"text-align: left;\"><strong>Fonte:<\/strong> <a href=\"http:\/\/www.rapnacional.com.br\/2010\/index.php\/noticias\/cooperifa-quilombo-do-sec-xxi\/\">Portal Rap Nacional<\/a><\/p>\n<\/div>\n","protected":false},"excerpt":{"rendered":"<p>A COOPERIFA ensina a conseguir a nova carta de alforria, o conhecimento atrav\u00e9s da poesia. Por Paula Farias e Angelina Miranda, do Portal Rap Nacional.<\/p>\n","protected":false},"author":1,"featured_media":0,"comment_status":"open","ping_status":"open","sticky":false,"template":"","format":"standard","meta":{"site-container-style":"default","site-container-layout":"default","site-sidebar-layout":"default","disable-article-header":"default","disable-site-header":"default","disable-site-footer":"default","disable-content-area-spacing":"default","footnotes":""},"categories":[29,48,4],"tags":[],"class_list":["post-15094","post","type-post","status-publish","format-standard","hentry","category-cultura","category-inclusao","category-noticias"],"yoast_head":"<!-- This site is optimized with the Yoast SEO plugin v27.4 - https:\/\/yoast.com\/product\/yoast-seo-wordpress\/ -->\n<title>COOPERIFA: quilombo do S\u00e9culo XXI -<\/title>\n<meta name=\"robots\" content=\"index, follow, max-snippet:-1, max-image-preview:large, max-video-preview:-1\" \/>\n<link rel=\"canonical\" href=\"https:\/\/inclusivenews.com.br\/?p=15094\" \/>\n<meta property=\"og:locale\" content=\"pt_PT\" \/>\n<meta property=\"og:type\" content=\"article\" \/>\n<meta property=\"og:title\" content=\"COOPERIFA: quilombo do S\u00e9culo XXI -\" \/>\n<meta property=\"og:description\" content=\"A COOPERIFA ensina a conseguir a nova carta de alforria, o conhecimento atrav\u00e9s da poesia. Por Paula Farias e Angelina Miranda, do Portal Rap Nacional.\" \/>\n<meta property=\"og:url\" content=\"https:\/\/inclusivenews.com.br\/?p=15094\" \/>\n<meta property=\"article:publisher\" content=\"https:\/\/www.facebook.com\/agenciainclusive\/\" \/>\n<meta property=\"article:published_time\" content=\"2010-04-30T09:16:15+00:00\" \/>\n<meta property=\"og:image\" content=\"http:\/\/www.rapnacional.com.br\/2010\/wp-content\/uploads\/2010\/04\/esa-300x225.jpg\" \/>\n<meta name=\"author\" content=\"inclusivenews2024\" \/>\n<meta name=\"twitter:card\" content=\"summary_large_image\" \/>\n<meta name=\"twitter:label1\" content=\"Escrito por\" \/>\n\t<meta name=\"twitter:data1\" content=\"inclusivenews2024\" \/>\n\t<meta name=\"twitter:label2\" content=\"Tempo estimado de leitura\" \/>\n\t<meta name=\"twitter:data2\" content=\"12 minutos\" \/>\n<script type=\"application\/ld+json\" class=\"yoast-schema-graph\">{\"@context\":\"https:\\\/\\\/schema.org\",\"@graph\":[{\"@type\":\"Article\",\"@id\":\"https:\\\/\\\/inclusivenews.com.br\\\/?p=15094#article\",\"isPartOf\":{\"@id\":\"https:\\\/\\\/inclusivenews.com.br\\\/?p=15094\"},\"author\":{\"name\":\"inclusivenews2024\",\"@id\":\"https:\\\/\\\/inclusivenews.com.br\\\/#\\\/schema\\\/person\\\/ae4ec7087559b8692fb33b6fffd2273b\"},\"headline\":\"COOPERIFA: quilombo do S\u00e9culo XXI\",\"datePublished\":\"2010-04-30T09:16:15+00:00\",\"mainEntityOfPage\":{\"@id\":\"https:\\\/\\\/inclusivenews.com.br\\\/?p=15094\"},\"wordCount\":2310,\"commentCount\":0,\"publisher\":{\"@id\":\"https:\\\/\\\/inclusivenews.com.br\\\/#organization\"},\"image\":{\"@id\":\"https:\\\/\\\/inclusivenews.com.br\\\/?p=15094#primaryimage\"},\"thumbnailUrl\":\"http:\\\/\\\/www.rapnacional.com.br\\\/2010\\\/wp-content\\\/uploads\\\/2010\\\/04\\\/esa-300x225.jpg\",\"articleSection\":[\"Cultura\",\"INCLUS\u00c3O SOCIAL\",\"NOT\u00cdCIAS\"],\"inLanguage\":\"pt-PT\",\"potentialAction\":[{\"@type\":\"CommentAction\",\"name\":\"Comment\",\"target\":[\"https:\\\/\\\/inclusivenews.com.br\\\/?p=15094#respond\"]}]},{\"@type\":\"WebPage\",\"@id\":\"https:\\\/\\\/inclusivenews.com.br\\\/?p=15094\",\"url\":\"https:\\\/\\\/inclusivenews.com.br\\\/?p=15094\",\"name\":\"COOPERIFA: quilombo do S\u00e9culo XXI -\",\"isPartOf\":{\"@id\":\"https:\\\/\\\/inclusivenews.com.br\\\/#website\"},\"primaryImageOfPage\":{\"@id\":\"https:\\\/\\\/inclusivenews.com.br\\\/?p=15094#primaryimage\"},\"image\":{\"@id\":\"https:\\\/\\\/inclusivenews.com.br\\\/?p=15094#primaryimage\"},\"thumbnailUrl\":\"http:\\\/\\\/www.rapnacional.com.br\\\/2010\\\/wp-content\\\/uploads\\\/2010\\\/04\\\/esa-300x225.jpg\",\"datePublished\":\"2010-04-30T09:16:15+00:00\",\"breadcrumb\":{\"@id\":\"https:\\\/\\\/inclusivenews.com.br\\\/?p=15094#breadcrumb\"},\"inLanguage\":\"pt-PT\",\"potentialAction\":[{\"@type\":\"ReadAction\",\"target\":[\"https:\\\/\\\/inclusivenews.com.br\\\/?p=15094\"]}]},{\"@type\":\"ImageObject\",\"inLanguage\":\"pt-PT\",\"@id\":\"https:\\\/\\\/inclusivenews.com.br\\\/?p=15094#primaryimage\",\"url\":\"http:\\\/\\\/www.rapnacional.com.br\\\/2010\\\/wp-content\\\/uploads\\\/2010\\\/04\\\/esa-300x225.jpg\",\"contentUrl\":\"http:\\\/\\\/www.rapnacional.com.br\\\/2010\\\/wp-content\\\/uploads\\\/2010\\\/04\\\/esa-300x225.jpg\"},{\"@type\":\"BreadcrumbList\",\"@id\":\"https:\\\/\\\/inclusivenews.com.br\\\/?p=15094#breadcrumb\",\"itemListElement\":[{\"@type\":\"ListItem\",\"position\":1,\"name\":\"In\u00edcio\",\"item\":\"https:\\\/\\\/inclusivenews.com.br\\\/\"},{\"@type\":\"ListItem\",\"position\":2,\"name\":\"COOPERIFA: quilombo do S\u00e9culo XXI\"}]},{\"@type\":\"WebSite\",\"@id\":\"https:\\\/\\\/inclusivenews.com.br\\\/#website\",\"url\":\"https:\\\/\\\/inclusivenews.com.br\\\/\",\"name\":\"Inclusive News\",\"description\":\"Inclusive News\",\"publisher\":{\"@id\":\"https:\\\/\\\/inclusivenews.com.br\\\/#organization\"},\"potentialAction\":[{\"@type\":\"SearchAction\",\"target\":{\"@type\":\"EntryPoint\",\"urlTemplate\":\"https:\\\/\\\/inclusivenews.com.br\\\/?s={search_term_string}\"},\"query-input\":{\"@type\":\"PropertyValueSpecification\",\"valueRequired\":true,\"valueName\":\"search_term_string\"}}],\"inLanguage\":\"pt-PT\"},{\"@type\":\"Organization\",\"@id\":\"https:\\\/\\\/inclusivenews.com.br\\\/#organization\",\"name\":\"Inclusive - inclus\u00e3o e cidadania\",\"url\":\"https:\\\/\\\/inclusivenews.com.br\\\/\",\"logo\":{\"@type\":\"ImageObject\",\"inLanguage\":\"pt-PT\",\"@id\":\"https:\\\/\\\/inclusivenews.com.br\\\/#\\\/schema\\\/logo\\\/image\\\/\",\"url\":\"https:\\\/\\\/inclusivenews.com.br\\\/wp-content\\\/uploads\\\/2024\\\/03\\\/@grandesite.png\",\"contentUrl\":\"https:\\\/\\\/inclusivenews.com.br\\\/wp-content\\\/uploads\\\/2024\\\/03\\\/@grandesite.png\",\"width\":1080,\"height\":1080,\"caption\":\"Inclusive - inclus\u00e3o e cidadania\"},\"image\":{\"@id\":\"https:\\\/\\\/inclusivenews.com.br\\\/#\\\/schema\\\/logo\\\/image\\\/\"},\"sameAs\":[\"https:\\\/\\\/www.facebook.com\\\/agenciainclusive\\\/\",\"https:\\\/\\\/www.instagram.com\\\/newsinclusive\\\/\"]},{\"@type\":\"Person\",\"@id\":\"https:\\\/\\\/inclusivenews.com.br\\\/#\\\/schema\\\/person\\\/ae4ec7087559b8692fb33b6fffd2273b\",\"name\":\"inclusivenews2024\",\"image\":{\"@type\":\"ImageObject\",\"inLanguage\":\"pt-PT\",\"@id\":\"https:\\\/\\\/secure.gravatar.com\\\/avatar\\\/c5a7ef84c66fa914f55bc4f7ce26cfa275a3b9a1c5568b907bd184fb4dde7b40?s=96&d=mm&r=g\",\"url\":\"https:\\\/\\\/secure.gravatar.com\\\/avatar\\\/c5a7ef84c66fa914f55bc4f7ce26cfa275a3b9a1c5568b907bd184fb4dde7b40?s=96&d=mm&r=g\",\"contentUrl\":\"https:\\\/\\\/secure.gravatar.com\\\/avatar\\\/c5a7ef84c66fa914f55bc4f7ce26cfa275a3b9a1c5568b907bd184fb4dde7b40?s=96&d=mm&r=g\",\"caption\":\"inclusivenews2024\"},\"sameAs\":[\"https:\\\/\\\/inclusivenews.com.br\"],\"url\":\"https:\\\/\\\/inclusivenews.com.br\\\/?author=1\"}]}<\/script>\n<!-- \/ Yoast SEO plugin. -->","yoast_head_json":{"title":"COOPERIFA: quilombo do S\u00e9culo XXI -","robots":{"index":"index","follow":"follow","max-snippet":"max-snippet:-1","max-image-preview":"max-image-preview:large","max-video-preview":"max-video-preview:-1"},"canonical":"https:\/\/inclusivenews.com.br\/?p=15094","og_locale":"pt_PT","og_type":"article","og_title":"COOPERIFA: quilombo do S\u00e9culo XXI -","og_description":"A COOPERIFA ensina a conseguir a nova carta de alforria, o conhecimento atrav\u00e9s da poesia. Por Paula Farias e Angelina Miranda, do Portal Rap Nacional.","og_url":"https:\/\/inclusivenews.com.br\/?p=15094","article_publisher":"https:\/\/www.facebook.com\/agenciainclusive\/","article_published_time":"2010-04-30T09:16:15+00:00","og_image":[{"url":"http:\/\/www.rapnacional.com.br\/2010\/wp-content\/uploads\/2010\/04\/esa-300x225.jpg","type":"","width":"","height":""}],"author":"inclusivenews2024","twitter_card":"summary_large_image","twitter_misc":{"Escrito por":"inclusivenews2024","Tempo estimado de leitura":"12 minutos"},"schema":{"@context":"https:\/\/schema.org","@graph":[{"@type":"Article","@id":"https:\/\/inclusivenews.com.br\/?p=15094#article","isPartOf":{"@id":"https:\/\/inclusivenews.com.br\/?p=15094"},"author":{"name":"inclusivenews2024","@id":"https:\/\/inclusivenews.com.br\/#\/schema\/person\/ae4ec7087559b8692fb33b6fffd2273b"},"headline":"COOPERIFA: quilombo do S\u00e9culo XXI","datePublished":"2010-04-30T09:16:15+00:00","mainEntityOfPage":{"@id":"https:\/\/inclusivenews.com.br\/?p=15094"},"wordCount":2310,"commentCount":0,"publisher":{"@id":"https:\/\/inclusivenews.com.br\/#organization"},"image":{"@id":"https:\/\/inclusivenews.com.br\/?p=15094#primaryimage"},"thumbnailUrl":"http:\/\/www.rapnacional.com.br\/2010\/wp-content\/uploads\/2010\/04\/esa-300x225.jpg","articleSection":["Cultura","INCLUS\u00c3O SOCIAL","NOT\u00cdCIAS"],"inLanguage":"pt-PT","potentialAction":[{"@type":"CommentAction","name":"Comment","target":["https:\/\/inclusivenews.com.br\/?p=15094#respond"]}]},{"@type":"WebPage","@id":"https:\/\/inclusivenews.com.br\/?p=15094","url":"https:\/\/inclusivenews.com.br\/?p=15094","name":"COOPERIFA: quilombo do S\u00e9culo XXI -","isPartOf":{"@id":"https:\/\/inclusivenews.com.br\/#website"},"primaryImageOfPage":{"@id":"https:\/\/inclusivenews.com.br\/?p=15094#primaryimage"},"image":{"@id":"https:\/\/inclusivenews.com.br\/?p=15094#primaryimage"},"thumbnailUrl":"http:\/\/www.rapnacional.com.br\/2010\/wp-content\/uploads\/2010\/04\/esa-300x225.jpg","datePublished":"2010-04-30T09:16:15+00:00","breadcrumb":{"@id":"https:\/\/inclusivenews.com.br\/?p=15094#breadcrumb"},"inLanguage":"pt-PT","potentialAction":[{"@type":"ReadAction","target":["https:\/\/inclusivenews.com.br\/?p=15094"]}]},{"@type":"ImageObject","inLanguage":"pt-PT","@id":"https:\/\/inclusivenews.com.br\/?p=15094#primaryimage","url":"http:\/\/www.rapnacional.com.br\/2010\/wp-content\/uploads\/2010\/04\/esa-300x225.jpg","contentUrl":"http:\/\/www.rapnacional.com.br\/2010\/wp-content\/uploads\/2010\/04\/esa-300x225.jpg"},{"@type":"BreadcrumbList","@id":"https:\/\/inclusivenews.com.br\/?p=15094#breadcrumb","itemListElement":[{"@type":"ListItem","position":1,"name":"In\u00edcio","item":"https:\/\/inclusivenews.com.br\/"},{"@type":"ListItem","position":2,"name":"COOPERIFA: quilombo do S\u00e9culo XXI"}]},{"@type":"WebSite","@id":"https:\/\/inclusivenews.com.br\/#website","url":"https:\/\/inclusivenews.com.br\/","name":"Inclusive News","description":"Inclusive News","publisher":{"@id":"https:\/\/inclusivenews.com.br\/#organization"},"potentialAction":[{"@type":"SearchAction","target":{"@type":"EntryPoint","urlTemplate":"https:\/\/inclusivenews.com.br\/?s={search_term_string}"},"query-input":{"@type":"PropertyValueSpecification","valueRequired":true,"valueName":"search_term_string"}}],"inLanguage":"pt-PT"},{"@type":"Organization","@id":"https:\/\/inclusivenews.com.br\/#organization","name":"Inclusive - inclus\u00e3o e cidadania","url":"https:\/\/inclusivenews.com.br\/","logo":{"@type":"ImageObject","inLanguage":"pt-PT","@id":"https:\/\/inclusivenews.com.br\/#\/schema\/logo\/image\/","url":"https:\/\/inclusivenews.com.br\/wp-content\/uploads\/2024\/03\/@grandesite.png","contentUrl":"https:\/\/inclusivenews.com.br\/wp-content\/uploads\/2024\/03\/@grandesite.png","width":1080,"height":1080,"caption":"Inclusive - inclus\u00e3o e cidadania"},"image":{"@id":"https:\/\/inclusivenews.com.br\/#\/schema\/logo\/image\/"},"sameAs":["https:\/\/www.facebook.com\/agenciainclusive\/","https:\/\/www.instagram.com\/newsinclusive\/"]},{"@type":"Person","@id":"https:\/\/inclusivenews.com.br\/#\/schema\/person\/ae4ec7087559b8692fb33b6fffd2273b","name":"inclusivenews2024","image":{"@type":"ImageObject","inLanguage":"pt-PT","@id":"https:\/\/secure.gravatar.com\/avatar\/c5a7ef84c66fa914f55bc4f7ce26cfa275a3b9a1c5568b907bd184fb4dde7b40?s=96&d=mm&r=g","url":"https:\/\/secure.gravatar.com\/avatar\/c5a7ef84c66fa914f55bc4f7ce26cfa275a3b9a1c5568b907bd184fb4dde7b40?s=96&d=mm&r=g","contentUrl":"https:\/\/secure.gravatar.com\/avatar\/c5a7ef84c66fa914f55bc4f7ce26cfa275a3b9a1c5568b907bd184fb4dde7b40?s=96&d=mm&r=g","caption":"inclusivenews2024"},"sameAs":["https:\/\/inclusivenews.com.br"],"url":"https:\/\/inclusivenews.com.br\/?author=1"}]}},"_links":{"self":[{"href":"https:\/\/inclusivenews.com.br\/index.php?rest_route=\/wp\/v2\/posts\/15094","targetHints":{"allow":["GET"]}}],"collection":[{"href":"https:\/\/inclusivenews.com.br\/index.php?rest_route=\/wp\/v2\/posts"}],"about":[{"href":"https:\/\/inclusivenews.com.br\/index.php?rest_route=\/wp\/v2\/types\/post"}],"author":[{"embeddable":true,"href":"https:\/\/inclusivenews.com.br\/index.php?rest_route=\/wp\/v2\/users\/1"}],"replies":[{"embeddable":true,"href":"https:\/\/inclusivenews.com.br\/index.php?rest_route=%2Fwp%2Fv2%2Fcomments&post=15094"}],"version-history":[{"count":0,"href":"https:\/\/inclusivenews.com.br\/index.php?rest_route=\/wp\/v2\/posts\/15094\/revisions"}],"wp:attachment":[{"href":"https:\/\/inclusivenews.com.br\/index.php?rest_route=%2Fwp%2Fv2%2Fmedia&parent=15094"}],"wp:term":[{"taxonomy":"category","embeddable":true,"href":"https:\/\/inclusivenews.com.br\/index.php?rest_route=%2Fwp%2Fv2%2Fcategories&post=15094"},{"taxonomy":"post_tag","embeddable":true,"href":"https:\/\/inclusivenews.com.br\/index.php?rest_route=%2Fwp%2Fv2%2Ftags&post=15094"}],"curies":[{"name":"wp","href":"https:\/\/api.w.org\/{rel}","templated":true}]}}