{"id":15095,"date":"2010-04-30T06:14:18","date_gmt":"2010-04-30T09:14:18","guid":{"rendered":"http:\/\/www.inclusive.org.br\/?p=15095"},"modified":"2010-04-30T06:14:18","modified_gmt":"2010-04-30T09:14:18","slug":"mais-cedo-ou-mais-tarde-a-estupidez-da-politica-vigente-ha-de-se-desmascarar","status":"publish","type":"post","link":"https:\/\/inclusivenews.com.br\/?p=15095","title":{"rendered":"Mais cedo ou mais tarde a estupidez da pol\u00edtica vigente h\u00e1 de se desmascarar"},"content":{"rendered":"<figure style=\"width: 190px\" class=\"wp-caption alignleft\"><img loading=\"lazy\" decoding=\"async\" title=\"Luiz Eduardo Soares\" src=\"http:\/\/www.agenciariff.com.br\/entrevistas\/imagens\/Luiz%20Eduardo%20Soares%201.jpg\" alt=\"\" width=\"190\" height=\"257\" \/><figcaption class=\"wp-caption-text\"> <\/figcaption><\/figure>\n<p><em>Entrevista com Luiz Eduardo Soares sobre pol\u00edtica de drogas concedida ao DAR (Desentorpecendo a raz\u00e3o, coletivo anti-proibicionista de S\u00e3o Paulo)<\/em><\/p>\n<p>O cientista pol\u00edtico e antrop\u00f3logo Luiz Eduardo Soares \u00e9 muito mais do que um acad\u00eamico engajado intelectualmente contra o proibicionismo (o que j\u00e1 seria \u00f3timo). Viveu, digamos assim, \u201co lado de l\u00e1\u201d, e sentiu na pele os entraves institucionais kafkanianos que impedem o poder p\u00fablico de atacar os problemas que realmente importam. Foi secret\u00e1rio de seguran\u00e7a do rio de Janeiro e Secret\u00e1rio Nacional de Seguran\u00e7a P\u00fablica. Com esta experi\u00eancia, pode dizer explicar a situa\u00e7\u00e3o com clareza, como quando aponta que \u201d O que se passa \u00e9 o seguinte: milhares de jovens pobres s\u00e3o capturados com drogas e, independentemente da quantidade, s\u00e3o rotulados como traficantes e trancafiados nessas entidades, que muitas vezes n\u00e3o passam de simulacros de pris\u00f5es. S\u00e3o, assim, praticamente condenados a uma carreira no crime\u201d.<\/p>\n<p>Nesta entrevista concedida ao DAR, aponta n\u00e3o s\u00f3 os efeitos do proibicionismo e seu fracasso, como os limites de uma concep\u00e7\u00e3o pol\u00edtica que encara puni\u00e7\u00e3o e justi\u00e7a como sin\u00f4nimos, seguran\u00e7a e arb\u00edtrio como causa e consequ\u00eancia. Al\u00e9m de esbo\u00e7ar propostas de alternativas, como \u201cajustar as contas com a seguran\u00e7a e a justi\u00e7a criminal, isto \u00e9, estender a transi\u00e7\u00e3o democr\u00e1tica a essas \u00e1reas, mudando-as em profundidade. A come\u00e7ar pelo modelo de pol\u00edcia que herdamos da ditadura e permanece intocado\u201d.<\/p>\n<p>Confira abaixo a \u00edntegra da conversa com o autor de, entre outras obras, Elite da Tropa e Meu casaco de general: 500 dias no front da Seguran\u00e7a P\u00fablica do Estado do Rio de Janeiro<\/p>\n<p>DAR \u2013 Como avalia o est\u00e1gio atual de penetra\u00e7\u00e3o do debate de drogas na sociedade brasileira? Acredita que houve avan\u00e7o nos \u00faltimos anos?<\/p>\n<p>Luiz Eduardo Soares \u2013 Debate? Que debate? O que h\u00e1 \u00e9 a movimenta\u00e7\u00e3o de grupos bastante espec\u00edficos e um ou outro editorial na grande imprensa. Fora isso, o que h\u00e1 s\u00e3o os pesquisadores devotados e respeit\u00e1veis e a admir\u00e1vel e incans\u00e1vel milit\u00e2ncia anti-proibicionista. O resto \u00e9 marasmo, s\u00e3o platitudes preconceituosas, ret\u00f3rica conservadora com tinturas diversas, estigmas e a pasmaceira de sempre ante a m\u00e1quina feroz de morte e irracionalidade da pol\u00edtica vigente, que criminaliza os jovens pobres e negros, estimula a corrup\u00e7\u00e3o policial, o dom\u00ednio territorial pelo tr\u00e1fico e o com\u00e9rcio ilegal de armas, com seus corol\u00e1rios sangrentos.<\/p>\n<p>&#8211; Por que ainda  h\u00e1 tanta resist\u00eancia \u2013 mesmo nos ditos setores \u201cprogressistas\u201d \u2013 quanto a enfrentar com seriedade este debate? A quem interessa a manuten\u00e7\u00e3o do atual status proibicionista?<\/p>\n<p>Luiz Eduardo Soares \u2013 A rigor a situa\u00e7\u00e3o atual n\u00e3o interessa a ningu\u00e9m, salvo os segmentos corruptos da pol\u00edcia, das mil\u00edcias e dos pol\u00edticos a eles aliados. O senso comum sup\u00f5e que tudo o que existe expressa algum interesse e se realiza segundo determinado projeto de poder. N\u00e3o \u00e9 assim. H\u00e1 efeitos perversos e efeitos de agrega\u00e7\u00e3o, como dizemos os soci\u00f3logos. Ningu\u00e9m com autoridade para mudar disp\u00f5e-se a agir por raz\u00f5es eleitoreiras, uma vez que formou-se uma opini\u00e3o majorit\u00e1ria inteiramente reacion\u00e1ria, nessa mat\u00e9ria, apoiada em mitos, erros emp\u00edricos e ignor\u00e2ncia da realidade mundial e dos resultados das pesquisas.<\/p>\n<p>Para comprov\u00e1-lo, basta ler o que escreveu Cesar Maia, dirigente do DEM, em seu ex-Blog. Disse que o ex-presidente FHC, ao criticar a pol\u00edtica repressiva da guerra \u00e0s drogas e reconhecer a necessidade de mudan\u00e7as, ainda que t\u00edmidas, estaria prestando um desservi\u00e7o \u00e0 oposi\u00e7\u00e3o, porque 80% da sociedade brasileira e 95% dos setores mais pobres eram contr\u00e1rios a qualquer mudan\u00e7a liberalizante. Cesar Maia condenava FHC por mexer em casa de marimbondo e se isolar, na opini\u00e3o p\u00fablica. Ou seja, segundo Cesar o l\u00edder pol\u00edtico n\u00e3o deve ter compromisso com o que seja justo, necess\u00e1rio e verdadeiro, mas com o que seja eleitoralmente conveniente e palat\u00e1vel. Claro que assim n\u00e3o vamos a lugar nenhum. Mesmo fora da pol\u00edtica partid\u00e1ria, h\u00e1 uma certa pol\u00edtica na sociedade que amarra lideran\u00e7as sociais aos tabus anti-drogas, subtraindo-lhes coragem de se pronunciar contra a corrente dominante.<\/p>\n<p>\u00c9 como as quest\u00f5es do aborto, da homofobia ou das pol\u00edticas afirmativas contra o racismo. N\u00e3o se trata apenas de troca de informa\u00e7\u00f5es, id\u00e9ias, conhecimento e opini\u00f5es, mas de valores arraigados com base em s\u00edmbolos e tabus vigorosos. Os cr\u00edticos se sentem envergonhados e se submetem \u00e0 silenciosa press\u00e3o da maioria. Portanto, \u00e9 preciso tirar do arm\u00e1rio as vozes libert\u00e1rias, anti-proibicionistas. Elas precisam correr riscos mas t\u00eam de se pronunciar com desassombro e clareza. Defender a descriminaliza\u00e7\u00e3o das drogas ou sua legaliza\u00e7\u00e3o n\u00e3o significa que se esteja elogiando as drogas, estimulando seu consumo ou admitindo que se consome. Eu, por exemplo, assumo publicamente essa posi\u00e7\u00e3o minorit\u00e1ria desde os anos 1970. N\u00e3o uso drogas nem bebo. Mas n\u00e3o admito que o Estado interfira em minhas decis\u00f5es privadas. E repudio a hipocrisia que libera o cigarro e o \u00e1lcool e pro\u00edbe a maconha, por exemplo. Assim como me nego a aceitar que um adolescente pobre e negro, de 18 anos, seja declarado criminoso e enjaulado porque vendeu maconha a outro, da mesma idade, mas de outra classe social e outra cor de pele, paternal\u00edsticamente definido como v\u00edtima: o consumidor. Bem, mas a\u00ed j\u00e1 entramos na discuss\u00e3o substantiva.<\/p>\n<p>&#8211; Ultimamente a m\u00eddia tem dado destaque a movimenta\u00e7\u00f5es institucionais e parlamentares no sentido de mudan\u00e7as na atual lei drogas. Acredita na viabilidade dessas mudan\u00e7as? Se sim, at\u00e9 onde elas iriam num primeiro momento?<\/p>\n<p>Luiz Eduardo Soares \u2013 A atual pol\u00edtica \u00e9 um rotundo e eloq\u00fcente fracasso. N\u00e3o s\u00f3 no Brasil. Por outro lado, o mal que a atual pol\u00edtica de drogas provoca est\u00e1 a\u00ed, \u00e0 vista de todos. Acredito que contra os tabus e a ignor\u00e2ncia, contra a demagogia e o oportunismo eleitorais, contra o moralismo reacion\u00e1rio predominante, contra o populismo penal ainda h\u00e1 de se afirmar uma posi\u00e7\u00e3o mais sensata, um pouquinho mais sensata. Acho que mais cedo ou mais tarde a estupidez da pol\u00edtica vigente h\u00e1 de se desmascarar, revelando-se como aquilo que \u00e9. E creio que, apesar de tudo, haveremos de avan\u00e7ar, como avan\u00e7a o mundo \u00e0 nossa volta, da Argentina \u00e0 Sui\u00e7a, de Portugal \u00e0 Holanda. N\u00e3o tenho d\u00favida que mesmo nos EUA \u2013matriz do atraso e do obscurantismo nessa mat\u00e9ria\u2013 h\u00e1 uma consci\u00eancia cr\u00edtica bastante forte, inclusive dentro das pol\u00edcias e do governo, mas a coaliz\u00e3o da direita n\u00e3o cessa de freiar o processo com suas chantagens.<\/p>\n<p>Enfim, acredito que haver\u00e1 progresso, ainda que n\u00e3o linear. O processo vai ser dif\u00edcil, tormentoso e pleno de contradi\u00e7\u00f5es. Hoje, o que parece come\u00e7ar a avan\u00e7ar \u00e9 a descriminaliza\u00e7\u00e3o do usu\u00e1rio. Bem, acho que est\u00e1 errado em sua unilateralidade e que \u00e9 injusto, mas n\u00e3o nego que seja melhor do que nada e que possa servir \u00e0 abertura de portas para avan\u00e7os mais consistentes no futuro.<\/p>\n<p>&#8211; Com sua experi\u00eancia como gestor p\u00fablico, que tipo de efeitos a chamada Guerra \u00e0s drogas tem sobre a seguran\u00e7a p\u00fablica?<\/p>\n<p>Luiz Eduardo Soares \u2013 A guerra \u00e0s drogas, no Brasil (e n\u00e3o s\u00f3), tem os efeitos mais nefastos: estimula a corrup\u00e7\u00e3o policial e o desenvolvimento das mil\u00edcias, e alimenta o tr\u00e1fico de armas, sem o qual n\u00e3o haveria tanta viol\u00eancia letal, nem o dom\u00ednio territorial, que veta a milh\u00f5es de pessoas o acesso aos benef\u00edcios derivados do estado democr\u00e1tico de Direito. Al\u00e9m disso, h\u00e1 din\u00e2micas pol\u00edticas brutais e degradadas, decorrentes desses fen\u00f4menos que acabo de enumerar. E mais: avan\u00e7a a criminaliza\u00e7\u00e3o da pobreza. Desafio qualquer leitor a encontrar um adolescente de classe m\u00e9dia, branco e bem posto na vida, que esteja internado numa entidade s\u00f3cio-educativa. Se houver ser\u00e1 a exce\u00e7\u00e3o a confirmar a regra.<\/p>\n<p>O que se passa \u00e9 o seguinte: milhares de jovens pobres s\u00e3o capturados com drogas e, independentemente da quantidade, s\u00e3o rotulados como traficantes e trancafiados nessas entidades, que muitas vezes n\u00e3o passam de simulacros de pris\u00f5es. S\u00e3o, assim, praticamente condenados a uma carreira no crime. O jovem rico e branco, capturado com a mesma quantidade, ou \u00e9 solto mediante a propina paga pelos pais, ou \u00e9 classificado como \u201cdependente\u201d, \u201cviciado\u201d, usu\u00e1rio, consumidor. Resultado: vai para casa. Isso \u00e9 o que acontece, porque a legisla\u00e7\u00e3o faculta ao juiz arbitrar se a quantidade recolhida com o capturado indicia tr\u00e1fico ou consumo.<\/p>\n<p>E aten\u00e7\u00e3o: a imagem usual do vendedor de drogas como o drag\u00e3o da maldade, crudel\u00edssimo e violento, \u00e9 uma constru\u00e7\u00e3o social estigmatizante que costuma ser aplicada de modo generalizante e que funciona como instrumento de reprodu\u00e7\u00e3o de preconceitos e desigualdades sociais. Raros s\u00e3o aqueles que agem em conformidade com a descri\u00e7\u00e3o que identifica o sujeito com a monstruosidade inumana.<\/p>\n<p>&#8211; De que forma e por que as pol\u00edticas repressivas atuam de maneira t\u00e3o seletiva, incidindo prioritariamente sobre os pobres? Por que as pol\u00edticas de seguran\u00e7a p\u00fablica s\u00e3o t\u00e3o voltadas para a sa\u00edda penal?  Como fazer para alterar esse quadro?<\/p>\n<p>Luiz Eduardo Soares \u2013 A sociedade e, por extens\u00e3o, nossos pol\u00edticos, em sua maioria, tendem a confundir justi\u00e7a com puni\u00e7\u00e3o e puni\u00e7\u00e3o com priva\u00e7\u00e3o de liberdade. Ficam de fora todas as dimens\u00f5es da repara\u00e7\u00e3o da v\u00edtima, de preven\u00e7\u00e3o da viol\u00eancia e do crime, e de constru\u00e7\u00e3o de novas oportunidades e vias a quem transgrediu as leis ou as regras do conv\u00edvio social. A lei, em sua forma pura e ideal, \u00e9 igual para todos \u2013afinal, justi\u00e7a \u00e9 equidade. No entanto, como nossa estrutura social \u00e9 muito desigual\u2013e nossa cultura consagra muitas delas\u2013, e como nossas institui\u00e7\u00f5es de seguran\u00e7a e justi\u00e7a criminal (assim como as pol\u00edticas penais e de seguran\u00e7a) s\u00e3o fortemente marcadas por tais estruturas e por tal cultura, as leis, quando s\u00e3o aplicadas, submetem-se \u00e0 refra\u00e7\u00e3o imposta por filtros de classe, cor, idade, g\u00eanero, op\u00e7\u00e3o sexual, religi\u00e3o e outros. Da\u00ed a dram\u00e1tica desigualdade no acesso \u00e0 Justi\u00e7a \u2013que talvez seja a forma mais delet\u00e9ria e dura de nossas desigualdades e a mais negligenciada, at\u00e9 porque corr\u00f3i a legitimidade da institucionalidade pol\u00edtica\u2013, que come\u00e7a na abordagem policial e termina na prolata\u00e7\u00e3o das senten\u00e7as e em sua execu\u00e7\u00e3o no sistema penitenci\u00e1rio, que \u00e9 a nega\u00e7\u00e3o selvagem de nossas pretens\u00f5es civilizacionais. O que e como fazer? Ajustar as contas com a seguran\u00e7a e a justi\u00e7a criminal, isto \u00e9, estender a transi\u00e7\u00e3o democr\u00e1tica a essas \u00e1reas, mudando-as em profundidade. A come\u00e7ar pelo modelo de pol\u00edcia que herdamos da ditadura e permanece intocado.<\/p>\n<p>&#8211; Quais os principais avan\u00e7os que uma mudan\u00e7a na proibi\u00e7\u00e3o das drogas traria? Como se enfrentaria o problema no abuso do uso, por exemplo?<\/p>\n<p>Luiz Eduardo Soares \u2013 Sejamos pragm\u00e1ticos: o verdadeiro debate n\u00e3o \u00e9 \u201cdevemos ou n\u00e3o proibir o acesso \u00e0s drogas\u201d, do \u00e1lcool \u00e0 coca\u00edna. N\u00e3o \u00e9 esse o debate porque a hip\u00f3tese do impedimento desse acesso n\u00e3o existe, na realidade pr\u00e1tica. Ou seja, o acesso \u00e9 um fato em todo mundo democr\u00e1tico ou n\u00e3o totalit\u00e1rio e teocr\u00e1tico. E n\u00e3o porque as pol\u00edcias sejam incompetentes. Os EUA gastaram 500 bilh\u00f5es de d\u00f3lares na guerra \u00e0s drogas, desde sua declara\u00e7\u00e3o, em meados dos anos 1990. Mesmo assim, o consumo n\u00e3o foi alterado. Portanto, n\u00e3o se pode dizer que faltou dinheiro, pessoal, equipamento, qualidade tecnol\u00f3gica, compet\u00eancia t\u00e9cnica, nada disso. O fato \u00e9 que \u00e9 simplesmente imposs\u00edvel controlar uma din\u00e2mica desse tipo, quando, na sociedade, h\u00e1 demanda e oferta. O fato \u00e9 este. Ponto final. Sejamos realistas. Rendamo-nos aos fatos.<\/p>\n<p>Ali\u00e1s, no fundo o que esse fato demonstra \u00e9 muito bom: a sociedade vence o Estado, para o bem e para o mal. De todo modo, \u00e9 necess\u00e1rio ter os p\u00e9s no ch\u00e3o e reconhecer os fatos como eles s\u00e3o. A verdadeira quest\u00e3o sempre mascarada \u00e9 a seguinte: como n\u00e3o est\u00e1 ao nosso alcance impedir o acesso \u00e0s subst\u00e2ncias que chamamos drogas, temos de nos perguntar: em que contexto jur\u00eddico-pol\u00edtico seria prefer\u00edvel vivenciar esta inilud\u00edvel realidade? Dizendo-o de outro modo: em que contexto normativo seria menos mau lidar com a realidade do acesso \u00e0s drogas? O contexto atual, em que drogas s\u00e3o problema de pol\u00edcia e cadeia, isto \u00e9, de pol\u00edtica criminal? Ou um contexto diferente em que elas fossem objeto de sa\u00fade p\u00fablica e educa\u00e7\u00e3o? Eu aposto no segundo caminho. Ele n\u00e3o vai evitar o abuso, mas pelo menos n\u00e3o vai provocar outros males. Das drogas e de seus efeitos destrutivos n\u00f3s nunca nos livraremos, mas poderemos aprender a conviver melhor com elas, a ponto, inclusive, de reduzir o sofrimento humano que seu abuso provoca.<\/p>\n<p>Vejamos o caso mais grave: o \u00e1lcool. H\u00e1, no Brasil, mais de 15 milh\u00f5es de alco\u00f3licos e, mesmo assim \u2013felizmente\u2013 ningu\u00e9m est\u00e1 propondo a proibi\u00e7\u00e3o e a criminaliza\u00e7\u00e3o do usu\u00e1rio. A n\u00e3o criminaliza\u00e7\u00e3o tem impedido o abuso, a depend\u00eancia? N\u00e3o. Mas acho que todos concordariam que a via da criminaliza\u00e7\u00e3o tampouco resolveria o abuso e ainda implicaria conseq\u00fc\u00eancias coletivas desastrosas. Eis, por fim, um exemplo virtuoso e uma li\u00e7\u00e3o: temos diminu\u00eddo bastante o consumo de cigarro com pol\u00edticas inteligentes que disciplinam a venda e o consumo, e criam um ambiente cultural avesso ao uso. Esse \u00e9 o caminho.<\/p>\n<p>_________________________________<\/p>\n<p><strong>Fonte:<\/strong> <a href=\"http:\/\/rolim.com.br\/2006\/index.php?option=com_content&amp;task=view&amp;id=762&amp;Itemid=3\">Marcos Rolim (www.rolim.com.br)<\/a><\/p>\n","protected":false},"excerpt":{"rendered":"<p>Mais cedo ou mais tarde a estupidez da pol\u00edtica vigente h\u00e1 de se desmascarar. Entrevista com Luiz Eduardo Soares sobre pol\u00edtica de drogas concedida ao DAR (Desentorpecendo a raz\u00e3o, coletivo anti-proibicionista de S\u00e3o Paulo).<\/p>\n","protected":false},"author":1,"featured_media":0,"comment_status":"open","ping_status":"open","sticky":false,"template":"","format":"standard","meta":{"site-container-style":"default","site-container-layout":"default","site-sidebar-layout":"default","disable-article-header":"default","disable-site-header":"default","disable-site-footer":"default","disable-content-area-spacing":"default","footnotes":""},"categories":[11,42,49],"tags":[],"class_list":["post-15095","post","type-post","status-publish","format-standard","hentry","category-direitos-humanos","category-entrevista","category-politicas-publicas"],"yoast_head":"<!-- This site is optimized with the Yoast SEO plugin v27.4 - https:\/\/yoast.com\/product\/yoast-seo-wordpress\/ -->\n<title>Mais cedo ou mais tarde a estupidez da pol\u00edtica vigente h\u00e1 de se desmascarar -<\/title>\n<meta name=\"robots\" content=\"index, follow, max-snippet:-1, max-image-preview:large, max-video-preview:-1\" \/>\n<link rel=\"canonical\" href=\"https:\/\/inclusivenews.com.br\/?p=15095\" \/>\n<meta property=\"og:locale\" content=\"pt_PT\" \/>\n<meta property=\"og:type\" content=\"article\" \/>\n<meta property=\"og:title\" content=\"Mais cedo ou mais tarde a estupidez da pol\u00edtica vigente h\u00e1 de se desmascarar -\" \/>\n<meta property=\"og:description\" content=\"Mais cedo ou mais tarde a estupidez da pol\u00edtica vigente h\u00e1 de se desmascarar. Entrevista com Luiz Eduardo Soares sobre pol\u00edtica de drogas concedida ao DAR (Desentorpecendo a raz\u00e3o, coletivo anti-proibicionista de S\u00e3o Paulo).\" \/>\n<meta property=\"og:url\" content=\"https:\/\/inclusivenews.com.br\/?p=15095\" \/>\n<meta property=\"article:publisher\" content=\"https:\/\/www.facebook.com\/agenciainclusive\/\" \/>\n<meta property=\"article:published_time\" content=\"2010-04-30T09:14:18+00:00\" \/>\n<meta property=\"og:image\" content=\"http:\/\/www.agenciariff.com.br\/entrevistas\/imagens\/Luiz%20Eduardo%20Soares%201.jpg\" \/>\n<meta name=\"author\" content=\"inclusivenews2024\" \/>\n<meta name=\"twitter:card\" content=\"summary_large_image\" \/>\n<meta name=\"twitter:label1\" content=\"Escrito por\" \/>\n\t<meta name=\"twitter:data1\" content=\"inclusivenews2024\" \/>\n\t<meta name=\"twitter:label2\" content=\"Tempo estimado de leitura\" \/>\n\t<meta name=\"twitter:data2\" content=\"12 minutos\" \/>\n<script type=\"application\/ld+json\" class=\"yoast-schema-graph\">{\"@context\":\"https:\\\/\\\/schema.org\",\"@graph\":[{\"@type\":\"Article\",\"@id\":\"https:\\\/\\\/inclusivenews.com.br\\\/?p=15095#article\",\"isPartOf\":{\"@id\":\"https:\\\/\\\/inclusivenews.com.br\\\/?p=15095\"},\"author\":{\"name\":\"inclusivenews2024\",\"@id\":\"https:\\\/\\\/inclusivenews.com.br\\\/#\\\/schema\\\/person\\\/ae4ec7087559b8692fb33b6fffd2273b\"},\"headline\":\"Mais cedo ou mais tarde a estupidez da pol\u00edtica vigente h\u00e1 de se desmascarar\",\"datePublished\":\"2010-04-30T09:14:18+00:00\",\"mainEntityOfPage\":{\"@id\":\"https:\\\/\\\/inclusivenews.com.br\\\/?p=15095\"},\"wordCount\":2381,\"commentCount\":0,\"publisher\":{\"@id\":\"https:\\\/\\\/inclusivenews.com.br\\\/#organization\"},\"image\":{\"@id\":\"https:\\\/\\\/inclusivenews.com.br\\\/?p=15095#primaryimage\"},\"thumbnailUrl\":\"http:\\\/\\\/www.agenciariff.com.br\\\/entrevistas\\\/imagens\\\/Luiz%20Eduardo%20Soares%201.jpg\",\"articleSection\":[\"DIREITOS HUMANOS\",\"ENTREVISTAS\",\"Pol\u00edticas p\u00fablicas\"],\"inLanguage\":\"pt-PT\",\"potentialAction\":[{\"@type\":\"CommentAction\",\"name\":\"Comment\",\"target\":[\"https:\\\/\\\/inclusivenews.com.br\\\/?p=15095#respond\"]}]},{\"@type\":\"WebPage\",\"@id\":\"https:\\\/\\\/inclusivenews.com.br\\\/?p=15095\",\"url\":\"https:\\\/\\\/inclusivenews.com.br\\\/?p=15095\",\"name\":\"Mais cedo ou mais tarde a estupidez da pol\u00edtica vigente h\u00e1 de se desmascarar -\",\"isPartOf\":{\"@id\":\"https:\\\/\\\/inclusivenews.com.br\\\/#website\"},\"primaryImageOfPage\":{\"@id\":\"https:\\\/\\\/inclusivenews.com.br\\\/?p=15095#primaryimage\"},\"image\":{\"@id\":\"https:\\\/\\\/inclusivenews.com.br\\\/?p=15095#primaryimage\"},\"thumbnailUrl\":\"http:\\\/\\\/www.agenciariff.com.br\\\/entrevistas\\\/imagens\\\/Luiz%20Eduardo%20Soares%201.jpg\",\"datePublished\":\"2010-04-30T09:14:18+00:00\",\"breadcrumb\":{\"@id\":\"https:\\\/\\\/inclusivenews.com.br\\\/?p=15095#breadcrumb\"},\"inLanguage\":\"pt-PT\",\"potentialAction\":[{\"@type\":\"ReadAction\",\"target\":[\"https:\\\/\\\/inclusivenews.com.br\\\/?p=15095\"]}]},{\"@type\":\"ImageObject\",\"inLanguage\":\"pt-PT\",\"@id\":\"https:\\\/\\\/inclusivenews.com.br\\\/?p=15095#primaryimage\",\"url\":\"http:\\\/\\\/www.agenciariff.com.br\\\/entrevistas\\\/imagens\\\/Luiz%20Eduardo%20Soares%201.jpg\",\"contentUrl\":\"http:\\\/\\\/www.agenciariff.com.br\\\/entrevistas\\\/imagens\\\/Luiz%20Eduardo%20Soares%201.jpg\"},{\"@type\":\"BreadcrumbList\",\"@id\":\"https:\\\/\\\/inclusivenews.com.br\\\/?p=15095#breadcrumb\",\"itemListElement\":[{\"@type\":\"ListItem\",\"position\":1,\"name\":\"In\u00edcio\",\"item\":\"https:\\\/\\\/inclusivenews.com.br\\\/\"},{\"@type\":\"ListItem\",\"position\":2,\"name\":\"Mais cedo ou mais tarde a estupidez da pol\u00edtica vigente h\u00e1 de se desmascarar\"}]},{\"@type\":\"WebSite\",\"@id\":\"https:\\\/\\\/inclusivenews.com.br\\\/#website\",\"url\":\"https:\\\/\\\/inclusivenews.com.br\\\/\",\"name\":\"Inclusive News\",\"description\":\"Inclusive News\",\"publisher\":{\"@id\":\"https:\\\/\\\/inclusivenews.com.br\\\/#organization\"},\"potentialAction\":[{\"@type\":\"SearchAction\",\"target\":{\"@type\":\"EntryPoint\",\"urlTemplate\":\"https:\\\/\\\/inclusivenews.com.br\\\/?s={search_term_string}\"},\"query-input\":{\"@type\":\"PropertyValueSpecification\",\"valueRequired\":true,\"valueName\":\"search_term_string\"}}],\"inLanguage\":\"pt-PT\"},{\"@type\":\"Organization\",\"@id\":\"https:\\\/\\\/inclusivenews.com.br\\\/#organization\",\"name\":\"Inclusive - inclus\u00e3o e cidadania\",\"url\":\"https:\\\/\\\/inclusivenews.com.br\\\/\",\"logo\":{\"@type\":\"ImageObject\",\"inLanguage\":\"pt-PT\",\"@id\":\"https:\\\/\\\/inclusivenews.com.br\\\/#\\\/schema\\\/logo\\\/image\\\/\",\"url\":\"https:\\\/\\\/inclusivenews.com.br\\\/wp-content\\\/uploads\\\/2024\\\/03\\\/@grandesite.png\",\"contentUrl\":\"https:\\\/\\\/inclusivenews.com.br\\\/wp-content\\\/uploads\\\/2024\\\/03\\\/@grandesite.png\",\"width\":1080,\"height\":1080,\"caption\":\"Inclusive - inclus\u00e3o e cidadania\"},\"image\":{\"@id\":\"https:\\\/\\\/inclusivenews.com.br\\\/#\\\/schema\\\/logo\\\/image\\\/\"},\"sameAs\":[\"https:\\\/\\\/www.facebook.com\\\/agenciainclusive\\\/\",\"https:\\\/\\\/www.instagram.com\\\/newsinclusive\\\/\"]},{\"@type\":\"Person\",\"@id\":\"https:\\\/\\\/inclusivenews.com.br\\\/#\\\/schema\\\/person\\\/ae4ec7087559b8692fb33b6fffd2273b\",\"name\":\"inclusivenews2024\",\"image\":{\"@type\":\"ImageObject\",\"inLanguage\":\"pt-PT\",\"@id\":\"https:\\\/\\\/secure.gravatar.com\\\/avatar\\\/c5a7ef84c66fa914f55bc4f7ce26cfa275a3b9a1c5568b907bd184fb4dde7b40?s=96&d=mm&r=g\",\"url\":\"https:\\\/\\\/secure.gravatar.com\\\/avatar\\\/c5a7ef84c66fa914f55bc4f7ce26cfa275a3b9a1c5568b907bd184fb4dde7b40?s=96&d=mm&r=g\",\"contentUrl\":\"https:\\\/\\\/secure.gravatar.com\\\/avatar\\\/c5a7ef84c66fa914f55bc4f7ce26cfa275a3b9a1c5568b907bd184fb4dde7b40?s=96&d=mm&r=g\",\"caption\":\"inclusivenews2024\"},\"sameAs\":[\"https:\\\/\\\/inclusivenews.com.br\"],\"url\":\"https:\\\/\\\/inclusivenews.com.br\\\/?author=1\"}]}<\/script>\n<!-- \/ Yoast SEO plugin. -->","yoast_head_json":{"title":"Mais cedo ou mais tarde a estupidez da pol\u00edtica vigente h\u00e1 de se desmascarar -","robots":{"index":"index","follow":"follow","max-snippet":"max-snippet:-1","max-image-preview":"max-image-preview:large","max-video-preview":"max-video-preview:-1"},"canonical":"https:\/\/inclusivenews.com.br\/?p=15095","og_locale":"pt_PT","og_type":"article","og_title":"Mais cedo ou mais tarde a estupidez da pol\u00edtica vigente h\u00e1 de se desmascarar -","og_description":"Mais cedo ou mais tarde a estupidez da pol\u00edtica vigente h\u00e1 de se desmascarar. Entrevista com Luiz Eduardo Soares sobre pol\u00edtica de drogas concedida ao DAR (Desentorpecendo a raz\u00e3o, coletivo anti-proibicionista de S\u00e3o Paulo).","og_url":"https:\/\/inclusivenews.com.br\/?p=15095","article_publisher":"https:\/\/www.facebook.com\/agenciainclusive\/","article_published_time":"2010-04-30T09:14:18+00:00","og_image":[{"url":"http:\/\/www.agenciariff.com.br\/entrevistas\/imagens\/Luiz%20Eduardo%20Soares%201.jpg","type":"","width":"","height":""}],"author":"inclusivenews2024","twitter_card":"summary_large_image","twitter_misc":{"Escrito por":"inclusivenews2024","Tempo estimado de leitura":"12 minutos"},"schema":{"@context":"https:\/\/schema.org","@graph":[{"@type":"Article","@id":"https:\/\/inclusivenews.com.br\/?p=15095#article","isPartOf":{"@id":"https:\/\/inclusivenews.com.br\/?p=15095"},"author":{"name":"inclusivenews2024","@id":"https:\/\/inclusivenews.com.br\/#\/schema\/person\/ae4ec7087559b8692fb33b6fffd2273b"},"headline":"Mais cedo ou mais tarde a estupidez da pol\u00edtica vigente h\u00e1 de se desmascarar","datePublished":"2010-04-30T09:14:18+00:00","mainEntityOfPage":{"@id":"https:\/\/inclusivenews.com.br\/?p=15095"},"wordCount":2381,"commentCount":0,"publisher":{"@id":"https:\/\/inclusivenews.com.br\/#organization"},"image":{"@id":"https:\/\/inclusivenews.com.br\/?p=15095#primaryimage"},"thumbnailUrl":"http:\/\/www.agenciariff.com.br\/entrevistas\/imagens\/Luiz%20Eduardo%20Soares%201.jpg","articleSection":["DIREITOS HUMANOS","ENTREVISTAS","Pol\u00edticas p\u00fablicas"],"inLanguage":"pt-PT","potentialAction":[{"@type":"CommentAction","name":"Comment","target":["https:\/\/inclusivenews.com.br\/?p=15095#respond"]}]},{"@type":"WebPage","@id":"https:\/\/inclusivenews.com.br\/?p=15095","url":"https:\/\/inclusivenews.com.br\/?p=15095","name":"Mais cedo ou mais tarde a estupidez da pol\u00edtica vigente h\u00e1 de se desmascarar -","isPartOf":{"@id":"https:\/\/inclusivenews.com.br\/#website"},"primaryImageOfPage":{"@id":"https:\/\/inclusivenews.com.br\/?p=15095#primaryimage"},"image":{"@id":"https:\/\/inclusivenews.com.br\/?p=15095#primaryimage"},"thumbnailUrl":"http:\/\/www.agenciariff.com.br\/entrevistas\/imagens\/Luiz%20Eduardo%20Soares%201.jpg","datePublished":"2010-04-30T09:14:18+00:00","breadcrumb":{"@id":"https:\/\/inclusivenews.com.br\/?p=15095#breadcrumb"},"inLanguage":"pt-PT","potentialAction":[{"@type":"ReadAction","target":["https:\/\/inclusivenews.com.br\/?p=15095"]}]},{"@type":"ImageObject","inLanguage":"pt-PT","@id":"https:\/\/inclusivenews.com.br\/?p=15095#primaryimage","url":"http:\/\/www.agenciariff.com.br\/entrevistas\/imagens\/Luiz%20Eduardo%20Soares%201.jpg","contentUrl":"http:\/\/www.agenciariff.com.br\/entrevistas\/imagens\/Luiz%20Eduardo%20Soares%201.jpg"},{"@type":"BreadcrumbList","@id":"https:\/\/inclusivenews.com.br\/?p=15095#breadcrumb","itemListElement":[{"@type":"ListItem","position":1,"name":"In\u00edcio","item":"https:\/\/inclusivenews.com.br\/"},{"@type":"ListItem","position":2,"name":"Mais cedo ou mais tarde a estupidez da pol\u00edtica vigente h\u00e1 de se desmascarar"}]},{"@type":"WebSite","@id":"https:\/\/inclusivenews.com.br\/#website","url":"https:\/\/inclusivenews.com.br\/","name":"Inclusive News","description":"Inclusive News","publisher":{"@id":"https:\/\/inclusivenews.com.br\/#organization"},"potentialAction":[{"@type":"SearchAction","target":{"@type":"EntryPoint","urlTemplate":"https:\/\/inclusivenews.com.br\/?s={search_term_string}"},"query-input":{"@type":"PropertyValueSpecification","valueRequired":true,"valueName":"search_term_string"}}],"inLanguage":"pt-PT"},{"@type":"Organization","@id":"https:\/\/inclusivenews.com.br\/#organization","name":"Inclusive - inclus\u00e3o e cidadania","url":"https:\/\/inclusivenews.com.br\/","logo":{"@type":"ImageObject","inLanguage":"pt-PT","@id":"https:\/\/inclusivenews.com.br\/#\/schema\/logo\/image\/","url":"https:\/\/inclusivenews.com.br\/wp-content\/uploads\/2024\/03\/@grandesite.png","contentUrl":"https:\/\/inclusivenews.com.br\/wp-content\/uploads\/2024\/03\/@grandesite.png","width":1080,"height":1080,"caption":"Inclusive - inclus\u00e3o e cidadania"},"image":{"@id":"https:\/\/inclusivenews.com.br\/#\/schema\/logo\/image\/"},"sameAs":["https:\/\/www.facebook.com\/agenciainclusive\/","https:\/\/www.instagram.com\/newsinclusive\/"]},{"@type":"Person","@id":"https:\/\/inclusivenews.com.br\/#\/schema\/person\/ae4ec7087559b8692fb33b6fffd2273b","name":"inclusivenews2024","image":{"@type":"ImageObject","inLanguage":"pt-PT","@id":"https:\/\/secure.gravatar.com\/avatar\/c5a7ef84c66fa914f55bc4f7ce26cfa275a3b9a1c5568b907bd184fb4dde7b40?s=96&d=mm&r=g","url":"https:\/\/secure.gravatar.com\/avatar\/c5a7ef84c66fa914f55bc4f7ce26cfa275a3b9a1c5568b907bd184fb4dde7b40?s=96&d=mm&r=g","contentUrl":"https:\/\/secure.gravatar.com\/avatar\/c5a7ef84c66fa914f55bc4f7ce26cfa275a3b9a1c5568b907bd184fb4dde7b40?s=96&d=mm&r=g","caption":"inclusivenews2024"},"sameAs":["https:\/\/inclusivenews.com.br"],"url":"https:\/\/inclusivenews.com.br\/?author=1"}]}},"_links":{"self":[{"href":"https:\/\/inclusivenews.com.br\/index.php?rest_route=\/wp\/v2\/posts\/15095","targetHints":{"allow":["GET"]}}],"collection":[{"href":"https:\/\/inclusivenews.com.br\/index.php?rest_route=\/wp\/v2\/posts"}],"about":[{"href":"https:\/\/inclusivenews.com.br\/index.php?rest_route=\/wp\/v2\/types\/post"}],"author":[{"embeddable":true,"href":"https:\/\/inclusivenews.com.br\/index.php?rest_route=\/wp\/v2\/users\/1"}],"replies":[{"embeddable":true,"href":"https:\/\/inclusivenews.com.br\/index.php?rest_route=%2Fwp%2Fv2%2Fcomments&post=15095"}],"version-history":[{"count":0,"href":"https:\/\/inclusivenews.com.br\/index.php?rest_route=\/wp\/v2\/posts\/15095\/revisions"}],"wp:attachment":[{"href":"https:\/\/inclusivenews.com.br\/index.php?rest_route=%2Fwp%2Fv2%2Fmedia&parent=15095"}],"wp:term":[{"taxonomy":"category","embeddable":true,"href":"https:\/\/inclusivenews.com.br\/index.php?rest_route=%2Fwp%2Fv2%2Fcategories&post=15095"},{"taxonomy":"post_tag","embeddable":true,"href":"https:\/\/inclusivenews.com.br\/index.php?rest_route=%2Fwp%2Fv2%2Ftags&post=15095"}],"curies":[{"name":"wp","href":"https:\/\/api.w.org\/{rel}","templated":true}]}}