{"id":15106,"date":"2010-05-03T05:50:59","date_gmt":"2010-05-03T08:50:59","guid":{"rendered":"http:\/\/www.inclusive.org.br\/?p=15106"},"modified":"2010-05-03T05:50:59","modified_gmt":"2010-05-03T08:50:59","slug":"a-midia-e-o-estatuto-do-idoso","status":"publish","type":"post","link":"https:\/\/inclusivenews.com.br\/?p=15106","title":{"rendered":"A m\u00eddia e o Estatuto do Idoso"},"content":{"rendered":"<p>\u00a0<\/p>\n<p><strong><\/p>\n<figure id=\"attachment_15158\" aria-describedby=\"caption-attachment-15158\" style=\"width: 300px\" class=\"wp-caption alignleft\"><a href=\"http:\/\/www.inclusivenews.com.br\/wp-content\/uploads\/2010\/05\/idoso.jpg\"><img loading=\"lazy\" decoding=\"async\" class=\"size-full wp-image-15158\" title=\"idoso\" src=\"http:\/\/inclusivenews.com.br\/wp-content\/uploads\/2010\/05\/idoso.jpg\" alt=\"Menina e idoso sorrindo\" width=\"300\" height=\"200\" \/><\/a><figcaption id=\"caption-attachment-15158\" class=\"wp-caption-text\">Menina e idoso sorrindo<\/figcaption><\/figure>\n<p>Por Rog\u00e9rio Faria Tavares em 27\/4\/2010<\/p>\n<p><\/strong><\/p>\n<p>Examinada atentamente \u00e0 luz dos princ\u00edpios e valores constitucionais que buscou concretizar, a Lei n\u00ba 10.741, de 2003, que disp\u00f5e sobre o Estatuto do Idoso, fornece provas irrefut\u00e1veis do v\u00ednculo de absoluta subordina\u00e7\u00e3o que a m\u00eddia deve manter em rela\u00e7\u00e3o aos direitos humanos.<\/p>\n<p>A an\u00e1lise de alguns de seus artigos mais importantes d\u00e1 a exata dimens\u00e3o de sua abrang\u00eancia. Os mandamentos do Estatuto devem ser cumpridos por toda a sociedade brasileira (na qual est\u00e3o inseridos os meios de comunica\u00e7\u00e3o) e pelos poderes p\u00fablicos (\u00e9 \u00fatil lembrar que, operadas em regime de concess\u00e3o estatal, as empresas de r\u00e1dio e televis\u00e3o possuem inequ\u00edvoco compromisso com o interesse p\u00fablico, que deve presidir as suas atividades).<\/p>\n<p>A m\u00eddia n\u00e3o goza, pois, de qualquer tipo de distin\u00e7\u00e3o, condi\u00e7\u00e3o especial ou privil\u00e9gio que a exima de cumprir rigorosamente todos os preceitos enunciados pelo documento legal ora abordado. Esta \u00e9 uma afirmativa que deve acompanhar a leitura de todos os trechos do Estatuto. A conduta editorial e os produtos ofertados pelos meios de comunica\u00e7\u00e3o devem seguir, pois, estritamente, toda a orienta\u00e7\u00e3o emitida pela Lei n\u00ba 10.741.<\/p>\n<p>Liberdade, respeito e dignidade<\/p>\n<p>O artigo segundo do referido diploma legal, por exemplo, reafirma, em rela\u00e7\u00e3o aos maiores de sessenta anos, o que j\u00e1 havia sido institu\u00eddo pela Constitui\u00e7\u00e3o Federal, promulgada em 1988, para qualquer cidad\u00e3o brasileiro: o idoso goza de todos os direitos fundamentais inerentes \u00e0 pessoa humana, devendo a legisla\u00e7\u00e3o assegurar todas as oportunidades e facilidades para a preserva\u00e7\u00e3o de sua sa\u00fade f\u00edsica e mental, e seu aperfei\u00e7oamento moral, intelectual, espiritual e social, em condi\u00e7\u00f5es de liberdade e dignidade.<\/p>\n<p>No mesmo sentido, o artigo terceiro do Estatuto reza que \u00e9 obriga\u00e7\u00e3o da fam\u00edlia, da comunidade, da sociedade e do Poder P\u00fablico assegurar ao idoso, com absoluta prioridade, a efetiva\u00e7\u00e3o do direito \u00e0 vida, \u00e0 sa\u00fade, \u00e0 alimenta\u00e7\u00e3o, \u00e0 educa\u00e7\u00e3o, \u00e0 cultura, ao esporte, ao lazer, ao trabalho, \u00e0 cidadania, \u00e0 liberdade, \u00e0 dignidade, ao respeito e \u00e0 conviv\u00eancia familiar e comunit\u00e1ria.<\/p>\n<p>O artigo quarto define que nenhum idoso ser\u00e1 objeto de qualquer tipo de neglig\u00eancia, discrimina\u00e7\u00e3o, viol\u00eancia, crueldade ou opress\u00e3o, e diz que todo atentado aos seus direitos, por a\u00e7\u00e3o ou omiss\u00e3o, ser\u00e1 punido na forma da lei.<\/p>\n<p>O par\u00e1grafo primeiro do mencionado artigo estabelece que \u00e9 dever de todos prevenir a amea\u00e7a ou viola\u00e7\u00e3o aos direitos do idoso.<\/p>\n<p>J\u00e1 o artigo 10 do Estatuto do Idoso enumera, em seu par\u00e1grafo primeiro, alguns aspectos dos direitos \u00e0 liberdade, ao respeito e \u00e0 dignidade garantidos a esse grupo et\u00e1rio. Em seu inciso primeiro, menciona a liberdade de opini\u00e3o e express\u00e3o. No inciso terceiro, a liberdade de cren\u00e7a e culto religioso. No inciso quinto, a participa\u00e7\u00e3o na vida familiar e comunit\u00e1ria.<\/p>\n<p>Pena para quem humilhar ou discriminar<\/p>\n<p>Merece coment\u00e1rio especial o disposto no par\u00e1grafo segundo do artigo 10, que atribui conte\u00fado preciso ao direito ao respeito: ele consiste na inviolabilidade da integridade f\u00edsica, ps\u00edquica e moral do idoso, abrangendo a preserva\u00e7\u00e3o da imagem, da identidade, da autonomia, de valores, id\u00e9ias e cren\u00e7as, dos espa\u00e7os e objetos pessoais.<\/p>\n<p>O par\u00e1grafo terceiro do mesmo dispositivo da lei \u00e9 ainda mais importante, j\u00e1 que situa como dever de todos zelar pela dignidade do idoso, colocando-o a salvo de qualquer tratamento desumano, violento, aterrorizante, vexat\u00f3rio ou constrangedor.<\/p>\n<p>O cap\u00edtulo quinto do Estatuto do Idoso, intitulado &#8220;Da Educa\u00e7\u00e3o, cultura, esporte e lazer&#8221;, estatui, logo no artigo 20, que o idoso tem direito \u00e0 educa\u00e7\u00e3o, cultura, esporte, lazer, divers\u00f5es, espet\u00e1culos, produtos e servi\u00e7os que respeitem sua peculiar condi\u00e7\u00e3o de idade.<\/p>\n<p>Central, seguramente, \u00e9 o artigo 24, que merece transcri\u00e7\u00e3o literal:<\/p>\n<p>&#8220;Os meios de comunica\u00e7\u00e3o manter\u00e3o espa\u00e7os ou hor\u00e1rios especiais voltados aos idosos, com finalidade informativa, educativa, art\u00edstica e cultural, e ao p\u00fablico sobre o processo de envelhecimento.&#8221;<\/p>\n<p>O par\u00e1grafo primeiro do artigo 96 do Estatuto do Idoso prev\u00ea pena de reclus\u00e3o de seis meses a um ano e multa a quem desdenhar, humilhar, menosprezar ou discriminar pessoa idosa, por qualquer motivo.<\/p>\n<p>Fr\u00e1geis pol\u00eamicas<\/p>\n<p>O artigo 105 atribui pena de deten\u00e7\u00e3o de um a tr\u00eas anos e multa a quem exibir ou veicular, por qualquer meio de comunica\u00e7\u00e3o, informa\u00e7\u00f5es ou imagens depreciativas ou injuriosas \u00e0 pessoa do idoso.<\/p>\n<p>Vale lembrar, tamb\u00e9m, que, por meio de seu artigo 110, o Estatuto do Idoso ampliou o alcance do par\u00e1grafo terceiro do artigo 140 do C\u00f3digo Penal brasileiro, sobre o tipo penal da inj\u00faria. De acordo com a mudan\u00e7a, se o comportamento criminoso de que trata o artigo houver sido realizado com a utiliza\u00e7\u00e3o de elementos referentes \u00e0 condi\u00e7\u00e3o de pessoa idosa, a conseq\u00fc\u00eancia cab\u00edvel \u00e9 uma pena mais elevada que a convencional: dever\u00e1 impor-se a reclus\u00e3o de um a tr\u00eas anos e multa, e n\u00e3o a deten\u00e7\u00e3o de um a seis meses ou multa.<\/p>\n<p>O Estatuto tamb\u00e9m alterou o artigo 141 do C\u00f3digo Penal e imp\u00f4s, em seu inciso quarto, que as penas cab\u00edveis em casos de crimes contra a honra aumentam-se de um ter\u00e7o, se qualquer deles \u00e9 cometido contra pessoa maior de sessenta anos (exceto no caso de inj\u00faria, j\u00e1 regulamentado pelo par\u00e1grafo terceiro do artigo 140).<\/p>\n<p>Finalmente, cabe dizer que o Estatuto, naturalmente, n\u00e3o \u00e9 o \u00fanico exemplo de legisla\u00e7\u00e3o infra-constitucional que honra a preval\u00eancia dos direitos humanos sobre a atua\u00e7\u00e3o dos meios de comunica\u00e7\u00e3o social, hierarquia gerada pela correta interpreta\u00e7\u00e3o da Constitui\u00e7\u00e3o Federal. Famosa norma institu\u00edda contra o racismo, a Lei n. 7716, de 5 de janeiro de 1989, \u00e9 outro. O Estatuto da Crian\u00e7a e do Adolescente, estabelecido pela Lei n\u00ba 8069, de 13 de julho de 1990, \u00e9 um terceiro. E ainda h\u00e1 mais&#8230; Os documentos legais aqui mencionados s\u00e3o filhos leg\u00edtimos da Carta Magna promulgada em 88. Constituem frutos preciosos nascidos do ventre da &#8220;Constitui\u00e7\u00e3o cidad\u00e3&#8221;, que os ampara integralmente.<\/p>\n<p>Resta concluir, da\u00ed, que \u00e9 ao estudo do Direito que deve ser dedicado o tempo atualmente gasto, inutilmente, em fr\u00e1geis pol\u00eamicas, quase todas movidas por ignor\u00e2ncia ou por m\u00e1-f\u00e9, sobre as rela\u00e7\u00f5es entre os meios de comunica\u00e7\u00e3o e os direitos da pessoa humana.<\/p>\n<p>___________________________<\/p>\n<p><strong>Fonte:<\/strong> <a href=\"http:\/\/www.observatoriodaimprensa.com.br\/artigos.asp?cod=587CID001\">Observat\u00f3rio da Imprensa<\/a><\/p>\n","protected":false},"excerpt":{"rendered":"<p>Examinada atentamente \u00e0 luz dos princ\u00edpios e valores constitucionais que buscou concretizar, a Lei n\u00ba 10.741, de 2003, que disp\u00f5e sobre o Estatuto do Idoso, fornece provas irrefut\u00e1veis do v\u00ednculo de absoluta subordina\u00e7\u00e3o que a m\u00eddia deve manter em rela\u00e7\u00e3o aos direitos humanos. Por Rog\u00e9rio Faria Tavares, do Observat\u00f3rio da Imprensa.<\/p>\n","protected":false},"author":1,"featured_media":0,"comment_status":"open","ping_status":"open","sticky":false,"template":"","format":"standard","meta":{"site-container-style":"default","site-container-layout":"default","site-sidebar-layout":"default","disable-article-header":"default","disable-site-header":"default","disable-site-footer":"default","disable-content-area-spacing":"default","footnotes":""},"categories":[11,8],"tags":[],"class_list":["post-15106","post","type-post","status-publish","format-standard","hentry","category-direitos-humanos","category-textos-e-artigos"],"yoast_head":"<!-- This site is optimized with the Yoast SEO plugin v27.4 - https:\/\/yoast.com\/product\/yoast-seo-wordpress\/ -->\n<title>A m\u00eddia e o Estatuto do Idoso -<\/title>\n<meta name=\"robots\" content=\"index, follow, max-snippet:-1, max-image-preview:large, max-video-preview:-1\" \/>\n<link rel=\"canonical\" href=\"https:\/\/inclusivenews.com.br\/?p=15106\" \/>\n<meta property=\"og:locale\" content=\"pt_PT\" \/>\n<meta property=\"og:type\" content=\"article\" \/>\n<meta property=\"og:title\" content=\"A m\u00eddia e o Estatuto do Idoso -\" \/>\n<meta property=\"og:description\" content=\"Examinada atentamente \u00e0 luz dos princ\u00edpios e valores constitucionais que buscou concretizar, a Lei n\u00ba 10.741, de 2003, que disp\u00f5e sobre o Estatuto do Idoso, fornece provas irrefut\u00e1veis do v\u00ednculo de absoluta subordina\u00e7\u00e3o que a m\u00eddia deve manter em rela\u00e7\u00e3o aos direitos humanos. Por Rog\u00e9rio Faria Tavares, do Observat\u00f3rio da Imprensa.\" \/>\n<meta property=\"og:url\" content=\"https:\/\/inclusivenews.com.br\/?p=15106\" \/>\n<meta property=\"article:publisher\" content=\"https:\/\/www.facebook.com\/agenciainclusive\/\" \/>\n<meta property=\"article:published_time\" content=\"2010-05-03T08:50:59+00:00\" \/>\n<meta property=\"og:image\" content=\"http:\/\/inclusivenews.com.br\/wp-content\/uploads\/2010\/05\/idoso.jpg\" \/>\n<meta name=\"author\" content=\"inclusivenews2024\" \/>\n<meta name=\"twitter:card\" content=\"summary_large_image\" \/>\n<meta name=\"twitter:label1\" content=\"Escrito por\" \/>\n\t<meta name=\"twitter:data1\" content=\"inclusivenews2024\" \/>\n\t<meta name=\"twitter:label2\" content=\"Tempo estimado de leitura\" \/>\n\t<meta name=\"twitter:data2\" content=\"5 minutos\" \/>\n<script type=\"application\/ld+json\" class=\"yoast-schema-graph\">{\"@context\":\"https:\\\/\\\/schema.org\",\"@graph\":[{\"@type\":\"Article\",\"@id\":\"https:\\\/\\\/inclusivenews.com.br\\\/?p=15106#article\",\"isPartOf\":{\"@id\":\"https:\\\/\\\/inclusivenews.com.br\\\/?p=15106\"},\"author\":{\"name\":\"inclusivenews2024\",\"@id\":\"https:\\\/\\\/inclusivenews.com.br\\\/#\\\/schema\\\/person\\\/ae4ec7087559b8692fb33b6fffd2273b\"},\"headline\":\"A m\u00eddia e o Estatuto do Idoso\",\"datePublished\":\"2010-05-03T08:50:59+00:00\",\"mainEntityOfPage\":{\"@id\":\"https:\\\/\\\/inclusivenews.com.br\\\/?p=15106\"},\"wordCount\":1093,\"commentCount\":0,\"publisher\":{\"@id\":\"https:\\\/\\\/inclusivenews.com.br\\\/#organization\"},\"image\":{\"@id\":\"https:\\\/\\\/inclusivenews.com.br\\\/?p=15106#primaryimage\"},\"thumbnailUrl\":\"http:\\\/\\\/inclusivenews.com.br\\\/wp-content\\\/uploads\\\/2010\\\/05\\\/idoso.jpg\",\"articleSection\":[\"DIREITOS HUMANOS\",\"OPINI\u00c3O\"],\"inLanguage\":\"pt-PT\",\"potentialAction\":[{\"@type\":\"CommentAction\",\"name\":\"Comment\",\"target\":[\"https:\\\/\\\/inclusivenews.com.br\\\/?p=15106#respond\"]}]},{\"@type\":\"WebPage\",\"@id\":\"https:\\\/\\\/inclusivenews.com.br\\\/?p=15106\",\"url\":\"https:\\\/\\\/inclusivenews.com.br\\\/?p=15106\",\"name\":\"A m\u00eddia e o Estatuto do Idoso -\",\"isPartOf\":{\"@id\":\"https:\\\/\\\/inclusivenews.com.br\\\/#website\"},\"primaryImageOfPage\":{\"@id\":\"https:\\\/\\\/inclusivenews.com.br\\\/?p=15106#primaryimage\"},\"image\":{\"@id\":\"https:\\\/\\\/inclusivenews.com.br\\\/?p=15106#primaryimage\"},\"thumbnailUrl\":\"http:\\\/\\\/inclusivenews.com.br\\\/wp-content\\\/uploads\\\/2010\\\/05\\\/idoso.jpg\",\"datePublished\":\"2010-05-03T08:50:59+00:00\",\"breadcrumb\":{\"@id\":\"https:\\\/\\\/inclusivenews.com.br\\\/?p=15106#breadcrumb\"},\"inLanguage\":\"pt-PT\",\"potentialAction\":[{\"@type\":\"ReadAction\",\"target\":[\"https:\\\/\\\/inclusivenews.com.br\\\/?p=15106\"]}]},{\"@type\":\"ImageObject\",\"inLanguage\":\"pt-PT\",\"@id\":\"https:\\\/\\\/inclusivenews.com.br\\\/?p=15106#primaryimage\",\"url\":\"\",\"contentUrl\":\"\"},{\"@type\":\"BreadcrumbList\",\"@id\":\"https:\\\/\\\/inclusivenews.com.br\\\/?p=15106#breadcrumb\",\"itemListElement\":[{\"@type\":\"ListItem\",\"position\":1,\"name\":\"In\u00edcio\",\"item\":\"https:\\\/\\\/inclusivenews.com.br\\\/\"},{\"@type\":\"ListItem\",\"position\":2,\"name\":\"A m\u00eddia e o Estatuto do Idoso\"}]},{\"@type\":\"WebSite\",\"@id\":\"https:\\\/\\\/inclusivenews.com.br\\\/#website\",\"url\":\"https:\\\/\\\/inclusivenews.com.br\\\/\",\"name\":\"Inclusive News\",\"description\":\"Inclusive News\",\"publisher\":{\"@id\":\"https:\\\/\\\/inclusivenews.com.br\\\/#organization\"},\"potentialAction\":[{\"@type\":\"SearchAction\",\"target\":{\"@type\":\"EntryPoint\",\"urlTemplate\":\"https:\\\/\\\/inclusivenews.com.br\\\/?s={search_term_string}\"},\"query-input\":{\"@type\":\"PropertyValueSpecification\",\"valueRequired\":true,\"valueName\":\"search_term_string\"}}],\"inLanguage\":\"pt-PT\"},{\"@type\":\"Organization\",\"@id\":\"https:\\\/\\\/inclusivenews.com.br\\\/#organization\",\"name\":\"Inclusive - inclus\u00e3o e cidadania\",\"url\":\"https:\\\/\\\/inclusivenews.com.br\\\/\",\"logo\":{\"@type\":\"ImageObject\",\"inLanguage\":\"pt-PT\",\"@id\":\"https:\\\/\\\/inclusivenews.com.br\\\/#\\\/schema\\\/logo\\\/image\\\/\",\"url\":\"https:\\\/\\\/inclusivenews.com.br\\\/wp-content\\\/uploads\\\/2024\\\/03\\\/@grandesite.png\",\"contentUrl\":\"https:\\\/\\\/inclusivenews.com.br\\\/wp-content\\\/uploads\\\/2024\\\/03\\\/@grandesite.png\",\"width\":1080,\"height\":1080,\"caption\":\"Inclusive - inclus\u00e3o e cidadania\"},\"image\":{\"@id\":\"https:\\\/\\\/inclusivenews.com.br\\\/#\\\/schema\\\/logo\\\/image\\\/\"},\"sameAs\":[\"https:\\\/\\\/www.facebook.com\\\/agenciainclusive\\\/\",\"https:\\\/\\\/www.instagram.com\\\/newsinclusive\\\/\"]},{\"@type\":\"Person\",\"@id\":\"https:\\\/\\\/inclusivenews.com.br\\\/#\\\/schema\\\/person\\\/ae4ec7087559b8692fb33b6fffd2273b\",\"name\":\"inclusivenews2024\",\"image\":{\"@type\":\"ImageObject\",\"inLanguage\":\"pt-PT\",\"@id\":\"https:\\\/\\\/secure.gravatar.com\\\/avatar\\\/c5a7ef84c66fa914f55bc4f7ce26cfa275a3b9a1c5568b907bd184fb4dde7b40?s=96&d=mm&r=g\",\"url\":\"https:\\\/\\\/secure.gravatar.com\\\/avatar\\\/c5a7ef84c66fa914f55bc4f7ce26cfa275a3b9a1c5568b907bd184fb4dde7b40?s=96&d=mm&r=g\",\"contentUrl\":\"https:\\\/\\\/secure.gravatar.com\\\/avatar\\\/c5a7ef84c66fa914f55bc4f7ce26cfa275a3b9a1c5568b907bd184fb4dde7b40?s=96&d=mm&r=g\",\"caption\":\"inclusivenews2024\"},\"sameAs\":[\"https:\\\/\\\/inclusivenews.com.br\"],\"url\":\"https:\\\/\\\/inclusivenews.com.br\\\/?author=1\"}]}<\/script>\n<!-- \/ Yoast SEO plugin. -->","yoast_head_json":{"title":"A m\u00eddia e o Estatuto do Idoso -","robots":{"index":"index","follow":"follow","max-snippet":"max-snippet:-1","max-image-preview":"max-image-preview:large","max-video-preview":"max-video-preview:-1"},"canonical":"https:\/\/inclusivenews.com.br\/?p=15106","og_locale":"pt_PT","og_type":"article","og_title":"A m\u00eddia e o Estatuto do Idoso -","og_description":"Examinada atentamente \u00e0 luz dos princ\u00edpios e valores constitucionais que buscou concretizar, a Lei n\u00ba 10.741, de 2003, que disp\u00f5e sobre o Estatuto do Idoso, fornece provas irrefut\u00e1veis do v\u00ednculo de absoluta subordina\u00e7\u00e3o que a m\u00eddia deve manter em rela\u00e7\u00e3o aos direitos humanos. Por Rog\u00e9rio Faria Tavares, do Observat\u00f3rio da Imprensa.","og_url":"https:\/\/inclusivenews.com.br\/?p=15106","article_publisher":"https:\/\/www.facebook.com\/agenciainclusive\/","article_published_time":"2010-05-03T08:50:59+00:00","og_image":[{"url":"http:\/\/inclusivenews.com.br\/wp-content\/uploads\/2010\/05\/idoso.jpg","type":"","width":"","height":""}],"author":"inclusivenews2024","twitter_card":"summary_large_image","twitter_misc":{"Escrito por":"inclusivenews2024","Tempo estimado de leitura":"5 minutos"},"schema":{"@context":"https:\/\/schema.org","@graph":[{"@type":"Article","@id":"https:\/\/inclusivenews.com.br\/?p=15106#article","isPartOf":{"@id":"https:\/\/inclusivenews.com.br\/?p=15106"},"author":{"name":"inclusivenews2024","@id":"https:\/\/inclusivenews.com.br\/#\/schema\/person\/ae4ec7087559b8692fb33b6fffd2273b"},"headline":"A m\u00eddia e o Estatuto do Idoso","datePublished":"2010-05-03T08:50:59+00:00","mainEntityOfPage":{"@id":"https:\/\/inclusivenews.com.br\/?p=15106"},"wordCount":1093,"commentCount":0,"publisher":{"@id":"https:\/\/inclusivenews.com.br\/#organization"},"image":{"@id":"https:\/\/inclusivenews.com.br\/?p=15106#primaryimage"},"thumbnailUrl":"http:\/\/inclusivenews.com.br\/wp-content\/uploads\/2010\/05\/idoso.jpg","articleSection":["DIREITOS HUMANOS","OPINI\u00c3O"],"inLanguage":"pt-PT","potentialAction":[{"@type":"CommentAction","name":"Comment","target":["https:\/\/inclusivenews.com.br\/?p=15106#respond"]}]},{"@type":"WebPage","@id":"https:\/\/inclusivenews.com.br\/?p=15106","url":"https:\/\/inclusivenews.com.br\/?p=15106","name":"A m\u00eddia e o Estatuto do Idoso -","isPartOf":{"@id":"https:\/\/inclusivenews.com.br\/#website"},"primaryImageOfPage":{"@id":"https:\/\/inclusivenews.com.br\/?p=15106#primaryimage"},"image":{"@id":"https:\/\/inclusivenews.com.br\/?p=15106#primaryimage"},"thumbnailUrl":"http:\/\/inclusivenews.com.br\/wp-content\/uploads\/2010\/05\/idoso.jpg","datePublished":"2010-05-03T08:50:59+00:00","breadcrumb":{"@id":"https:\/\/inclusivenews.com.br\/?p=15106#breadcrumb"},"inLanguage":"pt-PT","potentialAction":[{"@type":"ReadAction","target":["https:\/\/inclusivenews.com.br\/?p=15106"]}]},{"@type":"ImageObject","inLanguage":"pt-PT","@id":"https:\/\/inclusivenews.com.br\/?p=15106#primaryimage","url":"","contentUrl":""},{"@type":"BreadcrumbList","@id":"https:\/\/inclusivenews.com.br\/?p=15106#breadcrumb","itemListElement":[{"@type":"ListItem","position":1,"name":"In\u00edcio","item":"https:\/\/inclusivenews.com.br\/"},{"@type":"ListItem","position":2,"name":"A m\u00eddia e o Estatuto do Idoso"}]},{"@type":"WebSite","@id":"https:\/\/inclusivenews.com.br\/#website","url":"https:\/\/inclusivenews.com.br\/","name":"Inclusive News","description":"Inclusive News","publisher":{"@id":"https:\/\/inclusivenews.com.br\/#organization"},"potentialAction":[{"@type":"SearchAction","target":{"@type":"EntryPoint","urlTemplate":"https:\/\/inclusivenews.com.br\/?s={search_term_string}"},"query-input":{"@type":"PropertyValueSpecification","valueRequired":true,"valueName":"search_term_string"}}],"inLanguage":"pt-PT"},{"@type":"Organization","@id":"https:\/\/inclusivenews.com.br\/#organization","name":"Inclusive - inclus\u00e3o e cidadania","url":"https:\/\/inclusivenews.com.br\/","logo":{"@type":"ImageObject","inLanguage":"pt-PT","@id":"https:\/\/inclusivenews.com.br\/#\/schema\/logo\/image\/","url":"https:\/\/inclusivenews.com.br\/wp-content\/uploads\/2024\/03\/@grandesite.png","contentUrl":"https:\/\/inclusivenews.com.br\/wp-content\/uploads\/2024\/03\/@grandesite.png","width":1080,"height":1080,"caption":"Inclusive - inclus\u00e3o e cidadania"},"image":{"@id":"https:\/\/inclusivenews.com.br\/#\/schema\/logo\/image\/"},"sameAs":["https:\/\/www.facebook.com\/agenciainclusive\/","https:\/\/www.instagram.com\/newsinclusive\/"]},{"@type":"Person","@id":"https:\/\/inclusivenews.com.br\/#\/schema\/person\/ae4ec7087559b8692fb33b6fffd2273b","name":"inclusivenews2024","image":{"@type":"ImageObject","inLanguage":"pt-PT","@id":"https:\/\/secure.gravatar.com\/avatar\/c5a7ef84c66fa914f55bc4f7ce26cfa275a3b9a1c5568b907bd184fb4dde7b40?s=96&d=mm&r=g","url":"https:\/\/secure.gravatar.com\/avatar\/c5a7ef84c66fa914f55bc4f7ce26cfa275a3b9a1c5568b907bd184fb4dde7b40?s=96&d=mm&r=g","contentUrl":"https:\/\/secure.gravatar.com\/avatar\/c5a7ef84c66fa914f55bc4f7ce26cfa275a3b9a1c5568b907bd184fb4dde7b40?s=96&d=mm&r=g","caption":"inclusivenews2024"},"sameAs":["https:\/\/inclusivenews.com.br"],"url":"https:\/\/inclusivenews.com.br\/?author=1"}]}},"_links":{"self":[{"href":"https:\/\/inclusivenews.com.br\/index.php?rest_route=\/wp\/v2\/posts\/15106","targetHints":{"allow":["GET"]}}],"collection":[{"href":"https:\/\/inclusivenews.com.br\/index.php?rest_route=\/wp\/v2\/posts"}],"about":[{"href":"https:\/\/inclusivenews.com.br\/index.php?rest_route=\/wp\/v2\/types\/post"}],"author":[{"embeddable":true,"href":"https:\/\/inclusivenews.com.br\/index.php?rest_route=\/wp\/v2\/users\/1"}],"replies":[{"embeddable":true,"href":"https:\/\/inclusivenews.com.br\/index.php?rest_route=%2Fwp%2Fv2%2Fcomments&post=15106"}],"version-history":[{"count":0,"href":"https:\/\/inclusivenews.com.br\/index.php?rest_route=\/wp\/v2\/posts\/15106\/revisions"}],"wp:attachment":[{"href":"https:\/\/inclusivenews.com.br\/index.php?rest_route=%2Fwp%2Fv2%2Fmedia&parent=15106"}],"wp:term":[{"taxonomy":"category","embeddable":true,"href":"https:\/\/inclusivenews.com.br\/index.php?rest_route=%2Fwp%2Fv2%2Fcategories&post=15106"},{"taxonomy":"post_tag","embeddable":true,"href":"https:\/\/inclusivenews.com.br\/index.php?rest_route=%2Fwp%2Fv2%2Ftags&post=15106"}],"curies":[{"name":"wp","href":"https:\/\/api.w.org\/{rel}","templated":true}]}}