{"id":15112,"date":"2010-04-30T07:20:12","date_gmt":"2010-04-30T10:20:12","guid":{"rendered":"http:\/\/www.inclusive.org.br\/?p=15112"},"modified":"2010-04-30T07:20:12","modified_gmt":"2010-04-30T10:20:12","slug":"descumprimento-da-lei-de-cotas-gera-prejuizo-de-r-156-bilhoes","status":"publish","type":"post","link":"https:\/\/inclusivenews.com.br\/?p=15112","title":{"rendered":"Descumprimento da Lei de Cotas gera preju\u00edzo de R$ 15,6 bilh\u00f5es"},"content":{"rendered":"<figure id=\"attachment_15113\" aria-describedby=\"caption-attachment-15113\" style=\"width: 180px\" class=\"wp-caption alignleft\"><a href=\"http:\/\/www.inclusivenews.com.br\/wp-content\/uploads\/2010\/04\/agd.jpg\"><img loading=\"lazy\" decoding=\"async\" class=\"size-full wp-image-15113\" title=\"Pessoas reunidas num audit\u00f3rio.\" src=\"http:\/\/inclusivenews.com.br\/wp-content\/uploads\/2010\/04\/agd.jpg\" alt=\"\" width=\"180\" height=\"136\" \/><\/a><figcaption id=\"caption-attachment-15113\" class=\"wp-caption-text\"> <\/figcaption><\/figure>\n<p>\u00c0s v\u00e9speras do 1\u00b0 de maio, parte dos trabalhadores do pa\u00eds n\u00e3o tem o que comemorar: cerca de 600 mil pessoas com defici\u00eancia n\u00e3o t\u00eam acesso \u00e0s vagas que lhes s\u00e3o garantidas pela Lei de Cotas (artigo 93 da lei 8.213\/91), que determina que empresas com cem ou mais funcion\u00e1rios mantenham percentual entre 2% e 5% de pessoas com defici\u00eancia entre seu quadro de pessoal.<\/p>\n<p>Com isso, perdem as pessoas com defici\u00eancia que n\u00e3o t\u00eam seu direito respeitado e perde o conjunto da sociedade, que n\u00e3o s\u00f3 n\u00e3o convive com a diferen\u00e7a, mas tamb\u00e9m n\u00e3o usufrui os recursos que poderiam ser injetados na economia devido \u00e0 entrada de mais assalariados.<\/p>\n<p>Uma conta baseada na m\u00e9dia dos sal\u00e1rios pagos \u00e0s pessoas com defici\u00eancia hoje empregadas mostra que ao ano R$ 15,6 bilh\u00f5es deixam de ser pagos \u00e0s pessoas com defici\u00eancia exclu\u00eddas do mercado de trabalho. O c\u00e1lculo \u00e9 feito com base nos dados da Rais (Rela\u00e7\u00e3o Anual de Informa\u00e7\u00f5es Sociais) de 2008, dado mais atualizado dispon\u00edvel, o que indica que os n\u00fameros devem ser ainda maiores atualmente.<\/p>\n<p>O problema poderia ser corrigido se empresas e poder p\u00fablico fizessem sua parte. Cabe ao Minist\u00e9rio do Trabalho multar as empresas que n\u00e3o cumprem a lei. O valor varia entre R$ 1.410,79 e R$ 141.077,93. O Minist\u00e9rio P\u00fablico tamb\u00e9m tem papel fiscalizador, mas falta exercer tal papel para corrigir a postura de empresas que n\u00e3o exercem de fato a responsabilidade social.<\/p>\n<p>Trata-se, portanto, de quest\u00e3o de interesse p\u00fablico. \u201cSe a lei for cumprida, milhares de pessoas ter\u00e3o respeitadas sua cidadania, como prev\u00ea recente Conven\u00e7\u00e3o da ONU sobre direitos das pessoas com defici\u00eancia, que, embora ratificada pelo Brasil, n\u00e3o est\u00e1 sendo colocada em pr\u00e1tica no mundo do trabalho\u201d, afirma o coordenador do Espa\u00e7o da Cidadania, Carlos Apar\u00edcio Clemente.<\/p>\n<p>Sociedade \u2013 A sociedade tamb\u00e9m pode fazer sua parte. \u00c9 exatamente isso que t\u00eam feito as cerca de 600 pessoas que participam do 3\u00b0 Programa de Sensibiliza\u00e7\u00e3o Social e Empresarial para Coloca\u00e7\u00e3o de Pessoas com Defici\u00eancia no Mercado de Trabalho, coordenado pelo Espa\u00e7o da Cidadania em conjunto com v\u00e1rias entidades p\u00fablicas e privadas e outros volunt\u00e1rios.<\/p>\n<p>O programa \u00e9 composto por etapas. A primeira terminou ontem na cidade de Limeira, retratado pela foto no momento em que a palestrante M\u00e1rcia Hipolito tirava d\u00favidas do p\u00fablico presente. Esta etapa passou por Osasco, S\u00e3o Paulo, Santos, Lins, Campinas, Salto, S\u00e3o Bernardo do Campo e Limeira atraindo participantes de quase 50 cidades. Todos participaram de palestras de sensibiliza\u00e7\u00e3o sobre o potencial das pessoas com defici\u00eancia. Os participantes dessa etapa se credenciaram para estar na segunda etapa, na qual conhecer\u00e3o \u201clocais que d\u00e3o bons exemplos de inclus\u00e3o, cujas experi\u00eancias poder\u00e3o ser multiplicadas por outros locais do pa\u00eds\u201d, explica Clemente.<\/p>\n<p>A programa\u00e7\u00e3o das visitas ser\u00e1 divulgada em breve, mas est\u00e3o entre os locais a Superintend\u00eancia Regional do Trabalho de S\u00e3o Paulo, respons\u00e1vel pelo melhor \u00edndice de cumprimento da Lei de Cotas no pa\u00eds, e a Secretaria de Estado dos Direitos das Pessoas com Defici\u00eancia que instalou o Memorial da Inclus\u00e3o em Dezembro passado.<\/p>\n<p><strong>Informa\u00e7\u00f5es:<\/strong><\/p>\n<p>Espa\u00e7o da Cidadania<br \/>\n(11) 3685-0915<br \/>\n<a href=\"http:\/\/www.ecidadania.org.br\">www.ecidadania.org.br<\/a><br \/>\n<a href=\"mailto:ecidadania@ecidadania.org.br\">ecidadania@ecidadania.org.br<\/a><\/p>\n","protected":false},"excerpt":{"rendered":"<p>\u00c0s v\u00e9speras do 1\u00b0 de maio, parte dos trabalhadores do pa\u00eds n\u00e3o tem o que comemorar: cerca de 600 mil pessoas com defici\u00eancia n\u00e3o t\u00eam acesso \u00e0s vagas que lhes s\u00e3o garantidas pela Lei de Cotas. Informa\u00e7\u00e3o vem do Espa\u00e7o da Cidadania.<\/p>\n","protected":false},"author":1,"featured_media":0,"comment_status":"open","ping_status":"open","sticky":false,"template":"","format":"standard","meta":{"site-container-style":"default","site-container-layout":"default","site-sidebar-layout":"default","disable-article-header":"default","disable-site-header":"default","disable-site-footer":"default","disable-content-area-spacing":"default","footnotes":""},"categories":[48,46,33],"tags":[],"class_list":["post-15112","post","type-post","status-publish","format-standard","hentry","category-inclusao","category-mercado-de-trabalho","category-reportagem"],"yoast_head":"<!-- This site is optimized with the Yoast SEO plugin v27.4 - https:\/\/yoast.com\/product\/yoast-seo-wordpress\/ -->\n<title>Descumprimento da Lei de Cotas gera preju\u00edzo de R$ 15,6 bilh\u00f5es -<\/title>\n<meta name=\"robots\" content=\"index, follow, max-snippet:-1, max-image-preview:large, max-video-preview:-1\" \/>\n<link rel=\"canonical\" href=\"https:\/\/inclusivenews.com.br\/?p=15112\" \/>\n<meta property=\"og:locale\" content=\"pt_PT\" \/>\n<meta property=\"og:type\" content=\"article\" \/>\n<meta property=\"og:title\" content=\"Descumprimento da Lei de Cotas gera preju\u00edzo de R$ 15,6 bilh\u00f5es -\" \/>\n<meta property=\"og:description\" content=\"\u00c0s v\u00e9speras do 1\u00b0 de maio, parte dos trabalhadores do pa\u00eds n\u00e3o tem o que comemorar: cerca de 600 mil pessoas com defici\u00eancia n\u00e3o t\u00eam acesso \u00e0s vagas que lhes s\u00e3o garantidas pela Lei de Cotas. Informa\u00e7\u00e3o vem do Espa\u00e7o da Cidadania.\" \/>\n<meta property=\"og:url\" content=\"https:\/\/inclusivenews.com.br\/?p=15112\" \/>\n<meta property=\"article:publisher\" content=\"https:\/\/www.facebook.com\/agenciainclusive\/\" \/>\n<meta property=\"article:published_time\" content=\"2010-04-30T10:20:12+00:00\" \/>\n<meta property=\"og:image\" content=\"http:\/\/inclusivenews.com.br\/wp-content\/uploads\/2010\/04\/agd.jpg\" \/>\n<meta name=\"author\" content=\"inclusivenews2024\" \/>\n<meta name=\"twitter:card\" content=\"summary_large_image\" \/>\n<meta name=\"twitter:label1\" content=\"Escrito por\" \/>\n\t<meta name=\"twitter:data1\" content=\"inclusivenews2024\" \/>\n\t<meta name=\"twitter:label2\" content=\"Tempo estimado de leitura\" \/>\n\t<meta name=\"twitter:data2\" content=\"3 minutos\" \/>\n<script type=\"application\/ld+json\" class=\"yoast-schema-graph\">{\"@context\":\"https:\\\/\\\/schema.org\",\"@graph\":[{\"@type\":\"Article\",\"@id\":\"https:\\\/\\\/inclusivenews.com.br\\\/?p=15112#article\",\"isPartOf\":{\"@id\":\"https:\\\/\\\/inclusivenews.com.br\\\/?p=15112\"},\"author\":{\"name\":\"inclusivenews2024\",\"@id\":\"https:\\\/\\\/inclusivenews.com.br\\\/#\\\/schema\\\/person\\\/ae4ec7087559b8692fb33b6fffd2273b\"},\"headline\":\"Descumprimento da Lei de Cotas gera preju\u00edzo de R$ 15,6 bilh\u00f5es\",\"datePublished\":\"2010-04-30T10:20:12+00:00\",\"mainEntityOfPage\":{\"@id\":\"https:\\\/\\\/inclusivenews.com.br\\\/?p=15112\"},\"wordCount\":592,\"commentCount\":0,\"publisher\":{\"@id\":\"https:\\\/\\\/inclusivenews.com.br\\\/#organization\"},\"image\":{\"@id\":\"https:\\\/\\\/inclusivenews.com.br\\\/?p=15112#primaryimage\"},\"thumbnailUrl\":\"http:\\\/\\\/inclusivenews.com.br\\\/wp-content\\\/uploads\\\/2010\\\/04\\\/agd.jpg\",\"articleSection\":[\"INCLUS\u00c3O SOCIAL\",\"Mercado de Trabalho\",\"Reportagem\"],\"inLanguage\":\"pt-PT\",\"potentialAction\":[{\"@type\":\"CommentAction\",\"name\":\"Comment\",\"target\":[\"https:\\\/\\\/inclusivenews.com.br\\\/?p=15112#respond\"]}]},{\"@type\":\"WebPage\",\"@id\":\"https:\\\/\\\/inclusivenews.com.br\\\/?p=15112\",\"url\":\"https:\\\/\\\/inclusivenews.com.br\\\/?p=15112\",\"name\":\"Descumprimento da Lei de Cotas gera preju\u00edzo de R$ 15,6 bilh\u00f5es -\",\"isPartOf\":{\"@id\":\"https:\\\/\\\/inclusivenews.com.br\\\/#website\"},\"primaryImageOfPage\":{\"@id\":\"https:\\\/\\\/inclusivenews.com.br\\\/?p=15112#primaryimage\"},\"image\":{\"@id\":\"https:\\\/\\\/inclusivenews.com.br\\\/?p=15112#primaryimage\"},\"thumbnailUrl\":\"http:\\\/\\\/inclusivenews.com.br\\\/wp-content\\\/uploads\\\/2010\\\/04\\\/agd.jpg\",\"datePublished\":\"2010-04-30T10:20:12+00:00\",\"breadcrumb\":{\"@id\":\"https:\\\/\\\/inclusivenews.com.br\\\/?p=15112#breadcrumb\"},\"inLanguage\":\"pt-PT\",\"potentialAction\":[{\"@type\":\"ReadAction\",\"target\":[\"https:\\\/\\\/inclusivenews.com.br\\\/?p=15112\"]}]},{\"@type\":\"ImageObject\",\"inLanguage\":\"pt-PT\",\"@id\":\"https:\\\/\\\/inclusivenews.com.br\\\/?p=15112#primaryimage\",\"url\":\"\",\"contentUrl\":\"\"},{\"@type\":\"BreadcrumbList\",\"@id\":\"https:\\\/\\\/inclusivenews.com.br\\\/?p=15112#breadcrumb\",\"itemListElement\":[{\"@type\":\"ListItem\",\"position\":1,\"name\":\"In\u00edcio\",\"item\":\"https:\\\/\\\/inclusivenews.com.br\\\/\"},{\"@type\":\"ListItem\",\"position\":2,\"name\":\"Descumprimento da Lei de Cotas gera preju\u00edzo de R$ 15,6 bilh\u00f5es\"}]},{\"@type\":\"WebSite\",\"@id\":\"https:\\\/\\\/inclusivenews.com.br\\\/#website\",\"url\":\"https:\\\/\\\/inclusivenews.com.br\\\/\",\"name\":\"Inclusive News\",\"description\":\"Inclusive News\",\"publisher\":{\"@id\":\"https:\\\/\\\/inclusivenews.com.br\\\/#organization\"},\"potentialAction\":[{\"@type\":\"SearchAction\",\"target\":{\"@type\":\"EntryPoint\",\"urlTemplate\":\"https:\\\/\\\/inclusivenews.com.br\\\/?s={search_term_string}\"},\"query-input\":{\"@type\":\"PropertyValueSpecification\",\"valueRequired\":true,\"valueName\":\"search_term_string\"}}],\"inLanguage\":\"pt-PT\"},{\"@type\":\"Organization\",\"@id\":\"https:\\\/\\\/inclusivenews.com.br\\\/#organization\",\"name\":\"Inclusive - inclus\u00e3o e cidadania\",\"url\":\"https:\\\/\\\/inclusivenews.com.br\\\/\",\"logo\":{\"@type\":\"ImageObject\",\"inLanguage\":\"pt-PT\",\"@id\":\"https:\\\/\\\/inclusivenews.com.br\\\/#\\\/schema\\\/logo\\\/image\\\/\",\"url\":\"https:\\\/\\\/inclusivenews.com.br\\\/wp-content\\\/uploads\\\/2024\\\/03\\\/@grandesite.png\",\"contentUrl\":\"https:\\\/\\\/inclusivenews.com.br\\\/wp-content\\\/uploads\\\/2024\\\/03\\\/@grandesite.png\",\"width\":1080,\"height\":1080,\"caption\":\"Inclusive - inclus\u00e3o e cidadania\"},\"image\":{\"@id\":\"https:\\\/\\\/inclusivenews.com.br\\\/#\\\/schema\\\/logo\\\/image\\\/\"},\"sameAs\":[\"https:\\\/\\\/www.facebook.com\\\/agenciainclusive\\\/\",\"https:\\\/\\\/www.instagram.com\\\/newsinclusive\\\/\"]},{\"@type\":\"Person\",\"@id\":\"https:\\\/\\\/inclusivenews.com.br\\\/#\\\/schema\\\/person\\\/ae4ec7087559b8692fb33b6fffd2273b\",\"name\":\"inclusivenews2024\",\"image\":{\"@type\":\"ImageObject\",\"inLanguage\":\"pt-PT\",\"@id\":\"https:\\\/\\\/secure.gravatar.com\\\/avatar\\\/c5a7ef84c66fa914f55bc4f7ce26cfa275a3b9a1c5568b907bd184fb4dde7b40?s=96&d=mm&r=g\",\"url\":\"https:\\\/\\\/secure.gravatar.com\\\/avatar\\\/c5a7ef84c66fa914f55bc4f7ce26cfa275a3b9a1c5568b907bd184fb4dde7b40?s=96&d=mm&r=g\",\"contentUrl\":\"https:\\\/\\\/secure.gravatar.com\\\/avatar\\\/c5a7ef84c66fa914f55bc4f7ce26cfa275a3b9a1c5568b907bd184fb4dde7b40?s=96&d=mm&r=g\",\"caption\":\"inclusivenews2024\"},\"sameAs\":[\"https:\\\/\\\/inclusivenews.com.br\"],\"url\":\"https:\\\/\\\/inclusivenews.com.br\\\/?author=1\"}]}<\/script>\n<!-- \/ Yoast SEO plugin. -->","yoast_head_json":{"title":"Descumprimento da Lei de Cotas gera preju\u00edzo de R$ 15,6 bilh\u00f5es -","robots":{"index":"index","follow":"follow","max-snippet":"max-snippet:-1","max-image-preview":"max-image-preview:large","max-video-preview":"max-video-preview:-1"},"canonical":"https:\/\/inclusivenews.com.br\/?p=15112","og_locale":"pt_PT","og_type":"article","og_title":"Descumprimento da Lei de Cotas gera preju\u00edzo de R$ 15,6 bilh\u00f5es -","og_description":"\u00c0s v\u00e9speras do 1\u00b0 de maio, parte dos trabalhadores do pa\u00eds n\u00e3o tem o que comemorar: cerca de 600 mil pessoas com defici\u00eancia n\u00e3o t\u00eam acesso \u00e0s vagas que lhes s\u00e3o garantidas pela Lei de Cotas. Informa\u00e7\u00e3o vem do Espa\u00e7o da Cidadania.","og_url":"https:\/\/inclusivenews.com.br\/?p=15112","article_publisher":"https:\/\/www.facebook.com\/agenciainclusive\/","article_published_time":"2010-04-30T10:20:12+00:00","og_image":[{"url":"http:\/\/inclusivenews.com.br\/wp-content\/uploads\/2010\/04\/agd.jpg","type":"","width":"","height":""}],"author":"inclusivenews2024","twitter_card":"summary_large_image","twitter_misc":{"Escrito por":"inclusivenews2024","Tempo estimado de leitura":"3 minutos"},"schema":{"@context":"https:\/\/schema.org","@graph":[{"@type":"Article","@id":"https:\/\/inclusivenews.com.br\/?p=15112#article","isPartOf":{"@id":"https:\/\/inclusivenews.com.br\/?p=15112"},"author":{"name":"inclusivenews2024","@id":"https:\/\/inclusivenews.com.br\/#\/schema\/person\/ae4ec7087559b8692fb33b6fffd2273b"},"headline":"Descumprimento da Lei de Cotas gera preju\u00edzo de R$ 15,6 bilh\u00f5es","datePublished":"2010-04-30T10:20:12+00:00","mainEntityOfPage":{"@id":"https:\/\/inclusivenews.com.br\/?p=15112"},"wordCount":592,"commentCount":0,"publisher":{"@id":"https:\/\/inclusivenews.com.br\/#organization"},"image":{"@id":"https:\/\/inclusivenews.com.br\/?p=15112#primaryimage"},"thumbnailUrl":"http:\/\/inclusivenews.com.br\/wp-content\/uploads\/2010\/04\/agd.jpg","articleSection":["INCLUS\u00c3O SOCIAL","Mercado de Trabalho","Reportagem"],"inLanguage":"pt-PT","potentialAction":[{"@type":"CommentAction","name":"Comment","target":["https:\/\/inclusivenews.com.br\/?p=15112#respond"]}]},{"@type":"WebPage","@id":"https:\/\/inclusivenews.com.br\/?p=15112","url":"https:\/\/inclusivenews.com.br\/?p=15112","name":"Descumprimento da Lei de Cotas gera preju\u00edzo de R$ 15,6 bilh\u00f5es -","isPartOf":{"@id":"https:\/\/inclusivenews.com.br\/#website"},"primaryImageOfPage":{"@id":"https:\/\/inclusivenews.com.br\/?p=15112#primaryimage"},"image":{"@id":"https:\/\/inclusivenews.com.br\/?p=15112#primaryimage"},"thumbnailUrl":"http:\/\/inclusivenews.com.br\/wp-content\/uploads\/2010\/04\/agd.jpg","datePublished":"2010-04-30T10:20:12+00:00","breadcrumb":{"@id":"https:\/\/inclusivenews.com.br\/?p=15112#breadcrumb"},"inLanguage":"pt-PT","potentialAction":[{"@type":"ReadAction","target":["https:\/\/inclusivenews.com.br\/?p=15112"]}]},{"@type":"ImageObject","inLanguage":"pt-PT","@id":"https:\/\/inclusivenews.com.br\/?p=15112#primaryimage","url":"","contentUrl":""},{"@type":"BreadcrumbList","@id":"https:\/\/inclusivenews.com.br\/?p=15112#breadcrumb","itemListElement":[{"@type":"ListItem","position":1,"name":"In\u00edcio","item":"https:\/\/inclusivenews.com.br\/"},{"@type":"ListItem","position":2,"name":"Descumprimento da Lei de Cotas gera preju\u00edzo de R$ 15,6 bilh\u00f5es"}]},{"@type":"WebSite","@id":"https:\/\/inclusivenews.com.br\/#website","url":"https:\/\/inclusivenews.com.br\/","name":"Inclusive News","description":"Inclusive News","publisher":{"@id":"https:\/\/inclusivenews.com.br\/#organization"},"potentialAction":[{"@type":"SearchAction","target":{"@type":"EntryPoint","urlTemplate":"https:\/\/inclusivenews.com.br\/?s={search_term_string}"},"query-input":{"@type":"PropertyValueSpecification","valueRequired":true,"valueName":"search_term_string"}}],"inLanguage":"pt-PT"},{"@type":"Organization","@id":"https:\/\/inclusivenews.com.br\/#organization","name":"Inclusive - inclus\u00e3o e cidadania","url":"https:\/\/inclusivenews.com.br\/","logo":{"@type":"ImageObject","inLanguage":"pt-PT","@id":"https:\/\/inclusivenews.com.br\/#\/schema\/logo\/image\/","url":"https:\/\/inclusivenews.com.br\/wp-content\/uploads\/2024\/03\/@grandesite.png","contentUrl":"https:\/\/inclusivenews.com.br\/wp-content\/uploads\/2024\/03\/@grandesite.png","width":1080,"height":1080,"caption":"Inclusive - inclus\u00e3o e cidadania"},"image":{"@id":"https:\/\/inclusivenews.com.br\/#\/schema\/logo\/image\/"},"sameAs":["https:\/\/www.facebook.com\/agenciainclusive\/","https:\/\/www.instagram.com\/newsinclusive\/"]},{"@type":"Person","@id":"https:\/\/inclusivenews.com.br\/#\/schema\/person\/ae4ec7087559b8692fb33b6fffd2273b","name":"inclusivenews2024","image":{"@type":"ImageObject","inLanguage":"pt-PT","@id":"https:\/\/secure.gravatar.com\/avatar\/c5a7ef84c66fa914f55bc4f7ce26cfa275a3b9a1c5568b907bd184fb4dde7b40?s=96&d=mm&r=g","url":"https:\/\/secure.gravatar.com\/avatar\/c5a7ef84c66fa914f55bc4f7ce26cfa275a3b9a1c5568b907bd184fb4dde7b40?s=96&d=mm&r=g","contentUrl":"https:\/\/secure.gravatar.com\/avatar\/c5a7ef84c66fa914f55bc4f7ce26cfa275a3b9a1c5568b907bd184fb4dde7b40?s=96&d=mm&r=g","caption":"inclusivenews2024"},"sameAs":["https:\/\/inclusivenews.com.br"],"url":"https:\/\/inclusivenews.com.br\/?author=1"}]}},"_links":{"self":[{"href":"https:\/\/inclusivenews.com.br\/index.php?rest_route=\/wp\/v2\/posts\/15112","targetHints":{"allow":["GET"]}}],"collection":[{"href":"https:\/\/inclusivenews.com.br\/index.php?rest_route=\/wp\/v2\/posts"}],"about":[{"href":"https:\/\/inclusivenews.com.br\/index.php?rest_route=\/wp\/v2\/types\/post"}],"author":[{"embeddable":true,"href":"https:\/\/inclusivenews.com.br\/index.php?rest_route=\/wp\/v2\/users\/1"}],"replies":[{"embeddable":true,"href":"https:\/\/inclusivenews.com.br\/index.php?rest_route=%2Fwp%2Fv2%2Fcomments&post=15112"}],"version-history":[{"count":0,"href":"https:\/\/inclusivenews.com.br\/index.php?rest_route=\/wp\/v2\/posts\/15112\/revisions"}],"wp:attachment":[{"href":"https:\/\/inclusivenews.com.br\/index.php?rest_route=%2Fwp%2Fv2%2Fmedia&parent=15112"}],"wp:term":[{"taxonomy":"category","embeddable":true,"href":"https:\/\/inclusivenews.com.br\/index.php?rest_route=%2Fwp%2Fv2%2Fcategories&post=15112"},{"taxonomy":"post_tag","embeddable":true,"href":"https:\/\/inclusivenews.com.br\/index.php?rest_route=%2Fwp%2Fv2%2Ftags&post=15112"}],"curies":[{"name":"wp","href":"https:\/\/api.w.org\/{rel}","templated":true}]}}