{"id":15119,"date":"2010-05-02T10:29:01","date_gmt":"2010-05-02T13:29:01","guid":{"rendered":"http:\/\/www.inclusive.org.br\/?p=15119"},"modified":"2010-05-02T10:29:01","modified_gmt":"2010-05-02T13:29:01","slug":"o-amor-dos-outros-fica-em-primeiro-lugar-e-recebe-premio","status":"publish","type":"post","link":"https:\/\/inclusivenews.com.br\/?p=15119","title":{"rendered":"&quot;O amor dos outros&quot; fica em primeiro lugar e recebe pr\u00eamio"},"content":{"rendered":"<figure style=\"width: 227px\" class=\"wp-caption alignleft\"><img loading=\"lazy\" decoding=\"async\" title=\"Pela diversidade, contra a discrimina\u00e7\u00e3o\" src=\"http:\/\/copy.pnn.pt\/noticias_imagens\/premiojornalismo.jpg\" alt=\"\" width=\"227\" height=\"62\" \/><figcaption class=\"wp-caption-text\"> <\/figcaption><\/figure>\n<p>O pr\u00e9mio de jornalismo europeu \u00abPela Diversidade. Contra a Discrimina\u00e7\u00e3o\u00bb foi entregue esta quinta-feira pela Comiss\u00e3o Europeia a uma jornalista do di\u00e1rio alem\u00e3o S\u00fcddeutsche Zeitung.<\/p>\n<p>O pr\u00e9mio foi atribu\u00eddo ao jornal alem\u00e3o como reconhecimento pelo seu trabalho na consciencializa\u00e7\u00e3o da discrimina\u00e7\u00e3o. Um jornalista h\u00fangaro ficou em segundo lugar e a Finl\u00e2ndia recebeu o pr\u00e9mio especial, que premeia artigos que relacionassem os factores pobreza e discrimina\u00e7\u00e3o.<\/p>\n<p>A cerim\u00f3nia, que lugar em Bruxelas, distinguiu os jornalistas que, atrav\u00e9s do seu trabalho, ajudam a criar um maior conhecimento sobre os benef\u00edcios da diversidade e que levam a que os seus leitores reflictam acerca de temas como a discrimina\u00e7\u00e3o e desigualdade.<\/p>\n<p>\u00abOs Media t\u00eam um papel importante no combate \u00e0 discrimina\u00e7\u00e3o, preconceitos e estere\u00f3tipos, atrav\u00e9s de reportagens acerca destes temas, ajudando a formar opini\u00f5es e a consciencializar a sociedade\u00bb, defendeu a vice-presidente da Comiss\u00e3o Europeia e Comiss\u00e1ria para a Justi\u00e7a, Direitos Fundamentais e Cidadania, Viviane Reding.<br \/>\n\u00abOs premiados de hoje contribu\u00edram de modo significativo para consciencializar o p\u00fablico relativamente \u00e0 discrimina\u00e7\u00e3o e eu espero que isto encoraje outros jornalistas a concorrerem \u00e0 edi\u00e7\u00e3o de 2010 deste pr\u00e9mio de jornalismo\u00bb, acrescentou Reding.<\/p>\n<p>A vencedora do primeiro pr\u00e9mio, Kathrin L\u00f6ther, uma jovem jornalista alem\u00e3, conseguiu o primeiro lugar com o artigo \u00abDas Lieben der Anderen\u00bb (\u00abO amor dos outros\u00bb), publicado no jornal di\u00e1rio S\u00fcddeutsche Zeitung. O artigo fala de rela\u00e7\u00f5es amorosas entre pessoas com defici\u00eancia. Istv\u00e1n Balla ganhou o segundo pr\u00e9mio com o artigo \u00abMit l\u00e1tnak Budapestb\u0151l a cig\u00e1ny gyerekek?\u00bb (\u00abO que v\u00eaem as crian\u00e7as ciganas em Budapeste?\u00bb), que trata das condi\u00e7\u00f5es de vida das crian\u00e7as ciganas. O pr\u00e9mio especial foi ganho por Hanna Nikkanen, com o artigo \u00abKerrosten v\u00e4liss\u00e4\u00bb (\u00abEntre a espada e a parede\u00bb), publicado na revista finlandesa Voima e conta a hist\u00f3ria de um migrante que enfrenta uma situa\u00e7\u00e3o de pobreza.<\/p>\n<p>A Comiss\u00e3o Europeia est\u00e1 agora a lan\u00e7ar a edi\u00e7\u00e3o de 2010 do pr\u00e9mio \u00abPela Diversidade. Contra a Discrimina\u00e7\u00e3o\u00bb. Podem inscrever-se todos os jornalistas que tenham feito artigos sobre discrimina\u00e7\u00e3o, seja ela racial, \u00e9tnica, religiosa, contra pessoas com defici\u00eancia ou relacionada com orienta\u00e7\u00e3o sexual, e que tenham sido publicados entre 1 de Setembro de 2009 e 17 de Setembro de 2010.<\/p>\n<p>_________________<\/p>\n<p><strong>Fonte:<\/strong> <a href=\"http:\/\/www.jornaldigital.com\/noticias.php?noticia=21939\">Jornal Digital<\/a><\/p>\n","protected":false},"excerpt":{"rendered":"<p>Publicado no jornal di\u00e1rio S\u00fcddeutsche Zeitung, o artigo fala de rela\u00e7\u00f5es amorosas entre pessoas com defici\u00eancia. <\/p>\n","protected":false},"author":1,"featured_media":0,"comment_status":"open","ping_status":"open","sticky":false,"template":"","format":"standard","meta":{"site-container-style":"default","site-container-layout":"default","site-sidebar-layout":"default","disable-article-header":"default","disable-site-header":"default","disable-site-footer":"default","disable-content-area-spacing":"default","footnotes":""},"categories":[38,48,4,33],"tags":[],"class_list":["post-15119","post","type-post","status-publish","format-standard","hentry","category-deficiencia","category-inclusao","category-noticias","category-reportagem"],"yoast_head":"<!-- This site is optimized with the Yoast SEO plugin v27.4 - https:\/\/yoast.com\/product\/yoast-seo-wordpress\/ -->\n<title>&quot;O amor dos outros&quot; fica em primeiro lugar e recebe pr\u00eamio -<\/title>\n<meta name=\"robots\" content=\"index, follow, max-snippet:-1, max-image-preview:large, max-video-preview:-1\" \/>\n<link rel=\"canonical\" href=\"https:\/\/inclusivenews.com.br\/?p=15119\" \/>\n<meta property=\"og:locale\" content=\"pt_PT\" \/>\n<meta property=\"og:type\" content=\"article\" \/>\n<meta property=\"og:title\" content=\"&quot;O amor dos outros&quot; fica em primeiro lugar e recebe pr\u00eamio -\" \/>\n<meta property=\"og:description\" content=\"Publicado no jornal di\u00e1rio S\u00fcddeutsche Zeitung, o artigo fala de rela\u00e7\u00f5es amorosas entre pessoas com defici\u00eancia.\" \/>\n<meta property=\"og:url\" content=\"https:\/\/inclusivenews.com.br\/?p=15119\" \/>\n<meta property=\"article:publisher\" content=\"https:\/\/www.facebook.com\/agenciainclusive\/\" \/>\n<meta property=\"article:published_time\" content=\"2010-05-02T13:29:01+00:00\" \/>\n<meta property=\"og:image\" content=\"http:\/\/copy.pnn.pt\/noticias_imagens\/premiojornalismo.jpg\" \/>\n<meta name=\"author\" content=\"inclusivenews2024\" \/>\n<meta name=\"twitter:card\" content=\"summary_large_image\" \/>\n<meta name=\"twitter:label1\" content=\"Escrito por\" \/>\n\t<meta name=\"twitter:data1\" content=\"inclusivenews2024\" \/>\n\t<meta name=\"twitter:label2\" content=\"Tempo estimado de leitura\" \/>\n\t<meta name=\"twitter:data2\" content=\"2 minutos\" \/>\n<script type=\"application\/ld+json\" class=\"yoast-schema-graph\">{\"@context\":\"https:\\\/\\\/schema.org\",\"@graph\":[{\"@type\":\"Article\",\"@id\":\"https:\\\/\\\/inclusivenews.com.br\\\/?p=15119#article\",\"isPartOf\":{\"@id\":\"https:\\\/\\\/inclusivenews.com.br\\\/?p=15119\"},\"author\":{\"name\":\"inclusivenews2024\",\"@id\":\"https:\\\/\\\/inclusivenews.com.br\\\/#\\\/schema\\\/person\\\/ae4ec7087559b8692fb33b6fffd2273b\"},\"headline\":\"&quot;O amor dos outros&quot; fica em primeiro lugar e recebe pr\u00eamio\",\"datePublished\":\"2010-05-02T13:29:01+00:00\",\"mainEntityOfPage\":{\"@id\":\"https:\\\/\\\/inclusivenews.com.br\\\/?p=15119\"},\"wordCount\":432,\"commentCount\":0,\"publisher\":{\"@id\":\"https:\\\/\\\/inclusivenews.com.br\\\/#organization\"},\"image\":{\"@id\":\"https:\\\/\\\/inclusivenews.com.br\\\/?p=15119#primaryimage\"},\"thumbnailUrl\":\"http:\\\/\\\/copy.pnn.pt\\\/noticias_imagens\\\/premiojornalismo.jpg\",\"articleSection\":[\"Defici\u00eancia\",\"INCLUS\u00c3O SOCIAL\",\"NOT\u00cdCIAS\",\"Reportagem\"],\"inLanguage\":\"pt-PT\",\"potentialAction\":[{\"@type\":\"CommentAction\",\"name\":\"Comment\",\"target\":[\"https:\\\/\\\/inclusivenews.com.br\\\/?p=15119#respond\"]}]},{\"@type\":\"WebPage\",\"@id\":\"https:\\\/\\\/inclusivenews.com.br\\\/?p=15119\",\"url\":\"https:\\\/\\\/inclusivenews.com.br\\\/?p=15119\",\"name\":\"&quot;O amor dos outros&quot; fica em primeiro lugar e recebe pr\u00eamio -\",\"isPartOf\":{\"@id\":\"https:\\\/\\\/inclusivenews.com.br\\\/#website\"},\"primaryImageOfPage\":{\"@id\":\"https:\\\/\\\/inclusivenews.com.br\\\/?p=15119#primaryimage\"},\"image\":{\"@id\":\"https:\\\/\\\/inclusivenews.com.br\\\/?p=15119#primaryimage\"},\"thumbnailUrl\":\"http:\\\/\\\/copy.pnn.pt\\\/noticias_imagens\\\/premiojornalismo.jpg\",\"datePublished\":\"2010-05-02T13:29:01+00:00\",\"breadcrumb\":{\"@id\":\"https:\\\/\\\/inclusivenews.com.br\\\/?p=15119#breadcrumb\"},\"inLanguage\":\"pt-PT\",\"potentialAction\":[{\"@type\":\"ReadAction\",\"target\":[\"https:\\\/\\\/inclusivenews.com.br\\\/?p=15119\"]}]},{\"@type\":\"ImageObject\",\"inLanguage\":\"pt-PT\",\"@id\":\"https:\\\/\\\/inclusivenews.com.br\\\/?p=15119#primaryimage\",\"url\":\"http:\\\/\\\/copy.pnn.pt\\\/noticias_imagens\\\/premiojornalismo.jpg\",\"contentUrl\":\"http:\\\/\\\/copy.pnn.pt\\\/noticias_imagens\\\/premiojornalismo.jpg\"},{\"@type\":\"BreadcrumbList\",\"@id\":\"https:\\\/\\\/inclusivenews.com.br\\\/?p=15119#breadcrumb\",\"itemListElement\":[{\"@type\":\"ListItem\",\"position\":1,\"name\":\"In\u00edcio\",\"item\":\"https:\\\/\\\/inclusivenews.com.br\\\/\"},{\"@type\":\"ListItem\",\"position\":2,\"name\":\"&quot;O amor dos outros&quot; fica em primeiro lugar e recebe pr\u00eamio\"}]},{\"@type\":\"WebSite\",\"@id\":\"https:\\\/\\\/inclusivenews.com.br\\\/#website\",\"url\":\"https:\\\/\\\/inclusivenews.com.br\\\/\",\"name\":\"Inclusive News\",\"description\":\"Inclusive News\",\"publisher\":{\"@id\":\"https:\\\/\\\/inclusivenews.com.br\\\/#organization\"},\"potentialAction\":[{\"@type\":\"SearchAction\",\"target\":{\"@type\":\"EntryPoint\",\"urlTemplate\":\"https:\\\/\\\/inclusivenews.com.br\\\/?s={search_term_string}\"},\"query-input\":{\"@type\":\"PropertyValueSpecification\",\"valueRequired\":true,\"valueName\":\"search_term_string\"}}],\"inLanguage\":\"pt-PT\"},{\"@type\":\"Organization\",\"@id\":\"https:\\\/\\\/inclusivenews.com.br\\\/#organization\",\"name\":\"Inclusive - inclus\u00e3o e cidadania\",\"url\":\"https:\\\/\\\/inclusivenews.com.br\\\/\",\"logo\":{\"@type\":\"ImageObject\",\"inLanguage\":\"pt-PT\",\"@id\":\"https:\\\/\\\/inclusivenews.com.br\\\/#\\\/schema\\\/logo\\\/image\\\/\",\"url\":\"https:\\\/\\\/inclusivenews.com.br\\\/wp-content\\\/uploads\\\/2024\\\/03\\\/@grandesite.png\",\"contentUrl\":\"https:\\\/\\\/inclusivenews.com.br\\\/wp-content\\\/uploads\\\/2024\\\/03\\\/@grandesite.png\",\"width\":1080,\"height\":1080,\"caption\":\"Inclusive - inclus\u00e3o e cidadania\"},\"image\":{\"@id\":\"https:\\\/\\\/inclusivenews.com.br\\\/#\\\/schema\\\/logo\\\/image\\\/\"},\"sameAs\":[\"https:\\\/\\\/www.facebook.com\\\/agenciainclusive\\\/\",\"https:\\\/\\\/www.instagram.com\\\/newsinclusive\\\/\"]},{\"@type\":\"Person\",\"@id\":\"https:\\\/\\\/inclusivenews.com.br\\\/#\\\/schema\\\/person\\\/ae4ec7087559b8692fb33b6fffd2273b\",\"name\":\"inclusivenews2024\",\"image\":{\"@type\":\"ImageObject\",\"inLanguage\":\"pt-PT\",\"@id\":\"https:\\\/\\\/secure.gravatar.com\\\/avatar\\\/c5a7ef84c66fa914f55bc4f7ce26cfa275a3b9a1c5568b907bd184fb4dde7b40?s=96&d=mm&r=g\",\"url\":\"https:\\\/\\\/secure.gravatar.com\\\/avatar\\\/c5a7ef84c66fa914f55bc4f7ce26cfa275a3b9a1c5568b907bd184fb4dde7b40?s=96&d=mm&r=g\",\"contentUrl\":\"https:\\\/\\\/secure.gravatar.com\\\/avatar\\\/c5a7ef84c66fa914f55bc4f7ce26cfa275a3b9a1c5568b907bd184fb4dde7b40?s=96&d=mm&r=g\",\"caption\":\"inclusivenews2024\"},\"sameAs\":[\"https:\\\/\\\/inclusivenews.com.br\"],\"url\":\"https:\\\/\\\/inclusivenews.com.br\\\/?author=1\"}]}<\/script>\n<!-- \/ Yoast SEO plugin. -->","yoast_head_json":{"title":"&quot;O amor dos outros&quot; fica em primeiro lugar e recebe pr\u00eamio -","robots":{"index":"index","follow":"follow","max-snippet":"max-snippet:-1","max-image-preview":"max-image-preview:large","max-video-preview":"max-video-preview:-1"},"canonical":"https:\/\/inclusivenews.com.br\/?p=15119","og_locale":"pt_PT","og_type":"article","og_title":"&quot;O amor dos outros&quot; fica em primeiro lugar e recebe pr\u00eamio -","og_description":"Publicado no jornal di\u00e1rio S\u00fcddeutsche Zeitung, o artigo fala de rela\u00e7\u00f5es amorosas entre pessoas com defici\u00eancia.","og_url":"https:\/\/inclusivenews.com.br\/?p=15119","article_publisher":"https:\/\/www.facebook.com\/agenciainclusive\/","article_published_time":"2010-05-02T13:29:01+00:00","og_image":[{"url":"http:\/\/copy.pnn.pt\/noticias_imagens\/premiojornalismo.jpg","type":"","width":"","height":""}],"author":"inclusivenews2024","twitter_card":"summary_large_image","twitter_misc":{"Escrito por":"inclusivenews2024","Tempo estimado de leitura":"2 minutos"},"schema":{"@context":"https:\/\/schema.org","@graph":[{"@type":"Article","@id":"https:\/\/inclusivenews.com.br\/?p=15119#article","isPartOf":{"@id":"https:\/\/inclusivenews.com.br\/?p=15119"},"author":{"name":"inclusivenews2024","@id":"https:\/\/inclusivenews.com.br\/#\/schema\/person\/ae4ec7087559b8692fb33b6fffd2273b"},"headline":"&quot;O amor dos outros&quot; fica em primeiro lugar e recebe pr\u00eamio","datePublished":"2010-05-02T13:29:01+00:00","mainEntityOfPage":{"@id":"https:\/\/inclusivenews.com.br\/?p=15119"},"wordCount":432,"commentCount":0,"publisher":{"@id":"https:\/\/inclusivenews.com.br\/#organization"},"image":{"@id":"https:\/\/inclusivenews.com.br\/?p=15119#primaryimage"},"thumbnailUrl":"http:\/\/copy.pnn.pt\/noticias_imagens\/premiojornalismo.jpg","articleSection":["Defici\u00eancia","INCLUS\u00c3O SOCIAL","NOT\u00cdCIAS","Reportagem"],"inLanguage":"pt-PT","potentialAction":[{"@type":"CommentAction","name":"Comment","target":["https:\/\/inclusivenews.com.br\/?p=15119#respond"]}]},{"@type":"WebPage","@id":"https:\/\/inclusivenews.com.br\/?p=15119","url":"https:\/\/inclusivenews.com.br\/?p=15119","name":"&quot;O amor dos outros&quot; fica em primeiro lugar e recebe pr\u00eamio -","isPartOf":{"@id":"https:\/\/inclusivenews.com.br\/#website"},"primaryImageOfPage":{"@id":"https:\/\/inclusivenews.com.br\/?p=15119#primaryimage"},"image":{"@id":"https:\/\/inclusivenews.com.br\/?p=15119#primaryimage"},"thumbnailUrl":"http:\/\/copy.pnn.pt\/noticias_imagens\/premiojornalismo.jpg","datePublished":"2010-05-02T13:29:01+00:00","breadcrumb":{"@id":"https:\/\/inclusivenews.com.br\/?p=15119#breadcrumb"},"inLanguage":"pt-PT","potentialAction":[{"@type":"ReadAction","target":["https:\/\/inclusivenews.com.br\/?p=15119"]}]},{"@type":"ImageObject","inLanguage":"pt-PT","@id":"https:\/\/inclusivenews.com.br\/?p=15119#primaryimage","url":"http:\/\/copy.pnn.pt\/noticias_imagens\/premiojornalismo.jpg","contentUrl":"http:\/\/copy.pnn.pt\/noticias_imagens\/premiojornalismo.jpg"},{"@type":"BreadcrumbList","@id":"https:\/\/inclusivenews.com.br\/?p=15119#breadcrumb","itemListElement":[{"@type":"ListItem","position":1,"name":"In\u00edcio","item":"https:\/\/inclusivenews.com.br\/"},{"@type":"ListItem","position":2,"name":"&quot;O amor dos outros&quot; fica em primeiro lugar e recebe pr\u00eamio"}]},{"@type":"WebSite","@id":"https:\/\/inclusivenews.com.br\/#website","url":"https:\/\/inclusivenews.com.br\/","name":"Inclusive News","description":"Inclusive News","publisher":{"@id":"https:\/\/inclusivenews.com.br\/#organization"},"potentialAction":[{"@type":"SearchAction","target":{"@type":"EntryPoint","urlTemplate":"https:\/\/inclusivenews.com.br\/?s={search_term_string}"},"query-input":{"@type":"PropertyValueSpecification","valueRequired":true,"valueName":"search_term_string"}}],"inLanguage":"pt-PT"},{"@type":"Organization","@id":"https:\/\/inclusivenews.com.br\/#organization","name":"Inclusive - inclus\u00e3o e cidadania","url":"https:\/\/inclusivenews.com.br\/","logo":{"@type":"ImageObject","inLanguage":"pt-PT","@id":"https:\/\/inclusivenews.com.br\/#\/schema\/logo\/image\/","url":"https:\/\/inclusivenews.com.br\/wp-content\/uploads\/2024\/03\/@grandesite.png","contentUrl":"https:\/\/inclusivenews.com.br\/wp-content\/uploads\/2024\/03\/@grandesite.png","width":1080,"height":1080,"caption":"Inclusive - inclus\u00e3o e cidadania"},"image":{"@id":"https:\/\/inclusivenews.com.br\/#\/schema\/logo\/image\/"},"sameAs":["https:\/\/www.facebook.com\/agenciainclusive\/","https:\/\/www.instagram.com\/newsinclusive\/"]},{"@type":"Person","@id":"https:\/\/inclusivenews.com.br\/#\/schema\/person\/ae4ec7087559b8692fb33b6fffd2273b","name":"inclusivenews2024","image":{"@type":"ImageObject","inLanguage":"pt-PT","@id":"https:\/\/secure.gravatar.com\/avatar\/c5a7ef84c66fa914f55bc4f7ce26cfa275a3b9a1c5568b907bd184fb4dde7b40?s=96&d=mm&r=g","url":"https:\/\/secure.gravatar.com\/avatar\/c5a7ef84c66fa914f55bc4f7ce26cfa275a3b9a1c5568b907bd184fb4dde7b40?s=96&d=mm&r=g","contentUrl":"https:\/\/secure.gravatar.com\/avatar\/c5a7ef84c66fa914f55bc4f7ce26cfa275a3b9a1c5568b907bd184fb4dde7b40?s=96&d=mm&r=g","caption":"inclusivenews2024"},"sameAs":["https:\/\/inclusivenews.com.br"],"url":"https:\/\/inclusivenews.com.br\/?author=1"}]}},"_links":{"self":[{"href":"https:\/\/inclusivenews.com.br\/index.php?rest_route=\/wp\/v2\/posts\/15119","targetHints":{"allow":["GET"]}}],"collection":[{"href":"https:\/\/inclusivenews.com.br\/index.php?rest_route=\/wp\/v2\/posts"}],"about":[{"href":"https:\/\/inclusivenews.com.br\/index.php?rest_route=\/wp\/v2\/types\/post"}],"author":[{"embeddable":true,"href":"https:\/\/inclusivenews.com.br\/index.php?rest_route=\/wp\/v2\/users\/1"}],"replies":[{"embeddable":true,"href":"https:\/\/inclusivenews.com.br\/index.php?rest_route=%2Fwp%2Fv2%2Fcomments&post=15119"}],"version-history":[{"count":0,"href":"https:\/\/inclusivenews.com.br\/index.php?rest_route=\/wp\/v2\/posts\/15119\/revisions"}],"wp:attachment":[{"href":"https:\/\/inclusivenews.com.br\/index.php?rest_route=%2Fwp%2Fv2%2Fmedia&parent=15119"}],"wp:term":[{"taxonomy":"category","embeddable":true,"href":"https:\/\/inclusivenews.com.br\/index.php?rest_route=%2Fwp%2Fv2%2Fcategories&post=15119"},{"taxonomy":"post_tag","embeddable":true,"href":"https:\/\/inclusivenews.com.br\/index.php?rest_route=%2Fwp%2Fv2%2Ftags&post=15119"}],"curies":[{"name":"wp","href":"https:\/\/api.w.org\/{rel}","templated":true}]}}