{"id":15128,"date":"2010-05-03T06:00:18","date_gmt":"2010-05-03T09:00:18","guid":{"rendered":"http:\/\/www.inclusive.org.br\/?p=15128"},"modified":"2010-05-03T06:00:18","modified_gmt":"2010-05-03T09:00:18","slug":"comissao-aponta-lotacao-e-preconceito-em-presidios","status":"publish","type":"post","link":"https:\/\/inclusivenews.com.br\/?p=15128","title":{"rendered":"Comiss\u00e3o aponta lota\u00e7\u00e3o e preconceito em pres\u00eddios"},"content":{"rendered":"<figure style=\"width: 280px\" class=\"wp-caption alignleft\"><img loading=\"lazy\" decoding=\"async\" title=\"Pres\u00eddio superlotado.\" src=\"http:\/\/profeciaonline.zip.net\/images\/presidius.jpg\" alt=\"\" width=\"280\" height=\"210\" \/><figcaption class=\"wp-caption-text\"> <\/figcaption><\/figure>\n<p>Do Jornal do Commercio<\/p>\n<p>Comiss\u00e3o da Secretaria de Direitos Humanos da Presid\u00eancia da Rep\u00fablica est\u00e1 no Estado, desde ontem, para investigar den\u00fancias de humilha\u00e7\u00f5es sofridas por detentos homossexuais do Pres\u00eddio An\u00edbal Bruno, no Sancho, Zona Oeste do Recife. Em fevereiro, relat\u00f3rio da Pastoral Carcer\u00e1ria, enviado ao Minist\u00e9rio P\u00fablico e \u00e0 Vara de Execu\u00e7\u00f5es Penais, revelou que 16 presos tinham sido obrigados a raspar a cabe\u00e7a como forma de puni\u00e7\u00e3o pela op\u00e7\u00e3o sexual. O grupo, que visitou ontem o An\u00edbal Bruno e a Col\u00f4nia Penal Feminina, no Cordeiro, na mesma regi\u00e3o, tamb\u00e9m vai emitir parecer sobre a superlota\u00e7\u00e3o do sistema carcer\u00e1rio e investigar supostos casos de tortura.<\/p>\n<p>A vinda da comiss\u00e3o a Pernambuco foi decidida depois que o Comit\u00ea Estadual de Combate \u00e0 Tortura encaminhou relatos de viol\u00eancia nos pres\u00eddios. Ontem, os representantes constataram que h\u00e1 660 detentas na Col\u00f4nia Penal, 540 a mais que a capacidade m\u00e1xima permitida.<\/p>\n<p>\u201cQueremos nos reunir com a Seres (Secretaria Estadual de Ressocializa\u00e7\u00e3o) para encontrar mecanismos de combate ao preconceito e melhorar a infraestrutura dos alojamentos. Encontramos reeducandas em situa\u00e7\u00e3o prec\u00e1ria\u201d, afirmou o diretor de Defesa dos Direitos Humanos, Fernando Matos.<\/p>\n<p>Al\u00e9m do sistema carcer\u00e1rio, as unidades da Funda\u00e7\u00e3o de Atendimento Socioeducativo (Funase) ser\u00e3o inspecionadas. Hoje, a visita est\u00e1 programada para a casa de Abreu e Lima, na Regi\u00e3o Metropolitana, onde h\u00e1 relatos de viol\u00eancia entre adolescentes e agentes socioeducativos.<\/p>\n<p>_______________________<\/p>\n<p><strong>Fonte:<\/strong> <a href=\"http:\/\/jc.uol.com.br\/canal\/cotidiano\/pernambuco\/noticia\/2010\/04\/29\/comissao-aponta-lotacao-e-preconceito-em-presidios-220473.php\">Jornal do Commercio<\/a><\/p>\n","protected":false},"excerpt":{"rendered":"<p>Em fevereiro, relat\u00f3rio da Pastoral Carcer\u00e1ria, enviado ao Minist\u00e9rio P\u00fablico e \u00e0 Vara de Execu\u00e7\u00f5es Penais, revelou que 16 presos tinham sido obrigados a raspar a cabe\u00e7a como forma de puni\u00e7\u00e3o pela op\u00e7\u00e3o sexual. Do Jornal do Commercio.<\/p>\n","protected":false},"author":1,"featured_media":0,"comment_status":"open","ping_status":"open","sticky":false,"template":"","format":"standard","meta":{"site-container-style":"default","site-container-layout":"default","site-sidebar-layout":"default","disable-article-header":"default","disable-site-header":"default","disable-site-footer":"default","disable-content-area-spacing":"default","footnotes":""},"categories":[11,39,4,41],"tags":[],"class_list":["post-15128","post","type-post","status-publish","format-standard","hentry","category-direitos-humanos","category-discriminacao","category-noticias","category-preconceito"],"yoast_head":"<!-- This site is optimized with the Yoast SEO plugin v27.4 - https:\/\/yoast.com\/product\/yoast-seo-wordpress\/ -->\n<title>Comiss\u00e3o aponta lota\u00e7\u00e3o e preconceito em pres\u00eddios -<\/title>\n<meta name=\"robots\" content=\"index, follow, max-snippet:-1, max-image-preview:large, max-video-preview:-1\" \/>\n<link rel=\"canonical\" href=\"https:\/\/inclusivenews.com.br\/?p=15128\" \/>\n<meta property=\"og:locale\" content=\"pt_PT\" \/>\n<meta property=\"og:type\" content=\"article\" \/>\n<meta property=\"og:title\" content=\"Comiss\u00e3o aponta lota\u00e7\u00e3o e preconceito em pres\u00eddios -\" \/>\n<meta property=\"og:description\" content=\"Em fevereiro, relat\u00f3rio da Pastoral Carcer\u00e1ria, enviado ao Minist\u00e9rio P\u00fablico e \u00e0 Vara de Execu\u00e7\u00f5es Penais, revelou que 16 presos tinham sido obrigados a raspar a cabe\u00e7a como forma de puni\u00e7\u00e3o pela op\u00e7\u00e3o sexual. Do Jornal do Commercio.\" \/>\n<meta property=\"og:url\" content=\"https:\/\/inclusivenews.com.br\/?p=15128\" \/>\n<meta property=\"article:publisher\" content=\"https:\/\/www.facebook.com\/agenciainclusive\/\" \/>\n<meta property=\"article:published_time\" content=\"2010-05-03T09:00:18+00:00\" \/>\n<meta property=\"og:image\" content=\"http:\/\/profeciaonline.zip.net\/images\/presidius.jpg\" \/>\n<meta name=\"author\" content=\"inclusivenews2024\" \/>\n<meta name=\"twitter:card\" content=\"summary_large_image\" \/>\n<meta name=\"twitter:label1\" content=\"Escrito por\" \/>\n\t<meta name=\"twitter:data1\" content=\"inclusivenews2024\" \/>\n\t<meta name=\"twitter:label2\" content=\"Tempo estimado de leitura\" \/>\n\t<meta name=\"twitter:data2\" content=\"1 minuto\" \/>\n<script type=\"application\/ld+json\" class=\"yoast-schema-graph\">{\"@context\":\"https:\\\/\\\/schema.org\",\"@graph\":[{\"@type\":\"Article\",\"@id\":\"https:\\\/\\\/inclusivenews.com.br\\\/?p=15128#article\",\"isPartOf\":{\"@id\":\"https:\\\/\\\/inclusivenews.com.br\\\/?p=15128\"},\"author\":{\"name\":\"inclusivenews2024\",\"@id\":\"https:\\\/\\\/inclusivenews.com.br\\\/#\\\/schema\\\/person\\\/ae4ec7087559b8692fb33b6fffd2273b\"},\"headline\":\"Comiss\u00e3o aponta lota\u00e7\u00e3o e preconceito em pres\u00eddios\",\"datePublished\":\"2010-05-03T09:00:18+00:00\",\"mainEntityOfPage\":{\"@id\":\"https:\\\/\\\/inclusivenews.com.br\\\/?p=15128\"},\"wordCount\":276,\"commentCount\":0,\"publisher\":{\"@id\":\"https:\\\/\\\/inclusivenews.com.br\\\/#organization\"},\"image\":{\"@id\":\"https:\\\/\\\/inclusivenews.com.br\\\/?p=15128#primaryimage\"},\"thumbnailUrl\":\"http:\\\/\\\/profeciaonline.zip.net\\\/images\\\/presidius.jpg\",\"articleSection\":[\"DIREITOS HUMANOS\",\"Discrimina\u00e7\u00e3o\",\"NOT\u00cdCIAS\",\"Preconceito\"],\"inLanguage\":\"pt-PT\",\"potentialAction\":[{\"@type\":\"CommentAction\",\"name\":\"Comment\",\"target\":[\"https:\\\/\\\/inclusivenews.com.br\\\/?p=15128#respond\"]}]},{\"@type\":\"WebPage\",\"@id\":\"https:\\\/\\\/inclusivenews.com.br\\\/?p=15128\",\"url\":\"https:\\\/\\\/inclusivenews.com.br\\\/?p=15128\",\"name\":\"Comiss\u00e3o aponta lota\u00e7\u00e3o e preconceito em pres\u00eddios -\",\"isPartOf\":{\"@id\":\"https:\\\/\\\/inclusivenews.com.br\\\/#website\"},\"primaryImageOfPage\":{\"@id\":\"https:\\\/\\\/inclusivenews.com.br\\\/?p=15128#primaryimage\"},\"image\":{\"@id\":\"https:\\\/\\\/inclusivenews.com.br\\\/?p=15128#primaryimage\"},\"thumbnailUrl\":\"http:\\\/\\\/profeciaonline.zip.net\\\/images\\\/presidius.jpg\",\"datePublished\":\"2010-05-03T09:00:18+00:00\",\"breadcrumb\":{\"@id\":\"https:\\\/\\\/inclusivenews.com.br\\\/?p=15128#breadcrumb\"},\"inLanguage\":\"pt-PT\",\"potentialAction\":[{\"@type\":\"ReadAction\",\"target\":[\"https:\\\/\\\/inclusivenews.com.br\\\/?p=15128\"]}]},{\"@type\":\"ImageObject\",\"inLanguage\":\"pt-PT\",\"@id\":\"https:\\\/\\\/inclusivenews.com.br\\\/?p=15128#primaryimage\",\"url\":\"http:\\\/\\\/profeciaonline.zip.net\\\/images\\\/presidius.jpg\",\"contentUrl\":\"http:\\\/\\\/profeciaonline.zip.net\\\/images\\\/presidius.jpg\"},{\"@type\":\"BreadcrumbList\",\"@id\":\"https:\\\/\\\/inclusivenews.com.br\\\/?p=15128#breadcrumb\",\"itemListElement\":[{\"@type\":\"ListItem\",\"position\":1,\"name\":\"In\u00edcio\",\"item\":\"https:\\\/\\\/inclusivenews.com.br\\\/\"},{\"@type\":\"ListItem\",\"position\":2,\"name\":\"Comiss\u00e3o aponta lota\u00e7\u00e3o e preconceito em pres\u00eddios\"}]},{\"@type\":\"WebSite\",\"@id\":\"https:\\\/\\\/inclusivenews.com.br\\\/#website\",\"url\":\"https:\\\/\\\/inclusivenews.com.br\\\/\",\"name\":\"Inclusive News\",\"description\":\"Inclusive News\",\"publisher\":{\"@id\":\"https:\\\/\\\/inclusivenews.com.br\\\/#organization\"},\"potentialAction\":[{\"@type\":\"SearchAction\",\"target\":{\"@type\":\"EntryPoint\",\"urlTemplate\":\"https:\\\/\\\/inclusivenews.com.br\\\/?s={search_term_string}\"},\"query-input\":{\"@type\":\"PropertyValueSpecification\",\"valueRequired\":true,\"valueName\":\"search_term_string\"}}],\"inLanguage\":\"pt-PT\"},{\"@type\":\"Organization\",\"@id\":\"https:\\\/\\\/inclusivenews.com.br\\\/#organization\",\"name\":\"Inclusive - inclus\u00e3o e cidadania\",\"url\":\"https:\\\/\\\/inclusivenews.com.br\\\/\",\"logo\":{\"@type\":\"ImageObject\",\"inLanguage\":\"pt-PT\",\"@id\":\"https:\\\/\\\/inclusivenews.com.br\\\/#\\\/schema\\\/logo\\\/image\\\/\",\"url\":\"https:\\\/\\\/inclusivenews.com.br\\\/wp-content\\\/uploads\\\/2024\\\/03\\\/@grandesite.png\",\"contentUrl\":\"https:\\\/\\\/inclusivenews.com.br\\\/wp-content\\\/uploads\\\/2024\\\/03\\\/@grandesite.png\",\"width\":1080,\"height\":1080,\"caption\":\"Inclusive - inclus\u00e3o e cidadania\"},\"image\":{\"@id\":\"https:\\\/\\\/inclusivenews.com.br\\\/#\\\/schema\\\/logo\\\/image\\\/\"},\"sameAs\":[\"https:\\\/\\\/www.facebook.com\\\/agenciainclusive\\\/\",\"https:\\\/\\\/www.instagram.com\\\/newsinclusive\\\/\"]},{\"@type\":\"Person\",\"@id\":\"https:\\\/\\\/inclusivenews.com.br\\\/#\\\/schema\\\/person\\\/ae4ec7087559b8692fb33b6fffd2273b\",\"name\":\"inclusivenews2024\",\"image\":{\"@type\":\"ImageObject\",\"inLanguage\":\"pt-PT\",\"@id\":\"https:\\\/\\\/secure.gravatar.com\\\/avatar\\\/c5a7ef84c66fa914f55bc4f7ce26cfa275a3b9a1c5568b907bd184fb4dde7b40?s=96&d=mm&r=g\",\"url\":\"https:\\\/\\\/secure.gravatar.com\\\/avatar\\\/c5a7ef84c66fa914f55bc4f7ce26cfa275a3b9a1c5568b907bd184fb4dde7b40?s=96&d=mm&r=g\",\"contentUrl\":\"https:\\\/\\\/secure.gravatar.com\\\/avatar\\\/c5a7ef84c66fa914f55bc4f7ce26cfa275a3b9a1c5568b907bd184fb4dde7b40?s=96&d=mm&r=g\",\"caption\":\"inclusivenews2024\"},\"sameAs\":[\"https:\\\/\\\/inclusivenews.com.br\"],\"url\":\"https:\\\/\\\/inclusivenews.com.br\\\/?author=1\"}]}<\/script>\n<!-- \/ Yoast SEO plugin. -->","yoast_head_json":{"title":"Comiss\u00e3o aponta lota\u00e7\u00e3o e preconceito em pres\u00eddios -","robots":{"index":"index","follow":"follow","max-snippet":"max-snippet:-1","max-image-preview":"max-image-preview:large","max-video-preview":"max-video-preview:-1"},"canonical":"https:\/\/inclusivenews.com.br\/?p=15128","og_locale":"pt_PT","og_type":"article","og_title":"Comiss\u00e3o aponta lota\u00e7\u00e3o e preconceito em pres\u00eddios -","og_description":"Em fevereiro, relat\u00f3rio da Pastoral Carcer\u00e1ria, enviado ao Minist\u00e9rio P\u00fablico e \u00e0 Vara de Execu\u00e7\u00f5es Penais, revelou que 16 presos tinham sido obrigados a raspar a cabe\u00e7a como forma de puni\u00e7\u00e3o pela op\u00e7\u00e3o sexual. Do Jornal do Commercio.","og_url":"https:\/\/inclusivenews.com.br\/?p=15128","article_publisher":"https:\/\/www.facebook.com\/agenciainclusive\/","article_published_time":"2010-05-03T09:00:18+00:00","og_image":[{"url":"http:\/\/profeciaonline.zip.net\/images\/presidius.jpg","type":"","width":"","height":""}],"author":"inclusivenews2024","twitter_card":"summary_large_image","twitter_misc":{"Escrito por":"inclusivenews2024","Tempo estimado de leitura":"1 minuto"},"schema":{"@context":"https:\/\/schema.org","@graph":[{"@type":"Article","@id":"https:\/\/inclusivenews.com.br\/?p=15128#article","isPartOf":{"@id":"https:\/\/inclusivenews.com.br\/?p=15128"},"author":{"name":"inclusivenews2024","@id":"https:\/\/inclusivenews.com.br\/#\/schema\/person\/ae4ec7087559b8692fb33b6fffd2273b"},"headline":"Comiss\u00e3o aponta lota\u00e7\u00e3o e preconceito em pres\u00eddios","datePublished":"2010-05-03T09:00:18+00:00","mainEntityOfPage":{"@id":"https:\/\/inclusivenews.com.br\/?p=15128"},"wordCount":276,"commentCount":0,"publisher":{"@id":"https:\/\/inclusivenews.com.br\/#organization"},"image":{"@id":"https:\/\/inclusivenews.com.br\/?p=15128#primaryimage"},"thumbnailUrl":"http:\/\/profeciaonline.zip.net\/images\/presidius.jpg","articleSection":["DIREITOS HUMANOS","Discrimina\u00e7\u00e3o","NOT\u00cdCIAS","Preconceito"],"inLanguage":"pt-PT","potentialAction":[{"@type":"CommentAction","name":"Comment","target":["https:\/\/inclusivenews.com.br\/?p=15128#respond"]}]},{"@type":"WebPage","@id":"https:\/\/inclusivenews.com.br\/?p=15128","url":"https:\/\/inclusivenews.com.br\/?p=15128","name":"Comiss\u00e3o aponta lota\u00e7\u00e3o e preconceito em pres\u00eddios -","isPartOf":{"@id":"https:\/\/inclusivenews.com.br\/#website"},"primaryImageOfPage":{"@id":"https:\/\/inclusivenews.com.br\/?p=15128#primaryimage"},"image":{"@id":"https:\/\/inclusivenews.com.br\/?p=15128#primaryimage"},"thumbnailUrl":"http:\/\/profeciaonline.zip.net\/images\/presidius.jpg","datePublished":"2010-05-03T09:00:18+00:00","breadcrumb":{"@id":"https:\/\/inclusivenews.com.br\/?p=15128#breadcrumb"},"inLanguage":"pt-PT","potentialAction":[{"@type":"ReadAction","target":["https:\/\/inclusivenews.com.br\/?p=15128"]}]},{"@type":"ImageObject","inLanguage":"pt-PT","@id":"https:\/\/inclusivenews.com.br\/?p=15128#primaryimage","url":"http:\/\/profeciaonline.zip.net\/images\/presidius.jpg","contentUrl":"http:\/\/profeciaonline.zip.net\/images\/presidius.jpg"},{"@type":"BreadcrumbList","@id":"https:\/\/inclusivenews.com.br\/?p=15128#breadcrumb","itemListElement":[{"@type":"ListItem","position":1,"name":"In\u00edcio","item":"https:\/\/inclusivenews.com.br\/"},{"@type":"ListItem","position":2,"name":"Comiss\u00e3o aponta lota\u00e7\u00e3o e preconceito em pres\u00eddios"}]},{"@type":"WebSite","@id":"https:\/\/inclusivenews.com.br\/#website","url":"https:\/\/inclusivenews.com.br\/","name":"Inclusive News","description":"Inclusive News","publisher":{"@id":"https:\/\/inclusivenews.com.br\/#organization"},"potentialAction":[{"@type":"SearchAction","target":{"@type":"EntryPoint","urlTemplate":"https:\/\/inclusivenews.com.br\/?s={search_term_string}"},"query-input":{"@type":"PropertyValueSpecification","valueRequired":true,"valueName":"search_term_string"}}],"inLanguage":"pt-PT"},{"@type":"Organization","@id":"https:\/\/inclusivenews.com.br\/#organization","name":"Inclusive - inclus\u00e3o e cidadania","url":"https:\/\/inclusivenews.com.br\/","logo":{"@type":"ImageObject","inLanguage":"pt-PT","@id":"https:\/\/inclusivenews.com.br\/#\/schema\/logo\/image\/","url":"https:\/\/inclusivenews.com.br\/wp-content\/uploads\/2024\/03\/@grandesite.png","contentUrl":"https:\/\/inclusivenews.com.br\/wp-content\/uploads\/2024\/03\/@grandesite.png","width":1080,"height":1080,"caption":"Inclusive - inclus\u00e3o e cidadania"},"image":{"@id":"https:\/\/inclusivenews.com.br\/#\/schema\/logo\/image\/"},"sameAs":["https:\/\/www.facebook.com\/agenciainclusive\/","https:\/\/www.instagram.com\/newsinclusive\/"]},{"@type":"Person","@id":"https:\/\/inclusivenews.com.br\/#\/schema\/person\/ae4ec7087559b8692fb33b6fffd2273b","name":"inclusivenews2024","image":{"@type":"ImageObject","inLanguage":"pt-PT","@id":"https:\/\/secure.gravatar.com\/avatar\/c5a7ef84c66fa914f55bc4f7ce26cfa275a3b9a1c5568b907bd184fb4dde7b40?s=96&d=mm&r=g","url":"https:\/\/secure.gravatar.com\/avatar\/c5a7ef84c66fa914f55bc4f7ce26cfa275a3b9a1c5568b907bd184fb4dde7b40?s=96&d=mm&r=g","contentUrl":"https:\/\/secure.gravatar.com\/avatar\/c5a7ef84c66fa914f55bc4f7ce26cfa275a3b9a1c5568b907bd184fb4dde7b40?s=96&d=mm&r=g","caption":"inclusivenews2024"},"sameAs":["https:\/\/inclusivenews.com.br"],"url":"https:\/\/inclusivenews.com.br\/?author=1"}]}},"_links":{"self":[{"href":"https:\/\/inclusivenews.com.br\/index.php?rest_route=\/wp\/v2\/posts\/15128","targetHints":{"allow":["GET"]}}],"collection":[{"href":"https:\/\/inclusivenews.com.br\/index.php?rest_route=\/wp\/v2\/posts"}],"about":[{"href":"https:\/\/inclusivenews.com.br\/index.php?rest_route=\/wp\/v2\/types\/post"}],"author":[{"embeddable":true,"href":"https:\/\/inclusivenews.com.br\/index.php?rest_route=\/wp\/v2\/users\/1"}],"replies":[{"embeddable":true,"href":"https:\/\/inclusivenews.com.br\/index.php?rest_route=%2Fwp%2Fv2%2Fcomments&post=15128"}],"version-history":[{"count":0,"href":"https:\/\/inclusivenews.com.br\/index.php?rest_route=\/wp\/v2\/posts\/15128\/revisions"}],"wp:attachment":[{"href":"https:\/\/inclusivenews.com.br\/index.php?rest_route=%2Fwp%2Fv2%2Fmedia&parent=15128"}],"wp:term":[{"taxonomy":"category","embeddable":true,"href":"https:\/\/inclusivenews.com.br\/index.php?rest_route=%2Fwp%2Fv2%2Fcategories&post=15128"},{"taxonomy":"post_tag","embeddable":true,"href":"https:\/\/inclusivenews.com.br\/index.php?rest_route=%2Fwp%2Fv2%2Ftags&post=15128"}],"curies":[{"name":"wp","href":"https:\/\/api.w.org\/{rel}","templated":true}]}}