{"id":15233,"date":"2010-05-07T18:59:09","date_gmt":"2010-05-07T21:59:09","guid":{"rendered":"http:\/\/www.inclusive.org.br\/?p=15233"},"modified":"2010-05-07T18:59:09","modified_gmt":"2010-05-07T21:59:09","slug":"escola-deve-ser-solucao-nao-problema","status":"publish","type":"post","link":"https:\/\/inclusivenews.com.br\/?p=15233","title":{"rendered":"Escola deve ser solu\u00e7\u00e3o, n\u00e3o problema"},"content":{"rendered":"<figure style=\"width: 227px\" class=\"wp-caption alignleft\"><img loading=\"lazy\" decoding=\"async\" title=\"Aluno diante de um quadro negro com equa\u00e7\u00f5es.\" src=\"http:\/\/www.vooz.com.br\/imagem\/noticias\/m_escolaviolencia_4dec9ed03350709df42b05e7bc59d2d5.jpg\" alt=\"\" width=\"227\" height=\"170\" \/><figcaption class=\"wp-caption-text\"> <\/figcaption><\/figure>\n<h3 class=\"legenda\"><a class=\"moz-txt-link-freetext\" href=\"http:\/\/www.vooz.com.br\/imagem\/noticias\/m_escolaviolencia_4dec9ed03350709df42b05e7bc59d2d5.jpg\"><\/a><\/h3>\n<h3 class=\"legenda\"><strong>Por <\/strong><strong>Miriam Abramovay e Jorge Werthein<\/strong><\/h3>\n<p>T\u00eam sido cada vez mais frequentes na im\u00ad\u00adpren\u00ad\u00adsa relatos de epis\u00f3dios que envolvem estudantes em atos de viol\u00eancia f\u00edsica e psicol\u00f3gica \u2013 ou ambas. No m\u00eas passado, a Gazeta do Povo trouxe esclarecedora mat\u00e9ria sobre viol\u00eancias nas escolas, com destaque para a chamada \u201cbagun\u00e7a\u201d.<\/p>\n<p>O assunto \u00e9 da ordem do dia em todo o pa\u00eds. M\u00e3es, pais, estudantes e professores t\u00eam sofrido com as viol\u00eancias no ambiente escolar, o qual tem se convertido em espa\u00e7o que, al\u00e9m da \u201cbagun\u00e7a\u201d, inclui furto, xingamento, amea\u00e7a, agress\u00e3o f\u00edsica, preconceito, discrimina\u00e7\u00e3o, tr\u00e1fico de drogas, tudo isso refor\u00e7ado pelo uso inadequado dos sites de relacionamento e de troca de arquivos gratuitos da <a style=\"border-bottom: 1px dotted; color: #0066ff; text-decoration: underline;\" onclick=\"hwClick3399751(undefined);return false;\" onmouseover=\"hw3399751(event, this, 'undefined'); this.style.cursor='hand'; this.style.textDecoration='underline'; this.style.borderBottom='solid';\" onmouseout=\"hideMaybe('HOTWordsTitle'); this.style.cursor='hand'; this.style.textDecoration='underline'; this.style.borderBottom='dotted 1px'; \" href=\"http:\/\/www.vooz.com.br\/blogs\/escola-deve-ser-solucao-nao-problema-36023.html#\">internet<\/a>, a chamada ciberviol\u00eancia.<\/p>\n<p><strong>Pesquisa do ano passado <\/strong>\u2013 Revelando Tramas, Descobrindo Segredos: viol\u00eancia e conviv\u00eancia nas escolas \u2013 aborda as rela\u00e7\u00f5es sociais nas escolas do Distrito Federal e indica, entre outros achados, que 74,9% dos <a style=\"border-bottom: 1px dotted; color: #0066ff; text-decoration: underline;\" onclick=\"hwClick0399751(undefined);return false;\" onmouseover=\"hw0399751(event, this, 'undefined'); this.style.cursor='hand'; this.style.textDecoration='underline'; this.style.borderBottom='solid';\" onmouseout=\"hideMaybe('HOTWordsTitle'); this.style.cursor='hand'; this.style.textDecoration='underline'; this.style.borderBottom='dotted 1px'; \" href=\"http:\/\/www.vooz.com.br\/blogs\/escola-deve-ser-solucao-nao-problema-36023.html#\">alunos<\/a> entrevistados (uma amostra de 10 mil es\u00ad\u00adtudantes e de 1.500 professores) observaram agress\u00f5es verbais em suas escolas; e 69,7% dos alunos e 71,1% dos professores afirmaram ter visto agress\u00e3o f\u00edsica no espa\u00e7o escolar.<\/p>\n<p>Os pesquisadores, baseados nesta e em pesquisas nacionais anteriores, n\u00e3o t\u00eam d\u00favidas de que os resultados obtidos em Bras\u00edlia refletem uma realidade nacional (a qual, sabe-se por outras fontes, tamb\u00e9m \u00e9 internacional).<\/p>\n<p>Quanto \u00e0 ciberviol\u00eancia, o estudo revela que mais de um ter\u00e7o dos alunos ouvidos (36,5%) j\u00e1 sofreu, e 17,3% afirmam j\u00e1 ter praticado esse tipo de agress\u00e3o. Com rela\u00e7\u00e3o aos professores, 5,3% deles j\u00e1 foram xingados por algum aluno na internet, e 4,7% tiveram fotos suas divulgadas por alunos sem autoriza\u00e7\u00e3o. Cu\u00ad\u00adriosamente, s\u00e3o poucos os profissionais de educa\u00e7\u00e3o que apresentam conhecimento suficiente sobre como orientar os estudantes quanto ao uso mais seguro e conveniente da rede mundial de computadores.<\/p>\n<p><strong>Se as viol\u00eancias nas escolas<\/strong> \u2013 inclu\u00edda a ciberviol\u00eancia \u2013 t\u00eam recebido tanta aten\u00e7\u00e3o da imprensa, esse \u00e9 mais um claro indicativo da urg\u00eancia de se tomarem medidas para enfrentar e coibir o problema. Professores, gestores escolares, formuladores de pol\u00edticas p\u00fablicas, temerosos e preocupados, n\u00e3o podem furtar-se ao compromisso de promover estrat\u00e9gias, m\u00e9todos e medidas que protejam o ambiente escolar e estimulem melhor conviv\u00eancia entre todos.<\/p>\n<p>Se a fam\u00edlia e a escola n\u00e3o d\u00e3o o exemplo, o castigo recai sobre toda a sociedade. Diante dos diagn\u00f3sticos mais recentes e mesmo do notici\u00e1rio, alguns pais talvez temam pelo futuro de seus filhos nas escolas. No entanto, est\u00e1 justamente nas institui\u00e7\u00f5es de ensino grande parte da solu\u00e7\u00e3o para o problema das viol\u00eancias entre estudantes. Afinal, o meio escolar tem papel crucial no estabelecimento de pr\u00e1ticas que estimulem a conviv\u00eancia pac\u00edfica entre indiv\u00edduos.<\/p>\n<p>A escola pode, ainda, comprometer-se com a desconstru\u00e7\u00e3o de um imagin\u00e1rio social que associa diversas viol\u00eancias \u00e0s no\u00e7\u00f5es de virilidade e de masculinidade, evitando que essa simbologia viril imprima \u00e0s agress\u00f5es o car\u00e1ter de afirma\u00e7\u00e3o de identidade tanto de <a style=\"border-bottom: 1px dotted; color: #0066ff; text-decoration: underline;\" onclick=\"hwClick1399751(undefined);return false;\" onmouseover=\"hw1399751(event, this, 'undefined'); this.style.cursor='hand'; this.style.textDecoration='underline'; this.style.borderBottom='solid';\" onmouseout=\"hideMaybe('HOTWordsTitle'); this.style.cursor='hand'; this.style.textDecoration='underline'; this.style.borderBottom='dotted 1px'; \" href=\"http:\/\/www.vooz.com.br\/blogs\/escola-deve-ser-solucao-nao-problema-36023.html#\">garotos<\/a> quanto de garotas.<\/p>\n<p>\u00c9 preciso, enfim, oferecer aos jovens estudantes formas alternativas de reconhecimento social. Afinal, uma vez no mercado de trabalho, n\u00e3o poder\u00e3o resolver conflitos \u00e0 base de socos, pontap\u00e9s, gritos ou pux\u00f5es de cabelo. Conv\u00e9m que aprendam a comportar-se o quanto antes.<\/p>\n<div class=\"fonte\"><strong>Edi\u00e7\u00e3o: <\/strong> <span> Prof. Christian Messias <\/span> |\u00a0<strong>Fonte: <\/strong> <span> Gazeta do Povo, 05\/05\/2010 &#8211; Curitiba PR<br \/>\n__________<br \/>\n<strong>Fonte:<\/strong> <a href=\"http:\/\/www.vooz.com.br\/blogs\/escola-deve-ser-solucao-nao-problema-36023.html\">Vooz<\/a><br \/>\n<\/span><\/div>\n","protected":false},"excerpt":{"rendered":"<p>O meio escolar tem papel crucial no estabelecimento de pr\u00e1ticas que estimulem a conviv\u00eancia pac\u00edfica entre indiv\u00edduos. Por Miriam Abramovay e Jorge Werthein.<\/p>\n","protected":false},"author":1,"featured_media":0,"comment_status":"open","ping_status":"open","sticky":false,"template":"","format":"standard","meta":{"site-container-style":"default","site-container-layout":"default","site-sidebar-layout":"default","disable-article-header":"default","disable-site-header":"default","disable-site-footer":"default","disable-content-area-spacing":"default","footnotes":""},"categories":[6,8,41],"tags":[],"class_list":["post-15233","post","type-post","status-publish","format-standard","hentry","category-educacao","category-textos-e-artigos","category-preconceito"],"yoast_head":"<!-- This site is optimized with the Yoast SEO plugin v27.4 - https:\/\/yoast.com\/product\/yoast-seo-wordpress\/ -->\n<title>Escola deve ser solu\u00e7\u00e3o, n\u00e3o problema -<\/title>\n<meta name=\"robots\" content=\"index, follow, max-snippet:-1, max-image-preview:large, max-video-preview:-1\" \/>\n<link rel=\"canonical\" href=\"https:\/\/inclusivenews.com.br\/?p=15233\" \/>\n<meta property=\"og:locale\" content=\"pt_PT\" \/>\n<meta property=\"og:type\" content=\"article\" \/>\n<meta property=\"og:title\" content=\"Escola deve ser solu\u00e7\u00e3o, n\u00e3o problema -\" \/>\n<meta property=\"og:description\" content=\"O meio escolar tem papel crucial no estabelecimento de pr\u00e1ticas que estimulem a conviv\u00eancia pac\u00edfica entre indiv\u00edduos. Por Miriam Abramovay e Jorge Werthein.\" \/>\n<meta property=\"og:url\" content=\"https:\/\/inclusivenews.com.br\/?p=15233\" \/>\n<meta property=\"article:publisher\" content=\"https:\/\/www.facebook.com\/agenciainclusive\/\" \/>\n<meta property=\"article:published_time\" content=\"2010-05-07T21:59:09+00:00\" \/>\n<meta property=\"og:image\" content=\"http:\/\/www.vooz.com.br\/imagem\/noticias\/m_escolaviolencia_4dec9ed03350709df42b05e7bc59d2d5.jpg\" \/>\n<meta name=\"author\" content=\"inclusivenews2024\" \/>\n<meta name=\"twitter:card\" content=\"summary_large_image\" \/>\n<meta name=\"twitter:label1\" content=\"Escrito por\" \/>\n\t<meta name=\"twitter:data1\" content=\"inclusivenews2024\" \/>\n\t<meta name=\"twitter:label2\" content=\"Tempo estimado de leitura\" \/>\n\t<meta name=\"twitter:data2\" content=\"3 minutos\" \/>\n<script type=\"application\/ld+json\" class=\"yoast-schema-graph\">{\"@context\":\"https:\\\/\\\/schema.org\",\"@graph\":[{\"@type\":\"Article\",\"@id\":\"https:\\\/\\\/inclusivenews.com.br\\\/?p=15233#article\",\"isPartOf\":{\"@id\":\"https:\\\/\\\/inclusivenews.com.br\\\/?p=15233\"},\"author\":{\"name\":\"inclusivenews2024\",\"@id\":\"https:\\\/\\\/inclusivenews.com.br\\\/#\\\/schema\\\/person\\\/ae4ec7087559b8692fb33b6fffd2273b\"},\"headline\":\"Escola deve ser solu\u00e7\u00e3o, n\u00e3o problema\",\"datePublished\":\"2010-05-07T21:59:09+00:00\",\"mainEntityOfPage\":{\"@id\":\"https:\\\/\\\/inclusivenews.com.br\\\/?p=15233\"},\"wordCount\":609,\"commentCount\":0,\"publisher\":{\"@id\":\"https:\\\/\\\/inclusivenews.com.br\\\/#organization\"},\"image\":{\"@id\":\"https:\\\/\\\/inclusivenews.com.br\\\/?p=15233#primaryimage\"},\"thumbnailUrl\":\"http:\\\/\\\/www.vooz.com.br\\\/imagem\\\/noticias\\\/m_escolaviolencia_4dec9ed03350709df42b05e7bc59d2d5.jpg\",\"articleSection\":[\"EDUCA\u00c7\u00c3O\",\"OPINI\u00c3O\",\"Preconceito\"],\"inLanguage\":\"pt-PT\",\"potentialAction\":[{\"@type\":\"CommentAction\",\"name\":\"Comment\",\"target\":[\"https:\\\/\\\/inclusivenews.com.br\\\/?p=15233#respond\"]}]},{\"@type\":\"WebPage\",\"@id\":\"https:\\\/\\\/inclusivenews.com.br\\\/?p=15233\",\"url\":\"https:\\\/\\\/inclusivenews.com.br\\\/?p=15233\",\"name\":\"Escola deve ser solu\u00e7\u00e3o, n\u00e3o problema -\",\"isPartOf\":{\"@id\":\"https:\\\/\\\/inclusivenews.com.br\\\/#website\"},\"primaryImageOfPage\":{\"@id\":\"https:\\\/\\\/inclusivenews.com.br\\\/?p=15233#primaryimage\"},\"image\":{\"@id\":\"https:\\\/\\\/inclusivenews.com.br\\\/?p=15233#primaryimage\"},\"thumbnailUrl\":\"http:\\\/\\\/www.vooz.com.br\\\/imagem\\\/noticias\\\/m_escolaviolencia_4dec9ed03350709df42b05e7bc59d2d5.jpg\",\"datePublished\":\"2010-05-07T21:59:09+00:00\",\"breadcrumb\":{\"@id\":\"https:\\\/\\\/inclusivenews.com.br\\\/?p=15233#breadcrumb\"},\"inLanguage\":\"pt-PT\",\"potentialAction\":[{\"@type\":\"ReadAction\",\"target\":[\"https:\\\/\\\/inclusivenews.com.br\\\/?p=15233\"]}]},{\"@type\":\"ImageObject\",\"inLanguage\":\"pt-PT\",\"@id\":\"https:\\\/\\\/inclusivenews.com.br\\\/?p=15233#primaryimage\",\"url\":\"http:\\\/\\\/www.vooz.com.br\\\/imagem\\\/noticias\\\/m_escolaviolencia_4dec9ed03350709df42b05e7bc59d2d5.jpg\",\"contentUrl\":\"http:\\\/\\\/www.vooz.com.br\\\/imagem\\\/noticias\\\/m_escolaviolencia_4dec9ed03350709df42b05e7bc59d2d5.jpg\"},{\"@type\":\"BreadcrumbList\",\"@id\":\"https:\\\/\\\/inclusivenews.com.br\\\/?p=15233#breadcrumb\",\"itemListElement\":[{\"@type\":\"ListItem\",\"position\":1,\"name\":\"In\u00edcio\",\"item\":\"https:\\\/\\\/inclusivenews.com.br\\\/\"},{\"@type\":\"ListItem\",\"position\":2,\"name\":\"Escola deve ser solu\u00e7\u00e3o, n\u00e3o problema\"}]},{\"@type\":\"WebSite\",\"@id\":\"https:\\\/\\\/inclusivenews.com.br\\\/#website\",\"url\":\"https:\\\/\\\/inclusivenews.com.br\\\/\",\"name\":\"Inclusive News\",\"description\":\"Inclusive News\",\"publisher\":{\"@id\":\"https:\\\/\\\/inclusivenews.com.br\\\/#organization\"},\"potentialAction\":[{\"@type\":\"SearchAction\",\"target\":{\"@type\":\"EntryPoint\",\"urlTemplate\":\"https:\\\/\\\/inclusivenews.com.br\\\/?s={search_term_string}\"},\"query-input\":{\"@type\":\"PropertyValueSpecification\",\"valueRequired\":true,\"valueName\":\"search_term_string\"}}],\"inLanguage\":\"pt-PT\"},{\"@type\":\"Organization\",\"@id\":\"https:\\\/\\\/inclusivenews.com.br\\\/#organization\",\"name\":\"Inclusive - inclus\u00e3o e cidadania\",\"url\":\"https:\\\/\\\/inclusivenews.com.br\\\/\",\"logo\":{\"@type\":\"ImageObject\",\"inLanguage\":\"pt-PT\",\"@id\":\"https:\\\/\\\/inclusivenews.com.br\\\/#\\\/schema\\\/logo\\\/image\\\/\",\"url\":\"https:\\\/\\\/inclusivenews.com.br\\\/wp-content\\\/uploads\\\/2024\\\/03\\\/@grandesite.png\",\"contentUrl\":\"https:\\\/\\\/inclusivenews.com.br\\\/wp-content\\\/uploads\\\/2024\\\/03\\\/@grandesite.png\",\"width\":1080,\"height\":1080,\"caption\":\"Inclusive - inclus\u00e3o e cidadania\"},\"image\":{\"@id\":\"https:\\\/\\\/inclusivenews.com.br\\\/#\\\/schema\\\/logo\\\/image\\\/\"},\"sameAs\":[\"https:\\\/\\\/www.facebook.com\\\/agenciainclusive\\\/\",\"https:\\\/\\\/www.instagram.com\\\/newsinclusive\\\/\"]},{\"@type\":\"Person\",\"@id\":\"https:\\\/\\\/inclusivenews.com.br\\\/#\\\/schema\\\/person\\\/ae4ec7087559b8692fb33b6fffd2273b\",\"name\":\"inclusivenews2024\",\"image\":{\"@type\":\"ImageObject\",\"inLanguage\":\"pt-PT\",\"@id\":\"https:\\\/\\\/secure.gravatar.com\\\/avatar\\\/c5a7ef84c66fa914f55bc4f7ce26cfa275a3b9a1c5568b907bd184fb4dde7b40?s=96&d=mm&r=g\",\"url\":\"https:\\\/\\\/secure.gravatar.com\\\/avatar\\\/c5a7ef84c66fa914f55bc4f7ce26cfa275a3b9a1c5568b907bd184fb4dde7b40?s=96&d=mm&r=g\",\"contentUrl\":\"https:\\\/\\\/secure.gravatar.com\\\/avatar\\\/c5a7ef84c66fa914f55bc4f7ce26cfa275a3b9a1c5568b907bd184fb4dde7b40?s=96&d=mm&r=g\",\"caption\":\"inclusivenews2024\"},\"sameAs\":[\"https:\\\/\\\/inclusivenews.com.br\"],\"url\":\"https:\\\/\\\/inclusivenews.com.br\\\/?author=1\"}]}<\/script>\n<!-- \/ Yoast SEO plugin. -->","yoast_head_json":{"title":"Escola deve ser solu\u00e7\u00e3o, n\u00e3o problema -","robots":{"index":"index","follow":"follow","max-snippet":"max-snippet:-1","max-image-preview":"max-image-preview:large","max-video-preview":"max-video-preview:-1"},"canonical":"https:\/\/inclusivenews.com.br\/?p=15233","og_locale":"pt_PT","og_type":"article","og_title":"Escola deve ser solu\u00e7\u00e3o, n\u00e3o problema -","og_description":"O meio escolar tem papel crucial no estabelecimento de pr\u00e1ticas que estimulem a conviv\u00eancia pac\u00edfica entre indiv\u00edduos. Por Miriam Abramovay e Jorge Werthein.","og_url":"https:\/\/inclusivenews.com.br\/?p=15233","article_publisher":"https:\/\/www.facebook.com\/agenciainclusive\/","article_published_time":"2010-05-07T21:59:09+00:00","og_image":[{"url":"http:\/\/www.vooz.com.br\/imagem\/noticias\/m_escolaviolencia_4dec9ed03350709df42b05e7bc59d2d5.jpg","type":"","width":"","height":""}],"author":"inclusivenews2024","twitter_card":"summary_large_image","twitter_misc":{"Escrito por":"inclusivenews2024","Tempo estimado de leitura":"3 minutos"},"schema":{"@context":"https:\/\/schema.org","@graph":[{"@type":"Article","@id":"https:\/\/inclusivenews.com.br\/?p=15233#article","isPartOf":{"@id":"https:\/\/inclusivenews.com.br\/?p=15233"},"author":{"name":"inclusivenews2024","@id":"https:\/\/inclusivenews.com.br\/#\/schema\/person\/ae4ec7087559b8692fb33b6fffd2273b"},"headline":"Escola deve ser solu\u00e7\u00e3o, n\u00e3o problema","datePublished":"2010-05-07T21:59:09+00:00","mainEntityOfPage":{"@id":"https:\/\/inclusivenews.com.br\/?p=15233"},"wordCount":609,"commentCount":0,"publisher":{"@id":"https:\/\/inclusivenews.com.br\/#organization"},"image":{"@id":"https:\/\/inclusivenews.com.br\/?p=15233#primaryimage"},"thumbnailUrl":"http:\/\/www.vooz.com.br\/imagem\/noticias\/m_escolaviolencia_4dec9ed03350709df42b05e7bc59d2d5.jpg","articleSection":["EDUCA\u00c7\u00c3O","OPINI\u00c3O","Preconceito"],"inLanguage":"pt-PT","potentialAction":[{"@type":"CommentAction","name":"Comment","target":["https:\/\/inclusivenews.com.br\/?p=15233#respond"]}]},{"@type":"WebPage","@id":"https:\/\/inclusivenews.com.br\/?p=15233","url":"https:\/\/inclusivenews.com.br\/?p=15233","name":"Escola deve ser solu\u00e7\u00e3o, n\u00e3o problema -","isPartOf":{"@id":"https:\/\/inclusivenews.com.br\/#website"},"primaryImageOfPage":{"@id":"https:\/\/inclusivenews.com.br\/?p=15233#primaryimage"},"image":{"@id":"https:\/\/inclusivenews.com.br\/?p=15233#primaryimage"},"thumbnailUrl":"http:\/\/www.vooz.com.br\/imagem\/noticias\/m_escolaviolencia_4dec9ed03350709df42b05e7bc59d2d5.jpg","datePublished":"2010-05-07T21:59:09+00:00","breadcrumb":{"@id":"https:\/\/inclusivenews.com.br\/?p=15233#breadcrumb"},"inLanguage":"pt-PT","potentialAction":[{"@type":"ReadAction","target":["https:\/\/inclusivenews.com.br\/?p=15233"]}]},{"@type":"ImageObject","inLanguage":"pt-PT","@id":"https:\/\/inclusivenews.com.br\/?p=15233#primaryimage","url":"http:\/\/www.vooz.com.br\/imagem\/noticias\/m_escolaviolencia_4dec9ed03350709df42b05e7bc59d2d5.jpg","contentUrl":"http:\/\/www.vooz.com.br\/imagem\/noticias\/m_escolaviolencia_4dec9ed03350709df42b05e7bc59d2d5.jpg"},{"@type":"BreadcrumbList","@id":"https:\/\/inclusivenews.com.br\/?p=15233#breadcrumb","itemListElement":[{"@type":"ListItem","position":1,"name":"In\u00edcio","item":"https:\/\/inclusivenews.com.br\/"},{"@type":"ListItem","position":2,"name":"Escola deve ser solu\u00e7\u00e3o, n\u00e3o problema"}]},{"@type":"WebSite","@id":"https:\/\/inclusivenews.com.br\/#website","url":"https:\/\/inclusivenews.com.br\/","name":"Inclusive News","description":"Inclusive News","publisher":{"@id":"https:\/\/inclusivenews.com.br\/#organization"},"potentialAction":[{"@type":"SearchAction","target":{"@type":"EntryPoint","urlTemplate":"https:\/\/inclusivenews.com.br\/?s={search_term_string}"},"query-input":{"@type":"PropertyValueSpecification","valueRequired":true,"valueName":"search_term_string"}}],"inLanguage":"pt-PT"},{"@type":"Organization","@id":"https:\/\/inclusivenews.com.br\/#organization","name":"Inclusive - inclus\u00e3o e cidadania","url":"https:\/\/inclusivenews.com.br\/","logo":{"@type":"ImageObject","inLanguage":"pt-PT","@id":"https:\/\/inclusivenews.com.br\/#\/schema\/logo\/image\/","url":"https:\/\/inclusivenews.com.br\/wp-content\/uploads\/2024\/03\/@grandesite.png","contentUrl":"https:\/\/inclusivenews.com.br\/wp-content\/uploads\/2024\/03\/@grandesite.png","width":1080,"height":1080,"caption":"Inclusive - inclus\u00e3o e cidadania"},"image":{"@id":"https:\/\/inclusivenews.com.br\/#\/schema\/logo\/image\/"},"sameAs":["https:\/\/www.facebook.com\/agenciainclusive\/","https:\/\/www.instagram.com\/newsinclusive\/"]},{"@type":"Person","@id":"https:\/\/inclusivenews.com.br\/#\/schema\/person\/ae4ec7087559b8692fb33b6fffd2273b","name":"inclusivenews2024","image":{"@type":"ImageObject","inLanguage":"pt-PT","@id":"https:\/\/secure.gravatar.com\/avatar\/c5a7ef84c66fa914f55bc4f7ce26cfa275a3b9a1c5568b907bd184fb4dde7b40?s=96&d=mm&r=g","url":"https:\/\/secure.gravatar.com\/avatar\/c5a7ef84c66fa914f55bc4f7ce26cfa275a3b9a1c5568b907bd184fb4dde7b40?s=96&d=mm&r=g","contentUrl":"https:\/\/secure.gravatar.com\/avatar\/c5a7ef84c66fa914f55bc4f7ce26cfa275a3b9a1c5568b907bd184fb4dde7b40?s=96&d=mm&r=g","caption":"inclusivenews2024"},"sameAs":["https:\/\/inclusivenews.com.br"],"url":"https:\/\/inclusivenews.com.br\/?author=1"}]}},"_links":{"self":[{"href":"https:\/\/inclusivenews.com.br\/index.php?rest_route=\/wp\/v2\/posts\/15233","targetHints":{"allow":["GET"]}}],"collection":[{"href":"https:\/\/inclusivenews.com.br\/index.php?rest_route=\/wp\/v2\/posts"}],"about":[{"href":"https:\/\/inclusivenews.com.br\/index.php?rest_route=\/wp\/v2\/types\/post"}],"author":[{"embeddable":true,"href":"https:\/\/inclusivenews.com.br\/index.php?rest_route=\/wp\/v2\/users\/1"}],"replies":[{"embeddable":true,"href":"https:\/\/inclusivenews.com.br\/index.php?rest_route=%2Fwp%2Fv2%2Fcomments&post=15233"}],"version-history":[{"count":0,"href":"https:\/\/inclusivenews.com.br\/index.php?rest_route=\/wp\/v2\/posts\/15233\/revisions"}],"wp:attachment":[{"href":"https:\/\/inclusivenews.com.br\/index.php?rest_route=%2Fwp%2Fv2%2Fmedia&parent=15233"}],"wp:term":[{"taxonomy":"category","embeddable":true,"href":"https:\/\/inclusivenews.com.br\/index.php?rest_route=%2Fwp%2Fv2%2Fcategories&post=15233"},{"taxonomy":"post_tag","embeddable":true,"href":"https:\/\/inclusivenews.com.br\/index.php?rest_route=%2Fwp%2Fv2%2Ftags&post=15233"}],"curies":[{"name":"wp","href":"https:\/\/api.w.org\/{rel}","templated":true}]}}