{"id":15237,"date":"2010-05-07T16:27:41","date_gmt":"2010-05-07T19:27:41","guid":{"rendered":"http:\/\/www.inclusive.org.br\/?p=15237"},"modified":"2010-05-07T16:27:41","modified_gmt":"2010-05-07T19:27:41","slug":"palestra-sobre-sindrome-de-down-145-salvadorba","status":"publish","type":"post","link":"https:\/\/inclusivenews.com.br\/?p=15237","title":{"rendered":"Palestra sobre s\u00edndrome de Down &#8211; 14\/5 &#8211; Salvador\/BA"},"content":{"rendered":"<table border=\"0\" cellspacing=\"0\" cellpadding=\"0\" width=\"100%\">\n<tbody>\n<tr>\n<td colspan=\"2\" valign=\"top\"><a href=\"http:\/\/www.inclusivenews.com.br\/wp-content\/uploads\/2010\/05\/serdownba.bmp\"><img decoding=\"async\" class=\"alignleft size-full wp-image-15238\" title=\"serdownba\" src=\"http:\/\/inclusivenews.com.br\/wp-content\/uploads\/2010\/05\/serdownba.bmp\" alt=\"Logotipo da Associa\u00e7\u00e3o baiana de s\u00edndrome de Down, Ser Down\" \/><\/a><\/td>\n<\/tr>\n<tr>\n<td>\u00a0<\/td>\n<p><!--td align=\"right\" style=\"border-width: 0 0 1 1px; padding-left: 5px;\">\n\n\n<table width=\"160\" height=\"19\" border=\"0\" cellpadding=\"0\" cellspacing=\"0\" bgcolor=\"#FFF5BF\">\n\n\n<tr>\n\n\n<td align=\"right\">\n\n\n<table width=\"163\" border=\"0\" cellspacing=\"0\" cellpadding=\"0\">\n\n\n<tr>\n\n\n<td width=\"110\">\n\n\n<div align=\"right\">Tamanho do texto<\/div>\n\n<\/td>\n\n\n\n\n<td width=\"53\">\n\n\n<div align=\"center\"><img loading=\"lazy\" decoding=\"async\" src=\"..\/nucleo\/imgs\/icones_mais_menos.jpg\" mce_src=\"..\/nucleo\/imgs\/icones_mais_menos.jpg\" width=\"38\" height=\"15\" border=\"0\" usemap=\"#Map\"><\/div>\n\n<\/td>\n\n\n<\/tr>\n\n\n<\/table>\n\n\n<\/td>\n\n\n<\/tr>\n\n\n<\/table>\n\n\n<\/td--><\/tr>\n<tr>\n<td colspan=\"2\">\n<div id=\"corpo\">\n<p>A Secretaria Municipal da Educa\u00e7\u00e3o, Cultura, Esporte e Lazer (Secult) e a Associa\u00e7\u00e3o Baiana de S\u00edndrome de Down (Ser Down), atrav\u00e9s do Projeto Super (A\u00e7\u00e3o), promovem uma palestra com o objetivo de informar as mais recentes pesquisas no \u00e2mbito da sa\u00fade, educa\u00e7\u00e3o e qualidade de vida para as pessoas com s\u00edndrome de Down. O evento acontece na pr\u00f3xima sexta-feira (14), das 13h30 \u00e0s 17h30, no audit\u00f3rio do Correio Central (Pituba).<br \/>\n\u00a0<br \/>\nA palestra ser\u00e1 ministrada pelo m\u00e9dico pediatra e geneticista do Hospital Darcy Vargas (SP), Zan Mustacchi, que \u00e9 tamb\u00e9m diretor do Centro de Estudos e Pesquisas Cl\u00ednicas (CEPEC) de S\u00e3o Paulo, membro do Down Syndrome Medical Interst Group (DSMIG) e refer\u00eancia em pesquisa e atendimento a pessoas com s\u00edndrome de Down no Brasil.<br \/>\n\u00a0<br \/>\nPodem participar do evento, educadores de todas as unidades de ensino que tenham no seu corpo discente algum aluno com s\u00edndrome de Down e familiares do estudante. Basta enviar at\u00e9 a pr\u00f3xima quarta-feira (12) os nomes do diretor e\/ou coordenador pedag\u00f3gico, dos familiares interessados e do professor para os endere\u00e7os eletr\u00f4nicos: <strong><a href=\"mailto:teresacristina@salvador.ba.gov.br\">teresacristina@salvador.ba.gov.br<\/a><\/strong> e <strong><a href=\"mailto:serdown.bahia@gmail.com\">serdown.bahia@gmail.com<\/a><\/strong>.\u00a0<\/p>\n<\/div>\n<\/td>\n<\/tr>\n<\/tbody>\n<\/table>\n","protected":false},"excerpt":{"rendered":"<p>\u00a0 A Secretaria Municipal da Educa\u00e7\u00e3o, Cultura, Esporte e Lazer (Secult) e a Associa\u00e7\u00e3o Baiana de S\u00edndrome de Down (Ser Down), atrav\u00e9s do Projeto Super (A\u00e7\u00e3o), promovem uma palestra com o objetivo de informar as mais recentes pesquisas no \u00e2mbito da sa\u00fade, educa\u00e7\u00e3o e qualidade de vida para as pessoas com s\u00edndrome de Down. O [&hellip;]<\/p>\n","protected":false},"author":1,"featured_media":0,"comment_status":"open","ping_status":"open","sticky":false,"template":"","format":"standard","meta":{"site-container-style":"default","site-container-layout":"default","site-sidebar-layout":"default","disable-article-header":"default","disable-site-header":"default","disable-site-footer":"default","disable-content-area-spacing":"default","footnotes":""},"categories":[12,38,4,37],"tags":[],"class_list":["post-15237","post","type-post","status-publish","format-standard","hentry","category-cursos-e-eventos","category-deficiencia","category-noticias","category-saude"],"yoast_head":"<!-- This site is optimized with the Yoast SEO plugin v27.4 - https:\/\/yoast.com\/product\/yoast-seo-wordpress\/ -->\n<title>Palestra sobre s\u00edndrome de Down - 14\/5 - Salvador\/BA -<\/title>\n<meta name=\"robots\" content=\"index, follow, max-snippet:-1, max-image-preview:large, max-video-preview:-1\" \/>\n<link rel=\"canonical\" href=\"https:\/\/inclusivenews.com.br\/?p=15237\" \/>\n<meta property=\"og:locale\" content=\"pt_PT\" \/>\n<meta property=\"og:type\" content=\"article\" \/>\n<meta property=\"og:title\" content=\"Palestra sobre s\u00edndrome de Down - 14\/5 - Salvador\/BA -\" \/>\n<meta property=\"og:description\" content=\"\u00a0 A Secretaria Municipal da Educa\u00e7\u00e3o, Cultura, Esporte e Lazer (Secult) e a Associa\u00e7\u00e3o Baiana de S\u00edndrome de Down (Ser Down), atrav\u00e9s do Projeto Super (A\u00e7\u00e3o), promovem uma palestra com o objetivo de informar as mais recentes pesquisas no \u00e2mbito da sa\u00fade, educa\u00e7\u00e3o e qualidade de vida para as pessoas com s\u00edndrome de Down. O [&hellip;]\" \/>\n<meta property=\"og:url\" content=\"https:\/\/inclusivenews.com.br\/?p=15237\" \/>\n<meta property=\"article:publisher\" content=\"https:\/\/www.facebook.com\/agenciainclusive\/\" \/>\n<meta property=\"article:published_time\" content=\"2010-05-07T19:27:41+00:00\" \/>\n<meta property=\"og:image\" content=\"http:\/\/inclusivenews.com.br\/wp-content\/uploads\/2010\/05\/serdownba.bmp\" \/>\n<meta name=\"author\" content=\"inclusivenews2024\" \/>\n<meta name=\"twitter:card\" content=\"summary_large_image\" \/>\n<meta name=\"twitter:label1\" content=\"Escrito por\" \/>\n\t<meta name=\"twitter:data1\" content=\"inclusivenews2024\" \/>\n\t<meta name=\"twitter:label2\" content=\"Tempo estimado de leitura\" \/>\n\t<meta name=\"twitter:data2\" content=\"1 minuto\" \/>\n<script type=\"application\/ld+json\" class=\"yoast-schema-graph\">{\"@context\":\"https:\\\/\\\/schema.org\",\"@graph\":[{\"@type\":\"Article\",\"@id\":\"https:\\\/\\\/inclusivenews.com.br\\\/?p=15237#article\",\"isPartOf\":{\"@id\":\"https:\\\/\\\/inclusivenews.com.br\\\/?p=15237\"},\"author\":{\"name\":\"inclusivenews2024\",\"@id\":\"https:\\\/\\\/inclusivenews.com.br\\\/#\\\/schema\\\/person\\\/ae4ec7087559b8692fb33b6fffd2273b\"},\"headline\":\"Palestra sobre s\u00edndrome de Down &#8211; 14\\\/5 &#8211; Salvador\\\/BA\",\"datePublished\":\"2010-05-07T19:27:41+00:00\",\"mainEntityOfPage\":{\"@id\":\"https:\\\/\\\/inclusivenews.com.br\\\/?p=15237\"},\"wordCount\":213,\"commentCount\":1,\"publisher\":{\"@id\":\"https:\\\/\\\/inclusivenews.com.br\\\/#organization\"},\"image\":{\"@id\":\"https:\\\/\\\/inclusivenews.com.br\\\/?p=15237#primaryimage\"},\"thumbnailUrl\":\"http:\\\/\\\/inclusivenews.com.br\\\/wp-content\\\/uploads\\\/2010\\\/05\\\/serdownba.bmp\",\"articleSection\":[\"Cursos e eventos\",\"Defici\u00eancia\",\"NOT\u00cdCIAS\",\"Sa\u00fade\"],\"inLanguage\":\"pt-PT\",\"potentialAction\":[{\"@type\":\"CommentAction\",\"name\":\"Comment\",\"target\":[\"https:\\\/\\\/inclusivenews.com.br\\\/?p=15237#respond\"]}]},{\"@type\":\"WebPage\",\"@id\":\"https:\\\/\\\/inclusivenews.com.br\\\/?p=15237\",\"url\":\"https:\\\/\\\/inclusivenews.com.br\\\/?p=15237\",\"name\":\"Palestra sobre s\u00edndrome de Down - 14\\\/5 - Salvador\\\/BA -\",\"isPartOf\":{\"@id\":\"https:\\\/\\\/inclusivenews.com.br\\\/#website\"},\"primaryImageOfPage\":{\"@id\":\"https:\\\/\\\/inclusivenews.com.br\\\/?p=15237#primaryimage\"},\"image\":{\"@id\":\"https:\\\/\\\/inclusivenews.com.br\\\/?p=15237#primaryimage\"},\"thumbnailUrl\":\"http:\\\/\\\/inclusivenews.com.br\\\/wp-content\\\/uploads\\\/2010\\\/05\\\/serdownba.bmp\",\"datePublished\":\"2010-05-07T19:27:41+00:00\",\"breadcrumb\":{\"@id\":\"https:\\\/\\\/inclusivenews.com.br\\\/?p=15237#breadcrumb\"},\"inLanguage\":\"pt-PT\",\"potentialAction\":[{\"@type\":\"ReadAction\",\"target\":[\"https:\\\/\\\/inclusivenews.com.br\\\/?p=15237\"]}]},{\"@type\":\"ImageObject\",\"inLanguage\":\"pt-PT\",\"@id\":\"https:\\\/\\\/inclusivenews.com.br\\\/?p=15237#primaryimage\",\"url\":\"\",\"contentUrl\":\"\"},{\"@type\":\"BreadcrumbList\",\"@id\":\"https:\\\/\\\/inclusivenews.com.br\\\/?p=15237#breadcrumb\",\"itemListElement\":[{\"@type\":\"ListItem\",\"position\":1,\"name\":\"In\u00edcio\",\"item\":\"https:\\\/\\\/inclusivenews.com.br\\\/\"},{\"@type\":\"ListItem\",\"position\":2,\"name\":\"Palestra sobre s\u00edndrome de Down &#8211; 14\\\/5 &#8211; Salvador\\\/BA\"}]},{\"@type\":\"WebSite\",\"@id\":\"https:\\\/\\\/inclusivenews.com.br\\\/#website\",\"url\":\"https:\\\/\\\/inclusivenews.com.br\\\/\",\"name\":\"Inclusive News\",\"description\":\"Inclusive News\",\"publisher\":{\"@id\":\"https:\\\/\\\/inclusivenews.com.br\\\/#organization\"},\"potentialAction\":[{\"@type\":\"SearchAction\",\"target\":{\"@type\":\"EntryPoint\",\"urlTemplate\":\"https:\\\/\\\/inclusivenews.com.br\\\/?s={search_term_string}\"},\"query-input\":{\"@type\":\"PropertyValueSpecification\",\"valueRequired\":true,\"valueName\":\"search_term_string\"}}],\"inLanguage\":\"pt-PT\"},{\"@type\":\"Organization\",\"@id\":\"https:\\\/\\\/inclusivenews.com.br\\\/#organization\",\"name\":\"Inclusive - inclus\u00e3o e cidadania\",\"url\":\"https:\\\/\\\/inclusivenews.com.br\\\/\",\"logo\":{\"@type\":\"ImageObject\",\"inLanguage\":\"pt-PT\",\"@id\":\"https:\\\/\\\/inclusivenews.com.br\\\/#\\\/schema\\\/logo\\\/image\\\/\",\"url\":\"https:\\\/\\\/inclusivenews.com.br\\\/wp-content\\\/uploads\\\/2024\\\/03\\\/@grandesite.png\",\"contentUrl\":\"https:\\\/\\\/inclusivenews.com.br\\\/wp-content\\\/uploads\\\/2024\\\/03\\\/@grandesite.png\",\"width\":1080,\"height\":1080,\"caption\":\"Inclusive - inclus\u00e3o e cidadania\"},\"image\":{\"@id\":\"https:\\\/\\\/inclusivenews.com.br\\\/#\\\/schema\\\/logo\\\/image\\\/\"},\"sameAs\":[\"https:\\\/\\\/www.facebook.com\\\/agenciainclusive\\\/\",\"https:\\\/\\\/www.instagram.com\\\/newsinclusive\\\/\"]},{\"@type\":\"Person\",\"@id\":\"https:\\\/\\\/inclusivenews.com.br\\\/#\\\/schema\\\/person\\\/ae4ec7087559b8692fb33b6fffd2273b\",\"name\":\"inclusivenews2024\",\"image\":{\"@type\":\"ImageObject\",\"inLanguage\":\"pt-PT\",\"@id\":\"https:\\\/\\\/secure.gravatar.com\\\/avatar\\\/c5a7ef84c66fa914f55bc4f7ce26cfa275a3b9a1c5568b907bd184fb4dde7b40?s=96&d=mm&r=g\",\"url\":\"https:\\\/\\\/secure.gravatar.com\\\/avatar\\\/c5a7ef84c66fa914f55bc4f7ce26cfa275a3b9a1c5568b907bd184fb4dde7b40?s=96&d=mm&r=g\",\"contentUrl\":\"https:\\\/\\\/secure.gravatar.com\\\/avatar\\\/c5a7ef84c66fa914f55bc4f7ce26cfa275a3b9a1c5568b907bd184fb4dde7b40?s=96&d=mm&r=g\",\"caption\":\"inclusivenews2024\"},\"sameAs\":[\"https:\\\/\\\/inclusivenews.com.br\"],\"url\":\"https:\\\/\\\/inclusivenews.com.br\\\/?author=1\"}]}<\/script>\n<!-- \/ Yoast SEO plugin. -->","yoast_head_json":{"title":"Palestra sobre s\u00edndrome de Down - 14\/5 - Salvador\/BA -","robots":{"index":"index","follow":"follow","max-snippet":"max-snippet:-1","max-image-preview":"max-image-preview:large","max-video-preview":"max-video-preview:-1"},"canonical":"https:\/\/inclusivenews.com.br\/?p=15237","og_locale":"pt_PT","og_type":"article","og_title":"Palestra sobre s\u00edndrome de Down - 14\/5 - Salvador\/BA -","og_description":"\u00a0 A Secretaria Municipal da Educa\u00e7\u00e3o, Cultura, Esporte e Lazer (Secult) e a Associa\u00e7\u00e3o Baiana de S\u00edndrome de Down (Ser Down), atrav\u00e9s do Projeto Super (A\u00e7\u00e3o), promovem uma palestra com o objetivo de informar as mais recentes pesquisas no \u00e2mbito da sa\u00fade, educa\u00e7\u00e3o e qualidade de vida para as pessoas com s\u00edndrome de Down. O [&hellip;]","og_url":"https:\/\/inclusivenews.com.br\/?p=15237","article_publisher":"https:\/\/www.facebook.com\/agenciainclusive\/","article_published_time":"2010-05-07T19:27:41+00:00","og_image":[{"url":"http:\/\/inclusivenews.com.br\/wp-content\/uploads\/2010\/05\/serdownba.bmp","type":"","width":"","height":""}],"author":"inclusivenews2024","twitter_card":"summary_large_image","twitter_misc":{"Escrito por":"inclusivenews2024","Tempo estimado de leitura":"1 minuto"},"schema":{"@context":"https:\/\/schema.org","@graph":[{"@type":"Article","@id":"https:\/\/inclusivenews.com.br\/?p=15237#article","isPartOf":{"@id":"https:\/\/inclusivenews.com.br\/?p=15237"},"author":{"name":"inclusivenews2024","@id":"https:\/\/inclusivenews.com.br\/#\/schema\/person\/ae4ec7087559b8692fb33b6fffd2273b"},"headline":"Palestra sobre s\u00edndrome de Down &#8211; 14\/5 &#8211; Salvador\/BA","datePublished":"2010-05-07T19:27:41+00:00","mainEntityOfPage":{"@id":"https:\/\/inclusivenews.com.br\/?p=15237"},"wordCount":213,"commentCount":1,"publisher":{"@id":"https:\/\/inclusivenews.com.br\/#organization"},"image":{"@id":"https:\/\/inclusivenews.com.br\/?p=15237#primaryimage"},"thumbnailUrl":"http:\/\/inclusivenews.com.br\/wp-content\/uploads\/2010\/05\/serdownba.bmp","articleSection":["Cursos e eventos","Defici\u00eancia","NOT\u00cdCIAS","Sa\u00fade"],"inLanguage":"pt-PT","potentialAction":[{"@type":"CommentAction","name":"Comment","target":["https:\/\/inclusivenews.com.br\/?p=15237#respond"]}]},{"@type":"WebPage","@id":"https:\/\/inclusivenews.com.br\/?p=15237","url":"https:\/\/inclusivenews.com.br\/?p=15237","name":"Palestra sobre s\u00edndrome de Down - 14\/5 - Salvador\/BA -","isPartOf":{"@id":"https:\/\/inclusivenews.com.br\/#website"},"primaryImageOfPage":{"@id":"https:\/\/inclusivenews.com.br\/?p=15237#primaryimage"},"image":{"@id":"https:\/\/inclusivenews.com.br\/?p=15237#primaryimage"},"thumbnailUrl":"http:\/\/inclusivenews.com.br\/wp-content\/uploads\/2010\/05\/serdownba.bmp","datePublished":"2010-05-07T19:27:41+00:00","breadcrumb":{"@id":"https:\/\/inclusivenews.com.br\/?p=15237#breadcrumb"},"inLanguage":"pt-PT","potentialAction":[{"@type":"ReadAction","target":["https:\/\/inclusivenews.com.br\/?p=15237"]}]},{"@type":"ImageObject","inLanguage":"pt-PT","@id":"https:\/\/inclusivenews.com.br\/?p=15237#primaryimage","url":"","contentUrl":""},{"@type":"BreadcrumbList","@id":"https:\/\/inclusivenews.com.br\/?p=15237#breadcrumb","itemListElement":[{"@type":"ListItem","position":1,"name":"In\u00edcio","item":"https:\/\/inclusivenews.com.br\/"},{"@type":"ListItem","position":2,"name":"Palestra sobre s\u00edndrome de Down &#8211; 14\/5 &#8211; Salvador\/BA"}]},{"@type":"WebSite","@id":"https:\/\/inclusivenews.com.br\/#website","url":"https:\/\/inclusivenews.com.br\/","name":"Inclusive News","description":"Inclusive News","publisher":{"@id":"https:\/\/inclusivenews.com.br\/#organization"},"potentialAction":[{"@type":"SearchAction","target":{"@type":"EntryPoint","urlTemplate":"https:\/\/inclusivenews.com.br\/?s={search_term_string}"},"query-input":{"@type":"PropertyValueSpecification","valueRequired":true,"valueName":"search_term_string"}}],"inLanguage":"pt-PT"},{"@type":"Organization","@id":"https:\/\/inclusivenews.com.br\/#organization","name":"Inclusive - inclus\u00e3o e cidadania","url":"https:\/\/inclusivenews.com.br\/","logo":{"@type":"ImageObject","inLanguage":"pt-PT","@id":"https:\/\/inclusivenews.com.br\/#\/schema\/logo\/image\/","url":"https:\/\/inclusivenews.com.br\/wp-content\/uploads\/2024\/03\/@grandesite.png","contentUrl":"https:\/\/inclusivenews.com.br\/wp-content\/uploads\/2024\/03\/@grandesite.png","width":1080,"height":1080,"caption":"Inclusive - inclus\u00e3o e cidadania"},"image":{"@id":"https:\/\/inclusivenews.com.br\/#\/schema\/logo\/image\/"},"sameAs":["https:\/\/www.facebook.com\/agenciainclusive\/","https:\/\/www.instagram.com\/newsinclusive\/"]},{"@type":"Person","@id":"https:\/\/inclusivenews.com.br\/#\/schema\/person\/ae4ec7087559b8692fb33b6fffd2273b","name":"inclusivenews2024","image":{"@type":"ImageObject","inLanguage":"pt-PT","@id":"https:\/\/secure.gravatar.com\/avatar\/c5a7ef84c66fa914f55bc4f7ce26cfa275a3b9a1c5568b907bd184fb4dde7b40?s=96&d=mm&r=g","url":"https:\/\/secure.gravatar.com\/avatar\/c5a7ef84c66fa914f55bc4f7ce26cfa275a3b9a1c5568b907bd184fb4dde7b40?s=96&d=mm&r=g","contentUrl":"https:\/\/secure.gravatar.com\/avatar\/c5a7ef84c66fa914f55bc4f7ce26cfa275a3b9a1c5568b907bd184fb4dde7b40?s=96&d=mm&r=g","caption":"inclusivenews2024"},"sameAs":["https:\/\/inclusivenews.com.br"],"url":"https:\/\/inclusivenews.com.br\/?author=1"}]}},"_links":{"self":[{"href":"https:\/\/inclusivenews.com.br\/index.php?rest_route=\/wp\/v2\/posts\/15237","targetHints":{"allow":["GET"]}}],"collection":[{"href":"https:\/\/inclusivenews.com.br\/index.php?rest_route=\/wp\/v2\/posts"}],"about":[{"href":"https:\/\/inclusivenews.com.br\/index.php?rest_route=\/wp\/v2\/types\/post"}],"author":[{"embeddable":true,"href":"https:\/\/inclusivenews.com.br\/index.php?rest_route=\/wp\/v2\/users\/1"}],"replies":[{"embeddable":true,"href":"https:\/\/inclusivenews.com.br\/index.php?rest_route=%2Fwp%2Fv2%2Fcomments&post=15237"}],"version-history":[{"count":0,"href":"https:\/\/inclusivenews.com.br\/index.php?rest_route=\/wp\/v2\/posts\/15237\/revisions"}],"wp:attachment":[{"href":"https:\/\/inclusivenews.com.br\/index.php?rest_route=%2Fwp%2Fv2%2Fmedia&parent=15237"}],"wp:term":[{"taxonomy":"category","embeddable":true,"href":"https:\/\/inclusivenews.com.br\/index.php?rest_route=%2Fwp%2Fv2%2Fcategories&post=15237"},{"taxonomy":"post_tag","embeddable":true,"href":"https:\/\/inclusivenews.com.br\/index.php?rest_route=%2Fwp%2Fv2%2Ftags&post=15237"}],"curies":[{"name":"wp","href":"https:\/\/api.w.org\/{rel}","templated":true}]}}