{"id":15243,"date":"2010-05-08T13:46:26","date_gmt":"2010-05-08T16:46:26","guid":{"rendered":"http:\/\/www.inclusive.org.br\/?p=15243"},"modified":"2010-05-08T13:46:26","modified_gmt":"2010-05-08T16:46:26","slug":"coisas-de-mae","status":"publish","type":"post","link":"https:\/\/inclusivenews.com.br\/?p=15243","title":{"rendered":"Coisas de m\u00e3e"},"content":{"rendered":"<figure style=\"width: 227px\" class=\"wp-caption alignleft\"><img loading=\"lazy\" decoding=\"async\" class=\" \" title=\"Desenho e colagem de crian\u00e7as brincando juntas\" src=\"http:\/\/portal.unesco.org\/education\/en\/file_download.php\/c6ca7b73716900e7be3f4f22d282bea1braz0165-1.jpg\" alt=\"\" width=\"227\" height=\"155\" \/><figcaption class=\"wp-caption-text\"> <\/figcaption><\/figure>\n<p>Hoje topei com esse texto no blog de uma m\u00e3e de filhos que n\u00e3o tem s\u00edndrome de Down sobre o encontro dos seus filhos com um menino com s\u00edndrome de Down no parquinho de um Shopping Center.<\/p>\n<p>Justamente nessa semana em que se falou tanto sobre o preconceito entre crian\u00e7as, achei muito bacana o gesto dessa da m\u00e3e e como domingo \u00e9 o dia das m\u00e3es achei legal mostrar esse depoimento. Quando eu vejo m\u00e3es de outras crian\u00e7as eu sempre penso que estou diante de pessoas que podem mudar o mundo talvez mais que aquelas pessoas tidas como poderosas, pol\u00edticos, celebridades, etc, etc.<\/p>\n<p>A sensa\u00e7\u00e3o que tive ao ler o texto foi a de que podemos confiar nas pessoas comuns, nossos vizinhos, nossos iguais e que \u00e9 principalmente atrav\u00e9s delas que o mundo ser\u00e1 melhor para todos, inclusive n\u00f3s mesmos e que m\u00e3es como essa do texto fazem um trabalho sem pre\u00e7o para mudar o mundo de verdade.<\/p>\n<p>Espero que gostem e que m\u00e3es, pais e filhos tenham todos um excelente dia das m\u00e3es..<\/p>\n<p>Lucio Carvalho<\/p>\n<p>____________________________________<\/p>\n<p><strong>Aprendendo a conviver com a diferen\u00e7a<\/strong><\/p>\n<p><strong>Por Ana Paula Douglas <\/strong><\/p>\n<p><a href=\"http:\/\/deboniando.blogspot.com\/2010\/05\/aprendendo-conviver-com-diferenca.html \">http:\/\/deboniando.blogspot.com\/2010\/05\/aprendendo-conviver-com-diferenca.html <\/a><\/p>\n<p>Chega o fim de semana&#8230; E quem tem filho come\u00e7a as ora\u00e7\u00f5es pra Nossa Senhora do Programa de Indio. No \u00faltimo, depois de ter ouvido lamenta\u00e7\u00f5es de segunda a sexta implorando por McDonald&#8217;s (o que pra mim significa: comida ruim, Coca-Cola com gelo, mesmo que voc\u00ea implore pra n\u00e3o colocar, repetir 364 vezes &#8220;termina o lanche!&#8221; e passar horas olhando pro nada esperando crian\u00e7as se cansarem de brincar) me rendi. Como n\u00e3o sou boba fui preparada: aparelho de m\u00fasica com fone de ouvido e livro. E estava dando certo&#8230; Filho e amiguinho se esbaldando&#8230; s\u00f3 ouvia a gritaria de longe e percebia vagamente os vultos em minha volta&#8230;<\/p>\n<p>At\u00e9 que chegou o Jo\u00e3o. Com uns 9 anos, a mesma idade dos meus (na verdade s\u00f3 tenho um, mas estou sempre com v\u00e1rios e quando est\u00e3o comigo s\u00e3o todos meus) estava com a m\u00e3e e a irm\u00e3 e ficou parado no canto do p\u00e1tio observando a movimenta\u00e7\u00e3o, como s\u00f3 as crian\u00e7as sabem fazer&#8230; Aos poucos os tr\u00eas foram se aproximando e resolveram brincar de pega-pega. Quando ficaram exaustos se sentaram e foram jogar cartas de Bakugan (se voc\u00ea n\u00e3o faz a menor id\u00e9ia do que se trata, fique apenas feliz por isso e esque\u00e7a o assunto). Jo\u00e3o distribuiu o baralho e eles passaram um temp\u00e3o muito entretidos, at\u00e9 a m\u00e3e dele ter que ir embora, no meio de muitos protestos. Nada demais, n\u00e3o \u00e9? Apenas crian\u00e7as brincando&#8230; Seria sim, n\u00e3o fosse por um detalhe: Jo\u00e3o tem S\u00edndrome de Down.<\/p>\n<p>Quando ele chegou fechei meu livro e fui observar como ia interagir. A princ\u00edpio pensei que fosse procurar as crian\u00e7as menores, fiquei ainda mais curiosa quando vi que ele queria brincar com os &#8220;meus&#8221;. Sei que meu filho e seu amigo n\u00e3o t\u00eam nenhuma intimidade com pessoas com necessidades especiais, n\u00e3o me lembro de te-los visto antes com crian\u00e7as que n\u00e3o fossem &#8220;normais&#8221;. Tamb\u00e9m n\u00e3o est\u00e3o mais naquela idade em que tudo \u00e9 natural e aceit\u00e1vel. Pelo contr\u00e1rio, est\u00e3o come\u00e7ando a atentar para os enormes abismos que separam os seres humanos e muitas vezes, nessa fase, o grande barato \u00e9 discriminar o diferente. Ent\u00e3o n\u00e3o nego que minha respira\u00e7\u00e3o ficou um pouco suspensa.<\/p>\n<p>Ele tem problemas de fala e dificuldade de entender regras mais complexas das brincadeiras, al\u00e9m, \u00e9 claro, das caracter\u00edsticas f\u00edsicas. Mas eles driblaram esses obst\u00e1culos. Jo\u00e3o ficou sendo sempre o pegador e adorou! E os outros dois riam muito enquanto fugiam, mas sempre junto com o Jo\u00e3o e nunca dele. A comunica\u00e7\u00e3o tamb\u00e9m foi resolvida: eles ficaram perto da m\u00e3e do novo amigo e quando precisava ela fazia uma tradu\u00e7\u00e3ozinha. E pronto! Superadas as diferen\u00e7as ficaram sendo s\u00f3 aquilo que sempre foram: crian\u00e7as.<\/p>\n<p>\u00d3bvio que a babona aqui deu vexame. Ainda que tentando ser discreta n\u00e3o conseguia parar de sorrir e nem conter as l\u00e1grimas. Fiquei feliz. Orgulho pela coragem do Jo\u00e3o, que n\u00e3o se importando em enfrentar uma poss\u00edvel rejei\u00e7\u00e3o, fez o que teve vontade de peito aberto e com muita independ\u00eancia. E pelos &#8220;meus&#8221; meninos que lidaram com aquela situa\u00e7\u00e3o t\u00e3o diferente com delicadeza, eleg\u00e2ncia e generosidade. \u00c9 claro que eles perceberam. Dentro do carro me bombardearam de perguntas, que respondi com toda sinceridade. N\u00e3o deixei de ressaltar a import\u00e2ncia e o valor da atitude deles e de explicar que muitas pessoas, at\u00e9 mesmo muitas crian\u00e7as, n\u00e3o teriam tido um comportamento t\u00e3o cheio de dignidade e naturalidade.<\/p>\n<p>Adorei o passeio no McDonald&#8217;s.<\/p>\n","protected":false},"excerpt":{"rendered":"<p>Hoje topei com esse texto no blog de uma m\u00e3e de filhos que n\u00e3o tem s\u00edndrome de Down sobre o encontro dos seus filhos com um menino com s\u00edndrome de Down no parquinho de um Shopping Center. Justamente nessa semana em que se falou tanto sobre o preconceito entre crian\u00e7as, achei muito bacana o gesto [&hellip;]<\/p>\n","protected":false},"author":1,"featured_media":0,"comment_status":"open","ping_status":"open","sticky":false,"template":"","format":"standard","meta":{"site-container-style":"default","site-container-layout":"default","site-sidebar-layout":"default","disable-article-header":"default","disable-site-header":"default","disable-site-footer":"default","disable-content-area-spacing":"default","footnotes":""},"categories":[35,36,8],"tags":[],"class_list":["post-15243","post","type-post","status-publish","format-standard","hentry","category-de-nossa-parte","category-colunas-especiais","category-textos-e-artigos"],"yoast_head":"<!-- This site is optimized with the Yoast SEO plugin v27.4 - https:\/\/yoast.com\/product\/yoast-seo-wordpress\/ -->\n<title>Coisas de m\u00e3e -<\/title>\n<meta name=\"robots\" content=\"index, follow, max-snippet:-1, max-image-preview:large, max-video-preview:-1\" \/>\n<link rel=\"canonical\" href=\"https:\/\/inclusivenews.com.br\/?p=15243\" \/>\n<meta property=\"og:locale\" content=\"pt_PT\" \/>\n<meta property=\"og:type\" content=\"article\" \/>\n<meta property=\"og:title\" content=\"Coisas de m\u00e3e -\" \/>\n<meta property=\"og:description\" content=\"Hoje topei com esse texto no blog de uma m\u00e3e de filhos que n\u00e3o tem s\u00edndrome de Down sobre o encontro dos seus filhos com um menino com s\u00edndrome de Down no parquinho de um Shopping Center. Justamente nessa semana em que se falou tanto sobre o preconceito entre crian\u00e7as, achei muito bacana o gesto [&hellip;]\" \/>\n<meta property=\"og:url\" content=\"https:\/\/inclusivenews.com.br\/?p=15243\" \/>\n<meta property=\"article:publisher\" content=\"https:\/\/www.facebook.com\/agenciainclusive\/\" \/>\n<meta property=\"article:published_time\" content=\"2010-05-08T16:46:26+00:00\" \/>\n<meta property=\"og:image\" content=\"http:\/\/portal.unesco.org\/education\/en\/file_download.php\/c6ca7b73716900e7be3f4f22d282bea1braz0165-1.jpg\" \/>\n<meta name=\"author\" content=\"inclusivenews2024\" \/>\n<meta name=\"twitter:card\" content=\"summary_large_image\" \/>\n<meta name=\"twitter:label1\" content=\"Escrito por\" \/>\n\t<meta name=\"twitter:data1\" content=\"inclusivenews2024\" \/>\n\t<meta name=\"twitter:label2\" content=\"Tempo estimado de leitura\" \/>\n\t<meta name=\"twitter:data2\" content=\"4 minutos\" \/>\n<script type=\"application\/ld+json\" class=\"yoast-schema-graph\">{\"@context\":\"https:\\\/\\\/schema.org\",\"@graph\":[{\"@type\":\"Article\",\"@id\":\"https:\\\/\\\/inclusivenews.com.br\\\/?p=15243#article\",\"isPartOf\":{\"@id\":\"https:\\\/\\\/inclusivenews.com.br\\\/?p=15243\"},\"author\":{\"name\":\"inclusivenews2024\",\"@id\":\"https:\\\/\\\/inclusivenews.com.br\\\/#\\\/schema\\\/person\\\/ae4ec7087559b8692fb33b6fffd2273b\"},\"headline\":\"Coisas de m\u00e3e\",\"datePublished\":\"2010-05-08T16:46:26+00:00\",\"mainEntityOfPage\":{\"@id\":\"https:\\\/\\\/inclusivenews.com.br\\\/?p=15243\"},\"wordCount\":850,\"commentCount\":6,\"publisher\":{\"@id\":\"https:\\\/\\\/inclusivenews.com.br\\\/#organization\"},\"image\":{\"@id\":\"https:\\\/\\\/inclusivenews.com.br\\\/?p=15243#primaryimage\"},\"thumbnailUrl\":\"http:\\\/\\\/portal.unesco.org\\\/education\\\/en\\\/file_download.php\\\/c6ca7b73716900e7be3f4f22d282bea1braz0165-1.jpg\",\"articleSection\":[\"+ De nossa parte\",\"Colunas especiais\",\"OPINI\u00c3O\"],\"inLanguage\":\"pt-PT\",\"potentialAction\":[{\"@type\":\"CommentAction\",\"name\":\"Comment\",\"target\":[\"https:\\\/\\\/inclusivenews.com.br\\\/?p=15243#respond\"]}]},{\"@type\":\"WebPage\",\"@id\":\"https:\\\/\\\/inclusivenews.com.br\\\/?p=15243\",\"url\":\"https:\\\/\\\/inclusivenews.com.br\\\/?p=15243\",\"name\":\"Coisas de m\u00e3e -\",\"isPartOf\":{\"@id\":\"https:\\\/\\\/inclusivenews.com.br\\\/#website\"},\"primaryImageOfPage\":{\"@id\":\"https:\\\/\\\/inclusivenews.com.br\\\/?p=15243#primaryimage\"},\"image\":{\"@id\":\"https:\\\/\\\/inclusivenews.com.br\\\/?p=15243#primaryimage\"},\"thumbnailUrl\":\"http:\\\/\\\/portal.unesco.org\\\/education\\\/en\\\/file_download.php\\\/c6ca7b73716900e7be3f4f22d282bea1braz0165-1.jpg\",\"datePublished\":\"2010-05-08T16:46:26+00:00\",\"breadcrumb\":{\"@id\":\"https:\\\/\\\/inclusivenews.com.br\\\/?p=15243#breadcrumb\"},\"inLanguage\":\"pt-PT\",\"potentialAction\":[{\"@type\":\"ReadAction\",\"target\":[\"https:\\\/\\\/inclusivenews.com.br\\\/?p=15243\"]}]},{\"@type\":\"ImageObject\",\"inLanguage\":\"pt-PT\",\"@id\":\"https:\\\/\\\/inclusivenews.com.br\\\/?p=15243#primaryimage\",\"url\":\"http:\\\/\\\/portal.unesco.org\\\/education\\\/en\\\/file_download.php\\\/c6ca7b73716900e7be3f4f22d282bea1braz0165-1.jpg\",\"contentUrl\":\"http:\\\/\\\/portal.unesco.org\\\/education\\\/en\\\/file_download.php\\\/c6ca7b73716900e7be3f4f22d282bea1braz0165-1.jpg\"},{\"@type\":\"BreadcrumbList\",\"@id\":\"https:\\\/\\\/inclusivenews.com.br\\\/?p=15243#breadcrumb\",\"itemListElement\":[{\"@type\":\"ListItem\",\"position\":1,\"name\":\"In\u00edcio\",\"item\":\"https:\\\/\\\/inclusivenews.com.br\\\/\"},{\"@type\":\"ListItem\",\"position\":2,\"name\":\"Coisas de m\u00e3e\"}]},{\"@type\":\"WebSite\",\"@id\":\"https:\\\/\\\/inclusivenews.com.br\\\/#website\",\"url\":\"https:\\\/\\\/inclusivenews.com.br\\\/\",\"name\":\"Inclusive News\",\"description\":\"Inclusive News\",\"publisher\":{\"@id\":\"https:\\\/\\\/inclusivenews.com.br\\\/#organization\"},\"potentialAction\":[{\"@type\":\"SearchAction\",\"target\":{\"@type\":\"EntryPoint\",\"urlTemplate\":\"https:\\\/\\\/inclusivenews.com.br\\\/?s={search_term_string}\"},\"query-input\":{\"@type\":\"PropertyValueSpecification\",\"valueRequired\":true,\"valueName\":\"search_term_string\"}}],\"inLanguage\":\"pt-PT\"},{\"@type\":\"Organization\",\"@id\":\"https:\\\/\\\/inclusivenews.com.br\\\/#organization\",\"name\":\"Inclusive - inclus\u00e3o e cidadania\",\"url\":\"https:\\\/\\\/inclusivenews.com.br\\\/\",\"logo\":{\"@type\":\"ImageObject\",\"inLanguage\":\"pt-PT\",\"@id\":\"https:\\\/\\\/inclusivenews.com.br\\\/#\\\/schema\\\/logo\\\/image\\\/\",\"url\":\"https:\\\/\\\/inclusivenews.com.br\\\/wp-content\\\/uploads\\\/2024\\\/03\\\/@grandesite.png\",\"contentUrl\":\"https:\\\/\\\/inclusivenews.com.br\\\/wp-content\\\/uploads\\\/2024\\\/03\\\/@grandesite.png\",\"width\":1080,\"height\":1080,\"caption\":\"Inclusive - inclus\u00e3o e cidadania\"},\"image\":{\"@id\":\"https:\\\/\\\/inclusivenews.com.br\\\/#\\\/schema\\\/logo\\\/image\\\/\"},\"sameAs\":[\"https:\\\/\\\/www.facebook.com\\\/agenciainclusive\\\/\",\"https:\\\/\\\/www.instagram.com\\\/newsinclusive\\\/\"]},{\"@type\":\"Person\",\"@id\":\"https:\\\/\\\/inclusivenews.com.br\\\/#\\\/schema\\\/person\\\/ae4ec7087559b8692fb33b6fffd2273b\",\"name\":\"inclusivenews2024\",\"image\":{\"@type\":\"ImageObject\",\"inLanguage\":\"pt-PT\",\"@id\":\"https:\\\/\\\/secure.gravatar.com\\\/avatar\\\/c5a7ef84c66fa914f55bc4f7ce26cfa275a3b9a1c5568b907bd184fb4dde7b40?s=96&d=mm&r=g\",\"url\":\"https:\\\/\\\/secure.gravatar.com\\\/avatar\\\/c5a7ef84c66fa914f55bc4f7ce26cfa275a3b9a1c5568b907bd184fb4dde7b40?s=96&d=mm&r=g\",\"contentUrl\":\"https:\\\/\\\/secure.gravatar.com\\\/avatar\\\/c5a7ef84c66fa914f55bc4f7ce26cfa275a3b9a1c5568b907bd184fb4dde7b40?s=96&d=mm&r=g\",\"caption\":\"inclusivenews2024\"},\"sameAs\":[\"https:\\\/\\\/inclusivenews.com.br\"],\"url\":\"https:\\\/\\\/inclusivenews.com.br\\\/?author=1\"}]}<\/script>\n<!-- \/ Yoast SEO plugin. -->","yoast_head_json":{"title":"Coisas de m\u00e3e -","robots":{"index":"index","follow":"follow","max-snippet":"max-snippet:-1","max-image-preview":"max-image-preview:large","max-video-preview":"max-video-preview:-1"},"canonical":"https:\/\/inclusivenews.com.br\/?p=15243","og_locale":"pt_PT","og_type":"article","og_title":"Coisas de m\u00e3e -","og_description":"Hoje topei com esse texto no blog de uma m\u00e3e de filhos que n\u00e3o tem s\u00edndrome de Down sobre o encontro dos seus filhos com um menino com s\u00edndrome de Down no parquinho de um Shopping Center. Justamente nessa semana em que se falou tanto sobre o preconceito entre crian\u00e7as, achei muito bacana o gesto [&hellip;]","og_url":"https:\/\/inclusivenews.com.br\/?p=15243","article_publisher":"https:\/\/www.facebook.com\/agenciainclusive\/","article_published_time":"2010-05-08T16:46:26+00:00","og_image":[{"url":"http:\/\/portal.unesco.org\/education\/en\/file_download.php\/c6ca7b73716900e7be3f4f22d282bea1braz0165-1.jpg","type":"","width":"","height":""}],"author":"inclusivenews2024","twitter_card":"summary_large_image","twitter_misc":{"Escrito por":"inclusivenews2024","Tempo estimado de leitura":"4 minutos"},"schema":{"@context":"https:\/\/schema.org","@graph":[{"@type":"Article","@id":"https:\/\/inclusivenews.com.br\/?p=15243#article","isPartOf":{"@id":"https:\/\/inclusivenews.com.br\/?p=15243"},"author":{"name":"inclusivenews2024","@id":"https:\/\/inclusivenews.com.br\/#\/schema\/person\/ae4ec7087559b8692fb33b6fffd2273b"},"headline":"Coisas de m\u00e3e","datePublished":"2010-05-08T16:46:26+00:00","mainEntityOfPage":{"@id":"https:\/\/inclusivenews.com.br\/?p=15243"},"wordCount":850,"commentCount":6,"publisher":{"@id":"https:\/\/inclusivenews.com.br\/#organization"},"image":{"@id":"https:\/\/inclusivenews.com.br\/?p=15243#primaryimage"},"thumbnailUrl":"http:\/\/portal.unesco.org\/education\/en\/file_download.php\/c6ca7b73716900e7be3f4f22d282bea1braz0165-1.jpg","articleSection":["+ De nossa parte","Colunas especiais","OPINI\u00c3O"],"inLanguage":"pt-PT","potentialAction":[{"@type":"CommentAction","name":"Comment","target":["https:\/\/inclusivenews.com.br\/?p=15243#respond"]}]},{"@type":"WebPage","@id":"https:\/\/inclusivenews.com.br\/?p=15243","url":"https:\/\/inclusivenews.com.br\/?p=15243","name":"Coisas de m\u00e3e -","isPartOf":{"@id":"https:\/\/inclusivenews.com.br\/#website"},"primaryImageOfPage":{"@id":"https:\/\/inclusivenews.com.br\/?p=15243#primaryimage"},"image":{"@id":"https:\/\/inclusivenews.com.br\/?p=15243#primaryimage"},"thumbnailUrl":"http:\/\/portal.unesco.org\/education\/en\/file_download.php\/c6ca7b73716900e7be3f4f22d282bea1braz0165-1.jpg","datePublished":"2010-05-08T16:46:26+00:00","breadcrumb":{"@id":"https:\/\/inclusivenews.com.br\/?p=15243#breadcrumb"},"inLanguage":"pt-PT","potentialAction":[{"@type":"ReadAction","target":["https:\/\/inclusivenews.com.br\/?p=15243"]}]},{"@type":"ImageObject","inLanguage":"pt-PT","@id":"https:\/\/inclusivenews.com.br\/?p=15243#primaryimage","url":"http:\/\/portal.unesco.org\/education\/en\/file_download.php\/c6ca7b73716900e7be3f4f22d282bea1braz0165-1.jpg","contentUrl":"http:\/\/portal.unesco.org\/education\/en\/file_download.php\/c6ca7b73716900e7be3f4f22d282bea1braz0165-1.jpg"},{"@type":"BreadcrumbList","@id":"https:\/\/inclusivenews.com.br\/?p=15243#breadcrumb","itemListElement":[{"@type":"ListItem","position":1,"name":"In\u00edcio","item":"https:\/\/inclusivenews.com.br\/"},{"@type":"ListItem","position":2,"name":"Coisas de m\u00e3e"}]},{"@type":"WebSite","@id":"https:\/\/inclusivenews.com.br\/#website","url":"https:\/\/inclusivenews.com.br\/","name":"Inclusive News","description":"Inclusive News","publisher":{"@id":"https:\/\/inclusivenews.com.br\/#organization"},"potentialAction":[{"@type":"SearchAction","target":{"@type":"EntryPoint","urlTemplate":"https:\/\/inclusivenews.com.br\/?s={search_term_string}"},"query-input":{"@type":"PropertyValueSpecification","valueRequired":true,"valueName":"search_term_string"}}],"inLanguage":"pt-PT"},{"@type":"Organization","@id":"https:\/\/inclusivenews.com.br\/#organization","name":"Inclusive - inclus\u00e3o e cidadania","url":"https:\/\/inclusivenews.com.br\/","logo":{"@type":"ImageObject","inLanguage":"pt-PT","@id":"https:\/\/inclusivenews.com.br\/#\/schema\/logo\/image\/","url":"https:\/\/inclusivenews.com.br\/wp-content\/uploads\/2024\/03\/@grandesite.png","contentUrl":"https:\/\/inclusivenews.com.br\/wp-content\/uploads\/2024\/03\/@grandesite.png","width":1080,"height":1080,"caption":"Inclusive - inclus\u00e3o e cidadania"},"image":{"@id":"https:\/\/inclusivenews.com.br\/#\/schema\/logo\/image\/"},"sameAs":["https:\/\/www.facebook.com\/agenciainclusive\/","https:\/\/www.instagram.com\/newsinclusive\/"]},{"@type":"Person","@id":"https:\/\/inclusivenews.com.br\/#\/schema\/person\/ae4ec7087559b8692fb33b6fffd2273b","name":"inclusivenews2024","image":{"@type":"ImageObject","inLanguage":"pt-PT","@id":"https:\/\/secure.gravatar.com\/avatar\/c5a7ef84c66fa914f55bc4f7ce26cfa275a3b9a1c5568b907bd184fb4dde7b40?s=96&d=mm&r=g","url":"https:\/\/secure.gravatar.com\/avatar\/c5a7ef84c66fa914f55bc4f7ce26cfa275a3b9a1c5568b907bd184fb4dde7b40?s=96&d=mm&r=g","contentUrl":"https:\/\/secure.gravatar.com\/avatar\/c5a7ef84c66fa914f55bc4f7ce26cfa275a3b9a1c5568b907bd184fb4dde7b40?s=96&d=mm&r=g","caption":"inclusivenews2024"},"sameAs":["https:\/\/inclusivenews.com.br"],"url":"https:\/\/inclusivenews.com.br\/?author=1"}]}},"_links":{"self":[{"href":"https:\/\/inclusivenews.com.br\/index.php?rest_route=\/wp\/v2\/posts\/15243","targetHints":{"allow":["GET"]}}],"collection":[{"href":"https:\/\/inclusivenews.com.br\/index.php?rest_route=\/wp\/v2\/posts"}],"about":[{"href":"https:\/\/inclusivenews.com.br\/index.php?rest_route=\/wp\/v2\/types\/post"}],"author":[{"embeddable":true,"href":"https:\/\/inclusivenews.com.br\/index.php?rest_route=\/wp\/v2\/users\/1"}],"replies":[{"embeddable":true,"href":"https:\/\/inclusivenews.com.br\/index.php?rest_route=%2Fwp%2Fv2%2Fcomments&post=15243"}],"version-history":[{"count":0,"href":"https:\/\/inclusivenews.com.br\/index.php?rest_route=\/wp\/v2\/posts\/15243\/revisions"}],"wp:attachment":[{"href":"https:\/\/inclusivenews.com.br\/index.php?rest_route=%2Fwp%2Fv2%2Fmedia&parent=15243"}],"wp:term":[{"taxonomy":"category","embeddable":true,"href":"https:\/\/inclusivenews.com.br\/index.php?rest_route=%2Fwp%2Fv2%2Fcategories&post=15243"},{"taxonomy":"post_tag","embeddable":true,"href":"https:\/\/inclusivenews.com.br\/index.php?rest_route=%2Fwp%2Fv2%2Ftags&post=15243"}],"curies":[{"name":"wp","href":"https:\/\/api.w.org\/{rel}","templated":true}]}}