{"id":15250,"date":"2010-05-10T06:00:53","date_gmt":"2010-05-10T09:00:53","guid":{"rendered":"http:\/\/www.inclusive.org.br\/?p=15250"},"modified":"2010-05-10T06:00:53","modified_gmt":"2010-05-10T09:00:53","slug":"homossexuais-comemoram-decisao-do-stj","status":"publish","type":"post","link":"https:\/\/inclusivenews.com.br\/?p=15250","title":{"rendered":"Homossexuais comemoram decis\u00e3o do STJ"},"content":{"rendered":"<figure style=\"width: 225px\" class=\"wp-caption alignleft\"><img loading=\"lazy\" decoding=\"async\" title=\"Toni Reis e David Harrad esperam para adotar uma crian\u00e7a desde 2005.\" src=\"http:\/\/www.parana-online.com.br\/media\/uploads\/2010\/maio\/09-05-10\/cid03090510.png\" alt=\"\" width=\"225\" height=\"148\" \/><figcaption class=\"wp-caption-text\">Toni Reis e David Harrad esperam para adotar uma crian\u00e7a desde 2005.<\/figcaption><\/figure>\n<p><strong>Daniel Caron<\/strong><\/p>\n<p>O modelo de fam\u00edlia formado por m\u00e3e, pai e filhos ainda \u00e9 o mais comum, mas n\u00e3o o \u00fanico a existir na sociedade atual. H\u00e1 poucos dias, em decis\u00e3o un\u00e2nime, cinco ministros que comp\u00f5em a 4.\u00aa Turma do Superior Tribunal de Justi\u00e7a (STJ) reconheceram o direito de ado\u00e7\u00e3o a um casal homossexual que vive no estado do Rio Grande do Sul. No caso, duas mulheres que desejam, juntas, cuidar de uma crian\u00e7a e formar uma fam\u00edlia.<\/p>\n<p>A decis\u00e3o \u00e9 hist\u00f3rica e deve servir de precedente a outros casais homoafetivos que queiram adotar um filho. Por\u00e9m, tamb\u00e9m \u00e9 tida como bastante pol\u00eamica. Enquanto alguns grupos sociais receberam a not\u00edcia de forma positiva, considerando que a mesma contribui para fortalecer os direitos entre todas as orienta\u00e7\u00f5es sexuais e que o bem-estar das crian\u00e7as foi priorizado, outros encararam o assunto de forma receosa, temendo justamente pelo bom desenvolvimento de meninos e meninas dispon\u00edveis para ado\u00e7\u00e3o.<\/p>\n<p>Segundo a advogada e presidente do Instituto Brasileiro de Direito da Fam\u00edlia no Paran\u00e1, Adriana Aranha Hapner, existem diversas decis\u00f5es em favor da ado\u00e7\u00e3o de crian\u00e7as por casais homossexuais em tribunais de Justi\u00e7a estaduais.<\/p>\n<p>Por\u00e9m, \u00e9 a primeira vez que um tribunal superior se manifesta de forma favor\u00e1vel. &#8220;Ela demonstra que a forma\u00e7\u00e3o de unidade familiar por casal do mesmo sexo \u00e9 uma realidade que est\u00e1 presente na sociedade atual&#8221;, diz.<\/p>\n<p>Na opini\u00e3o da pesquisadora do Grupo de Defesa dos Direitos da Crian\u00e7a e do Adolescente, M\u00e1rcia Caldas Vellozo Machado, a atitude do STJ representa um grande avan\u00e7o na \u00e1rea da inf\u00e2ncia e da juventude no Brasil e faz valer o princ\u00edpio do melhor interesse da crian\u00e7a. &#8220;Em um processo de ado\u00e7\u00e3o, temos que ver se a crian\u00e7a \u00e9 amada, est\u00e1 confort\u00e1vel e sendo bem educada&#8221;, afirma.<\/p>\n<p>J\u00e1 a pediatra e psicanalista de crian\u00e7as e adolescentes, Luci Pfeiffer, que tamb\u00e9m integra o Grupo de Defesa, n\u00e3o se diz contr\u00e1ria \u00e0 ado\u00e7\u00e3o de crian\u00e7as por casais homossexuais. Entretanto, acredita que a sociedade ainda deve refletir muito sobre o assunto.<\/p>\n<p>&#8220;A sociedade e as institui\u00e7\u00f5es cient\u00edficas t\u00eam muito a estudar sobre esse tema, para que depois se tenha uma opini\u00e3o geral sobre ele. No momento, h\u00e1 que se avaliar cada caso, como em todos de que se trata a ado\u00e7\u00e3o&#8221;, afirma. Luci concorda que, em qualquer caso de ado\u00e7\u00e3o, o bem-estar da crian\u00e7a deve ser colocado em primeiro lugar.<\/p>\n<p>A decis\u00e3o do STJ est\u00e1 sendo comemorada pelo casal Toni Reis e David Harrad, que vive em Curitiba. Os dois est\u00e3o juntos h\u00e1 vinte anos e esperam para adotar uma crian\u00e7a desde 2005. David tem 52 anos, \u00e9 ingl\u00eas e trabalha como tradutor.<\/p>\n<p>Toni tem 46 e \u00e9 professor. No apartamento do casal, localizado na regi\u00e3o central da cidade, j\u00e1 existe at\u00e9 um quarto preparado para receber de forma confort\u00e1vel um filho adotivo. Por\u00e9m, uma s\u00e9rie de entraves judiciais t\u00eam impedido que isto aconte\u00e7a.<\/p>\n<p>&#8220;Gostar\u00edamos de adotar um menino e uma menina, mas est\u00e1 sendo bastante dif\u00edcil. Estamos ficando mais velhos e logo n\u00e3o teremos mais idade para cuidar de uma crian\u00e7a. Em 2008, tivemos uma decis\u00e3o favor\u00e1vel, mas havia a restri\u00e7\u00e3o de que a crian\u00e7a adotada fosse uma menina com mais de 10 anos. Achamos isso discriminat\u00f3rio e recorremos&#8221;, revela David.<\/p>\n<p>__________________<\/p>\n<p><strong>Fonte:<\/strong> <a href=\"http:\/\/www.parana-online.com.br\/editoria\/cidades\/news\/445887\/?noticia=HOMOSSEXUAIS+COMEMORAM+DECISAO+DO+STJ\">Paran\u00e1 on-line <\/a><\/p>\n","protected":false},"excerpt":{"rendered":"<p>A decis\u00e3o \u00e9 hist\u00f3rica e deve servir de precedente a outros casais homoafetivos que queiram adotar um filho. Por\u00e9m, tamb\u00e9m \u00e9 tida como bastante pol\u00eamica. Do Paran\u00e1 on-line.<\/p>\n","protected":false},"author":1,"featured_media":0,"comment_status":"open","ping_status":"open","sticky":false,"template":"","format":"standard","meta":{"site-container-style":"default","site-container-layout":"default","site-sidebar-layout":"default","disable-article-header":"default","disable-site-header":"default","disable-site-footer":"default","disable-content-area-spacing":"default","footnotes":""},"categories":[4,41],"tags":[],"class_list":["post-15250","post","type-post","status-publish","format-standard","hentry","category-noticias","category-preconceito"],"yoast_head":"<!-- This site is optimized with the Yoast SEO plugin v27.4 - https:\/\/yoast.com\/product\/yoast-seo-wordpress\/ -->\n<title>Homossexuais comemoram decis\u00e3o do STJ -<\/title>\n<meta name=\"robots\" content=\"index, follow, max-snippet:-1, max-image-preview:large, max-video-preview:-1\" \/>\n<link rel=\"canonical\" href=\"https:\/\/inclusivenews.com.br\/?p=15250\" \/>\n<meta property=\"og:locale\" content=\"pt_PT\" \/>\n<meta property=\"og:type\" content=\"article\" \/>\n<meta property=\"og:title\" content=\"Homossexuais comemoram decis\u00e3o do STJ -\" \/>\n<meta property=\"og:description\" content=\"A decis\u00e3o \u00e9 hist\u00f3rica e deve servir de precedente a outros casais homoafetivos que queiram adotar um filho. Por\u00e9m, tamb\u00e9m \u00e9 tida como bastante pol\u00eamica. Do Paran\u00e1 on-line.\" \/>\n<meta property=\"og:url\" content=\"https:\/\/inclusivenews.com.br\/?p=15250\" \/>\n<meta property=\"article:publisher\" content=\"https:\/\/www.facebook.com\/agenciainclusive\/\" \/>\n<meta property=\"article:published_time\" content=\"2010-05-10T09:00:53+00:00\" \/>\n<meta property=\"og:image\" content=\"http:\/\/www.parana-online.com.br\/media\/uploads\/2010\/maio\/09-05-10\/cid03090510.png\" \/>\n<meta name=\"author\" content=\"inclusivenews2024\" \/>\n<meta name=\"twitter:card\" content=\"summary_large_image\" \/>\n<meta name=\"twitter:label1\" content=\"Escrito por\" \/>\n\t<meta name=\"twitter:data1\" content=\"inclusivenews2024\" \/>\n\t<meta name=\"twitter:label2\" content=\"Tempo estimado de leitura\" \/>\n\t<meta name=\"twitter:data2\" content=\"3 minutos\" \/>\n<script type=\"application\/ld+json\" class=\"yoast-schema-graph\">{\"@context\":\"https:\\\/\\\/schema.org\",\"@graph\":[{\"@type\":\"Article\",\"@id\":\"https:\\\/\\\/inclusivenews.com.br\\\/?p=15250#article\",\"isPartOf\":{\"@id\":\"https:\\\/\\\/inclusivenews.com.br\\\/?p=15250\"},\"author\":{\"name\":\"inclusivenews2024\",\"@id\":\"https:\\\/\\\/inclusivenews.com.br\\\/#\\\/schema\\\/person\\\/ae4ec7087559b8692fb33b6fffd2273b\"},\"headline\":\"Homossexuais comemoram decis\u00e3o do STJ\",\"datePublished\":\"2010-05-10T09:00:53+00:00\",\"mainEntityOfPage\":{\"@id\":\"https:\\\/\\\/inclusivenews.com.br\\\/?p=15250\"},\"wordCount\":616,\"commentCount\":0,\"publisher\":{\"@id\":\"https:\\\/\\\/inclusivenews.com.br\\\/#organization\"},\"image\":{\"@id\":\"https:\\\/\\\/inclusivenews.com.br\\\/?p=15250#primaryimage\"},\"thumbnailUrl\":\"http:\\\/\\\/www.parana-online.com.br\\\/media\\\/uploads\\\/2010\\\/maio\\\/09-05-10\\\/cid03090510.png\",\"articleSection\":[\"NOT\u00cdCIAS\",\"Preconceito\"],\"inLanguage\":\"pt-PT\",\"potentialAction\":[{\"@type\":\"CommentAction\",\"name\":\"Comment\",\"target\":[\"https:\\\/\\\/inclusivenews.com.br\\\/?p=15250#respond\"]}]},{\"@type\":\"WebPage\",\"@id\":\"https:\\\/\\\/inclusivenews.com.br\\\/?p=15250\",\"url\":\"https:\\\/\\\/inclusivenews.com.br\\\/?p=15250\",\"name\":\"Homossexuais comemoram decis\u00e3o do STJ -\",\"isPartOf\":{\"@id\":\"https:\\\/\\\/inclusivenews.com.br\\\/#website\"},\"primaryImageOfPage\":{\"@id\":\"https:\\\/\\\/inclusivenews.com.br\\\/?p=15250#primaryimage\"},\"image\":{\"@id\":\"https:\\\/\\\/inclusivenews.com.br\\\/?p=15250#primaryimage\"},\"thumbnailUrl\":\"http:\\\/\\\/www.parana-online.com.br\\\/media\\\/uploads\\\/2010\\\/maio\\\/09-05-10\\\/cid03090510.png\",\"datePublished\":\"2010-05-10T09:00:53+00:00\",\"breadcrumb\":{\"@id\":\"https:\\\/\\\/inclusivenews.com.br\\\/?p=15250#breadcrumb\"},\"inLanguage\":\"pt-PT\",\"potentialAction\":[{\"@type\":\"ReadAction\",\"target\":[\"https:\\\/\\\/inclusivenews.com.br\\\/?p=15250\"]}]},{\"@type\":\"ImageObject\",\"inLanguage\":\"pt-PT\",\"@id\":\"https:\\\/\\\/inclusivenews.com.br\\\/?p=15250#primaryimage\",\"url\":\"http:\\\/\\\/www.parana-online.com.br\\\/media\\\/uploads\\\/2010\\\/maio\\\/09-05-10\\\/cid03090510.png\",\"contentUrl\":\"http:\\\/\\\/www.parana-online.com.br\\\/media\\\/uploads\\\/2010\\\/maio\\\/09-05-10\\\/cid03090510.png\"},{\"@type\":\"BreadcrumbList\",\"@id\":\"https:\\\/\\\/inclusivenews.com.br\\\/?p=15250#breadcrumb\",\"itemListElement\":[{\"@type\":\"ListItem\",\"position\":1,\"name\":\"In\u00edcio\",\"item\":\"https:\\\/\\\/inclusivenews.com.br\\\/\"},{\"@type\":\"ListItem\",\"position\":2,\"name\":\"Homossexuais comemoram decis\u00e3o do STJ\"}]},{\"@type\":\"WebSite\",\"@id\":\"https:\\\/\\\/inclusivenews.com.br\\\/#website\",\"url\":\"https:\\\/\\\/inclusivenews.com.br\\\/\",\"name\":\"Inclusive News\",\"description\":\"Inclusive News\",\"publisher\":{\"@id\":\"https:\\\/\\\/inclusivenews.com.br\\\/#organization\"},\"potentialAction\":[{\"@type\":\"SearchAction\",\"target\":{\"@type\":\"EntryPoint\",\"urlTemplate\":\"https:\\\/\\\/inclusivenews.com.br\\\/?s={search_term_string}\"},\"query-input\":{\"@type\":\"PropertyValueSpecification\",\"valueRequired\":true,\"valueName\":\"search_term_string\"}}],\"inLanguage\":\"pt-PT\"},{\"@type\":\"Organization\",\"@id\":\"https:\\\/\\\/inclusivenews.com.br\\\/#organization\",\"name\":\"Inclusive - inclus\u00e3o e cidadania\",\"url\":\"https:\\\/\\\/inclusivenews.com.br\\\/\",\"logo\":{\"@type\":\"ImageObject\",\"inLanguage\":\"pt-PT\",\"@id\":\"https:\\\/\\\/inclusivenews.com.br\\\/#\\\/schema\\\/logo\\\/image\\\/\",\"url\":\"https:\\\/\\\/inclusivenews.com.br\\\/wp-content\\\/uploads\\\/2024\\\/03\\\/@grandesite.png\",\"contentUrl\":\"https:\\\/\\\/inclusivenews.com.br\\\/wp-content\\\/uploads\\\/2024\\\/03\\\/@grandesite.png\",\"width\":1080,\"height\":1080,\"caption\":\"Inclusive - inclus\u00e3o e cidadania\"},\"image\":{\"@id\":\"https:\\\/\\\/inclusivenews.com.br\\\/#\\\/schema\\\/logo\\\/image\\\/\"},\"sameAs\":[\"https:\\\/\\\/www.facebook.com\\\/agenciainclusive\\\/\",\"https:\\\/\\\/www.instagram.com\\\/newsinclusive\\\/\"]},{\"@type\":\"Person\",\"@id\":\"https:\\\/\\\/inclusivenews.com.br\\\/#\\\/schema\\\/person\\\/ae4ec7087559b8692fb33b6fffd2273b\",\"name\":\"inclusivenews2024\",\"image\":{\"@type\":\"ImageObject\",\"inLanguage\":\"pt-PT\",\"@id\":\"https:\\\/\\\/secure.gravatar.com\\\/avatar\\\/c5a7ef84c66fa914f55bc4f7ce26cfa275a3b9a1c5568b907bd184fb4dde7b40?s=96&d=mm&r=g\",\"url\":\"https:\\\/\\\/secure.gravatar.com\\\/avatar\\\/c5a7ef84c66fa914f55bc4f7ce26cfa275a3b9a1c5568b907bd184fb4dde7b40?s=96&d=mm&r=g\",\"contentUrl\":\"https:\\\/\\\/secure.gravatar.com\\\/avatar\\\/c5a7ef84c66fa914f55bc4f7ce26cfa275a3b9a1c5568b907bd184fb4dde7b40?s=96&d=mm&r=g\",\"caption\":\"inclusivenews2024\"},\"sameAs\":[\"https:\\\/\\\/inclusivenews.com.br\"],\"url\":\"https:\\\/\\\/inclusivenews.com.br\\\/?author=1\"}]}<\/script>\n<!-- \/ Yoast SEO plugin. -->","yoast_head_json":{"title":"Homossexuais comemoram decis\u00e3o do STJ -","robots":{"index":"index","follow":"follow","max-snippet":"max-snippet:-1","max-image-preview":"max-image-preview:large","max-video-preview":"max-video-preview:-1"},"canonical":"https:\/\/inclusivenews.com.br\/?p=15250","og_locale":"pt_PT","og_type":"article","og_title":"Homossexuais comemoram decis\u00e3o do STJ -","og_description":"A decis\u00e3o \u00e9 hist\u00f3rica e deve servir de precedente a outros casais homoafetivos que queiram adotar um filho. Por\u00e9m, tamb\u00e9m \u00e9 tida como bastante pol\u00eamica. Do Paran\u00e1 on-line.","og_url":"https:\/\/inclusivenews.com.br\/?p=15250","article_publisher":"https:\/\/www.facebook.com\/agenciainclusive\/","article_published_time":"2010-05-10T09:00:53+00:00","og_image":[{"url":"http:\/\/www.parana-online.com.br\/media\/uploads\/2010\/maio\/09-05-10\/cid03090510.png","type":"","width":"","height":""}],"author":"inclusivenews2024","twitter_card":"summary_large_image","twitter_misc":{"Escrito por":"inclusivenews2024","Tempo estimado de leitura":"3 minutos"},"schema":{"@context":"https:\/\/schema.org","@graph":[{"@type":"Article","@id":"https:\/\/inclusivenews.com.br\/?p=15250#article","isPartOf":{"@id":"https:\/\/inclusivenews.com.br\/?p=15250"},"author":{"name":"inclusivenews2024","@id":"https:\/\/inclusivenews.com.br\/#\/schema\/person\/ae4ec7087559b8692fb33b6fffd2273b"},"headline":"Homossexuais comemoram decis\u00e3o do STJ","datePublished":"2010-05-10T09:00:53+00:00","mainEntityOfPage":{"@id":"https:\/\/inclusivenews.com.br\/?p=15250"},"wordCount":616,"commentCount":0,"publisher":{"@id":"https:\/\/inclusivenews.com.br\/#organization"},"image":{"@id":"https:\/\/inclusivenews.com.br\/?p=15250#primaryimage"},"thumbnailUrl":"http:\/\/www.parana-online.com.br\/media\/uploads\/2010\/maio\/09-05-10\/cid03090510.png","articleSection":["NOT\u00cdCIAS","Preconceito"],"inLanguage":"pt-PT","potentialAction":[{"@type":"CommentAction","name":"Comment","target":["https:\/\/inclusivenews.com.br\/?p=15250#respond"]}]},{"@type":"WebPage","@id":"https:\/\/inclusivenews.com.br\/?p=15250","url":"https:\/\/inclusivenews.com.br\/?p=15250","name":"Homossexuais comemoram decis\u00e3o do STJ -","isPartOf":{"@id":"https:\/\/inclusivenews.com.br\/#website"},"primaryImageOfPage":{"@id":"https:\/\/inclusivenews.com.br\/?p=15250#primaryimage"},"image":{"@id":"https:\/\/inclusivenews.com.br\/?p=15250#primaryimage"},"thumbnailUrl":"http:\/\/www.parana-online.com.br\/media\/uploads\/2010\/maio\/09-05-10\/cid03090510.png","datePublished":"2010-05-10T09:00:53+00:00","breadcrumb":{"@id":"https:\/\/inclusivenews.com.br\/?p=15250#breadcrumb"},"inLanguage":"pt-PT","potentialAction":[{"@type":"ReadAction","target":["https:\/\/inclusivenews.com.br\/?p=15250"]}]},{"@type":"ImageObject","inLanguage":"pt-PT","@id":"https:\/\/inclusivenews.com.br\/?p=15250#primaryimage","url":"http:\/\/www.parana-online.com.br\/media\/uploads\/2010\/maio\/09-05-10\/cid03090510.png","contentUrl":"http:\/\/www.parana-online.com.br\/media\/uploads\/2010\/maio\/09-05-10\/cid03090510.png"},{"@type":"BreadcrumbList","@id":"https:\/\/inclusivenews.com.br\/?p=15250#breadcrumb","itemListElement":[{"@type":"ListItem","position":1,"name":"In\u00edcio","item":"https:\/\/inclusivenews.com.br\/"},{"@type":"ListItem","position":2,"name":"Homossexuais comemoram decis\u00e3o do STJ"}]},{"@type":"WebSite","@id":"https:\/\/inclusivenews.com.br\/#website","url":"https:\/\/inclusivenews.com.br\/","name":"Inclusive News","description":"Inclusive News","publisher":{"@id":"https:\/\/inclusivenews.com.br\/#organization"},"potentialAction":[{"@type":"SearchAction","target":{"@type":"EntryPoint","urlTemplate":"https:\/\/inclusivenews.com.br\/?s={search_term_string}"},"query-input":{"@type":"PropertyValueSpecification","valueRequired":true,"valueName":"search_term_string"}}],"inLanguage":"pt-PT"},{"@type":"Organization","@id":"https:\/\/inclusivenews.com.br\/#organization","name":"Inclusive - inclus\u00e3o e cidadania","url":"https:\/\/inclusivenews.com.br\/","logo":{"@type":"ImageObject","inLanguage":"pt-PT","@id":"https:\/\/inclusivenews.com.br\/#\/schema\/logo\/image\/","url":"https:\/\/inclusivenews.com.br\/wp-content\/uploads\/2024\/03\/@grandesite.png","contentUrl":"https:\/\/inclusivenews.com.br\/wp-content\/uploads\/2024\/03\/@grandesite.png","width":1080,"height":1080,"caption":"Inclusive - inclus\u00e3o e cidadania"},"image":{"@id":"https:\/\/inclusivenews.com.br\/#\/schema\/logo\/image\/"},"sameAs":["https:\/\/www.facebook.com\/agenciainclusive\/","https:\/\/www.instagram.com\/newsinclusive\/"]},{"@type":"Person","@id":"https:\/\/inclusivenews.com.br\/#\/schema\/person\/ae4ec7087559b8692fb33b6fffd2273b","name":"inclusivenews2024","image":{"@type":"ImageObject","inLanguage":"pt-PT","@id":"https:\/\/secure.gravatar.com\/avatar\/c5a7ef84c66fa914f55bc4f7ce26cfa275a3b9a1c5568b907bd184fb4dde7b40?s=96&d=mm&r=g","url":"https:\/\/secure.gravatar.com\/avatar\/c5a7ef84c66fa914f55bc4f7ce26cfa275a3b9a1c5568b907bd184fb4dde7b40?s=96&d=mm&r=g","contentUrl":"https:\/\/secure.gravatar.com\/avatar\/c5a7ef84c66fa914f55bc4f7ce26cfa275a3b9a1c5568b907bd184fb4dde7b40?s=96&d=mm&r=g","caption":"inclusivenews2024"},"sameAs":["https:\/\/inclusivenews.com.br"],"url":"https:\/\/inclusivenews.com.br\/?author=1"}]}},"_links":{"self":[{"href":"https:\/\/inclusivenews.com.br\/index.php?rest_route=\/wp\/v2\/posts\/15250","targetHints":{"allow":["GET"]}}],"collection":[{"href":"https:\/\/inclusivenews.com.br\/index.php?rest_route=\/wp\/v2\/posts"}],"about":[{"href":"https:\/\/inclusivenews.com.br\/index.php?rest_route=\/wp\/v2\/types\/post"}],"author":[{"embeddable":true,"href":"https:\/\/inclusivenews.com.br\/index.php?rest_route=\/wp\/v2\/users\/1"}],"replies":[{"embeddable":true,"href":"https:\/\/inclusivenews.com.br\/index.php?rest_route=%2Fwp%2Fv2%2Fcomments&post=15250"}],"version-history":[{"count":0,"href":"https:\/\/inclusivenews.com.br\/index.php?rest_route=\/wp\/v2\/posts\/15250\/revisions"}],"wp:attachment":[{"href":"https:\/\/inclusivenews.com.br\/index.php?rest_route=%2Fwp%2Fv2%2Fmedia&parent=15250"}],"wp:term":[{"taxonomy":"category","embeddable":true,"href":"https:\/\/inclusivenews.com.br\/index.php?rest_route=%2Fwp%2Fv2%2Fcategories&post=15250"},{"taxonomy":"post_tag","embeddable":true,"href":"https:\/\/inclusivenews.com.br\/index.php?rest_route=%2Fwp%2Fv2%2Ftags&post=15250"}],"curies":[{"name":"wp","href":"https:\/\/api.w.org\/{rel}","templated":true}]}}