{"id":15252,"date":"2010-05-10T05:59:05","date_gmt":"2010-05-10T08:59:05","guid":{"rendered":"http:\/\/www.inclusive.org.br\/?p=15252"},"modified":"2010-05-10T05:59:05","modified_gmt":"2010-05-10T08:59:05","slug":"pos-graduacao-em-tecnologia-assistiva-tem-inscricoes-abertas","status":"publish","type":"post","link":"https:\/\/inclusivenews.com.br\/?p=15252","title":{"rendered":"P\u00f3s-gradua\u00e7\u00e3o em Tecnologia Assistiva tem inscri\u00e7\u00f5es abertas"},"content":{"rendered":"<figure id=\"attachment_15253\" aria-describedby=\"caption-attachment-15253\" style=\"width: 168px\" class=\"wp-caption alignleft\"><a href=\"http:\/\/www.inclusivenews.com.br\/wp-content\/uploads\/2010\/05\/maisdiferencas.jpg\"><img loading=\"lazy\" decoding=\"async\" class=\"size-full wp-image-15253\" title=\"Mais diferen\u00e7as - educa\u00e7\u00e3o e inclus\u00e3o social\" src=\"http:\/\/inclusivenews.com.br\/wp-content\/uploads\/2010\/05\/maisdiferencas.jpg\" alt=\"\" width=\"168\" height=\"59\" \/><\/a><figcaption id=\"caption-attachment-15253\" class=\"wp-caption-text\"> <\/figcaption><\/figure>\n<p>A ONG Mais Diferen\u00e7as e a Faculdade de Ci\u00eancias M\u00e9dicas de Minas Gerais, em parceria com a Techno Care, abrem inscri\u00e7\u00f5es para o curso de p\u00f3s-gradua\u00e7\u00e3o lato sensu em Tecnologia Assistiva. As inscri\u00e7\u00f5es v\u00e3o at\u00e9 o dia 2 de junho e devem ser feitas na sede da Mais Diferen\u00e7as, em S\u00e3o Paulo\/SP, onde tamb\u00e9m ser\u00e3o as aulas.<\/p>\n<p>A especializa\u00e7\u00e3o tem por objetivo criar, produzir e pesquisar tecnologias, a\u00e7\u00f5es e pol\u00edticas p\u00fablicas para a vida independente e aut\u00f4noma de pessoas com defici\u00eancia e em processo de envelhecimento.<\/p>\n<p>Com coordena\u00e7\u00e3o geral da Profa. Dra. Maria Aparecida Ferreira de Mello \u2014 Doutora em Ci\u00eancias na Unifesp, Universidade Federal de S\u00e3o Paulo, e Especialista e Mestre em Tecnologia Assistiva pela University of New York at<br \/>\nBuffalo, nos Estados Unidos \u2014, o curso tem carga hor\u00e1ria de 432 horas (sendo 32 horas de visitas t\u00e9cnicas e 60 horas de desenvolvimento de projeto de pesquisa).<\/p>\n<p>As aulas ser\u00e3o aos finais de semana, uma vez por m\u00eas, sendo: \u00e0s sextas-feiras das 18h \u00e0s 22h; aos s\u00e1bados das 8h \u00e0s 18h; aos domingos das 8h \u00e0s 13 horas. O in\u00edcio do curso ser\u00e1 em 18 de junho. A taxa de matr\u00edcula \u00e9 de<br \/>\nR$ 120.<\/p>\n<p>Mais informa\u00e7\u00f5es podem ser obtidas pelo telefone (11) 3881-4610, com Nana ou Ana Rosa, e tamb\u00e9m pelos e-mails nana@md.org.br e anarosa@md.org.br. A Mais Diferen\u00e7as fica na Rua Jo\u00e3o Moura, 1453 \u2013 Pinheiros, S\u00e3o Paulo\/SP.<\/p>\n<p><strong>Sobre a Mais Diferen\u00e7as <\/strong><\/p>\n<p>A Mais Diferen\u00e7as \u00e9 uma OSCIP, que tem como miss\u00e3o construir, articular, \u00a0promover e implementar pr\u00e1ticas e pol\u00edticas inclusivas, com os diversos setores da sociedade, para garantir os direitos humanos, prioritariamente<br \/>\ndas pessoas com defici\u00eancia. A ONG busca a realiza\u00e7\u00e3o e amplia\u00e7\u00e3o do potencial de cada um, atrav\u00e9s da produ\u00e7\u00e3o e elabora\u00e7\u00e3o coletivas de saberes e pr\u00e1ticas, da equipara\u00e7\u00e3o de oportunidades e da constru\u00e7\u00e3o da autonomia,<br \/>\nvalorizando as m\u00faltiplas formas de ser e estar no mundo.<\/p>\n<p><a href=\"http:\/\/www.md.org.br \">http:\/\/www.md.org.br <\/a><\/p>\n<p><strong>Sobre a Faculdade de Ci\u00eancias M\u00e9dicas de Minas Gerais<\/strong><\/p>\n<p>A Faculdade de Ci\u00eancias M\u00e9dicas de Minas Gerais &#8211; FCMMG avan\u00e7a com a estrat\u00e9gia de aliar sua experi\u00eancia, acumulada em mais de cinco d\u00e9cadas de ensino e pesquisa, \u00e0 postura inovadora exigida pelo atual contexto da<br \/>\neduca\u00e7\u00e3o e da tecnologia na \u00e1rea da sa\u00fade. Segunda mais antiga de Minas Gerais, a Escola de Medicina \u00e9 reconhecida entre as mais prestigiadas do Pa\u00eds, excel\u00eancia que se estende aos tamb\u00e9m pioneiros no Estado cursos de<br \/>\ngradua\u00e7\u00e3o em Fisioterapia e Terapia Ocupacional, al\u00e9m daqueles referentes \u00e0 p\u00f3s-gradua\u00e7\u00e3o e \u00e0 educa\u00e7\u00e3o a dist\u00e2ncia.<\/p>\n<p><a href=\"Site: http:\/\/www.fcmmg.br\/\">Site: http:\/\/www.fcmmg.br\/<\/a><\/p>\n<p><strong>Sobre a Techno Care<\/strong><\/p>\n<p>A Technocare Engenharia Cl\u00ednica  \u00e9 a primeira empresa de Santa Catarina totalmente voltada para a Gest\u00e3o de Tecnologia M\u00e9dico-Hospitalar. Foi fundada em 2003, e desde ent\u00e3o tem se destacado no mercado. Nossa<br \/>\nespecializa\u00e7\u00e3o \u00e9 a presta\u00e7\u00e3o de servi\u00e7os em Engenharia Cl\u00ednica. Nossa empresa disp\u00f5e de profissionais altamente qualificados, formada por Engenheiros Cl\u00ednicos, para apoio \u00e0 decis\u00e3o e solu\u00e7\u00e3o de problemas que<br \/>\nenvolvem o ambiente hospitalar e os equipamentos.<\/p>\n<p><a href=\"Site: http:\/\/www.technocare.com.br\/\">Site: http:\/\/www.technocare.com.br\/<\/a><\/p>\n","protected":false},"excerpt":{"rendered":"<p>A especializa\u00e7\u00e3o tem por objetivo criar, produzir e pesquisar tecnologias, a\u00e7\u00f5es e pol\u00edticas p\u00fablicas para a vida independente e aut\u00f4noma de pessoas com defici\u00eancia e em processo de envelhecimento.<\/p>\n","protected":false},"author":1,"featured_media":0,"comment_status":"open","ping_status":"open","sticky":false,"template":"","format":"standard","meta":{"site-container-style":"default","site-container-layout":"default","site-sidebar-layout":"default","disable-article-header":"default","disable-site-header":"default","disable-site-footer":"default","disable-content-area-spacing":"default","footnotes":""},"categories":[12,48,4],"tags":[69],"class_list":["post-15252","post","type-post","status-publish","format-standard","hentry","category-cursos-e-eventos","category-inclusao","category-noticias","tag-tecnologias-assistivas"],"yoast_head":"<!-- This site is optimized with the Yoast SEO plugin v27.4 - https:\/\/yoast.com\/product\/yoast-seo-wordpress\/ -->\n<title>P\u00f3s-gradua\u00e7\u00e3o em Tecnologia Assistiva tem inscri\u00e7\u00f5es abertas -<\/title>\n<meta name=\"robots\" content=\"index, follow, max-snippet:-1, max-image-preview:large, max-video-preview:-1\" \/>\n<link rel=\"canonical\" href=\"https:\/\/inclusivenews.com.br\/?p=15252\" \/>\n<meta property=\"og:locale\" content=\"pt_PT\" \/>\n<meta property=\"og:type\" content=\"article\" \/>\n<meta property=\"og:title\" content=\"P\u00f3s-gradua\u00e7\u00e3o em Tecnologia Assistiva tem inscri\u00e7\u00f5es abertas -\" \/>\n<meta property=\"og:description\" content=\"A especializa\u00e7\u00e3o tem por objetivo criar, produzir e pesquisar tecnologias, a\u00e7\u00f5es e pol\u00edticas p\u00fablicas para a vida independente e aut\u00f4noma de pessoas com defici\u00eancia e em processo de envelhecimento.\" \/>\n<meta property=\"og:url\" content=\"https:\/\/inclusivenews.com.br\/?p=15252\" \/>\n<meta property=\"article:publisher\" content=\"https:\/\/www.facebook.com\/agenciainclusive\/\" \/>\n<meta property=\"article:published_time\" content=\"2010-05-10T08:59:05+00:00\" \/>\n<meta property=\"og:image\" content=\"http:\/\/inclusivenews.com.br\/wp-content\/uploads\/2010\/05\/maisdiferencas.jpg\" \/>\n<meta name=\"author\" content=\"inclusivenews2024\" \/>\n<meta name=\"twitter:card\" content=\"summary_large_image\" \/>\n<meta name=\"twitter:label1\" content=\"Escrito por\" \/>\n\t<meta name=\"twitter:data1\" content=\"inclusivenews2024\" \/>\n\t<meta name=\"twitter:label2\" content=\"Tempo estimado de leitura\" \/>\n\t<meta name=\"twitter:data2\" content=\"3 minutos\" \/>\n<script type=\"application\/ld+json\" class=\"yoast-schema-graph\">{\"@context\":\"https:\\\/\\\/schema.org\",\"@graph\":[{\"@type\":\"Article\",\"@id\":\"https:\\\/\\\/inclusivenews.com.br\\\/?p=15252#article\",\"isPartOf\":{\"@id\":\"https:\\\/\\\/inclusivenews.com.br\\\/?p=15252\"},\"author\":{\"name\":\"inclusivenews2024\",\"@id\":\"https:\\\/\\\/inclusivenews.com.br\\\/#\\\/schema\\\/person\\\/ae4ec7087559b8692fb33b6fffd2273b\"},\"headline\":\"P\u00f3s-gradua\u00e7\u00e3o em Tecnologia Assistiva tem inscri\u00e7\u00f5es abertas\",\"datePublished\":\"2010-05-10T08:59:05+00:00\",\"mainEntityOfPage\":{\"@id\":\"https:\\\/\\\/inclusivenews.com.br\\\/?p=15252\"},\"wordCount\":580,\"commentCount\":2,\"publisher\":{\"@id\":\"https:\\\/\\\/inclusivenews.com.br\\\/#organization\"},\"image\":{\"@id\":\"https:\\\/\\\/inclusivenews.com.br\\\/?p=15252#primaryimage\"},\"thumbnailUrl\":\"http:\\\/\\\/inclusivenews.com.br\\\/wp-content\\\/uploads\\\/2010\\\/05\\\/maisdiferencas.jpg\",\"keywords\":[\"Tecnologias assistivas\"],\"articleSection\":[\"Cursos e eventos\",\"INCLUS\u00c3O SOCIAL\",\"NOT\u00cdCIAS\"],\"inLanguage\":\"pt-PT\",\"potentialAction\":[{\"@type\":\"CommentAction\",\"name\":\"Comment\",\"target\":[\"https:\\\/\\\/inclusivenews.com.br\\\/?p=15252#respond\"]}]},{\"@type\":\"WebPage\",\"@id\":\"https:\\\/\\\/inclusivenews.com.br\\\/?p=15252\",\"url\":\"https:\\\/\\\/inclusivenews.com.br\\\/?p=15252\",\"name\":\"P\u00f3s-gradua\u00e7\u00e3o em Tecnologia Assistiva tem inscri\u00e7\u00f5es abertas -\",\"isPartOf\":{\"@id\":\"https:\\\/\\\/inclusivenews.com.br\\\/#website\"},\"primaryImageOfPage\":{\"@id\":\"https:\\\/\\\/inclusivenews.com.br\\\/?p=15252#primaryimage\"},\"image\":{\"@id\":\"https:\\\/\\\/inclusivenews.com.br\\\/?p=15252#primaryimage\"},\"thumbnailUrl\":\"http:\\\/\\\/inclusivenews.com.br\\\/wp-content\\\/uploads\\\/2010\\\/05\\\/maisdiferencas.jpg\",\"datePublished\":\"2010-05-10T08:59:05+00:00\",\"breadcrumb\":{\"@id\":\"https:\\\/\\\/inclusivenews.com.br\\\/?p=15252#breadcrumb\"},\"inLanguage\":\"pt-PT\",\"potentialAction\":[{\"@type\":\"ReadAction\",\"target\":[\"https:\\\/\\\/inclusivenews.com.br\\\/?p=15252\"]}]},{\"@type\":\"ImageObject\",\"inLanguage\":\"pt-PT\",\"@id\":\"https:\\\/\\\/inclusivenews.com.br\\\/?p=15252#primaryimage\",\"url\":\"\",\"contentUrl\":\"\"},{\"@type\":\"BreadcrumbList\",\"@id\":\"https:\\\/\\\/inclusivenews.com.br\\\/?p=15252#breadcrumb\",\"itemListElement\":[{\"@type\":\"ListItem\",\"position\":1,\"name\":\"In\u00edcio\",\"item\":\"https:\\\/\\\/inclusivenews.com.br\\\/\"},{\"@type\":\"ListItem\",\"position\":2,\"name\":\"P\u00f3s-gradua\u00e7\u00e3o em Tecnologia Assistiva tem inscri\u00e7\u00f5es abertas\"}]},{\"@type\":\"WebSite\",\"@id\":\"https:\\\/\\\/inclusivenews.com.br\\\/#website\",\"url\":\"https:\\\/\\\/inclusivenews.com.br\\\/\",\"name\":\"Inclusive News\",\"description\":\"Inclusive News\",\"publisher\":{\"@id\":\"https:\\\/\\\/inclusivenews.com.br\\\/#organization\"},\"potentialAction\":[{\"@type\":\"SearchAction\",\"target\":{\"@type\":\"EntryPoint\",\"urlTemplate\":\"https:\\\/\\\/inclusivenews.com.br\\\/?s={search_term_string}\"},\"query-input\":{\"@type\":\"PropertyValueSpecification\",\"valueRequired\":true,\"valueName\":\"search_term_string\"}}],\"inLanguage\":\"pt-PT\"},{\"@type\":\"Organization\",\"@id\":\"https:\\\/\\\/inclusivenews.com.br\\\/#organization\",\"name\":\"Inclusive - inclus\u00e3o e cidadania\",\"url\":\"https:\\\/\\\/inclusivenews.com.br\\\/\",\"logo\":{\"@type\":\"ImageObject\",\"inLanguage\":\"pt-PT\",\"@id\":\"https:\\\/\\\/inclusivenews.com.br\\\/#\\\/schema\\\/logo\\\/image\\\/\",\"url\":\"https:\\\/\\\/inclusivenews.com.br\\\/wp-content\\\/uploads\\\/2024\\\/03\\\/@grandesite.png\",\"contentUrl\":\"https:\\\/\\\/inclusivenews.com.br\\\/wp-content\\\/uploads\\\/2024\\\/03\\\/@grandesite.png\",\"width\":1080,\"height\":1080,\"caption\":\"Inclusive - inclus\u00e3o e cidadania\"},\"image\":{\"@id\":\"https:\\\/\\\/inclusivenews.com.br\\\/#\\\/schema\\\/logo\\\/image\\\/\"},\"sameAs\":[\"https:\\\/\\\/www.facebook.com\\\/agenciainclusive\\\/\",\"https:\\\/\\\/www.instagram.com\\\/newsinclusive\\\/\"]},{\"@type\":\"Person\",\"@id\":\"https:\\\/\\\/inclusivenews.com.br\\\/#\\\/schema\\\/person\\\/ae4ec7087559b8692fb33b6fffd2273b\",\"name\":\"inclusivenews2024\",\"image\":{\"@type\":\"ImageObject\",\"inLanguage\":\"pt-PT\",\"@id\":\"https:\\\/\\\/secure.gravatar.com\\\/avatar\\\/c5a7ef84c66fa914f55bc4f7ce26cfa275a3b9a1c5568b907bd184fb4dde7b40?s=96&d=mm&r=g\",\"url\":\"https:\\\/\\\/secure.gravatar.com\\\/avatar\\\/c5a7ef84c66fa914f55bc4f7ce26cfa275a3b9a1c5568b907bd184fb4dde7b40?s=96&d=mm&r=g\",\"contentUrl\":\"https:\\\/\\\/secure.gravatar.com\\\/avatar\\\/c5a7ef84c66fa914f55bc4f7ce26cfa275a3b9a1c5568b907bd184fb4dde7b40?s=96&d=mm&r=g\",\"caption\":\"inclusivenews2024\"},\"sameAs\":[\"https:\\\/\\\/inclusivenews.com.br\"],\"url\":\"https:\\\/\\\/inclusivenews.com.br\\\/?author=1\"}]}<\/script>\n<!-- \/ Yoast SEO plugin. -->","yoast_head_json":{"title":"P\u00f3s-gradua\u00e7\u00e3o em Tecnologia Assistiva tem inscri\u00e7\u00f5es abertas -","robots":{"index":"index","follow":"follow","max-snippet":"max-snippet:-1","max-image-preview":"max-image-preview:large","max-video-preview":"max-video-preview:-1"},"canonical":"https:\/\/inclusivenews.com.br\/?p=15252","og_locale":"pt_PT","og_type":"article","og_title":"P\u00f3s-gradua\u00e7\u00e3o em Tecnologia Assistiva tem inscri\u00e7\u00f5es abertas -","og_description":"A especializa\u00e7\u00e3o tem por objetivo criar, produzir e pesquisar tecnologias, a\u00e7\u00f5es e pol\u00edticas p\u00fablicas para a vida independente e aut\u00f4noma de pessoas com defici\u00eancia e em processo de envelhecimento.","og_url":"https:\/\/inclusivenews.com.br\/?p=15252","article_publisher":"https:\/\/www.facebook.com\/agenciainclusive\/","article_published_time":"2010-05-10T08:59:05+00:00","og_image":[{"url":"http:\/\/inclusivenews.com.br\/wp-content\/uploads\/2010\/05\/maisdiferencas.jpg","type":"","width":"","height":""}],"author":"inclusivenews2024","twitter_card":"summary_large_image","twitter_misc":{"Escrito por":"inclusivenews2024","Tempo estimado de leitura":"3 minutos"},"schema":{"@context":"https:\/\/schema.org","@graph":[{"@type":"Article","@id":"https:\/\/inclusivenews.com.br\/?p=15252#article","isPartOf":{"@id":"https:\/\/inclusivenews.com.br\/?p=15252"},"author":{"name":"inclusivenews2024","@id":"https:\/\/inclusivenews.com.br\/#\/schema\/person\/ae4ec7087559b8692fb33b6fffd2273b"},"headline":"P\u00f3s-gradua\u00e7\u00e3o em Tecnologia Assistiva tem inscri\u00e7\u00f5es abertas","datePublished":"2010-05-10T08:59:05+00:00","mainEntityOfPage":{"@id":"https:\/\/inclusivenews.com.br\/?p=15252"},"wordCount":580,"commentCount":2,"publisher":{"@id":"https:\/\/inclusivenews.com.br\/#organization"},"image":{"@id":"https:\/\/inclusivenews.com.br\/?p=15252#primaryimage"},"thumbnailUrl":"http:\/\/inclusivenews.com.br\/wp-content\/uploads\/2010\/05\/maisdiferencas.jpg","keywords":["Tecnologias assistivas"],"articleSection":["Cursos e eventos","INCLUS\u00c3O SOCIAL","NOT\u00cdCIAS"],"inLanguage":"pt-PT","potentialAction":[{"@type":"CommentAction","name":"Comment","target":["https:\/\/inclusivenews.com.br\/?p=15252#respond"]}]},{"@type":"WebPage","@id":"https:\/\/inclusivenews.com.br\/?p=15252","url":"https:\/\/inclusivenews.com.br\/?p=15252","name":"P\u00f3s-gradua\u00e7\u00e3o em Tecnologia Assistiva tem inscri\u00e7\u00f5es abertas -","isPartOf":{"@id":"https:\/\/inclusivenews.com.br\/#website"},"primaryImageOfPage":{"@id":"https:\/\/inclusivenews.com.br\/?p=15252#primaryimage"},"image":{"@id":"https:\/\/inclusivenews.com.br\/?p=15252#primaryimage"},"thumbnailUrl":"http:\/\/inclusivenews.com.br\/wp-content\/uploads\/2010\/05\/maisdiferencas.jpg","datePublished":"2010-05-10T08:59:05+00:00","breadcrumb":{"@id":"https:\/\/inclusivenews.com.br\/?p=15252#breadcrumb"},"inLanguage":"pt-PT","potentialAction":[{"@type":"ReadAction","target":["https:\/\/inclusivenews.com.br\/?p=15252"]}]},{"@type":"ImageObject","inLanguage":"pt-PT","@id":"https:\/\/inclusivenews.com.br\/?p=15252#primaryimage","url":"","contentUrl":""},{"@type":"BreadcrumbList","@id":"https:\/\/inclusivenews.com.br\/?p=15252#breadcrumb","itemListElement":[{"@type":"ListItem","position":1,"name":"In\u00edcio","item":"https:\/\/inclusivenews.com.br\/"},{"@type":"ListItem","position":2,"name":"P\u00f3s-gradua\u00e7\u00e3o em Tecnologia Assistiva tem inscri\u00e7\u00f5es abertas"}]},{"@type":"WebSite","@id":"https:\/\/inclusivenews.com.br\/#website","url":"https:\/\/inclusivenews.com.br\/","name":"Inclusive News","description":"Inclusive News","publisher":{"@id":"https:\/\/inclusivenews.com.br\/#organization"},"potentialAction":[{"@type":"SearchAction","target":{"@type":"EntryPoint","urlTemplate":"https:\/\/inclusivenews.com.br\/?s={search_term_string}"},"query-input":{"@type":"PropertyValueSpecification","valueRequired":true,"valueName":"search_term_string"}}],"inLanguage":"pt-PT"},{"@type":"Organization","@id":"https:\/\/inclusivenews.com.br\/#organization","name":"Inclusive - inclus\u00e3o e cidadania","url":"https:\/\/inclusivenews.com.br\/","logo":{"@type":"ImageObject","inLanguage":"pt-PT","@id":"https:\/\/inclusivenews.com.br\/#\/schema\/logo\/image\/","url":"https:\/\/inclusivenews.com.br\/wp-content\/uploads\/2024\/03\/@grandesite.png","contentUrl":"https:\/\/inclusivenews.com.br\/wp-content\/uploads\/2024\/03\/@grandesite.png","width":1080,"height":1080,"caption":"Inclusive - inclus\u00e3o e cidadania"},"image":{"@id":"https:\/\/inclusivenews.com.br\/#\/schema\/logo\/image\/"},"sameAs":["https:\/\/www.facebook.com\/agenciainclusive\/","https:\/\/www.instagram.com\/newsinclusive\/"]},{"@type":"Person","@id":"https:\/\/inclusivenews.com.br\/#\/schema\/person\/ae4ec7087559b8692fb33b6fffd2273b","name":"inclusivenews2024","image":{"@type":"ImageObject","inLanguage":"pt-PT","@id":"https:\/\/secure.gravatar.com\/avatar\/c5a7ef84c66fa914f55bc4f7ce26cfa275a3b9a1c5568b907bd184fb4dde7b40?s=96&d=mm&r=g","url":"https:\/\/secure.gravatar.com\/avatar\/c5a7ef84c66fa914f55bc4f7ce26cfa275a3b9a1c5568b907bd184fb4dde7b40?s=96&d=mm&r=g","contentUrl":"https:\/\/secure.gravatar.com\/avatar\/c5a7ef84c66fa914f55bc4f7ce26cfa275a3b9a1c5568b907bd184fb4dde7b40?s=96&d=mm&r=g","caption":"inclusivenews2024"},"sameAs":["https:\/\/inclusivenews.com.br"],"url":"https:\/\/inclusivenews.com.br\/?author=1"}]}},"_links":{"self":[{"href":"https:\/\/inclusivenews.com.br\/index.php?rest_route=\/wp\/v2\/posts\/15252","targetHints":{"allow":["GET"]}}],"collection":[{"href":"https:\/\/inclusivenews.com.br\/index.php?rest_route=\/wp\/v2\/posts"}],"about":[{"href":"https:\/\/inclusivenews.com.br\/index.php?rest_route=\/wp\/v2\/types\/post"}],"author":[{"embeddable":true,"href":"https:\/\/inclusivenews.com.br\/index.php?rest_route=\/wp\/v2\/users\/1"}],"replies":[{"embeddable":true,"href":"https:\/\/inclusivenews.com.br\/index.php?rest_route=%2Fwp%2Fv2%2Fcomments&post=15252"}],"version-history":[{"count":0,"href":"https:\/\/inclusivenews.com.br\/index.php?rest_route=\/wp\/v2\/posts\/15252\/revisions"}],"wp:attachment":[{"href":"https:\/\/inclusivenews.com.br\/index.php?rest_route=%2Fwp%2Fv2%2Fmedia&parent=15252"}],"wp:term":[{"taxonomy":"category","embeddable":true,"href":"https:\/\/inclusivenews.com.br\/index.php?rest_route=%2Fwp%2Fv2%2Fcategories&post=15252"},{"taxonomy":"post_tag","embeddable":true,"href":"https:\/\/inclusivenews.com.br\/index.php?rest_route=%2Fwp%2Fv2%2Ftags&post=15252"}],"curies":[{"name":"wp","href":"https:\/\/api.w.org\/{rel}","templated":true}]}}