{"id":15259,"date":"2010-05-11T08:27:53","date_gmt":"2010-05-11T11:27:53","guid":{"rendered":"http:\/\/www.inclusive.org.br\/?p=15259"},"modified":"2010-05-11T08:27:53","modified_gmt":"2010-05-11T11:27:53","slug":"departamento-de-dstaids-divulga-nota-de-esclarecimento-e-diz-que-declaracao-de-alexandre-garcia-na-cbn-e-demonstracao-de-preconceito","status":"publish","type":"post","link":"https:\/\/inclusivenews.com.br\/?p=15259","title":{"rendered":"Departamento de DST\/Aids divulga nota de esclarecimento e diz que declara\u00e7\u00e3o de  Alexandre Garcia na CBN \u00e9 demonstra\u00e7\u00e3o de preconceito"},"content":{"rendered":"<figure style=\"width: 134px\" class=\"wp-caption alignleft\"><img loading=\"lazy\" decoding=\"async\" title=\"La\u00e7o vermelho s\u00edmbolo da AIDS.\" src=\"http:\/\/www.aidshiv.com.br\/wp-content\/uploads\/2009\/07\/laco.jpg\" alt=\"\" width=\"134\" height=\"200\" \/><figcaption class=\"wp-caption-text\"> <\/figcaption><\/figure>\n<p>Departamento de DST\/Aids divulga nota de esclarecimento e diz que declara\u00e7\u00e3o de Alexandre Garcia na CBN \u00e9 demonstra\u00e7\u00e3o de preconceito<\/p>\n<p><strong>NOTA DE ESCLARECIMENTO<\/strong><\/p>\n<p>Em rela\u00e7\u00e3o \u00e0 edi\u00e7\u00e3o desta sexta-feira (7 de maio) do Boletim &#8220;Mais Bras\u00edlia&#8221;, com Alexandre Garcia (07\/05), o Departamento de DST, Aids e Hepatites Virais do Minist\u00e9rio da Sa\u00fade contesta e esclarece as seguintes informa\u00e7\u00f5es:<\/p>\n<p>1. A infec\u00e7\u00e3o pelo HIV n\u00e3o restringe os direitos sexuais nem os direitos reprodutivos dos cidad\u00e3os. Como o pr\u00f3prio Alexandre Garcia afirmou na sua coluna, &#8220;a sa\u00fade \u00e9 direito de todos e dever do Estado&#8221;. N\u00e3o permitir que pessoas que tem HIV\/aids tenham filhos \u00e9 tirar delas o direito \u00e0 cidadania. Negar isso \u00e9 violar os direitos humanos fundamentais.<\/p>\n<p>2. \u00c9 a segunda vez que o jornalista discrimina as pessoas que vivem com HIV\/aids em suas declara\u00e7\u00f5es. Uma l\u00e1stima e um retrocesso para o jornalismo brasileiro. A primeira vez pressup\u00f5e desinforma\u00e7\u00e3o, a segunda \u00e9 uma clara demonstra\u00e7\u00e3o de preconceito. Com o avan\u00e7o da terapia antirretroviral no Brasil, h\u00e1 comprovado aumento da sobrevida e melhora significativa na qualidade de vida dos soropositivos. O diagn\u00f3stico n\u00e3o \u00e9 mais uma senten\u00e7a de morte. Pelo contr\u00e1rio, essas pessoas hoje fazem planos, querem casar e constituir fam\u00edlia.<\/p>\n<p>3. A afirma\u00e7\u00e3o de que o Minist\u00e9rio da Sa\u00fade est\u00e1 estimulando pessoas com HIV a engravidarem \u00e9 equivocada. A decis\u00e3o de constituir fam\u00edlia \u00e9 pessoal. No caso das pessoas que vivem com HIV, o Minist\u00e9rio da Sa\u00fade deve fornecer informa\u00e7\u00f5es que possibilitem ao profissional de sa\u00fade orientar cada pessoa que deseje ter filhos com as informa\u00e7\u00f5es mais precisas \u2013 sempre embasadas na melhor evid\u00eancia cient\u00edfica dispon\u00edvel. Pa\u00edses como a It\u00e1lia e a Inglaterra publicaram, recentemente, recomenda\u00e7\u00f5es semelhantes. Os usu\u00e1rios do Sistema \u00danico de Sa\u00fade (SUS) precisam saber sobre os m\u00e9todos e riscos envolvidos nessa decis\u00e3o, pois eles possuem esse direito \u2013 se assim desejarem \u2013 e j\u00e1 o fazem. N\u00e3o cabe ao governo interferir no desejo da mulher de ter ou n\u00e3o filhos, mas sim permitir que essas mulheres que querem ser m\u00e3es tenham seus filhos nas condi\u00e7\u00f5es mais seguras para elas, para seus parceiros e para seus futuros beb\u00eas. Isso n\u00e3o \u00e9 uma novidade. Em 2008, por exemplo, 3 mil mulheres sabidamente soropositivas engravidaram, comprovando essa realidade. O que se percebe na fala do jornalista \u00e9 um preconceito descabido e uma desinforma\u00e7\u00e3o que n\u00e3o condiz com o ve\u00edculo s\u00e9rio do qual ele \u00e9 porta-voz.<\/p>\n<p>4. Desde meados da d\u00e9cada de 1990, seguindo padr\u00f5es internacionalmente estabelecidos, o Minist\u00e9rio da Sa\u00fade disp\u00f5e de um conjunto de diretrizes para preven\u00e7\u00e3o da transmiss\u00e3o vertical do HIV. Essas medidas buscam a promo\u00e7\u00e3o dos direitos sexuais e reprodutivos de brasileiros e brasileiras. Estudos nacionais e internacionais comprovam que, quando todas as medidas preventivas s\u00e3o tomadas \u2013 uso de medica\u00e7\u00e3o antirretroviral durante pr\u00e9-natal e parto, inibi\u00e7\u00e3o da lacta\u00e7\u00e3o e tratamento do beb\u00ea por seis semanas \u2013 a chance de transmiss\u00e3o do HIV da m\u00e3e para o beb\u00ea \u00e9 reduzida para menos de 1%. Ao afirmar que a iniciativa \u201c\u00e9 uma maluquice\u201d, o jornalista demonstra desconhecer os avan\u00e7os cient\u00edficos que reduzem a possibilidade de transmiss\u00e3o do HIV para o filho. O comentarista tamb\u00e9m deveria saber que o simples fato de \u201crespingar sangue\u201d de uma mulher infectada pelo HIV, durante o parto, n\u00e3o \u00e9 suficiente para que ocorra transmiss\u00e3o do v\u00edrus. O controle da infec\u00e7\u00e3o em ambientes hospitalares pressup\u00f5e rotinas com precau\u00e7\u00f5es universais, n\u00e3o s\u00f3 em rela\u00e7\u00e3o ao HIV, mas tamb\u00e9m no que se refere a outras doen\u00e7as. Al\u00e9m disso, v\u00e1rios artigos cient\u00edficos sobre o assunto foram publicados recentemente, mostrando a correla\u00e7\u00e3o entre transmissibilidade do HIV quando a carga viral \u00e9 indetect\u00e1vel no sangue, no esperma e nos fluidos vaginais. Tais estudos tornam mais claros os riscos, dependendo da situa\u00e7\u00e3o cl\u00ednica de cada indiv\u00edduo.<\/p>\n<p>5. Reduzir o n\u00famero de crian\u00e7as infectadas pela transmiss\u00e3o vertical, como vem acontecendo no Brasil, tem sido um avan\u00e7o. O Minist\u00e9rio da Sa\u00fade conta com o apoio da emissora para dar \u00e0 popula\u00e7\u00e3o a informa\u00e7\u00e3o correta, sem preconceitos, de forma inclusiva, permitindo que essas pessoas exer\u00e7am a sua cidadania. Uma declara\u00e7\u00e3o discriminat\u00f3ria, como feita pela jornalista Alexandre Garcia, traz um enorme preju\u00edzo para \u00e0s pessoas que vivem com HIV\/aids.<\/p>\n<p>Atenciosamente,<\/p>\n<p>Mari\u00e2ngela Sim\u00e3o<br \/>\nDiretora do Departamento de DST, Aids e Hepatites Virais do Minist\u00e9rio da Sa\u00fade<br \/>\n_________________________________________<\/p>\n<p><strong>Fonte:<\/strong> <a href=\"http:\/\/www.aids.gov.br\/main.asp?View=%7BE77B47C8%2D3436%2D41E0%2DAC19%2DE1B215447EB9%7D&amp;Team=&amp;params=itemID=%7B49E1B54C%2D7C53%2D414B%2DA76C%2D1821865BF7AD%7D%3B&amp;UIPartUID=%7BD90F22DB%2D05D4%2D4644%2DA8F2%2DFAD4803C8898%7D\">Departamento de DST\/Aids e Hepatites Virais<\/a><\/p>\n","protected":false},"excerpt":{"rendered":"<p>Departamento de DST\/Aids divulga nota de esclarecimento e diz que declara\u00e7\u00e3o de Alexandre Garcia na CBN \u00e9 demonstra\u00e7\u00e3o de preconceito.<\/p>\n","protected":false},"author":1,"featured_media":0,"comment_status":"open","ping_status":"open","sticky":false,"template":"","format":"standard","meta":{"site-container-style":"default","site-container-layout":"default","site-sidebar-layout":"default","disable-article-header":"default","disable-site-header":"default","disable-site-footer":"default","disable-content-area-spacing":"default","footnotes":""},"categories":[4,37],"tags":[],"class_list":["post-15259","post","type-post","status-publish","format-standard","hentry","category-noticias","category-saude"],"yoast_head":"<!-- This site is optimized with the Yoast SEO plugin v27.4 - https:\/\/yoast.com\/product\/yoast-seo-wordpress\/ -->\n<title>Departamento de DST\/Aids divulga nota de esclarecimento e diz que declara\u00e7\u00e3o de Alexandre Garcia na CBN \u00e9 demonstra\u00e7\u00e3o de preconceito -<\/title>\n<meta name=\"robots\" content=\"index, follow, max-snippet:-1, max-image-preview:large, max-video-preview:-1\" \/>\n<link rel=\"canonical\" href=\"https:\/\/inclusivenews.com.br\/?p=15259\" \/>\n<meta property=\"og:locale\" content=\"pt_PT\" \/>\n<meta property=\"og:type\" content=\"article\" \/>\n<meta property=\"og:title\" content=\"Departamento de DST\/Aids divulga nota de esclarecimento e diz que declara\u00e7\u00e3o de Alexandre Garcia na CBN \u00e9 demonstra\u00e7\u00e3o de preconceito -\" \/>\n<meta property=\"og:description\" content=\"Departamento de DST\/Aids divulga nota de esclarecimento e diz que declara\u00e7\u00e3o de Alexandre Garcia na CBN \u00e9 demonstra\u00e7\u00e3o de preconceito.\" \/>\n<meta property=\"og:url\" content=\"https:\/\/inclusivenews.com.br\/?p=15259\" \/>\n<meta property=\"article:publisher\" content=\"https:\/\/www.facebook.com\/agenciainclusive\/\" \/>\n<meta property=\"article:published_time\" content=\"2010-05-11T11:27:53+00:00\" \/>\n<meta property=\"og:image\" content=\"http:\/\/www.aidshiv.com.br\/wp-content\/uploads\/2009\/07\/laco.jpg\" \/>\n<meta name=\"author\" content=\"inclusivenews2024\" \/>\n<meta name=\"twitter:card\" content=\"summary_large_image\" \/>\n<meta name=\"twitter:label1\" content=\"Escrito por\" \/>\n\t<meta name=\"twitter:data1\" content=\"inclusivenews2024\" \/>\n\t<meta name=\"twitter:label2\" content=\"Tempo estimado de leitura\" \/>\n\t<meta name=\"twitter:data2\" content=\"4 minutos\" \/>\n<script type=\"application\/ld+json\" class=\"yoast-schema-graph\">{\"@context\":\"https:\\\/\\\/schema.org\",\"@graph\":[{\"@type\":\"Article\",\"@id\":\"https:\\\/\\\/inclusivenews.com.br\\\/?p=15259#article\",\"isPartOf\":{\"@id\":\"https:\\\/\\\/inclusivenews.com.br\\\/?p=15259\"},\"author\":{\"name\":\"inclusivenews2024\",\"@id\":\"https:\\\/\\\/inclusivenews.com.br\\\/#\\\/schema\\\/person\\\/ae4ec7087559b8692fb33b6fffd2273b\"},\"headline\":\"Departamento de DST\\\/Aids divulga nota de esclarecimento e diz que declara\u00e7\u00e3o de Alexandre Garcia na CBN \u00e9 demonstra\u00e7\u00e3o de preconceito\",\"datePublished\":\"2010-05-11T11:27:53+00:00\",\"mainEntityOfPage\":{\"@id\":\"https:\\\/\\\/inclusivenews.com.br\\\/?p=15259\"},\"wordCount\":815,\"commentCount\":2,\"publisher\":{\"@id\":\"https:\\\/\\\/inclusivenews.com.br\\\/#organization\"},\"image\":{\"@id\":\"https:\\\/\\\/inclusivenews.com.br\\\/?p=15259#primaryimage\"},\"thumbnailUrl\":\"http:\\\/\\\/www.aidshiv.com.br\\\/wp-content\\\/uploads\\\/2009\\\/07\\\/laco.jpg\",\"articleSection\":[\"NOT\u00cdCIAS\",\"Sa\u00fade\"],\"inLanguage\":\"pt-PT\",\"potentialAction\":[{\"@type\":\"CommentAction\",\"name\":\"Comment\",\"target\":[\"https:\\\/\\\/inclusivenews.com.br\\\/?p=15259#respond\"]}]},{\"@type\":\"WebPage\",\"@id\":\"https:\\\/\\\/inclusivenews.com.br\\\/?p=15259\",\"url\":\"https:\\\/\\\/inclusivenews.com.br\\\/?p=15259\",\"name\":\"Departamento de DST\\\/Aids divulga nota de esclarecimento e diz que declara\u00e7\u00e3o de Alexandre Garcia na CBN \u00e9 demonstra\u00e7\u00e3o de preconceito -\",\"isPartOf\":{\"@id\":\"https:\\\/\\\/inclusivenews.com.br\\\/#website\"},\"primaryImageOfPage\":{\"@id\":\"https:\\\/\\\/inclusivenews.com.br\\\/?p=15259#primaryimage\"},\"image\":{\"@id\":\"https:\\\/\\\/inclusivenews.com.br\\\/?p=15259#primaryimage\"},\"thumbnailUrl\":\"http:\\\/\\\/www.aidshiv.com.br\\\/wp-content\\\/uploads\\\/2009\\\/07\\\/laco.jpg\",\"datePublished\":\"2010-05-11T11:27:53+00:00\",\"breadcrumb\":{\"@id\":\"https:\\\/\\\/inclusivenews.com.br\\\/?p=15259#breadcrumb\"},\"inLanguage\":\"pt-PT\",\"potentialAction\":[{\"@type\":\"ReadAction\",\"target\":[\"https:\\\/\\\/inclusivenews.com.br\\\/?p=15259\"]}]},{\"@type\":\"ImageObject\",\"inLanguage\":\"pt-PT\",\"@id\":\"https:\\\/\\\/inclusivenews.com.br\\\/?p=15259#primaryimage\",\"url\":\"http:\\\/\\\/www.aidshiv.com.br\\\/wp-content\\\/uploads\\\/2009\\\/07\\\/laco.jpg\",\"contentUrl\":\"http:\\\/\\\/www.aidshiv.com.br\\\/wp-content\\\/uploads\\\/2009\\\/07\\\/laco.jpg\"},{\"@type\":\"BreadcrumbList\",\"@id\":\"https:\\\/\\\/inclusivenews.com.br\\\/?p=15259#breadcrumb\",\"itemListElement\":[{\"@type\":\"ListItem\",\"position\":1,\"name\":\"In\u00edcio\",\"item\":\"https:\\\/\\\/inclusivenews.com.br\\\/\"},{\"@type\":\"ListItem\",\"position\":2,\"name\":\"Departamento de DST\\\/Aids divulga nota de esclarecimento e diz que declara\u00e7\u00e3o de Alexandre Garcia na CBN \u00e9 demonstra\u00e7\u00e3o de preconceito\"}]},{\"@type\":\"WebSite\",\"@id\":\"https:\\\/\\\/inclusivenews.com.br\\\/#website\",\"url\":\"https:\\\/\\\/inclusivenews.com.br\\\/\",\"name\":\"Inclusive News\",\"description\":\"Inclusive News\",\"publisher\":{\"@id\":\"https:\\\/\\\/inclusivenews.com.br\\\/#organization\"},\"potentialAction\":[{\"@type\":\"SearchAction\",\"target\":{\"@type\":\"EntryPoint\",\"urlTemplate\":\"https:\\\/\\\/inclusivenews.com.br\\\/?s={search_term_string}\"},\"query-input\":{\"@type\":\"PropertyValueSpecification\",\"valueRequired\":true,\"valueName\":\"search_term_string\"}}],\"inLanguage\":\"pt-PT\"},{\"@type\":\"Organization\",\"@id\":\"https:\\\/\\\/inclusivenews.com.br\\\/#organization\",\"name\":\"Inclusive - inclus\u00e3o e cidadania\",\"url\":\"https:\\\/\\\/inclusivenews.com.br\\\/\",\"logo\":{\"@type\":\"ImageObject\",\"inLanguage\":\"pt-PT\",\"@id\":\"https:\\\/\\\/inclusivenews.com.br\\\/#\\\/schema\\\/logo\\\/image\\\/\",\"url\":\"https:\\\/\\\/inclusivenews.com.br\\\/wp-content\\\/uploads\\\/2024\\\/03\\\/@grandesite.png\",\"contentUrl\":\"https:\\\/\\\/inclusivenews.com.br\\\/wp-content\\\/uploads\\\/2024\\\/03\\\/@grandesite.png\",\"width\":1080,\"height\":1080,\"caption\":\"Inclusive - inclus\u00e3o e cidadania\"},\"image\":{\"@id\":\"https:\\\/\\\/inclusivenews.com.br\\\/#\\\/schema\\\/logo\\\/image\\\/\"},\"sameAs\":[\"https:\\\/\\\/www.facebook.com\\\/agenciainclusive\\\/\",\"https:\\\/\\\/www.instagram.com\\\/newsinclusive\\\/\"]},{\"@type\":\"Person\",\"@id\":\"https:\\\/\\\/inclusivenews.com.br\\\/#\\\/schema\\\/person\\\/ae4ec7087559b8692fb33b6fffd2273b\",\"name\":\"inclusivenews2024\",\"image\":{\"@type\":\"ImageObject\",\"inLanguage\":\"pt-PT\",\"@id\":\"https:\\\/\\\/secure.gravatar.com\\\/avatar\\\/c5a7ef84c66fa914f55bc4f7ce26cfa275a3b9a1c5568b907bd184fb4dde7b40?s=96&d=mm&r=g\",\"url\":\"https:\\\/\\\/secure.gravatar.com\\\/avatar\\\/c5a7ef84c66fa914f55bc4f7ce26cfa275a3b9a1c5568b907bd184fb4dde7b40?s=96&d=mm&r=g\",\"contentUrl\":\"https:\\\/\\\/secure.gravatar.com\\\/avatar\\\/c5a7ef84c66fa914f55bc4f7ce26cfa275a3b9a1c5568b907bd184fb4dde7b40?s=96&d=mm&r=g\",\"caption\":\"inclusivenews2024\"},\"sameAs\":[\"https:\\\/\\\/inclusivenews.com.br\"],\"url\":\"https:\\\/\\\/inclusivenews.com.br\\\/?author=1\"}]}<\/script>\n<!-- \/ Yoast SEO plugin. -->","yoast_head_json":{"title":"Departamento de DST\/Aids divulga nota de esclarecimento e diz que declara\u00e7\u00e3o de Alexandre Garcia na CBN \u00e9 demonstra\u00e7\u00e3o de preconceito -","robots":{"index":"index","follow":"follow","max-snippet":"max-snippet:-1","max-image-preview":"max-image-preview:large","max-video-preview":"max-video-preview:-1"},"canonical":"https:\/\/inclusivenews.com.br\/?p=15259","og_locale":"pt_PT","og_type":"article","og_title":"Departamento de DST\/Aids divulga nota de esclarecimento e diz que declara\u00e7\u00e3o de Alexandre Garcia na CBN \u00e9 demonstra\u00e7\u00e3o de preconceito -","og_description":"Departamento de DST\/Aids divulga nota de esclarecimento e diz que declara\u00e7\u00e3o de Alexandre Garcia na CBN \u00e9 demonstra\u00e7\u00e3o de preconceito.","og_url":"https:\/\/inclusivenews.com.br\/?p=15259","article_publisher":"https:\/\/www.facebook.com\/agenciainclusive\/","article_published_time":"2010-05-11T11:27:53+00:00","og_image":[{"url":"http:\/\/www.aidshiv.com.br\/wp-content\/uploads\/2009\/07\/laco.jpg","type":"","width":"","height":""}],"author":"inclusivenews2024","twitter_card":"summary_large_image","twitter_misc":{"Escrito por":"inclusivenews2024","Tempo estimado de leitura":"4 minutos"},"schema":{"@context":"https:\/\/schema.org","@graph":[{"@type":"Article","@id":"https:\/\/inclusivenews.com.br\/?p=15259#article","isPartOf":{"@id":"https:\/\/inclusivenews.com.br\/?p=15259"},"author":{"name":"inclusivenews2024","@id":"https:\/\/inclusivenews.com.br\/#\/schema\/person\/ae4ec7087559b8692fb33b6fffd2273b"},"headline":"Departamento de DST\/Aids divulga nota de esclarecimento e diz que declara\u00e7\u00e3o de Alexandre Garcia na CBN \u00e9 demonstra\u00e7\u00e3o de preconceito","datePublished":"2010-05-11T11:27:53+00:00","mainEntityOfPage":{"@id":"https:\/\/inclusivenews.com.br\/?p=15259"},"wordCount":815,"commentCount":2,"publisher":{"@id":"https:\/\/inclusivenews.com.br\/#organization"},"image":{"@id":"https:\/\/inclusivenews.com.br\/?p=15259#primaryimage"},"thumbnailUrl":"http:\/\/www.aidshiv.com.br\/wp-content\/uploads\/2009\/07\/laco.jpg","articleSection":["NOT\u00cdCIAS","Sa\u00fade"],"inLanguage":"pt-PT","potentialAction":[{"@type":"CommentAction","name":"Comment","target":["https:\/\/inclusivenews.com.br\/?p=15259#respond"]}]},{"@type":"WebPage","@id":"https:\/\/inclusivenews.com.br\/?p=15259","url":"https:\/\/inclusivenews.com.br\/?p=15259","name":"Departamento de DST\/Aids divulga nota de esclarecimento e diz que declara\u00e7\u00e3o de Alexandre Garcia na CBN \u00e9 demonstra\u00e7\u00e3o de preconceito -","isPartOf":{"@id":"https:\/\/inclusivenews.com.br\/#website"},"primaryImageOfPage":{"@id":"https:\/\/inclusivenews.com.br\/?p=15259#primaryimage"},"image":{"@id":"https:\/\/inclusivenews.com.br\/?p=15259#primaryimage"},"thumbnailUrl":"http:\/\/www.aidshiv.com.br\/wp-content\/uploads\/2009\/07\/laco.jpg","datePublished":"2010-05-11T11:27:53+00:00","breadcrumb":{"@id":"https:\/\/inclusivenews.com.br\/?p=15259#breadcrumb"},"inLanguage":"pt-PT","potentialAction":[{"@type":"ReadAction","target":["https:\/\/inclusivenews.com.br\/?p=15259"]}]},{"@type":"ImageObject","inLanguage":"pt-PT","@id":"https:\/\/inclusivenews.com.br\/?p=15259#primaryimage","url":"http:\/\/www.aidshiv.com.br\/wp-content\/uploads\/2009\/07\/laco.jpg","contentUrl":"http:\/\/www.aidshiv.com.br\/wp-content\/uploads\/2009\/07\/laco.jpg"},{"@type":"BreadcrumbList","@id":"https:\/\/inclusivenews.com.br\/?p=15259#breadcrumb","itemListElement":[{"@type":"ListItem","position":1,"name":"In\u00edcio","item":"https:\/\/inclusivenews.com.br\/"},{"@type":"ListItem","position":2,"name":"Departamento de DST\/Aids divulga nota de esclarecimento e diz que declara\u00e7\u00e3o de Alexandre Garcia na CBN \u00e9 demonstra\u00e7\u00e3o de preconceito"}]},{"@type":"WebSite","@id":"https:\/\/inclusivenews.com.br\/#website","url":"https:\/\/inclusivenews.com.br\/","name":"Inclusive News","description":"Inclusive News","publisher":{"@id":"https:\/\/inclusivenews.com.br\/#organization"},"potentialAction":[{"@type":"SearchAction","target":{"@type":"EntryPoint","urlTemplate":"https:\/\/inclusivenews.com.br\/?s={search_term_string}"},"query-input":{"@type":"PropertyValueSpecification","valueRequired":true,"valueName":"search_term_string"}}],"inLanguage":"pt-PT"},{"@type":"Organization","@id":"https:\/\/inclusivenews.com.br\/#organization","name":"Inclusive - inclus\u00e3o e cidadania","url":"https:\/\/inclusivenews.com.br\/","logo":{"@type":"ImageObject","inLanguage":"pt-PT","@id":"https:\/\/inclusivenews.com.br\/#\/schema\/logo\/image\/","url":"https:\/\/inclusivenews.com.br\/wp-content\/uploads\/2024\/03\/@grandesite.png","contentUrl":"https:\/\/inclusivenews.com.br\/wp-content\/uploads\/2024\/03\/@grandesite.png","width":1080,"height":1080,"caption":"Inclusive - inclus\u00e3o e cidadania"},"image":{"@id":"https:\/\/inclusivenews.com.br\/#\/schema\/logo\/image\/"},"sameAs":["https:\/\/www.facebook.com\/agenciainclusive\/","https:\/\/www.instagram.com\/newsinclusive\/"]},{"@type":"Person","@id":"https:\/\/inclusivenews.com.br\/#\/schema\/person\/ae4ec7087559b8692fb33b6fffd2273b","name":"inclusivenews2024","image":{"@type":"ImageObject","inLanguage":"pt-PT","@id":"https:\/\/secure.gravatar.com\/avatar\/c5a7ef84c66fa914f55bc4f7ce26cfa275a3b9a1c5568b907bd184fb4dde7b40?s=96&d=mm&r=g","url":"https:\/\/secure.gravatar.com\/avatar\/c5a7ef84c66fa914f55bc4f7ce26cfa275a3b9a1c5568b907bd184fb4dde7b40?s=96&d=mm&r=g","contentUrl":"https:\/\/secure.gravatar.com\/avatar\/c5a7ef84c66fa914f55bc4f7ce26cfa275a3b9a1c5568b907bd184fb4dde7b40?s=96&d=mm&r=g","caption":"inclusivenews2024"},"sameAs":["https:\/\/inclusivenews.com.br"],"url":"https:\/\/inclusivenews.com.br\/?author=1"}]}},"_links":{"self":[{"href":"https:\/\/inclusivenews.com.br\/index.php?rest_route=\/wp\/v2\/posts\/15259","targetHints":{"allow":["GET"]}}],"collection":[{"href":"https:\/\/inclusivenews.com.br\/index.php?rest_route=\/wp\/v2\/posts"}],"about":[{"href":"https:\/\/inclusivenews.com.br\/index.php?rest_route=\/wp\/v2\/types\/post"}],"author":[{"embeddable":true,"href":"https:\/\/inclusivenews.com.br\/index.php?rest_route=\/wp\/v2\/users\/1"}],"replies":[{"embeddable":true,"href":"https:\/\/inclusivenews.com.br\/index.php?rest_route=%2Fwp%2Fv2%2Fcomments&post=15259"}],"version-history":[{"count":0,"href":"https:\/\/inclusivenews.com.br\/index.php?rest_route=\/wp\/v2\/posts\/15259\/revisions"}],"wp:attachment":[{"href":"https:\/\/inclusivenews.com.br\/index.php?rest_route=%2Fwp%2Fv2%2Fmedia&parent=15259"}],"wp:term":[{"taxonomy":"category","embeddable":true,"href":"https:\/\/inclusivenews.com.br\/index.php?rest_route=%2Fwp%2Fv2%2Fcategories&post=15259"},{"taxonomy":"post_tag","embeddable":true,"href":"https:\/\/inclusivenews.com.br\/index.php?rest_route=%2Fwp%2Fv2%2Ftags&post=15259"}],"curies":[{"name":"wp","href":"https:\/\/api.w.org\/{rel}","templated":true}]}}