{"id":15261,"date":"2010-05-11T08:19:48","date_gmt":"2010-05-11T11:19:48","guid":{"rendered":"http:\/\/www.inclusive.org.br\/?p=15261"},"modified":"2010-05-11T08:19:48","modified_gmt":"2010-05-11T11:19:48","slug":"educacao-inclusiva-ganha-espaco-na-sala-de-aula-regular-2","status":"publish","type":"post","link":"https:\/\/inclusivenews.com.br\/?p=15261","title":{"rendered":"Educa\u00e7\u00e3o inclusiva ganha espa\u00e7o na sala de aula regular"},"content":{"rendered":"<figure style=\"width: 294px\" class=\"wp-caption alignleft\"><img loading=\"lazy\" decoding=\"async\" class=\" \" title=\"Das 273 escolas municipais, 47 possuem todos os requisitos de acessibilidade para o ensino regular (Foto: D\u00c1RIO GABRIEL)\" src=\"http:\/\/www.opovo.com.br\/opovo\/fortaleza\/img\/980642_not_fot.jpg\" alt=\"\" width=\"294\" height=\"196\" \/><figcaption class=\"wp-caption-text\">Das 273 escolas municipais, 47 possuem todos os requisitos de acessibilidade para o ensino regular (Foto: D\u00c1RIO GABRIEL)<\/figcaption><\/figure>\n<p><strong>Mariana Lazari Especial para O POVO<\/strong><\/p>\n<p>Aos poucos, o p\u00fablico foi chegando e a banda do Recanto Psicopedag\u00f3gico, institui\u00e7\u00e3o sem fins lucrativos que atende pessoas com defici\u00eancia, come\u00e7ou a festa. A comemora\u00e7\u00e3o aconteceu na manh\u00e3 de ontem, na escola Almerinda de Albuquerque, no S\u00e3o Jo\u00e3o do Tauape. A inclus\u00e3o de pessoas com defici\u00eancia foi o motivo da celebra\u00e7\u00e3o. Na escola, da rede municipal estudam nove alunos com algum tipo de defici\u00eancia. Todos em salas de aula regulares, integrados.<\/p>\n<p>Ontem foi o dia &#8220;D&#8220; da educa\u00e7\u00e3o inclusiva. A data visa sensibilizar a sociedade sobre a import\u00e2ncia do acesso de alunos com defici\u00eancia \u00e0 aprendizagem formal. Segundo a coordenadora de educa\u00e7\u00e3o inclusiva da Secretaria Executiva Regional (SER) II, Val\u00e9ria Cassandra Oliveira Lima, o dia \u00e9 uma iniciativa para unir pessoas com defici\u00eancia \u00e0 sociedade. &#8220;O dia -D- n\u00e3o \u00e9 um dia estanque no calend\u00e1rio escolar. O motivo dessa sensibiliza\u00e7\u00e3o \u00e9 chamar a aten\u00e7\u00e3o da sociedade pra dizer que eles podem trazer o filho pra escola, que muitas vezes fica em casa, tido como incapaz de aprender&#8220;.<\/p>\n<p>O coordenador do Ensino Fundamental e M\u00e9dio da Secretaria Municipal de Educa\u00e7\u00e3o (SME), Arlindo Ara\u00fajo, explica que as escolas de Fortaleza se adaptam para receber estudantes especiais. &#8220;Foram criadas as salas de recursos multifuncionais, que s\u00e3o espa\u00e7os onde \u00e9 desenvolvido o Atendimento Educacional Especializado, o AEE. At\u00e9 agora, s\u00e3o 52 salas reformadas e equipadas&#8220;, afirma. O AEE, explica Val\u00e9ria, \u00e9 complementar ao ensino regular. Os estudantes, no turno em que n\u00e3o est\u00e3o em sala, ficam no col\u00e9gio fazendo atividades para o desenvolvimento intelectual, o que facilita o aprendizado em sala de aula.<\/p>\n<p>Segundo a SME, mais de 2,5 mil alunos com defici\u00eancia intelectual e f\u00edsica estudam na rede municipal. Das 273 escolas, 47 s\u00e3o acess\u00edveis, com rampas, elevadores, barras de seguran\u00e7as e outras estruturas. &#8220;O percentual ainda \u00e9 pequeno, mas se a gente for pensar historicamente, esse aluno estava ou em ambientes institucionais, pr\u00f3prios pra ele, ou em salas especiais, isolado, segregado. Hoje ele est\u00e1 dentro da escola, participa de todas as atividades, aprende como qualquer outra pessoa&#8220;, diz Val\u00e9ria.<\/p>\n<p>____________<\/p>\n<p><strong>Fonte:<\/strong> <a href=\"http:\/\/www.noolhar.com\/opovo\/fortaleza\/980642.html\">O Povo<\/a><\/p>\n","protected":false},"excerpt":{"rendered":"<p>Segundo a SME, mais de 2,5 mil alunos com defici\u00eancia intelectual e f\u00edsica estudam na rede municipal. Das 273 escolas, 47 s\u00e3o acess\u00edveis, com rampas, elevadores, barras de seguran\u00e7as e outras estruturas.<\/p>\n","protected":false},"author":1,"featured_media":0,"comment_status":"open","ping_status":"open","sticky":false,"template":"","format":"standard","meta":{"site-container-style":"default","site-container-layout":"default","site-sidebar-layout":"default","disable-article-header":"default","disable-site-header":"default","disable-site-footer":"default","disable-content-area-spacing":"default","footnotes":""},"categories":[6,48,4],"tags":[],"class_list":["post-15261","post","type-post","status-publish","format-standard","hentry","category-educacao","category-inclusao","category-noticias"],"yoast_head":"<!-- This site is optimized with the Yoast SEO plugin v27.4 - https:\/\/yoast.com\/product\/yoast-seo-wordpress\/ -->\n<title>Educa\u00e7\u00e3o inclusiva ganha espa\u00e7o na sala de aula regular -<\/title>\n<meta name=\"robots\" content=\"index, follow, max-snippet:-1, max-image-preview:large, max-video-preview:-1\" \/>\n<link rel=\"canonical\" href=\"https:\/\/inclusivenews.com.br\/?p=15261\" \/>\n<meta property=\"og:locale\" content=\"pt_PT\" \/>\n<meta property=\"og:type\" content=\"article\" \/>\n<meta property=\"og:title\" content=\"Educa\u00e7\u00e3o inclusiva ganha espa\u00e7o na sala de aula regular -\" \/>\n<meta property=\"og:description\" content=\"Segundo a SME, mais de 2,5 mil alunos com defici\u00eancia intelectual e f\u00edsica estudam na rede municipal. Das 273 escolas, 47 s\u00e3o acess\u00edveis, com rampas, elevadores, barras de seguran\u00e7as e outras estruturas.\" \/>\n<meta property=\"og:url\" content=\"https:\/\/inclusivenews.com.br\/?p=15261\" \/>\n<meta property=\"article:publisher\" content=\"https:\/\/www.facebook.com\/agenciainclusive\/\" \/>\n<meta property=\"article:published_time\" content=\"2010-05-11T11:19:48+00:00\" \/>\n<meta property=\"og:image\" content=\"http:\/\/www.opovo.com.br\/opovo\/fortaleza\/img\/980642_not_fot.jpg\" \/>\n<meta name=\"author\" content=\"inclusivenews2024\" \/>\n<meta name=\"twitter:card\" content=\"summary_large_image\" \/>\n<meta name=\"twitter:label1\" content=\"Escrito por\" \/>\n\t<meta name=\"twitter:data1\" content=\"inclusivenews2024\" \/>\n\t<meta name=\"twitter:label2\" content=\"Tempo estimado de leitura\" \/>\n\t<meta name=\"twitter:data2\" content=\"2 minutos\" \/>\n<script type=\"application\/ld+json\" class=\"yoast-schema-graph\">{\"@context\":\"https:\\\/\\\/schema.org\",\"@graph\":[{\"@type\":\"Article\",\"@id\":\"https:\\\/\\\/inclusivenews.com.br\\\/?p=15261#article\",\"isPartOf\":{\"@id\":\"https:\\\/\\\/inclusivenews.com.br\\\/?p=15261\"},\"author\":{\"name\":\"inclusivenews2024\",\"@id\":\"https:\\\/\\\/inclusivenews.com.br\\\/#\\\/schema\\\/person\\\/ae4ec7087559b8692fb33b6fffd2273b\"},\"headline\":\"Educa\u00e7\u00e3o inclusiva ganha espa\u00e7o na sala de aula regular\",\"datePublished\":\"2010-05-11T11:19:48+00:00\",\"mainEntityOfPage\":{\"@id\":\"https:\\\/\\\/inclusivenews.com.br\\\/?p=15261\"},\"wordCount\":409,\"commentCount\":0,\"publisher\":{\"@id\":\"https:\\\/\\\/inclusivenews.com.br\\\/#organization\"},\"image\":{\"@id\":\"https:\\\/\\\/inclusivenews.com.br\\\/?p=15261#primaryimage\"},\"thumbnailUrl\":\"http:\\\/\\\/www.opovo.com.br\\\/opovo\\\/fortaleza\\\/img\\\/980642_not_fot.jpg\",\"articleSection\":[\"EDUCA\u00c7\u00c3O\",\"INCLUS\u00c3O SOCIAL\",\"NOT\u00cdCIAS\"],\"inLanguage\":\"pt-PT\",\"potentialAction\":[{\"@type\":\"CommentAction\",\"name\":\"Comment\",\"target\":[\"https:\\\/\\\/inclusivenews.com.br\\\/?p=15261#respond\"]}]},{\"@type\":\"WebPage\",\"@id\":\"https:\\\/\\\/inclusivenews.com.br\\\/?p=15261\",\"url\":\"https:\\\/\\\/inclusivenews.com.br\\\/?p=15261\",\"name\":\"Educa\u00e7\u00e3o inclusiva ganha espa\u00e7o na sala de aula regular -\",\"isPartOf\":{\"@id\":\"https:\\\/\\\/inclusivenews.com.br\\\/#website\"},\"primaryImageOfPage\":{\"@id\":\"https:\\\/\\\/inclusivenews.com.br\\\/?p=15261#primaryimage\"},\"image\":{\"@id\":\"https:\\\/\\\/inclusivenews.com.br\\\/?p=15261#primaryimage\"},\"thumbnailUrl\":\"http:\\\/\\\/www.opovo.com.br\\\/opovo\\\/fortaleza\\\/img\\\/980642_not_fot.jpg\",\"datePublished\":\"2010-05-11T11:19:48+00:00\",\"breadcrumb\":{\"@id\":\"https:\\\/\\\/inclusivenews.com.br\\\/?p=15261#breadcrumb\"},\"inLanguage\":\"pt-PT\",\"potentialAction\":[{\"@type\":\"ReadAction\",\"target\":[\"https:\\\/\\\/inclusivenews.com.br\\\/?p=15261\"]}]},{\"@type\":\"ImageObject\",\"inLanguage\":\"pt-PT\",\"@id\":\"https:\\\/\\\/inclusivenews.com.br\\\/?p=15261#primaryimage\",\"url\":\"http:\\\/\\\/www.opovo.com.br\\\/opovo\\\/fortaleza\\\/img\\\/980642_not_fot.jpg\",\"contentUrl\":\"http:\\\/\\\/www.opovo.com.br\\\/opovo\\\/fortaleza\\\/img\\\/980642_not_fot.jpg\"},{\"@type\":\"BreadcrumbList\",\"@id\":\"https:\\\/\\\/inclusivenews.com.br\\\/?p=15261#breadcrumb\",\"itemListElement\":[{\"@type\":\"ListItem\",\"position\":1,\"name\":\"In\u00edcio\",\"item\":\"https:\\\/\\\/inclusivenews.com.br\\\/\"},{\"@type\":\"ListItem\",\"position\":2,\"name\":\"Educa\u00e7\u00e3o inclusiva ganha espa\u00e7o na sala de aula regular\"}]},{\"@type\":\"WebSite\",\"@id\":\"https:\\\/\\\/inclusivenews.com.br\\\/#website\",\"url\":\"https:\\\/\\\/inclusivenews.com.br\\\/\",\"name\":\"Inclusive News\",\"description\":\"Inclusive News\",\"publisher\":{\"@id\":\"https:\\\/\\\/inclusivenews.com.br\\\/#organization\"},\"potentialAction\":[{\"@type\":\"SearchAction\",\"target\":{\"@type\":\"EntryPoint\",\"urlTemplate\":\"https:\\\/\\\/inclusivenews.com.br\\\/?s={search_term_string}\"},\"query-input\":{\"@type\":\"PropertyValueSpecification\",\"valueRequired\":true,\"valueName\":\"search_term_string\"}}],\"inLanguage\":\"pt-PT\"},{\"@type\":\"Organization\",\"@id\":\"https:\\\/\\\/inclusivenews.com.br\\\/#organization\",\"name\":\"Inclusive - inclus\u00e3o e cidadania\",\"url\":\"https:\\\/\\\/inclusivenews.com.br\\\/\",\"logo\":{\"@type\":\"ImageObject\",\"inLanguage\":\"pt-PT\",\"@id\":\"https:\\\/\\\/inclusivenews.com.br\\\/#\\\/schema\\\/logo\\\/image\\\/\",\"url\":\"https:\\\/\\\/inclusivenews.com.br\\\/wp-content\\\/uploads\\\/2024\\\/03\\\/@grandesite.png\",\"contentUrl\":\"https:\\\/\\\/inclusivenews.com.br\\\/wp-content\\\/uploads\\\/2024\\\/03\\\/@grandesite.png\",\"width\":1080,\"height\":1080,\"caption\":\"Inclusive - inclus\u00e3o e cidadania\"},\"image\":{\"@id\":\"https:\\\/\\\/inclusivenews.com.br\\\/#\\\/schema\\\/logo\\\/image\\\/\"},\"sameAs\":[\"https:\\\/\\\/www.facebook.com\\\/agenciainclusive\\\/\",\"https:\\\/\\\/www.instagram.com\\\/newsinclusive\\\/\"]},{\"@type\":\"Person\",\"@id\":\"https:\\\/\\\/inclusivenews.com.br\\\/#\\\/schema\\\/person\\\/ae4ec7087559b8692fb33b6fffd2273b\",\"name\":\"inclusivenews2024\",\"image\":{\"@type\":\"ImageObject\",\"inLanguage\":\"pt-PT\",\"@id\":\"https:\\\/\\\/secure.gravatar.com\\\/avatar\\\/c5a7ef84c66fa914f55bc4f7ce26cfa275a3b9a1c5568b907bd184fb4dde7b40?s=96&d=mm&r=g\",\"url\":\"https:\\\/\\\/secure.gravatar.com\\\/avatar\\\/c5a7ef84c66fa914f55bc4f7ce26cfa275a3b9a1c5568b907bd184fb4dde7b40?s=96&d=mm&r=g\",\"contentUrl\":\"https:\\\/\\\/secure.gravatar.com\\\/avatar\\\/c5a7ef84c66fa914f55bc4f7ce26cfa275a3b9a1c5568b907bd184fb4dde7b40?s=96&d=mm&r=g\",\"caption\":\"inclusivenews2024\"},\"sameAs\":[\"https:\\\/\\\/inclusivenews.com.br\"],\"url\":\"https:\\\/\\\/inclusivenews.com.br\\\/?author=1\"}]}<\/script>\n<!-- \/ Yoast SEO plugin. -->","yoast_head_json":{"title":"Educa\u00e7\u00e3o inclusiva ganha espa\u00e7o na sala de aula regular -","robots":{"index":"index","follow":"follow","max-snippet":"max-snippet:-1","max-image-preview":"max-image-preview:large","max-video-preview":"max-video-preview:-1"},"canonical":"https:\/\/inclusivenews.com.br\/?p=15261","og_locale":"pt_PT","og_type":"article","og_title":"Educa\u00e7\u00e3o inclusiva ganha espa\u00e7o na sala de aula regular -","og_description":"Segundo a SME, mais de 2,5 mil alunos com defici\u00eancia intelectual e f\u00edsica estudam na rede municipal. Das 273 escolas, 47 s\u00e3o acess\u00edveis, com rampas, elevadores, barras de seguran\u00e7as e outras estruturas.","og_url":"https:\/\/inclusivenews.com.br\/?p=15261","article_publisher":"https:\/\/www.facebook.com\/agenciainclusive\/","article_published_time":"2010-05-11T11:19:48+00:00","og_image":[{"url":"http:\/\/www.opovo.com.br\/opovo\/fortaleza\/img\/980642_not_fot.jpg","type":"","width":"","height":""}],"author":"inclusivenews2024","twitter_card":"summary_large_image","twitter_misc":{"Escrito por":"inclusivenews2024","Tempo estimado de leitura":"2 minutos"},"schema":{"@context":"https:\/\/schema.org","@graph":[{"@type":"Article","@id":"https:\/\/inclusivenews.com.br\/?p=15261#article","isPartOf":{"@id":"https:\/\/inclusivenews.com.br\/?p=15261"},"author":{"name":"inclusivenews2024","@id":"https:\/\/inclusivenews.com.br\/#\/schema\/person\/ae4ec7087559b8692fb33b6fffd2273b"},"headline":"Educa\u00e7\u00e3o inclusiva ganha espa\u00e7o na sala de aula regular","datePublished":"2010-05-11T11:19:48+00:00","mainEntityOfPage":{"@id":"https:\/\/inclusivenews.com.br\/?p=15261"},"wordCount":409,"commentCount":0,"publisher":{"@id":"https:\/\/inclusivenews.com.br\/#organization"},"image":{"@id":"https:\/\/inclusivenews.com.br\/?p=15261#primaryimage"},"thumbnailUrl":"http:\/\/www.opovo.com.br\/opovo\/fortaleza\/img\/980642_not_fot.jpg","articleSection":["EDUCA\u00c7\u00c3O","INCLUS\u00c3O SOCIAL","NOT\u00cdCIAS"],"inLanguage":"pt-PT","potentialAction":[{"@type":"CommentAction","name":"Comment","target":["https:\/\/inclusivenews.com.br\/?p=15261#respond"]}]},{"@type":"WebPage","@id":"https:\/\/inclusivenews.com.br\/?p=15261","url":"https:\/\/inclusivenews.com.br\/?p=15261","name":"Educa\u00e7\u00e3o inclusiva ganha espa\u00e7o na sala de aula regular -","isPartOf":{"@id":"https:\/\/inclusivenews.com.br\/#website"},"primaryImageOfPage":{"@id":"https:\/\/inclusivenews.com.br\/?p=15261#primaryimage"},"image":{"@id":"https:\/\/inclusivenews.com.br\/?p=15261#primaryimage"},"thumbnailUrl":"http:\/\/www.opovo.com.br\/opovo\/fortaleza\/img\/980642_not_fot.jpg","datePublished":"2010-05-11T11:19:48+00:00","breadcrumb":{"@id":"https:\/\/inclusivenews.com.br\/?p=15261#breadcrumb"},"inLanguage":"pt-PT","potentialAction":[{"@type":"ReadAction","target":["https:\/\/inclusivenews.com.br\/?p=15261"]}]},{"@type":"ImageObject","inLanguage":"pt-PT","@id":"https:\/\/inclusivenews.com.br\/?p=15261#primaryimage","url":"http:\/\/www.opovo.com.br\/opovo\/fortaleza\/img\/980642_not_fot.jpg","contentUrl":"http:\/\/www.opovo.com.br\/opovo\/fortaleza\/img\/980642_not_fot.jpg"},{"@type":"BreadcrumbList","@id":"https:\/\/inclusivenews.com.br\/?p=15261#breadcrumb","itemListElement":[{"@type":"ListItem","position":1,"name":"In\u00edcio","item":"https:\/\/inclusivenews.com.br\/"},{"@type":"ListItem","position":2,"name":"Educa\u00e7\u00e3o inclusiva ganha espa\u00e7o na sala de aula regular"}]},{"@type":"WebSite","@id":"https:\/\/inclusivenews.com.br\/#website","url":"https:\/\/inclusivenews.com.br\/","name":"Inclusive News","description":"Inclusive News","publisher":{"@id":"https:\/\/inclusivenews.com.br\/#organization"},"potentialAction":[{"@type":"SearchAction","target":{"@type":"EntryPoint","urlTemplate":"https:\/\/inclusivenews.com.br\/?s={search_term_string}"},"query-input":{"@type":"PropertyValueSpecification","valueRequired":true,"valueName":"search_term_string"}}],"inLanguage":"pt-PT"},{"@type":"Organization","@id":"https:\/\/inclusivenews.com.br\/#organization","name":"Inclusive - inclus\u00e3o e cidadania","url":"https:\/\/inclusivenews.com.br\/","logo":{"@type":"ImageObject","inLanguage":"pt-PT","@id":"https:\/\/inclusivenews.com.br\/#\/schema\/logo\/image\/","url":"https:\/\/inclusivenews.com.br\/wp-content\/uploads\/2024\/03\/@grandesite.png","contentUrl":"https:\/\/inclusivenews.com.br\/wp-content\/uploads\/2024\/03\/@grandesite.png","width":1080,"height":1080,"caption":"Inclusive - inclus\u00e3o e cidadania"},"image":{"@id":"https:\/\/inclusivenews.com.br\/#\/schema\/logo\/image\/"},"sameAs":["https:\/\/www.facebook.com\/agenciainclusive\/","https:\/\/www.instagram.com\/newsinclusive\/"]},{"@type":"Person","@id":"https:\/\/inclusivenews.com.br\/#\/schema\/person\/ae4ec7087559b8692fb33b6fffd2273b","name":"inclusivenews2024","image":{"@type":"ImageObject","inLanguage":"pt-PT","@id":"https:\/\/secure.gravatar.com\/avatar\/c5a7ef84c66fa914f55bc4f7ce26cfa275a3b9a1c5568b907bd184fb4dde7b40?s=96&d=mm&r=g","url":"https:\/\/secure.gravatar.com\/avatar\/c5a7ef84c66fa914f55bc4f7ce26cfa275a3b9a1c5568b907bd184fb4dde7b40?s=96&d=mm&r=g","contentUrl":"https:\/\/secure.gravatar.com\/avatar\/c5a7ef84c66fa914f55bc4f7ce26cfa275a3b9a1c5568b907bd184fb4dde7b40?s=96&d=mm&r=g","caption":"inclusivenews2024"},"sameAs":["https:\/\/inclusivenews.com.br"],"url":"https:\/\/inclusivenews.com.br\/?author=1"}]}},"_links":{"self":[{"href":"https:\/\/inclusivenews.com.br\/index.php?rest_route=\/wp\/v2\/posts\/15261","targetHints":{"allow":["GET"]}}],"collection":[{"href":"https:\/\/inclusivenews.com.br\/index.php?rest_route=\/wp\/v2\/posts"}],"about":[{"href":"https:\/\/inclusivenews.com.br\/index.php?rest_route=\/wp\/v2\/types\/post"}],"author":[{"embeddable":true,"href":"https:\/\/inclusivenews.com.br\/index.php?rest_route=\/wp\/v2\/users\/1"}],"replies":[{"embeddable":true,"href":"https:\/\/inclusivenews.com.br\/index.php?rest_route=%2Fwp%2Fv2%2Fcomments&post=15261"}],"version-history":[{"count":0,"href":"https:\/\/inclusivenews.com.br\/index.php?rest_route=\/wp\/v2\/posts\/15261\/revisions"}],"wp:attachment":[{"href":"https:\/\/inclusivenews.com.br\/index.php?rest_route=%2Fwp%2Fv2%2Fmedia&parent=15261"}],"wp:term":[{"taxonomy":"category","embeddable":true,"href":"https:\/\/inclusivenews.com.br\/index.php?rest_route=%2Fwp%2Fv2%2Fcategories&post=15261"},{"taxonomy":"post_tag","embeddable":true,"href":"https:\/\/inclusivenews.com.br\/index.php?rest_route=%2Fwp%2Fv2%2Ftags&post=15261"}],"curies":[{"name":"wp","href":"https:\/\/api.w.org\/{rel}","templated":true}]}}