{"id":15271,"date":"2010-05-11T08:24:04","date_gmt":"2010-05-11T11:24:04","guid":{"rendered":"http:\/\/www.inclusive.org.br\/?p=15271"},"modified":"2010-05-11T08:24:04","modified_gmt":"2010-05-11T11:24:04","slug":"proposta-apresentada-em-evento-da-defensoria-busca-garantir-interpretes-de-libras-em-orgaos-publicos","status":"publish","type":"post","link":"https:\/\/inclusivenews.com.br\/?p=15271","title":{"rendered":"Proposta apresentada em evento da Defensoria busca garantir int\u00e9rpretes de libras em \u00f3rg\u00e3os p\u00fablicos"},"content":{"rendered":"<figure style=\"width: 123px\" class=\"wp-caption alignleft\"><img loading=\"lazy\" decoding=\"async\" title=\"S\u00edmbolo da surdez.\" src=\"http:\/\/www.unimed.com.br\/portal\/conteudo\/materias\/1241026239242Simbolo_Surdez_gd.jpg\" alt=\"\" width=\"123\" height=\"140\" \/><figcaption class=\"wp-caption-text\"> <\/figcaption><\/figure>\n<p>O Defensor P\u00fablico Wladimyr Alves Bitencourt apresentou, durante o \u201cI Encontro de Surdos de Osasco\u201d, promovido pela Defensoria P\u00fablica do Estado de S\u00e3o Paulo, uma proposta a representantes do legislativo estadual para garantir em toda reparti\u00e7\u00e3o, no setor de atendimento ao p\u00fablico,  pelo menos uma vez por semana, durante todo o hor\u00e1rio de funcionamento, um tradutor e int\u00e9rprete de libras.<\/p>\n<p>Gra\u00e7as a este of\u00edcio j\u00e1 est\u00e1  em tr\u00e2mite, na Assembl\u00e9ia Legislativa (Alesp), o projeto de lei 322\/2010, que trata do tema. Para o Defensor P\u00fablico a medida ser\u00e1 de extrema import\u00e2ncia para a mudan\u00e7a do paradigma na nossa sociedade, pois muitas vezes a popula\u00e7\u00e3o surda n\u00e3o sai de casa nem mostra seu rosto simplesmente porque n\u00e3o consegue se comunicar.<\/p>\n<p>O projeto j\u00e1 conta com uma emenda para que, al\u00e9m do int\u00e9rprete em Libras, ao menos um funcion\u00e1rio de cada reparti\u00e7\u00e3o seja treinado em Libras para realizar uma comunica\u00e7\u00e3o b\u00e1sica com o surdo no dia-a-dia. Al\u00e9m disso, caso a pessoa surda n\u00e3o possa ser imediatamente atendida, o \u00f3rg\u00e3o ser\u00e1 obrigado a emitir uma certid\u00e3o, atestando o comparecimento do interessado e explicando a impossibilidade do atendimento. O interessado retornar\u00e1, ent\u00e3o, em data agendada.<\/p>\n<p>Tamb\u00e9m j\u00e1 est\u00e1 prevista uma audi\u00eancia p\u00fablica na Assembleia para debate do projeto, cuja data deve ser definida em breve.<\/p>\n<p><strong>Saiba mais:<\/strong><br \/>\nA forma\u00e7\u00e3o do tradutor e int\u00e9rprete de Libras-L\u00edngua Portuguesa \u00e9 regulamentada pelo Decreto N\u00ba 5.626, de 22 de dezembro de 2005.<br \/>\n\u201cI Encontro de Surdos em Osasco\u201d <a href=\"http:\/\/www.defensoria.sp.gov.br\/dpesp\/Conteudos\/Noticias\/NoticiaMostra.aspx?idItem=7596&amp;idPagina=3086\">http:\/\/www.defensoria.sp.gov.br\/dpesp\/Conteudos\/Noticias\/NoticiaMostra.aspx?idItem=7596&amp;idPagina=3086<\/a><\/p>\n","protected":false},"excerpt":{"rendered":"<p>Para o Defensor P\u00fablico a medida ser\u00e1 de extrema import\u00e2ncia para a mudan\u00e7a do paradigma na nossa sociedade, pois muitas vezes a popula\u00e7\u00e3o surda n\u00e3o sai de casa nem mostra seu rosto simplesmente porque n\u00e3o consegue se comunicar.<\/p>\n","protected":false},"author":1,"featured_media":0,"comment_status":"open","ping_status":"open","sticky":false,"template":"","format":"standard","meta":{"site-container-style":"default","site-container-layout":"default","site-sidebar-layout":"default","disable-article-header":"default","disable-site-header":"default","disable-site-footer":"default","disable-content-area-spacing":"default","footnotes":""},"categories":[38,4],"tags":[],"class_list":["post-15271","post","type-post","status-publish","format-standard","hentry","category-deficiencia","category-noticias"],"yoast_head":"<!-- This site is optimized with the Yoast SEO plugin v27.4 - https:\/\/yoast.com\/product\/yoast-seo-wordpress\/ -->\n<title>Proposta apresentada em evento da Defensoria busca garantir int\u00e9rpretes de libras em \u00f3rg\u00e3os p\u00fablicos -<\/title>\n<meta name=\"robots\" content=\"index, follow, max-snippet:-1, max-image-preview:large, max-video-preview:-1\" \/>\n<link rel=\"canonical\" href=\"https:\/\/inclusivenews.com.br\/?p=15271\" \/>\n<meta property=\"og:locale\" content=\"pt_PT\" \/>\n<meta property=\"og:type\" content=\"article\" \/>\n<meta property=\"og:title\" content=\"Proposta apresentada em evento da Defensoria busca garantir int\u00e9rpretes de libras em \u00f3rg\u00e3os p\u00fablicos -\" \/>\n<meta property=\"og:description\" content=\"Para o Defensor P\u00fablico a medida ser\u00e1 de extrema import\u00e2ncia para a mudan\u00e7a do paradigma na nossa sociedade, pois muitas vezes a popula\u00e7\u00e3o surda n\u00e3o sai de casa nem mostra seu rosto simplesmente porque n\u00e3o consegue se comunicar.\" \/>\n<meta property=\"og:url\" content=\"https:\/\/inclusivenews.com.br\/?p=15271\" \/>\n<meta property=\"article:publisher\" content=\"https:\/\/www.facebook.com\/agenciainclusive\/\" \/>\n<meta property=\"article:published_time\" content=\"2010-05-11T11:24:04+00:00\" \/>\n<meta property=\"og:image\" content=\"http:\/\/www.unimed.com.br\/portal\/conteudo\/materias\/1241026239242Simbolo_Surdez_gd.jpg\" \/>\n<meta name=\"author\" content=\"inclusivenews2024\" \/>\n<meta name=\"twitter:card\" content=\"summary_large_image\" \/>\n<meta name=\"twitter:label1\" content=\"Escrito por\" \/>\n\t<meta name=\"twitter:data1\" content=\"inclusivenews2024\" \/>\n\t<meta name=\"twitter:label2\" content=\"Tempo estimado de leitura\" \/>\n\t<meta name=\"twitter:data2\" content=\"1 minuto\" \/>\n<script type=\"application\/ld+json\" class=\"yoast-schema-graph\">{\"@context\":\"https:\\\/\\\/schema.org\",\"@graph\":[{\"@type\":\"Article\",\"@id\":\"https:\\\/\\\/inclusivenews.com.br\\\/?p=15271#article\",\"isPartOf\":{\"@id\":\"https:\\\/\\\/inclusivenews.com.br\\\/?p=15271\"},\"author\":{\"name\":\"inclusivenews2024\",\"@id\":\"https:\\\/\\\/inclusivenews.com.br\\\/#\\\/schema\\\/person\\\/ae4ec7087559b8692fb33b6fffd2273b\"},\"headline\":\"Proposta apresentada em evento da Defensoria busca garantir int\u00e9rpretes de libras em \u00f3rg\u00e3os p\u00fablicos\",\"datePublished\":\"2010-05-11T11:24:04+00:00\",\"mainEntityOfPage\":{\"@id\":\"https:\\\/\\\/inclusivenews.com.br\\\/?p=15271\"},\"wordCount\":307,\"commentCount\":1,\"publisher\":{\"@id\":\"https:\\\/\\\/inclusivenews.com.br\\\/#organization\"},\"image\":{\"@id\":\"https:\\\/\\\/inclusivenews.com.br\\\/?p=15271#primaryimage\"},\"thumbnailUrl\":\"http:\\\/\\\/www.unimed.com.br\\\/portal\\\/conteudo\\\/materias\\\/1241026239242Simbolo_Surdez_gd.jpg\",\"articleSection\":[\"Defici\u00eancia\",\"NOT\u00cdCIAS\"],\"inLanguage\":\"pt-PT\",\"potentialAction\":[{\"@type\":\"CommentAction\",\"name\":\"Comment\",\"target\":[\"https:\\\/\\\/inclusivenews.com.br\\\/?p=15271#respond\"]}]},{\"@type\":\"WebPage\",\"@id\":\"https:\\\/\\\/inclusivenews.com.br\\\/?p=15271\",\"url\":\"https:\\\/\\\/inclusivenews.com.br\\\/?p=15271\",\"name\":\"Proposta apresentada em evento da Defensoria busca garantir int\u00e9rpretes de libras em \u00f3rg\u00e3os p\u00fablicos -\",\"isPartOf\":{\"@id\":\"https:\\\/\\\/inclusivenews.com.br\\\/#website\"},\"primaryImageOfPage\":{\"@id\":\"https:\\\/\\\/inclusivenews.com.br\\\/?p=15271#primaryimage\"},\"image\":{\"@id\":\"https:\\\/\\\/inclusivenews.com.br\\\/?p=15271#primaryimage\"},\"thumbnailUrl\":\"http:\\\/\\\/www.unimed.com.br\\\/portal\\\/conteudo\\\/materias\\\/1241026239242Simbolo_Surdez_gd.jpg\",\"datePublished\":\"2010-05-11T11:24:04+00:00\",\"breadcrumb\":{\"@id\":\"https:\\\/\\\/inclusivenews.com.br\\\/?p=15271#breadcrumb\"},\"inLanguage\":\"pt-PT\",\"potentialAction\":[{\"@type\":\"ReadAction\",\"target\":[\"https:\\\/\\\/inclusivenews.com.br\\\/?p=15271\"]}]},{\"@type\":\"ImageObject\",\"inLanguage\":\"pt-PT\",\"@id\":\"https:\\\/\\\/inclusivenews.com.br\\\/?p=15271#primaryimage\",\"url\":\"http:\\\/\\\/www.unimed.com.br\\\/portal\\\/conteudo\\\/materias\\\/1241026239242Simbolo_Surdez_gd.jpg\",\"contentUrl\":\"http:\\\/\\\/www.unimed.com.br\\\/portal\\\/conteudo\\\/materias\\\/1241026239242Simbolo_Surdez_gd.jpg\"},{\"@type\":\"BreadcrumbList\",\"@id\":\"https:\\\/\\\/inclusivenews.com.br\\\/?p=15271#breadcrumb\",\"itemListElement\":[{\"@type\":\"ListItem\",\"position\":1,\"name\":\"In\u00edcio\",\"item\":\"https:\\\/\\\/inclusivenews.com.br\\\/\"},{\"@type\":\"ListItem\",\"position\":2,\"name\":\"Proposta apresentada em evento da Defensoria busca garantir int\u00e9rpretes de libras em \u00f3rg\u00e3os p\u00fablicos\"}]},{\"@type\":\"WebSite\",\"@id\":\"https:\\\/\\\/inclusivenews.com.br\\\/#website\",\"url\":\"https:\\\/\\\/inclusivenews.com.br\\\/\",\"name\":\"Inclusive News\",\"description\":\"Inclusive News\",\"publisher\":{\"@id\":\"https:\\\/\\\/inclusivenews.com.br\\\/#organization\"},\"potentialAction\":[{\"@type\":\"SearchAction\",\"target\":{\"@type\":\"EntryPoint\",\"urlTemplate\":\"https:\\\/\\\/inclusivenews.com.br\\\/?s={search_term_string}\"},\"query-input\":{\"@type\":\"PropertyValueSpecification\",\"valueRequired\":true,\"valueName\":\"search_term_string\"}}],\"inLanguage\":\"pt-PT\"},{\"@type\":\"Organization\",\"@id\":\"https:\\\/\\\/inclusivenews.com.br\\\/#organization\",\"name\":\"Inclusive - inclus\u00e3o e cidadania\",\"url\":\"https:\\\/\\\/inclusivenews.com.br\\\/\",\"logo\":{\"@type\":\"ImageObject\",\"inLanguage\":\"pt-PT\",\"@id\":\"https:\\\/\\\/inclusivenews.com.br\\\/#\\\/schema\\\/logo\\\/image\\\/\",\"url\":\"https:\\\/\\\/inclusivenews.com.br\\\/wp-content\\\/uploads\\\/2024\\\/03\\\/@grandesite.png\",\"contentUrl\":\"https:\\\/\\\/inclusivenews.com.br\\\/wp-content\\\/uploads\\\/2024\\\/03\\\/@grandesite.png\",\"width\":1080,\"height\":1080,\"caption\":\"Inclusive - inclus\u00e3o e cidadania\"},\"image\":{\"@id\":\"https:\\\/\\\/inclusivenews.com.br\\\/#\\\/schema\\\/logo\\\/image\\\/\"},\"sameAs\":[\"https:\\\/\\\/www.facebook.com\\\/agenciainclusive\\\/\",\"https:\\\/\\\/www.instagram.com\\\/newsinclusive\\\/\"]},{\"@type\":\"Person\",\"@id\":\"https:\\\/\\\/inclusivenews.com.br\\\/#\\\/schema\\\/person\\\/ae4ec7087559b8692fb33b6fffd2273b\",\"name\":\"inclusivenews2024\",\"image\":{\"@type\":\"ImageObject\",\"inLanguage\":\"pt-PT\",\"@id\":\"https:\\\/\\\/secure.gravatar.com\\\/avatar\\\/c5a7ef84c66fa914f55bc4f7ce26cfa275a3b9a1c5568b907bd184fb4dde7b40?s=96&d=mm&r=g\",\"url\":\"https:\\\/\\\/secure.gravatar.com\\\/avatar\\\/c5a7ef84c66fa914f55bc4f7ce26cfa275a3b9a1c5568b907bd184fb4dde7b40?s=96&d=mm&r=g\",\"contentUrl\":\"https:\\\/\\\/secure.gravatar.com\\\/avatar\\\/c5a7ef84c66fa914f55bc4f7ce26cfa275a3b9a1c5568b907bd184fb4dde7b40?s=96&d=mm&r=g\",\"caption\":\"inclusivenews2024\"},\"sameAs\":[\"https:\\\/\\\/inclusivenews.com.br\"],\"url\":\"https:\\\/\\\/inclusivenews.com.br\\\/?author=1\"}]}<\/script>\n<!-- \/ Yoast SEO plugin. -->","yoast_head_json":{"title":"Proposta apresentada em evento da Defensoria busca garantir int\u00e9rpretes de libras em \u00f3rg\u00e3os p\u00fablicos -","robots":{"index":"index","follow":"follow","max-snippet":"max-snippet:-1","max-image-preview":"max-image-preview:large","max-video-preview":"max-video-preview:-1"},"canonical":"https:\/\/inclusivenews.com.br\/?p=15271","og_locale":"pt_PT","og_type":"article","og_title":"Proposta apresentada em evento da Defensoria busca garantir int\u00e9rpretes de libras em \u00f3rg\u00e3os p\u00fablicos -","og_description":"Para o Defensor P\u00fablico a medida ser\u00e1 de extrema import\u00e2ncia para a mudan\u00e7a do paradigma na nossa sociedade, pois muitas vezes a popula\u00e7\u00e3o surda n\u00e3o sai de casa nem mostra seu rosto simplesmente porque n\u00e3o consegue se comunicar.","og_url":"https:\/\/inclusivenews.com.br\/?p=15271","article_publisher":"https:\/\/www.facebook.com\/agenciainclusive\/","article_published_time":"2010-05-11T11:24:04+00:00","og_image":[{"url":"http:\/\/www.unimed.com.br\/portal\/conteudo\/materias\/1241026239242Simbolo_Surdez_gd.jpg","type":"","width":"","height":""}],"author":"inclusivenews2024","twitter_card":"summary_large_image","twitter_misc":{"Escrito por":"inclusivenews2024","Tempo estimado de leitura":"1 minuto"},"schema":{"@context":"https:\/\/schema.org","@graph":[{"@type":"Article","@id":"https:\/\/inclusivenews.com.br\/?p=15271#article","isPartOf":{"@id":"https:\/\/inclusivenews.com.br\/?p=15271"},"author":{"name":"inclusivenews2024","@id":"https:\/\/inclusivenews.com.br\/#\/schema\/person\/ae4ec7087559b8692fb33b6fffd2273b"},"headline":"Proposta apresentada em evento da Defensoria busca garantir int\u00e9rpretes de libras em \u00f3rg\u00e3os p\u00fablicos","datePublished":"2010-05-11T11:24:04+00:00","mainEntityOfPage":{"@id":"https:\/\/inclusivenews.com.br\/?p=15271"},"wordCount":307,"commentCount":1,"publisher":{"@id":"https:\/\/inclusivenews.com.br\/#organization"},"image":{"@id":"https:\/\/inclusivenews.com.br\/?p=15271#primaryimage"},"thumbnailUrl":"http:\/\/www.unimed.com.br\/portal\/conteudo\/materias\/1241026239242Simbolo_Surdez_gd.jpg","articleSection":["Defici\u00eancia","NOT\u00cdCIAS"],"inLanguage":"pt-PT","potentialAction":[{"@type":"CommentAction","name":"Comment","target":["https:\/\/inclusivenews.com.br\/?p=15271#respond"]}]},{"@type":"WebPage","@id":"https:\/\/inclusivenews.com.br\/?p=15271","url":"https:\/\/inclusivenews.com.br\/?p=15271","name":"Proposta apresentada em evento da Defensoria busca garantir int\u00e9rpretes de libras em \u00f3rg\u00e3os p\u00fablicos -","isPartOf":{"@id":"https:\/\/inclusivenews.com.br\/#website"},"primaryImageOfPage":{"@id":"https:\/\/inclusivenews.com.br\/?p=15271#primaryimage"},"image":{"@id":"https:\/\/inclusivenews.com.br\/?p=15271#primaryimage"},"thumbnailUrl":"http:\/\/www.unimed.com.br\/portal\/conteudo\/materias\/1241026239242Simbolo_Surdez_gd.jpg","datePublished":"2010-05-11T11:24:04+00:00","breadcrumb":{"@id":"https:\/\/inclusivenews.com.br\/?p=15271#breadcrumb"},"inLanguage":"pt-PT","potentialAction":[{"@type":"ReadAction","target":["https:\/\/inclusivenews.com.br\/?p=15271"]}]},{"@type":"ImageObject","inLanguage":"pt-PT","@id":"https:\/\/inclusivenews.com.br\/?p=15271#primaryimage","url":"http:\/\/www.unimed.com.br\/portal\/conteudo\/materias\/1241026239242Simbolo_Surdez_gd.jpg","contentUrl":"http:\/\/www.unimed.com.br\/portal\/conteudo\/materias\/1241026239242Simbolo_Surdez_gd.jpg"},{"@type":"BreadcrumbList","@id":"https:\/\/inclusivenews.com.br\/?p=15271#breadcrumb","itemListElement":[{"@type":"ListItem","position":1,"name":"In\u00edcio","item":"https:\/\/inclusivenews.com.br\/"},{"@type":"ListItem","position":2,"name":"Proposta apresentada em evento da Defensoria busca garantir int\u00e9rpretes de libras em \u00f3rg\u00e3os p\u00fablicos"}]},{"@type":"WebSite","@id":"https:\/\/inclusivenews.com.br\/#website","url":"https:\/\/inclusivenews.com.br\/","name":"Inclusive News","description":"Inclusive News","publisher":{"@id":"https:\/\/inclusivenews.com.br\/#organization"},"potentialAction":[{"@type":"SearchAction","target":{"@type":"EntryPoint","urlTemplate":"https:\/\/inclusivenews.com.br\/?s={search_term_string}"},"query-input":{"@type":"PropertyValueSpecification","valueRequired":true,"valueName":"search_term_string"}}],"inLanguage":"pt-PT"},{"@type":"Organization","@id":"https:\/\/inclusivenews.com.br\/#organization","name":"Inclusive - inclus\u00e3o e cidadania","url":"https:\/\/inclusivenews.com.br\/","logo":{"@type":"ImageObject","inLanguage":"pt-PT","@id":"https:\/\/inclusivenews.com.br\/#\/schema\/logo\/image\/","url":"https:\/\/inclusivenews.com.br\/wp-content\/uploads\/2024\/03\/@grandesite.png","contentUrl":"https:\/\/inclusivenews.com.br\/wp-content\/uploads\/2024\/03\/@grandesite.png","width":1080,"height":1080,"caption":"Inclusive - inclus\u00e3o e cidadania"},"image":{"@id":"https:\/\/inclusivenews.com.br\/#\/schema\/logo\/image\/"},"sameAs":["https:\/\/www.facebook.com\/agenciainclusive\/","https:\/\/www.instagram.com\/newsinclusive\/"]},{"@type":"Person","@id":"https:\/\/inclusivenews.com.br\/#\/schema\/person\/ae4ec7087559b8692fb33b6fffd2273b","name":"inclusivenews2024","image":{"@type":"ImageObject","inLanguage":"pt-PT","@id":"https:\/\/secure.gravatar.com\/avatar\/c5a7ef84c66fa914f55bc4f7ce26cfa275a3b9a1c5568b907bd184fb4dde7b40?s=96&d=mm&r=g","url":"https:\/\/secure.gravatar.com\/avatar\/c5a7ef84c66fa914f55bc4f7ce26cfa275a3b9a1c5568b907bd184fb4dde7b40?s=96&d=mm&r=g","contentUrl":"https:\/\/secure.gravatar.com\/avatar\/c5a7ef84c66fa914f55bc4f7ce26cfa275a3b9a1c5568b907bd184fb4dde7b40?s=96&d=mm&r=g","caption":"inclusivenews2024"},"sameAs":["https:\/\/inclusivenews.com.br"],"url":"https:\/\/inclusivenews.com.br\/?author=1"}]}},"_links":{"self":[{"href":"https:\/\/inclusivenews.com.br\/index.php?rest_route=\/wp\/v2\/posts\/15271","targetHints":{"allow":["GET"]}}],"collection":[{"href":"https:\/\/inclusivenews.com.br\/index.php?rest_route=\/wp\/v2\/posts"}],"about":[{"href":"https:\/\/inclusivenews.com.br\/index.php?rest_route=\/wp\/v2\/types\/post"}],"author":[{"embeddable":true,"href":"https:\/\/inclusivenews.com.br\/index.php?rest_route=\/wp\/v2\/users\/1"}],"replies":[{"embeddable":true,"href":"https:\/\/inclusivenews.com.br\/index.php?rest_route=%2Fwp%2Fv2%2Fcomments&post=15271"}],"version-history":[{"count":0,"href":"https:\/\/inclusivenews.com.br\/index.php?rest_route=\/wp\/v2\/posts\/15271\/revisions"}],"wp:attachment":[{"href":"https:\/\/inclusivenews.com.br\/index.php?rest_route=%2Fwp%2Fv2%2Fmedia&parent=15271"}],"wp:term":[{"taxonomy":"category","embeddable":true,"href":"https:\/\/inclusivenews.com.br\/index.php?rest_route=%2Fwp%2Fv2%2Fcategories&post=15271"},{"taxonomy":"post_tag","embeddable":true,"href":"https:\/\/inclusivenews.com.br\/index.php?rest_route=%2Fwp%2Fv2%2Ftags&post=15271"}],"curies":[{"name":"wp","href":"https:\/\/api.w.org\/{rel}","templated":true}]}}